{"id":3382,"date":"2023-01-20T07:20:18","date_gmt":"2023-01-20T10:20:18","guid":{"rendered":"https:\/\/brasilnoticias.org\/site\/?p=3382"},"modified":"2023-01-20T06:20:10","modified_gmt":"2023-01-20T09:20:10","slug":"justica-aceita-pedido-de-recuperacao-judicial-das-americanas","status":"publish","type":"post","link":"https:\/\/brasilnoticias.org\/site\/justica-aceita-pedido-de-recuperacao-judicial-das-americanas\/","title":{"rendered":"Justi\u00e7a aceita pedido de recupera\u00e7\u00e3o judicial das Americanas"},"content":{"rendered":"<p>O Tribunal de Justi\u00e7a do Rio de Janeiro (TJRJ) informou nesta tarde (19) que foi aceito o pedido de recupera\u00e7\u00e3o judicial apresentado pelo Grupo Americanas. A decis\u00e3o \u00e9 do juiz Paulo Assed Estefan, da 4\u00aa Vara Empresarial da capital. Na semana passada, a descoberta de inconsist\u00eancias cont\u00e1beis no balan\u00e7o fiscal do grupo resultou no pedido de demiss\u00e3o do presidente S\u00e9rgio Rial e do diretor de rela\u00e7\u00f5es com investidores Andr\u00e9 Covre.<\/p>\n<p>Ambos haviam sido empossados h\u00e1 pouco mais de uma semana, mas anunciaram a decis\u00e3o de deixar os cargos ao estimar que havia um rombo de R$ 20 bilh\u00f5es. A not\u00edcia gerou uma queda bruscas imediata de mais de 70% nas a\u00e7\u00f5es da Americanas cotadas na Bolsa de Valores. O an\u00fancio do pedido de recupera\u00e7\u00e3o judicial tamb\u00e9m impactou os ativos, que desvalorizaram hoje quase 40%. Na peti\u00e7\u00e3o apresentada ao TJRJ, o grupo calcula que as inconsist\u00eancias cont\u00e1beis devem elevar as d\u00edvidas para um montante em torno de R$ 40 bilh\u00f5es.<\/p>\n<div class=\"google-auto-placed ap_container\">\n<p>A recupera\u00e7\u00e3o judicial \u00e9 solicitada quando uma empresa se encontra em dificuldades financeiras. Com o pedido aceito, eventuais execu\u00e7\u00f5es judiciais de d\u00edvidas s\u00e3o paralisadas por 180 dias e a empresa dever\u00e1 apresentar em 60 dias uma proposta que inclua formas de pagamento aos credores e uma reorganiza\u00e7\u00e3o administrativa, de forma a evitar que a situa\u00e7\u00e3o se agrave e chegue a um cen\u00e1rio de fal\u00eancia. A lista completa dos mais de 16 mil credores dever\u00e1 ser entregue em 48 horas.<\/p>\n<p>O Grupo Americanas \u00e9 composto pelas empresas Americanas S.A., B2W Digital Lux e JSM Global. Elas s\u00e3o respons\u00e1veis por marcas variadas que realizam vendas a varejo e por meio da internet, tais como as Lojas Americanas, Americanas.com, Submarino, Shoptime, Hortifrutti, entre outras. Segundo a peti\u00e7\u00e3o apresentada ao TJRJ, juntas elas atingem mais de 50 milh\u00f5es consumidores.<\/p>\n<div class=\"google-auto-placed ap_container\">\n<p>O grupo sustentou que preenche todos os requisitos legais da Lei de Recupera\u00e7\u00e3o Judicial e que \u00e9 incontest\u00e1vel a necessidade do atendimento do pedido para supera\u00e7\u00e3o da sua crise financeira e preserva\u00e7\u00e3o da sua atividade empresarial. Tamb\u00e9m informou que seu conselho de administra\u00e7\u00e3o j\u00e1 criou um comit\u00ea independente formado por profissionais, que ser\u00e1 respons\u00e1vel por investigar o cen\u00e1rio e apresentar suas conclus\u00f5es aos acionistas, ao mercado e \u00e0 sociedade em geral.<\/p>\n<p>\u201cEm raz\u00e3o do potencial descumprimento de obriga\u00e7\u00f5es contratuais acess\u00f3rias, previstas em v\u00e1rios dos contratos celebrados com seus credores, inclusive estrangeiros, tornou-se iminente o risco de declara\u00e7\u00e3o de vencimento antecipado e imediato da totalidade de suas bilion\u00e1rias obriga\u00e7\u00f5es\u201d, registra o pedido.<\/p>\n<div class=\"google-auto-placed ap_container\"><\/div>\n<\/div>\n<\/div>\n<div>\n<p>Mais cedo, o Grupo Americanas j\u00e1 havia admitido, em comunicado ao mercado, a possibilidade de pedir recupera\u00e7\u00e3o judicial. Na ocasi\u00e3o, foi informada uma posi\u00e7\u00e3o de caixa de R$ 800 milh\u00f5es e que uma parcela estava indispon\u00edvel para movimenta\u00e7\u00e3o.<\/p>\n<p>Em novo comunicado divulgado ao mercado para confirmar o pedido de recupera\u00e7\u00e3o judicial, o Grupo Americanas afirmou confian\u00e7a na manuten\u00e7\u00e3o de suas opera\u00e7\u00f5es e informou que o grupo de acionistas de refer\u00eancia da empresa &#8211; que \u00e9 formado pela 3G Capital Partners dos s\u00f3cios Jorge Paulo Lemann, Carlos Alberto Sicupira e Marcel Hermann Telles &#8211; manifestou que pretende manter sua liquidez em patamares que permitam o bom funcionamento de todas as lojas.<\/p>\n<p>&#8220;A companhia manter\u00e1 seu esfor\u00e7o na busca por uma solu\u00e7\u00e3o com os seus credores, para manter seu compromisso como geradora de milhares de empregos diretos e indiretos, amplo impacto social, fonte produtora e de est\u00edmulo \u00e0 atividade econ\u00f4mica, al\u00e9m de ser uma relevante pagadora de tributos&#8221;, acrescenta o texto.<\/p>\n<div class=\"pub-container inside-news\"><\/div>\n<\/div>\n<div><\/div>\n<p>Foto Shutterstock<\/p>\n<p>Not\u00edcias ao minuto<\/p>\n","protected":false},"excerpt":{"rendered":"<p>O Tribunal de Justi\u00e7a do Rio de Janeiro (TJRJ) informou nesta tarde (19) que foi aceito o pedido de recupera\u00e7\u00e3o<\/p>\n","protected":false},"author":1,"featured_media":3383,"comment_status":"open","ping_status":"open","sticky":false,"template":"","format":"standard","meta":{"colormag_page_container_layout":"default_layout","colormag_page_sidebar_layout":"default_layout","_FSMCFIC_featured_image_caption":"","_FSMCFIC_featured_image_nocaption":"","_FSMCFIC_featured_image_hide":"","footnotes":""},"categories":[7,1],"tags":[],"class_list":["post-3382","post","type-post","status-publish","format-standard","has-post-thumbnail","hentry","category-justica","category-ultimas"],"yoast_head":"<!-- This site is optimized with the Yoast SEO plugin v27.1.1 - https:\/\/yoast.com\/product\/yoast-seo-wordpress\/ -->\n<title>Justi\u00e7a aceita pedido de recupera\u00e7\u00e3o judicial das Americanas - Brasil not\u00edcias<\/title>\n<meta name=\"robots\" content=\"index, follow, max-snippet:-1, max-image-preview:large, max-video-preview:-1\" \/>\n<link rel=\"canonical\" href=\"https:\/\/brasilnoticias.org\/site\/justica-aceita-pedido-de-recuperacao-judicial-das-americanas\/\" \/>\n<meta property=\"og:locale\" content=\"pt_PT\" \/>\n<meta property=\"og:type\" content=\"article\" \/>\n<meta property=\"og:title\" content=\"Justi\u00e7a aceita pedido de recupera\u00e7\u00e3o judicial das Americanas - Brasil not\u00edcias\" \/>\n<meta property=\"og:description\" content=\"O Tribunal de Justi\u00e7a do Rio de Janeiro (TJRJ) informou nesta tarde (19) que foi aceito o pedido de recupera\u00e7\u00e3o\" \/>\n<meta property=\"og:url\" content=\"https:\/\/brasilnoticias.org\/site\/justica-aceita-pedido-de-recuperacao-judicial-das-americanas\/\" \/>\n<meta property=\"og:site_name\" content=\"Brasil not\u00edcias\" \/>\n<meta property=\"article:published_time\" content=\"2023-01-20T10:20:18+00:00\" \/>\n<meta property=\"og:image\" content=\"https:\/\/brasilnoticias.org\/site\/wp-content\/uploads\/2023\/01\/naom_63c1532731d7a-2.jpg\" \/>\n\t<meta property=\"og:image:width\" content=\"960\" \/>\n\t<meta property=\"og:image:height\" content=\"540\" \/>\n\t<meta property=\"og:image:type\" content=\"image\/jpeg\" \/>\n<meta name=\"author\" content=\"Reda\u00e7\u00e3o\" \/>\n<meta name=\"twitter:card\" content=\"summary_large_image\" \/>\n<meta name=\"twitter:label1\" content=\"Escrito por\" \/>\n\t<meta name=\"twitter:data1\" content=\"Reda\u00e7\u00e3o\" \/>\n\t<meta name=\"twitter:label2\" content=\"Tempo estimado de leitura\" \/>\n\t<meta name=\"twitter:data2\" content=\"3 minutos\" \/>\n<script type=\"application\/ld+json\" class=\"yoast-schema-graph\">{\"@context\":\"https:\/\/schema.org\",\"@graph\":[{\"@type\":\"Article\",\"@id\":\"https:\/\/brasilnoticias.org\/site\/justica-aceita-pedido-de-recuperacao-judicial-das-americanas\/#article\",\"isPartOf\":{\"@id\":\"https:\/\/brasilnoticias.org\/site\/justica-aceita-pedido-de-recuperacao-judicial-das-americanas\/\"},\"author\":{\"name\":\"Reda\u00e7\u00e3o\",\"@id\":\"https:\/\/brasilnoticias.org\/site\/#\/schema\/person\/a0e05b973ec4d15c658d51911e53507b\"},\"headline\":\"Justi\u00e7a aceita pedido de recupera\u00e7\u00e3o judicial das Americanas\",\"datePublished\":\"2023-01-20T10:20:18+00:00\",\"mainEntityOfPage\":{\"@id\":\"https:\/\/brasilnoticias.org\/site\/justica-aceita-pedido-de-recuperacao-judicial-das-americanas\/\"},\"wordCount\":630,\"commentCount\":0,\"publisher\":{\"@id\":\"https:\/\/brasilnoticias.org\/site\/#organization\"},\"image\":{\"@id\":\"https:\/\/brasilnoticias.org\/site\/justica-aceita-pedido-de-recuperacao-judicial-das-americanas\/#primaryimage\"},\"thumbnailUrl\":\"https:\/\/brasilnoticias.org\/site\/wp-content\/uploads\/2023\/01\/naom_63c1532731d7a-2.jpg\",\"articleSection\":[\"Justi\u00e7a\",\"\u00daltimas\"],\"inLanguage\":\"pt-PT\",\"potentialAction\":[{\"@type\":\"CommentAction\",\"name\":\"Comment\",\"target\":[\"https:\/\/brasilnoticias.org\/site\/justica-aceita-pedido-de-recuperacao-judicial-das-americanas\/#respond\"]}]},{\"@type\":\"WebPage\",\"@id\":\"https:\/\/brasilnoticias.org\/site\/justica-aceita-pedido-de-recuperacao-judicial-das-americanas\/\",\"url\":\"https:\/\/brasilnoticias.org\/site\/justica-aceita-pedido-de-recuperacao-judicial-das-americanas\/\",\"name\":\"Justi\u00e7a aceita pedido de recupera\u00e7\u00e3o judicial das Americanas - Brasil not\u00edcias\",\"isPartOf\":{\"@id\":\"https:\/\/brasilnoticias.org\/site\/#website\"},\"primaryImageOfPage\":{\"@id\":\"https:\/\/brasilnoticias.org\/site\/justica-aceita-pedido-de-recuperacao-judicial-das-americanas\/#primaryimage\"},\"image\":{\"@id\":\"https:\/\/brasilnoticias.org\/site\/justica-aceita-pedido-de-recuperacao-judicial-das-americanas\/#primaryimage\"},\"thumbnailUrl\":\"https:\/\/brasilnoticias.org\/site\/wp-content\/uploads\/2023\/01\/naom_63c1532731d7a-2.jpg\",\"datePublished\":\"2023-01-20T10:20:18+00:00\",\"breadcrumb\":{\"@id\":\"https:\/\/brasilnoticias.org\/site\/justica-aceita-pedido-de-recuperacao-judicial-das-americanas\/#breadcrumb\"},\"inLanguage\":\"pt-PT\",\"potentialAction\":[{\"@type\":\"ReadAction\",\"target\":[\"https:\/\/brasilnoticias.org\/site\/justica-aceita-pedido-de-recuperacao-judicial-das-americanas\/\"]}]},{\"@type\":\"ImageObject\",\"inLanguage\":\"pt-PT\",\"@id\":\"https:\/\/brasilnoticias.org\/site\/justica-aceita-pedido-de-recuperacao-judicial-das-americanas\/#primaryimage\",\"url\":\"https:\/\/brasilnoticias.org\/site\/wp-content\/uploads\/2023\/01\/naom_63c1532731d7a-2.jpg\",\"contentUrl\":\"https:\/\/brasilnoticias.org\/site\/wp-content\/uploads\/2023\/01\/naom_63c1532731d7a-2.jpg\",\"width\":960,\"height\":540},{\"@type\":\"BreadcrumbList\",\"@id\":\"https:\/\/brasilnoticias.org\/site\/justica-aceita-pedido-de-recuperacao-judicial-das-americanas\/#breadcrumb\",\"itemListElement\":[{\"@type\":\"ListItem\",\"position\":1,\"name\":\"In\u00edcio\",\"item\":\"https:\/\/brasilnoticias.org\/site\/\"},{\"@type\":\"ListItem\",\"position\":2,\"name\":\"Justi\u00e7a aceita pedido de recupera\u00e7\u00e3o judicial das Americanas\"}]},{\"@type\":\"WebSite\",\"@id\":\"https:\/\/brasilnoticias.org\/site\/#website\",\"url\":\"https:\/\/brasilnoticias.org\/site\/\",\"name\":\"Brasil not\u00edcias\",\"description\":\"Brasil not\u00edcias\",\"publisher\":{\"@id\":\"https:\/\/brasilnoticias.org\/site\/#organization\"},\"potentialAction\":[{\"@type\":\"SearchAction\",\"target\":{\"@type\":\"EntryPoint\",\"urlTemplate\":\"https:\/\/brasilnoticias.org\/site\/?s={search_term_string}\"},\"query-input\":{\"@type\":\"PropertyValueSpecification\",\"valueRequired\":true,\"valueName\":\"search_term_string\"}}],\"inLanguage\":\"pt-PT\"},{\"@type\":\"Organization\",\"@id\":\"https:\/\/brasilnoticias.org\/site\/#organization\",\"name\":\"Brasil not\u00edcias\",\"url\":\"https:\/\/brasilnoticias.org\/site\/\",\"logo\":{\"@type\":\"ImageObject\",\"inLanguage\":\"pt-PT\",\"@id\":\"https:\/\/brasilnoticias.org\/site\/#\/schema\/logo\/image\/\",\"url\":\"https:\/\/brasilnoticias.org\/site\/wp-content\/uploads\/2022\/05\/cropped-brasilnoticias-mini.jpg\",\"contentUrl\":\"https:\/\/brasilnoticias.org\/site\/wp-content\/uploads\/2022\/05\/cropped-brasilnoticias-mini.jpg\",\"width\":314,\"height\":86,\"caption\":\"Brasil not\u00edcias\"},\"image\":{\"@id\":\"https:\/\/brasilnoticias.org\/site\/#\/schema\/logo\/image\/\"}},{\"@type\":\"Person\",\"@id\":\"https:\/\/brasilnoticias.org\/site\/#\/schema\/person\/a0e05b973ec4d15c658d51911e53507b\",\"name\":\"Reda\u00e7\u00e3o\",\"image\":{\"@type\":\"ImageObject\",\"inLanguage\":\"pt-PT\",\"@id\":\"https:\/\/brasilnoticias.org\/site\/#\/schema\/person\/image\/\",\"url\":\"https:\/\/secure.gravatar.com\/avatar\/75d8b050df2de108b08ae78dfb8e374892df24a383c67db9c46a9c604f6aee9c?s=96&d=mm&r=g\",\"contentUrl\":\"https:\/\/secure.gravatar.com\/avatar\/75d8b050df2de108b08ae78dfb8e374892df24a383c67db9c46a9c604f6aee9c?s=96&d=mm&r=g\",\"caption\":\"Reda\u00e7\u00e3o\"},\"sameAs\":[\"https:\/\/brasilnoticias.org\/site\"],\"url\":\"https:\/\/brasilnoticias.org\/site\/author\/fernandozsngmail-com\/\"}]}<\/script>\n<!-- \/ Yoast SEO plugin. -->","yoast_head_json":{"title":"Justi\u00e7a aceita pedido de recupera\u00e7\u00e3o judicial das Americanas - Brasil not\u00edcias","robots":{"index":"index","follow":"follow","max-snippet":"max-snippet:-1","max-image-preview":"max-image-preview:large","max-video-preview":"max-video-preview:-1"},"canonical":"https:\/\/brasilnoticias.org\/site\/justica-aceita-pedido-de-recuperacao-judicial-das-americanas\/","og_locale":"pt_PT","og_type":"article","og_title":"Justi\u00e7a aceita pedido de recupera\u00e7\u00e3o judicial das Americanas - Brasil not\u00edcias","og_description":"O Tribunal de Justi\u00e7a do Rio de Janeiro (TJRJ) informou nesta tarde (19) que foi aceito o pedido de recupera\u00e7\u00e3o","og_url":"https:\/\/brasilnoticias.org\/site\/justica-aceita-pedido-de-recuperacao-judicial-das-americanas\/","og_site_name":"Brasil not\u00edcias","article_published_time":"2023-01-20T10:20:18+00:00","og_image":[{"width":960,"height":540,"url":"https:\/\/brasilnoticias.org\/site\/wp-content\/uploads\/2023\/01\/naom_63c1532731d7a-2.jpg","type":"image\/jpeg"}],"author":"Reda\u00e7\u00e3o","twitter_card":"summary_large_image","twitter_misc":{"Escrito por":"Reda\u00e7\u00e3o","Tempo estimado de leitura":"3 minutos"},"schema":{"@context":"https:\/\/schema.org","@graph":[{"@type":"Article","@id":"https:\/\/brasilnoticias.org\/site\/justica-aceita-pedido-de-recuperacao-judicial-das-americanas\/#article","isPartOf":{"@id":"https:\/\/brasilnoticias.org\/site\/justica-aceita-pedido-de-recuperacao-judicial-das-americanas\/"},"author":{"name":"Reda\u00e7\u00e3o","@id":"https:\/\/brasilnoticias.org\/site\/#\/schema\/person\/a0e05b973ec4d15c658d51911e53507b"},"headline":"Justi\u00e7a aceita pedido de recupera\u00e7\u00e3o judicial das Americanas","datePublished":"2023-01-20T10:20:18+00:00","mainEntityOfPage":{"@id":"https:\/\/brasilnoticias.org\/site\/justica-aceita-pedido-de-recuperacao-judicial-das-americanas\/"},"wordCount":630,"commentCount":0,"publisher":{"@id":"https:\/\/brasilnoticias.org\/site\/#organization"},"image":{"@id":"https:\/\/brasilnoticias.org\/site\/justica-aceita-pedido-de-recuperacao-judicial-das-americanas\/#primaryimage"},"thumbnailUrl":"https:\/\/brasilnoticias.org\/site\/wp-content\/uploads\/2023\/01\/naom_63c1532731d7a-2.jpg","articleSection":["Justi\u00e7a","\u00daltimas"],"inLanguage":"pt-PT","potentialAction":[{"@type":"CommentAction","name":"Comment","target":["https:\/\/brasilnoticias.org\/site\/justica-aceita-pedido-de-recuperacao-judicial-das-americanas\/#respond"]}]},{"@type":"WebPage","@id":"https:\/\/brasilnoticias.org\/site\/justica-aceita-pedido-de-recuperacao-judicial-das-americanas\/","url":"https:\/\/brasilnoticias.org\/site\/justica-aceita-pedido-de-recuperacao-judicial-das-americanas\/","name":"Justi\u00e7a aceita pedido de recupera\u00e7\u00e3o judicial das Americanas - Brasil not\u00edcias","isPartOf":{"@id":"https:\/\/brasilnoticias.org\/site\/#website"},"primaryImageOfPage":{"@id":"https:\/\/brasilnoticias.org\/site\/justica-aceita-pedido-de-recuperacao-judicial-das-americanas\/#primaryimage"},"image":{"@id":"https:\/\/brasilnoticias.org\/site\/justica-aceita-pedido-de-recuperacao-judicial-das-americanas\/#primaryimage"},"thumbnailUrl":"https:\/\/brasilnoticias.org\/site\/wp-content\/uploads\/2023\/01\/naom_63c1532731d7a-2.jpg","datePublished":"2023-01-20T10:20:18+00:00","breadcrumb":{"@id":"https:\/\/brasilnoticias.org\/site\/justica-aceita-pedido-de-recuperacao-judicial-das-americanas\/#breadcrumb"},"inLanguage":"pt-PT","potentialAction":[{"@type":"ReadAction","target":["https:\/\/brasilnoticias.org\/site\/justica-aceita-pedido-de-recuperacao-judicial-das-americanas\/"]}]},{"@type":"ImageObject","inLanguage":"pt-PT","@id":"https:\/\/brasilnoticias.org\/site\/justica-aceita-pedido-de-recuperacao-judicial-das-americanas\/#primaryimage","url":"https:\/\/brasilnoticias.org\/site\/wp-content\/uploads\/2023\/01\/naom_63c1532731d7a-2.jpg","contentUrl":"https:\/\/brasilnoticias.org\/site\/wp-content\/uploads\/2023\/01\/naom_63c1532731d7a-2.jpg","width":960,"height":540},{"@type":"BreadcrumbList","@id":"https:\/\/brasilnoticias.org\/site\/justica-aceita-pedido-de-recuperacao-judicial-das-americanas\/#breadcrumb","itemListElement":[{"@type":"ListItem","position":1,"name":"In\u00edcio","item":"https:\/\/brasilnoticias.org\/site\/"},{"@type":"ListItem","position":2,"name":"Justi\u00e7a aceita pedido de recupera\u00e7\u00e3o judicial das Americanas"}]},{"@type":"WebSite","@id":"https:\/\/brasilnoticias.org\/site\/#website","url":"https:\/\/brasilnoticias.org\/site\/","name":"Brasil not\u00edcias","description":"Brasil not\u00edcias","publisher":{"@id":"https:\/\/brasilnoticias.org\/site\/#organization"},"potentialAction":[{"@type":"SearchAction","target":{"@type":"EntryPoint","urlTemplate":"https:\/\/brasilnoticias.org\/site\/?s={search_term_string}"},"query-input":{"@type":"PropertyValueSpecification","valueRequired":true,"valueName":"search_term_string"}}],"inLanguage":"pt-PT"},{"@type":"Organization","@id":"https:\/\/brasilnoticias.org\/site\/#organization","name":"Brasil not\u00edcias","url":"https:\/\/brasilnoticias.org\/site\/","logo":{"@type":"ImageObject","inLanguage":"pt-PT","@id":"https:\/\/brasilnoticias.org\/site\/#\/schema\/logo\/image\/","url":"https:\/\/brasilnoticias.org\/site\/wp-content\/uploads\/2022\/05\/cropped-brasilnoticias-mini.jpg","contentUrl":"https:\/\/brasilnoticias.org\/site\/wp-content\/uploads\/2022\/05\/cropped-brasilnoticias-mini.jpg","width":314,"height":86,"caption":"Brasil not\u00edcias"},"image":{"@id":"https:\/\/brasilnoticias.org\/site\/#\/schema\/logo\/image\/"}},{"@type":"Person","@id":"https:\/\/brasilnoticias.org\/site\/#\/schema\/person\/a0e05b973ec4d15c658d51911e53507b","name":"Reda\u00e7\u00e3o","image":{"@type":"ImageObject","inLanguage":"pt-PT","@id":"https:\/\/brasilnoticias.org\/site\/#\/schema\/person\/image\/","url":"https:\/\/secure.gravatar.com\/avatar\/75d8b050df2de108b08ae78dfb8e374892df24a383c67db9c46a9c604f6aee9c?s=96&d=mm&r=g","contentUrl":"https:\/\/secure.gravatar.com\/avatar\/75d8b050df2de108b08ae78dfb8e374892df24a383c67db9c46a9c604f6aee9c?s=96&d=mm&r=g","caption":"Reda\u00e7\u00e3o"},"sameAs":["https:\/\/brasilnoticias.org\/site"],"url":"https:\/\/brasilnoticias.org\/site\/author\/fernandozsngmail-com\/"}]}},"_links":{"self":[{"href":"https:\/\/brasilnoticias.org\/site\/wp-json\/wp\/v2\/posts\/3382","targetHints":{"allow":["GET"]}}],"collection":[{"href":"https:\/\/brasilnoticias.org\/site\/wp-json\/wp\/v2\/posts"}],"about":[{"href":"https:\/\/brasilnoticias.org\/site\/wp-json\/wp\/v2\/types\/post"}],"author":[{"embeddable":true,"href":"https:\/\/brasilnoticias.org\/site\/wp-json\/wp\/v2\/users\/1"}],"replies":[{"embeddable":true,"href":"https:\/\/brasilnoticias.org\/site\/wp-json\/wp\/v2\/comments?post=3382"}],"version-history":[{"count":2,"href":"https:\/\/brasilnoticias.org\/site\/wp-json\/wp\/v2\/posts\/3382\/revisions"}],"predecessor-version":[{"id":3385,"href":"https:\/\/brasilnoticias.org\/site\/wp-json\/wp\/v2\/posts\/3382\/revisions\/3385"}],"wp:featuredmedia":[{"embeddable":true,"href":"https:\/\/brasilnoticias.org\/site\/wp-json\/wp\/v2\/media\/3383"}],"wp:attachment":[{"href":"https:\/\/brasilnoticias.org\/site\/wp-json\/wp\/v2\/media?parent=3382"}],"wp:term":[{"taxonomy":"category","embeddable":true,"href":"https:\/\/brasilnoticias.org\/site\/wp-json\/wp\/v2\/categories?post=3382"},{"taxonomy":"post_tag","embeddable":true,"href":"https:\/\/brasilnoticias.org\/site\/wp-json\/wp\/v2\/tags?post=3382"}],"curies":[{"name":"wp","href":"https:\/\/api.w.org\/{rel}","templated":true}]}}