{"id":3402,"date":"2023-01-21T07:00:18","date_gmt":"2023-01-21T10:00:18","guid":{"rendered":"https:\/\/brasilnoticias.org\/site\/?p=3402"},"modified":"2023-01-20T18:36:51","modified_gmt":"2023-01-20T21:36:51","slug":"recuperacao-judicial-da-americanas-e-4a-maior-da-historia-do-brasil","status":"publish","type":"post","link":"https:\/\/brasilnoticias.org\/site\/recuperacao-judicial-da-americanas-e-4a-maior-da-historia-do-brasil\/","title":{"rendered":"Recupera\u00e7\u00e3o judicial da Americanas \u00e9 4\u00aa maior da hist\u00f3ria do Brasil"},"content":{"rendered":"<p>A Americanas deu entrada no processo de recupera\u00e7\u00e3o judicial na quinta-feira, 19, ap\u00f3s reportar &#8220;inconsist\u00eancias cont\u00e1beis&#8221; em 11 de janeiro. A empresa afirmou ter R$ 800 milh\u00f5es em caixa e ter d\u00edvidas de R$ 43 bilh\u00f5es. A recupera\u00e7\u00e3o judicial da Americanas \u00e9 a quarta maior da hist\u00f3ria do Brasil.<br \/>\nEm termos de valores, a maior recupera\u00e7\u00e3o judicial do Pa\u00eds \u00e9 a da Odebrecht, que iniciou o processo com d\u00edvidas de R$ 80 bilh\u00f5es. A segunda maior \u00e9 da Oi, recentemente finalizada, de R$ 65 bilh\u00f5es. A terceira \u00e9 a da Samarco, de R$ 55 bilh\u00f5es.<\/p>\n<p>A d\u00edvida da Americanas, de R$ 43 bilh\u00f5es, \u00e9 maior que a da Sete Brasil, com R$ 19 bilh\u00f5es, e da OGX, com R$ 12,3 bilh\u00f5es, no ranking de maiores processos de recupera\u00e7\u00e3o judicial no Brasil.<\/p>\n<p>A Americanas tem 44 mil funcion\u00e1rios. De acordo com a varejista, o processo de recupera\u00e7\u00e3o judicial tem o objetivo de &#8220;manuten\u00e7\u00e3o de empregos, pagamento de impostos e a boa rela\u00e7\u00e3o com seus fornecedores e credores e investidores de forma geral&#8221;.<\/p>\n<p>&#8220;A hist\u00f3ria da Americanas segue com determina\u00e7\u00e3o rumo a uma nova fase, com o compromisso com a sociedade e disposta a construir solu\u00e7\u00f5es que possam vir atender aos credores da empresa&#8221;, informou a empresa, em comunicado.<\/p>\n<p>No fato relevante compartilhado pela empresa com o mercado na quinta-feira, a Americanas reafirmou que Jorge Paulo Lemann, Marcel Telles e Beto Sicupira ir\u00e3o financiar parte da recupera\u00e7\u00e3o da empresa.<\/p>\n<p>&#8220;Para tanto, o grupo de acionistas de refer\u00eancia da empresa informou ao Presidente do Conselho de Administra\u00e7\u00e3o que pretende manter a liquidez da companhia em patamares que permitam o bom funcionamento da opera\u00e7\u00e3o de todas as lojas, do seu canal digital, Americanas.com, da AME e suas coligadas&#8221;, diz a nota.<\/p>\n<p>Fl\u00e1via Nascimento, presidente da Comiss\u00e3o de Direito da Moda da OAB-SP, afirma que a recupera\u00e7\u00e3o judicial nada mais \u00e9 do que uma forma de renegociar o pagamento de d\u00edvidas, e, inclusive, obter desconto no pagamento. &#8220;A lei n\u00e3o pretende proteger devedores, nem s\u00f3 proteger os credores, mas sim a atividade empresarial. A empresa tem uma fun\u00e7\u00e3o muito importante na economia, uma fun\u00e7\u00e3o social&#8221;, diz.<\/p>\n<p>A Americanas, bem como Submarino, Shoptime e Natural da Terra, devem continuar a funcionar normalmente durante o processo de recupera\u00e7\u00e3o judicial. O que os consumidores podem sentir, segundo especialistas em varejo ouvidos pela reportagem, \u00e9 uma redu\u00e7\u00e3o do estoque da empresa, com menor diversidade de produtos \u00e0 venda.<\/p>\n<p>&#8220;Depois que pediu recupera\u00e7\u00e3o judicial, a Oi continuou vendendo linhas telef\u00f4nicas, os clientes continuaram a usar os servi\u00e7os da empresa. Em paralelo, houve negocia\u00e7\u00e3o com os credores o pagamento da d\u00edvida&#8221;, afirma Cassio Cavalli, professor da FGV Direito SP.<\/p>\n<p>Fernando Brandariz, s\u00f3cio do Mingrone e Brandariz Advogados e presidente da Comiss\u00e3o de Direito Empresarial da OAB Pinheiros, afirma que a Americanas ainda pode ir \u00e0 fal\u00eancia se n\u00e3o atender aos requisitos do plano ou contrair novas d\u00edvidas. &#8220;A fal\u00eancia ocorre quando o plano de recupera\u00e7\u00e3o judicial n\u00e3o \u00e9 aprovado ou se no decorrer do plano as medidas n\u00e3o forem cumpridas. O credor informa o juiz e vai intimar a empresa. No caso da Itapemirim, os parcelamentos do passivo tribut\u00e1rio n\u00e3o eram pagos e o plano tamb\u00e9m n\u00e3o foi cumprido. Ent\u00e3o, houve a fal\u00eancia&#8221;, diz.<\/p>\n<p>Not\u00edcias ao minuto<br \/>\nFoto S\u00e3o Gon\u00e7alo Shopping<\/p>\n","protected":false},"excerpt":{"rendered":"<p>A Americanas deu entrada no processo de recupera\u00e7\u00e3o judicial na quinta-feira, 19, ap\u00f3s reportar &#8220;inconsist\u00eancias cont\u00e1beis&#8221; em 11 de janeiro.<\/p>\n","protected":false},"author":1,"featured_media":3403,"comment_status":"open","ping_status":"open","sticky":false,"template":"","format":"standard","meta":{"colormag_page_container_layout":"default_layout","colormag_page_sidebar_layout":"default_layout","_FSMCFIC_featured_image_caption":"","_FSMCFIC_featured_image_nocaption":"","_FSMCFIC_featured_image_hide":"","footnotes":""},"categories":[2,1],"tags":[],"class_list":["post-3402","post","type-post","status-publish","format-standard","has-post-thumbnail","hentry","category-noticias","category-ultimas"],"yoast_head":"<!-- This site is optimized with the Yoast SEO plugin v27.1.1 - https:\/\/yoast.com\/product\/yoast-seo-wordpress\/ -->\n<title>Recupera\u00e7\u00e3o judicial da Americanas \u00e9 4\u00aa maior da hist\u00f3ria do Brasil - Brasil not\u00edcias<\/title>\n<meta name=\"robots\" content=\"index, follow, max-snippet:-1, max-image-preview:large, max-video-preview:-1\" \/>\n<link rel=\"canonical\" href=\"https:\/\/brasilnoticias.org\/site\/recuperacao-judicial-da-americanas-e-4a-maior-da-historia-do-brasil\/\" \/>\n<meta property=\"og:locale\" content=\"pt_PT\" \/>\n<meta property=\"og:type\" content=\"article\" \/>\n<meta property=\"og:title\" content=\"Recupera\u00e7\u00e3o judicial da Americanas \u00e9 4\u00aa maior da hist\u00f3ria do Brasil - Brasil not\u00edcias\" \/>\n<meta property=\"og:description\" content=\"A Americanas deu entrada no processo de recupera\u00e7\u00e3o judicial na quinta-feira, 19, ap\u00f3s reportar &#8220;inconsist\u00eancias cont\u00e1beis&#8221; em 11 de janeiro.\" \/>\n<meta property=\"og:url\" content=\"https:\/\/brasilnoticias.org\/site\/recuperacao-judicial-da-americanas-e-4a-maior-da-historia-do-brasil\/\" \/>\n<meta property=\"og:site_name\" content=\"Brasil not\u00edcias\" \/>\n<meta property=\"article:published_time\" content=\"2023-01-21T10:00:18+00:00\" \/>\n<meta property=\"og:image\" content=\"https:\/\/brasilnoticias.org\/site\/wp-content\/uploads\/2023\/01\/naom_603bf52ddf0f3.jpeg\" \/>\n\t<meta property=\"og:image:width\" content=\"960\" \/>\n\t<meta property=\"og:image:height\" content=\"540\" \/>\n\t<meta property=\"og:image:type\" content=\"image\/jpeg\" \/>\n<meta name=\"author\" content=\"Reda\u00e7\u00e3o\" \/>\n<meta name=\"twitter:card\" content=\"summary_large_image\" \/>\n<meta name=\"twitter:label1\" content=\"Escrito por\" \/>\n\t<meta name=\"twitter:data1\" content=\"Reda\u00e7\u00e3o\" \/>\n\t<meta name=\"twitter:label2\" content=\"Tempo estimado de leitura\" \/>\n\t<meta name=\"twitter:data2\" content=\"3 minutos\" \/>\n<script type=\"application\/ld+json\" class=\"yoast-schema-graph\">{\"@context\":\"https:\/\/schema.org\",\"@graph\":[{\"@type\":\"Article\",\"@id\":\"https:\/\/brasilnoticias.org\/site\/recuperacao-judicial-da-americanas-e-4a-maior-da-historia-do-brasil\/#article\",\"isPartOf\":{\"@id\":\"https:\/\/brasilnoticias.org\/site\/recuperacao-judicial-da-americanas-e-4a-maior-da-historia-do-brasil\/\"},\"author\":{\"name\":\"Reda\u00e7\u00e3o\",\"@id\":\"https:\/\/brasilnoticias.org\/site\/#\/schema\/person\/a0e05b973ec4d15c658d51911e53507b\"},\"headline\":\"Recupera\u00e7\u00e3o judicial da Americanas \u00e9 4\u00aa maior da hist\u00f3ria do Brasil\",\"datePublished\":\"2023-01-21T10:00:18+00:00\",\"mainEntityOfPage\":{\"@id\":\"https:\/\/brasilnoticias.org\/site\/recuperacao-judicial-da-americanas-e-4a-maior-da-historia-do-brasil\/\"},\"wordCount\":595,\"commentCount\":0,\"publisher\":{\"@id\":\"https:\/\/brasilnoticias.org\/site\/#organization\"},\"image\":{\"@id\":\"https:\/\/brasilnoticias.org\/site\/recuperacao-judicial-da-americanas-e-4a-maior-da-historia-do-brasil\/#primaryimage\"},\"thumbnailUrl\":\"https:\/\/brasilnoticias.org\/site\/wp-content\/uploads\/2023\/01\/naom_603bf52ddf0f3.jpeg\",\"articleSection\":[\"Not\u00edcias\",\"\u00daltimas\"],\"inLanguage\":\"pt-PT\",\"potentialAction\":[{\"@type\":\"CommentAction\",\"name\":\"Comment\",\"target\":[\"https:\/\/brasilnoticias.org\/site\/recuperacao-judicial-da-americanas-e-4a-maior-da-historia-do-brasil\/#respond\"]}]},{\"@type\":\"WebPage\",\"@id\":\"https:\/\/brasilnoticias.org\/site\/recuperacao-judicial-da-americanas-e-4a-maior-da-historia-do-brasil\/\",\"url\":\"https:\/\/brasilnoticias.org\/site\/recuperacao-judicial-da-americanas-e-4a-maior-da-historia-do-brasil\/\",\"name\":\"Recupera\u00e7\u00e3o judicial da Americanas \u00e9 4\u00aa maior da hist\u00f3ria do Brasil - Brasil not\u00edcias\",\"isPartOf\":{\"@id\":\"https:\/\/brasilnoticias.org\/site\/#website\"},\"primaryImageOfPage\":{\"@id\":\"https:\/\/brasilnoticias.org\/site\/recuperacao-judicial-da-americanas-e-4a-maior-da-historia-do-brasil\/#primaryimage\"},\"image\":{\"@id\":\"https:\/\/brasilnoticias.org\/site\/recuperacao-judicial-da-americanas-e-4a-maior-da-historia-do-brasil\/#primaryimage\"},\"thumbnailUrl\":\"https:\/\/brasilnoticias.org\/site\/wp-content\/uploads\/2023\/01\/naom_603bf52ddf0f3.jpeg\",\"datePublished\":\"2023-01-21T10:00:18+00:00\",\"breadcrumb\":{\"@id\":\"https:\/\/brasilnoticias.org\/site\/recuperacao-judicial-da-americanas-e-4a-maior-da-historia-do-brasil\/#breadcrumb\"},\"inLanguage\":\"pt-PT\",\"potentialAction\":[{\"@type\":\"ReadAction\",\"target\":[\"https:\/\/brasilnoticias.org\/site\/recuperacao-judicial-da-americanas-e-4a-maior-da-historia-do-brasil\/\"]}]},{\"@type\":\"ImageObject\",\"inLanguage\":\"pt-PT\",\"@id\":\"https:\/\/brasilnoticias.org\/site\/recuperacao-judicial-da-americanas-e-4a-maior-da-historia-do-brasil\/#primaryimage\",\"url\":\"https:\/\/brasilnoticias.org\/site\/wp-content\/uploads\/2023\/01\/naom_603bf52ddf0f3.jpeg\",\"contentUrl\":\"https:\/\/brasilnoticias.org\/site\/wp-content\/uploads\/2023\/01\/naom_603bf52ddf0f3.jpeg\",\"width\":960,\"height\":540},{\"@type\":\"BreadcrumbList\",\"@id\":\"https:\/\/brasilnoticias.org\/site\/recuperacao-judicial-da-americanas-e-4a-maior-da-historia-do-brasil\/#breadcrumb\",\"itemListElement\":[{\"@type\":\"ListItem\",\"position\":1,\"name\":\"In\u00edcio\",\"item\":\"https:\/\/brasilnoticias.org\/site\/\"},{\"@type\":\"ListItem\",\"position\":2,\"name\":\"Recupera\u00e7\u00e3o judicial da Americanas \u00e9 4\u00aa maior da hist\u00f3ria do Brasil\"}]},{\"@type\":\"WebSite\",\"@id\":\"https:\/\/brasilnoticias.org\/site\/#website\",\"url\":\"https:\/\/brasilnoticias.org\/site\/\",\"name\":\"Brasil not\u00edcias\",\"description\":\"Brasil not\u00edcias\",\"publisher\":{\"@id\":\"https:\/\/brasilnoticias.org\/site\/#organization\"},\"potentialAction\":[{\"@type\":\"SearchAction\",\"target\":{\"@type\":\"EntryPoint\",\"urlTemplate\":\"https:\/\/brasilnoticias.org\/site\/?s={search_term_string}\"},\"query-input\":{\"@type\":\"PropertyValueSpecification\",\"valueRequired\":true,\"valueName\":\"search_term_string\"}}],\"inLanguage\":\"pt-PT\"},{\"@type\":\"Organization\",\"@id\":\"https:\/\/brasilnoticias.org\/site\/#organization\",\"name\":\"Brasil not\u00edcias\",\"url\":\"https:\/\/brasilnoticias.org\/site\/\",\"logo\":{\"@type\":\"ImageObject\",\"inLanguage\":\"pt-PT\",\"@id\":\"https:\/\/brasilnoticias.org\/site\/#\/schema\/logo\/image\/\",\"url\":\"https:\/\/brasilnoticias.org\/site\/wp-content\/uploads\/2022\/05\/cropped-brasilnoticias-mini.jpg\",\"contentUrl\":\"https:\/\/brasilnoticias.org\/site\/wp-content\/uploads\/2022\/05\/cropped-brasilnoticias-mini.jpg\",\"width\":314,\"height\":86,\"caption\":\"Brasil not\u00edcias\"},\"image\":{\"@id\":\"https:\/\/brasilnoticias.org\/site\/#\/schema\/logo\/image\/\"}},{\"@type\":\"Person\",\"@id\":\"https:\/\/brasilnoticias.org\/site\/#\/schema\/person\/a0e05b973ec4d15c658d51911e53507b\",\"name\":\"Reda\u00e7\u00e3o\",\"image\":{\"@type\":\"ImageObject\",\"inLanguage\":\"pt-PT\",\"@id\":\"https:\/\/brasilnoticias.org\/site\/#\/schema\/person\/image\/\",\"url\":\"https:\/\/secure.gravatar.com\/avatar\/75d8b050df2de108b08ae78dfb8e374892df24a383c67db9c46a9c604f6aee9c?s=96&d=mm&r=g\",\"contentUrl\":\"https:\/\/secure.gravatar.com\/avatar\/75d8b050df2de108b08ae78dfb8e374892df24a383c67db9c46a9c604f6aee9c?s=96&d=mm&r=g\",\"caption\":\"Reda\u00e7\u00e3o\"},\"sameAs\":[\"https:\/\/brasilnoticias.org\/site\"],\"url\":\"https:\/\/brasilnoticias.org\/site\/author\/fernandozsngmail-com\/\"}]}<\/script>\n<!-- \/ Yoast SEO plugin. -->","yoast_head_json":{"title":"Recupera\u00e7\u00e3o judicial da Americanas \u00e9 4\u00aa maior da hist\u00f3ria do Brasil - Brasil not\u00edcias","robots":{"index":"index","follow":"follow","max-snippet":"max-snippet:-1","max-image-preview":"max-image-preview:large","max-video-preview":"max-video-preview:-1"},"canonical":"https:\/\/brasilnoticias.org\/site\/recuperacao-judicial-da-americanas-e-4a-maior-da-historia-do-brasil\/","og_locale":"pt_PT","og_type":"article","og_title":"Recupera\u00e7\u00e3o judicial da Americanas \u00e9 4\u00aa maior da hist\u00f3ria do Brasil - Brasil not\u00edcias","og_description":"A Americanas deu entrada no processo de recupera\u00e7\u00e3o judicial na quinta-feira, 19, ap\u00f3s reportar &#8220;inconsist\u00eancias cont\u00e1beis&#8221; em 11 de janeiro.","og_url":"https:\/\/brasilnoticias.org\/site\/recuperacao-judicial-da-americanas-e-4a-maior-da-historia-do-brasil\/","og_site_name":"Brasil not\u00edcias","article_published_time":"2023-01-21T10:00:18+00:00","og_image":[{"width":960,"height":540,"url":"https:\/\/brasilnoticias.org\/site\/wp-content\/uploads\/2023\/01\/naom_603bf52ddf0f3.jpeg","type":"image\/jpeg"}],"author":"Reda\u00e7\u00e3o","twitter_card":"summary_large_image","twitter_misc":{"Escrito por":"Reda\u00e7\u00e3o","Tempo estimado de leitura":"3 minutos"},"schema":{"@context":"https:\/\/schema.org","@graph":[{"@type":"Article","@id":"https:\/\/brasilnoticias.org\/site\/recuperacao-judicial-da-americanas-e-4a-maior-da-historia-do-brasil\/#article","isPartOf":{"@id":"https:\/\/brasilnoticias.org\/site\/recuperacao-judicial-da-americanas-e-4a-maior-da-historia-do-brasil\/"},"author":{"name":"Reda\u00e7\u00e3o","@id":"https:\/\/brasilnoticias.org\/site\/#\/schema\/person\/a0e05b973ec4d15c658d51911e53507b"},"headline":"Recupera\u00e7\u00e3o judicial da Americanas \u00e9 4\u00aa maior da hist\u00f3ria do Brasil","datePublished":"2023-01-21T10:00:18+00:00","mainEntityOfPage":{"@id":"https:\/\/brasilnoticias.org\/site\/recuperacao-judicial-da-americanas-e-4a-maior-da-historia-do-brasil\/"},"wordCount":595,"commentCount":0,"publisher":{"@id":"https:\/\/brasilnoticias.org\/site\/#organization"},"image":{"@id":"https:\/\/brasilnoticias.org\/site\/recuperacao-judicial-da-americanas-e-4a-maior-da-historia-do-brasil\/#primaryimage"},"thumbnailUrl":"https:\/\/brasilnoticias.org\/site\/wp-content\/uploads\/2023\/01\/naom_603bf52ddf0f3.jpeg","articleSection":["Not\u00edcias","\u00daltimas"],"inLanguage":"pt-PT","potentialAction":[{"@type":"CommentAction","name":"Comment","target":["https:\/\/brasilnoticias.org\/site\/recuperacao-judicial-da-americanas-e-4a-maior-da-historia-do-brasil\/#respond"]}]},{"@type":"WebPage","@id":"https:\/\/brasilnoticias.org\/site\/recuperacao-judicial-da-americanas-e-4a-maior-da-historia-do-brasil\/","url":"https:\/\/brasilnoticias.org\/site\/recuperacao-judicial-da-americanas-e-4a-maior-da-historia-do-brasil\/","name":"Recupera\u00e7\u00e3o judicial da Americanas \u00e9 4\u00aa maior da hist\u00f3ria do Brasil - Brasil not\u00edcias","isPartOf":{"@id":"https:\/\/brasilnoticias.org\/site\/#website"},"primaryImageOfPage":{"@id":"https:\/\/brasilnoticias.org\/site\/recuperacao-judicial-da-americanas-e-4a-maior-da-historia-do-brasil\/#primaryimage"},"image":{"@id":"https:\/\/brasilnoticias.org\/site\/recuperacao-judicial-da-americanas-e-4a-maior-da-historia-do-brasil\/#primaryimage"},"thumbnailUrl":"https:\/\/brasilnoticias.org\/site\/wp-content\/uploads\/2023\/01\/naom_603bf52ddf0f3.jpeg","datePublished":"2023-01-21T10:00:18+00:00","breadcrumb":{"@id":"https:\/\/brasilnoticias.org\/site\/recuperacao-judicial-da-americanas-e-4a-maior-da-historia-do-brasil\/#breadcrumb"},"inLanguage":"pt-PT","potentialAction":[{"@type":"ReadAction","target":["https:\/\/brasilnoticias.org\/site\/recuperacao-judicial-da-americanas-e-4a-maior-da-historia-do-brasil\/"]}]},{"@type":"ImageObject","inLanguage":"pt-PT","@id":"https:\/\/brasilnoticias.org\/site\/recuperacao-judicial-da-americanas-e-4a-maior-da-historia-do-brasil\/#primaryimage","url":"https:\/\/brasilnoticias.org\/site\/wp-content\/uploads\/2023\/01\/naom_603bf52ddf0f3.jpeg","contentUrl":"https:\/\/brasilnoticias.org\/site\/wp-content\/uploads\/2023\/01\/naom_603bf52ddf0f3.jpeg","width":960,"height":540},{"@type":"BreadcrumbList","@id":"https:\/\/brasilnoticias.org\/site\/recuperacao-judicial-da-americanas-e-4a-maior-da-historia-do-brasil\/#breadcrumb","itemListElement":[{"@type":"ListItem","position":1,"name":"In\u00edcio","item":"https:\/\/brasilnoticias.org\/site\/"},{"@type":"ListItem","position":2,"name":"Recupera\u00e7\u00e3o judicial da Americanas \u00e9 4\u00aa maior da hist\u00f3ria do Brasil"}]},{"@type":"WebSite","@id":"https:\/\/brasilnoticias.org\/site\/#website","url":"https:\/\/brasilnoticias.org\/site\/","name":"Brasil not\u00edcias","description":"Brasil not\u00edcias","publisher":{"@id":"https:\/\/brasilnoticias.org\/site\/#organization"},"potentialAction":[{"@type":"SearchAction","target":{"@type":"EntryPoint","urlTemplate":"https:\/\/brasilnoticias.org\/site\/?s={search_term_string}"},"query-input":{"@type":"PropertyValueSpecification","valueRequired":true,"valueName":"search_term_string"}}],"inLanguage":"pt-PT"},{"@type":"Organization","@id":"https:\/\/brasilnoticias.org\/site\/#organization","name":"Brasil not\u00edcias","url":"https:\/\/brasilnoticias.org\/site\/","logo":{"@type":"ImageObject","inLanguage":"pt-PT","@id":"https:\/\/brasilnoticias.org\/site\/#\/schema\/logo\/image\/","url":"https:\/\/brasilnoticias.org\/site\/wp-content\/uploads\/2022\/05\/cropped-brasilnoticias-mini.jpg","contentUrl":"https:\/\/brasilnoticias.org\/site\/wp-content\/uploads\/2022\/05\/cropped-brasilnoticias-mini.jpg","width":314,"height":86,"caption":"Brasil not\u00edcias"},"image":{"@id":"https:\/\/brasilnoticias.org\/site\/#\/schema\/logo\/image\/"}},{"@type":"Person","@id":"https:\/\/brasilnoticias.org\/site\/#\/schema\/person\/a0e05b973ec4d15c658d51911e53507b","name":"Reda\u00e7\u00e3o","image":{"@type":"ImageObject","inLanguage":"pt-PT","@id":"https:\/\/brasilnoticias.org\/site\/#\/schema\/person\/image\/","url":"https:\/\/secure.gravatar.com\/avatar\/75d8b050df2de108b08ae78dfb8e374892df24a383c67db9c46a9c604f6aee9c?s=96&d=mm&r=g","contentUrl":"https:\/\/secure.gravatar.com\/avatar\/75d8b050df2de108b08ae78dfb8e374892df24a383c67db9c46a9c604f6aee9c?s=96&d=mm&r=g","caption":"Reda\u00e7\u00e3o"},"sameAs":["https:\/\/brasilnoticias.org\/site"],"url":"https:\/\/brasilnoticias.org\/site\/author\/fernandozsngmail-com\/"}]}},"_links":{"self":[{"href":"https:\/\/brasilnoticias.org\/site\/wp-json\/wp\/v2\/posts\/3402","targetHints":{"allow":["GET"]}}],"collection":[{"href":"https:\/\/brasilnoticias.org\/site\/wp-json\/wp\/v2\/posts"}],"about":[{"href":"https:\/\/brasilnoticias.org\/site\/wp-json\/wp\/v2\/types\/post"}],"author":[{"embeddable":true,"href":"https:\/\/brasilnoticias.org\/site\/wp-json\/wp\/v2\/users\/1"}],"replies":[{"embeddable":true,"href":"https:\/\/brasilnoticias.org\/site\/wp-json\/wp\/v2\/comments?post=3402"}],"version-history":[{"count":1,"href":"https:\/\/brasilnoticias.org\/site\/wp-json\/wp\/v2\/posts\/3402\/revisions"}],"predecessor-version":[{"id":3404,"href":"https:\/\/brasilnoticias.org\/site\/wp-json\/wp\/v2\/posts\/3402\/revisions\/3404"}],"wp:featuredmedia":[{"embeddable":true,"href":"https:\/\/brasilnoticias.org\/site\/wp-json\/wp\/v2\/media\/3403"}],"wp:attachment":[{"href":"https:\/\/brasilnoticias.org\/site\/wp-json\/wp\/v2\/media?parent=3402"}],"wp:term":[{"taxonomy":"category","embeddable":true,"href":"https:\/\/brasilnoticias.org\/site\/wp-json\/wp\/v2\/categories?post=3402"},{"taxonomy":"post_tag","embeddable":true,"href":"https:\/\/brasilnoticias.org\/site\/wp-json\/wp\/v2\/tags?post=3402"}],"curies":[{"name":"wp","href":"https:\/\/api.w.org\/{rel}","templated":true}]}}