{"id":3415,"date":"2023-01-21T18:00:51","date_gmt":"2023-01-21T21:00:51","guid":{"rendered":"https:\/\/brasilnoticias.org\/site\/?p=3415"},"modified":"2023-01-21T09:24:51","modified_gmt":"2023-01-21T12:24:51","slug":"psg-vai-leiloar-camisas-usadas-por-messi-mbappe-e-neymar-em-amistoso","status":"publish","type":"post","link":"https:\/\/brasilnoticias.org\/site\/psg-vai-leiloar-camisas-usadas-por-messi-mbappe-e-neymar-em-amistoso\/","title":{"rendered":"PSG vai leiloar camisas usadas por Messi, Mbapp\u00e9 e Neymar em amistoso"},"content":{"rendered":"<p>O Paris Saint-Germain firmou uma parceria que promete revolucionar a rela\u00e7\u00e3o do clube com sua base de torcedores e f\u00e3s: a partir do jogo desta quinta-feira, contra o combinado Al-Nassr\/Al-Hilal &#8211; possivelmente o \u00faltimo confronto entre Lionel Messi e Cristiano Ronaldo &#8211; as camisas usadas pelos atletas ser\u00e3o leiloadas na plataforma MatchWornShirt, com renda destinada aos programas sociais e de caridade da Funda\u00e7\u00e3o PSG.<br \/>\nCamisas utilizadas pelos jogadores, como Neymar, Messi, Mbapp\u00e9, Marquinhos, Hakimi, entre outros, no primeiro tempo dos jogos do Campeonato Franc\u00eas e da Liga dos Campe\u00f5es &#8211; al\u00e9m do amistoso contra o combinado saudita &#8211; estar\u00e3o dispon\u00edveis na plataforma.<\/p>\n<p>O Paris Saint-Germain firmou uma parceria que promete revolucionar a rela\u00e7\u00e3o do clube com sua base de torcedores e f\u00e3s: a partir do jogo desta quinta-feira, contra o combinado Al-Nassr\/Al-Hilal &#8211; possivelmente o \u00faltimo confronto entre Lionel Messi e Cristiano Ronaldo &#8211; as camisas usadas pelos atletas ser\u00e3o leiloadas na plataforma MatchWornShirt, com renda destinada aos programas sociais e de caridade da Funda\u00e7\u00e3o PSG.<br \/>\nCamisas utilizadas pelos jogadores, como Neymar, Messi, Mbapp\u00e9, Marquinhos, Hakimi, entre outros, no primeiro tempo dos jogos do Campeonato Franc\u00eas e da Liga dos Campe\u00f5es &#8211; al\u00e9m do amistoso contra o combinado saudita &#8211; estar\u00e3o dispon\u00edveis na plataforma.<\/p>\n<p>Al\u00e9m disso, todas as camisas passam por um sistema de desinfec\u00e7\u00e3o, mas n\u00e3o s\u00e3o lavadas para garantir suas caracter\u00edsticas \u00fanicas, que fazem das pe\u00e7as itens inestim\u00e1veis para os apaixonados por futebol, colecionadores e pelos craques do esporte.<\/p>\n<p>Ativa desde 2017, a MatchWornShirt j\u00e1 ajudou a gerar mais de R$ 45 milh\u00f5es a projetos sociais e de caridade &#8211; como os apoiados pela Funda\u00e7\u00e3o PSG. Entre eles, est\u00e3o iniciativas que visam auxiliar crian\u00e7as, jovens e comunidades necessitadas por meio de projetos educacionais e programas esportivos.<\/p>\n<p>No Brasil, a plataforma come\u00e7ou suas opera\u00e7\u00f5es em 2021 e j\u00e1 tem a\u00e7\u00f5es realizadas com diversos clubes, como os leil\u00f5es de camisas do Flamengo utilizadas na final da Supercopa do Brasil de 2021, contra o Palmeiras, e do S\u00e3o Paulo na final do Campeonato Paulista de 2021.<\/p>\n<p>&nbsp;<\/p>\n<p>Foto Getty Images<br \/>\nNot\u00edcias ao minuto<\/p>\n<p>&nbsp;<\/p>\n","protected":false},"excerpt":{"rendered":"<p>O Paris Saint-Germain firmou uma parceria que promete revolucionar a rela\u00e7\u00e3o do clube com sua base de torcedores e f\u00e3s:<\/p>\n","protected":false},"author":1,"featured_media":3416,"comment_status":"open","ping_status":"open","sticky":false,"template":"","format":"standard","meta":{"colormag_page_container_layout":"default_layout","colormag_page_sidebar_layout":"default_layout","_FSMCFIC_featured_image_caption":"","_FSMCFIC_featured_image_nocaption":"","_FSMCFIC_featured_image_hide":"","footnotes":""},"categories":[4,1],"tags":[],"class_list":["post-3415","post","type-post","status-publish","format-standard","has-post-thumbnail","hentry","category-esporte","category-ultimas"],"yoast_head":"<!-- This site is optimized with the Yoast SEO plugin v27.1.1 - https:\/\/yoast.com\/product\/yoast-seo-wordpress\/ -->\n<title>PSG vai leiloar camisas usadas por Messi, Mbapp\u00e9 e Neymar em amistoso - Brasil not\u00edcias<\/title>\n<meta name=\"robots\" content=\"index, follow, max-snippet:-1, max-image-preview:large, max-video-preview:-1\" \/>\n<link rel=\"canonical\" href=\"https:\/\/brasilnoticias.org\/site\/psg-vai-leiloar-camisas-usadas-por-messi-mbappe-e-neymar-em-amistoso\/\" \/>\n<meta property=\"og:locale\" content=\"pt_PT\" \/>\n<meta property=\"og:type\" content=\"article\" \/>\n<meta property=\"og:title\" content=\"PSG vai leiloar camisas usadas por Messi, Mbapp\u00e9 e Neymar em amistoso - Brasil not\u00edcias\" \/>\n<meta property=\"og:description\" content=\"O Paris Saint-Germain firmou uma parceria que promete revolucionar a rela\u00e7\u00e3o do clube com sua base de torcedores e f\u00e3s:\" \/>\n<meta property=\"og:url\" content=\"https:\/\/brasilnoticias.org\/site\/psg-vai-leiloar-camisas-usadas-por-messi-mbappe-e-neymar-em-amistoso\/\" \/>\n<meta property=\"og:site_name\" content=\"Brasil not\u00edcias\" \/>\n<meta property=\"article:published_time\" content=\"2023-01-21T21:00:51+00:00\" \/>\n<meta property=\"og:image\" content=\"https:\/\/brasilnoticias.org\/site\/wp-content\/uploads\/2023\/01\/naom_63a03efe6bcd8-1.jpg\" \/>\n\t<meta property=\"og:image:width\" content=\"960\" \/>\n\t<meta property=\"og:image:height\" content=\"540\" \/>\n\t<meta property=\"og:image:type\" content=\"image\/jpeg\" \/>\n<meta name=\"author\" content=\"Reda\u00e7\u00e3o\" \/>\n<meta name=\"twitter:card\" content=\"summary_large_image\" \/>\n<meta name=\"twitter:label1\" content=\"Escrito por\" \/>\n\t<meta name=\"twitter:data1\" content=\"Reda\u00e7\u00e3o\" \/>\n\t<meta name=\"twitter:label2\" content=\"Tempo estimado de leitura\" \/>\n\t<meta name=\"twitter:data2\" content=\"2 minutos\" \/>\n<script type=\"application\/ld+json\" class=\"yoast-schema-graph\">{\"@context\":\"https:\/\/schema.org\",\"@graph\":[{\"@type\":\"Article\",\"@id\":\"https:\/\/brasilnoticias.org\/site\/psg-vai-leiloar-camisas-usadas-por-messi-mbappe-e-neymar-em-amistoso\/#article\",\"isPartOf\":{\"@id\":\"https:\/\/brasilnoticias.org\/site\/psg-vai-leiloar-camisas-usadas-por-messi-mbappe-e-neymar-em-amistoso\/\"},\"author\":{\"name\":\"Reda\u00e7\u00e3o\",\"@id\":\"https:\/\/brasilnoticias.org\/site\/#\/schema\/person\/a0e05b973ec4d15c658d51911e53507b\"},\"headline\":\"PSG vai leiloar camisas usadas por Messi, Mbapp\u00e9 e Neymar em amistoso\",\"datePublished\":\"2023-01-21T21:00:51+00:00\",\"mainEntityOfPage\":{\"@id\":\"https:\/\/brasilnoticias.org\/site\/psg-vai-leiloar-camisas-usadas-por-messi-mbappe-e-neymar-em-amistoso\/\"},\"wordCount\":387,\"commentCount\":0,\"publisher\":{\"@id\":\"https:\/\/brasilnoticias.org\/site\/#organization\"},\"image\":{\"@id\":\"https:\/\/brasilnoticias.org\/site\/psg-vai-leiloar-camisas-usadas-por-messi-mbappe-e-neymar-em-amistoso\/#primaryimage\"},\"thumbnailUrl\":\"https:\/\/brasilnoticias.org\/site\/wp-content\/uploads\/2023\/01\/naom_63a03efe6bcd8-1.jpg\",\"articleSection\":[\"Esporte\",\"\u00daltimas\"],\"inLanguage\":\"pt-PT\",\"potentialAction\":[{\"@type\":\"CommentAction\",\"name\":\"Comment\",\"target\":[\"https:\/\/brasilnoticias.org\/site\/psg-vai-leiloar-camisas-usadas-por-messi-mbappe-e-neymar-em-amistoso\/#respond\"]}]},{\"@type\":\"WebPage\",\"@id\":\"https:\/\/brasilnoticias.org\/site\/psg-vai-leiloar-camisas-usadas-por-messi-mbappe-e-neymar-em-amistoso\/\",\"url\":\"https:\/\/brasilnoticias.org\/site\/psg-vai-leiloar-camisas-usadas-por-messi-mbappe-e-neymar-em-amistoso\/\",\"name\":\"PSG vai leiloar camisas usadas por Messi, Mbapp\u00e9 e Neymar em amistoso - Brasil not\u00edcias\",\"isPartOf\":{\"@id\":\"https:\/\/brasilnoticias.org\/site\/#website\"},\"primaryImageOfPage\":{\"@id\":\"https:\/\/brasilnoticias.org\/site\/psg-vai-leiloar-camisas-usadas-por-messi-mbappe-e-neymar-em-amistoso\/#primaryimage\"},\"image\":{\"@id\":\"https:\/\/brasilnoticias.org\/site\/psg-vai-leiloar-camisas-usadas-por-messi-mbappe-e-neymar-em-amistoso\/#primaryimage\"},\"thumbnailUrl\":\"https:\/\/brasilnoticias.org\/site\/wp-content\/uploads\/2023\/01\/naom_63a03efe6bcd8-1.jpg\",\"datePublished\":\"2023-01-21T21:00:51+00:00\",\"breadcrumb\":{\"@id\":\"https:\/\/brasilnoticias.org\/site\/psg-vai-leiloar-camisas-usadas-por-messi-mbappe-e-neymar-em-amistoso\/#breadcrumb\"},\"inLanguage\":\"pt-PT\",\"potentialAction\":[{\"@type\":\"ReadAction\",\"target\":[\"https:\/\/brasilnoticias.org\/site\/psg-vai-leiloar-camisas-usadas-por-messi-mbappe-e-neymar-em-amistoso\/\"]}]},{\"@type\":\"ImageObject\",\"inLanguage\":\"pt-PT\",\"@id\":\"https:\/\/brasilnoticias.org\/site\/psg-vai-leiloar-camisas-usadas-por-messi-mbappe-e-neymar-em-amistoso\/#primaryimage\",\"url\":\"https:\/\/brasilnoticias.org\/site\/wp-content\/uploads\/2023\/01\/naom_63a03efe6bcd8-1.jpg\",\"contentUrl\":\"https:\/\/brasilnoticias.org\/site\/wp-content\/uploads\/2023\/01\/naom_63a03efe6bcd8-1.jpg\",\"width\":960,\"height\":540},{\"@type\":\"BreadcrumbList\",\"@id\":\"https:\/\/brasilnoticias.org\/site\/psg-vai-leiloar-camisas-usadas-por-messi-mbappe-e-neymar-em-amistoso\/#breadcrumb\",\"itemListElement\":[{\"@type\":\"ListItem\",\"position\":1,\"name\":\"In\u00edcio\",\"item\":\"https:\/\/brasilnoticias.org\/site\/\"},{\"@type\":\"ListItem\",\"position\":2,\"name\":\"PSG vai leiloar camisas usadas por Messi, Mbapp\u00e9 e Neymar em amistoso\"}]},{\"@type\":\"WebSite\",\"@id\":\"https:\/\/brasilnoticias.org\/site\/#website\",\"url\":\"https:\/\/brasilnoticias.org\/site\/\",\"name\":\"Brasil not\u00edcias\",\"description\":\"Brasil not\u00edcias\",\"publisher\":{\"@id\":\"https:\/\/brasilnoticias.org\/site\/#organization\"},\"potentialAction\":[{\"@type\":\"SearchAction\",\"target\":{\"@type\":\"EntryPoint\",\"urlTemplate\":\"https:\/\/brasilnoticias.org\/site\/?s={search_term_string}\"},\"query-input\":{\"@type\":\"PropertyValueSpecification\",\"valueRequired\":true,\"valueName\":\"search_term_string\"}}],\"inLanguage\":\"pt-PT\"},{\"@type\":\"Organization\",\"@id\":\"https:\/\/brasilnoticias.org\/site\/#organization\",\"name\":\"Brasil not\u00edcias\",\"url\":\"https:\/\/brasilnoticias.org\/site\/\",\"logo\":{\"@type\":\"ImageObject\",\"inLanguage\":\"pt-PT\",\"@id\":\"https:\/\/brasilnoticias.org\/site\/#\/schema\/logo\/image\/\",\"url\":\"https:\/\/brasilnoticias.org\/site\/wp-content\/uploads\/2022\/05\/cropped-brasilnoticias-mini.jpg\",\"contentUrl\":\"https:\/\/brasilnoticias.org\/site\/wp-content\/uploads\/2022\/05\/cropped-brasilnoticias-mini.jpg\",\"width\":314,\"height\":86,\"caption\":\"Brasil not\u00edcias\"},\"image\":{\"@id\":\"https:\/\/brasilnoticias.org\/site\/#\/schema\/logo\/image\/\"}},{\"@type\":\"Person\",\"@id\":\"https:\/\/brasilnoticias.org\/site\/#\/schema\/person\/a0e05b973ec4d15c658d51911e53507b\",\"name\":\"Reda\u00e7\u00e3o\",\"image\":{\"@type\":\"ImageObject\",\"inLanguage\":\"pt-PT\",\"@id\":\"https:\/\/brasilnoticias.org\/site\/#\/schema\/person\/image\/\",\"url\":\"https:\/\/secure.gravatar.com\/avatar\/75d8b050df2de108b08ae78dfb8e374892df24a383c67db9c46a9c604f6aee9c?s=96&d=mm&r=g\",\"contentUrl\":\"https:\/\/secure.gravatar.com\/avatar\/75d8b050df2de108b08ae78dfb8e374892df24a383c67db9c46a9c604f6aee9c?s=96&d=mm&r=g\",\"caption\":\"Reda\u00e7\u00e3o\"},\"sameAs\":[\"https:\/\/brasilnoticias.org\/site\"],\"url\":\"https:\/\/brasilnoticias.org\/site\/author\/fernandozsngmail-com\/\"}]}<\/script>\n<!-- \/ Yoast SEO plugin. -->","yoast_head_json":{"title":"PSG vai leiloar camisas usadas por Messi, Mbapp\u00e9 e Neymar em amistoso - Brasil not\u00edcias","robots":{"index":"index","follow":"follow","max-snippet":"max-snippet:-1","max-image-preview":"max-image-preview:large","max-video-preview":"max-video-preview:-1"},"canonical":"https:\/\/brasilnoticias.org\/site\/psg-vai-leiloar-camisas-usadas-por-messi-mbappe-e-neymar-em-amistoso\/","og_locale":"pt_PT","og_type":"article","og_title":"PSG vai leiloar camisas usadas por Messi, Mbapp\u00e9 e Neymar em amistoso - Brasil not\u00edcias","og_description":"O Paris Saint-Germain firmou uma parceria que promete revolucionar a rela\u00e7\u00e3o do clube com sua base de torcedores e f\u00e3s:","og_url":"https:\/\/brasilnoticias.org\/site\/psg-vai-leiloar-camisas-usadas-por-messi-mbappe-e-neymar-em-amistoso\/","og_site_name":"Brasil not\u00edcias","article_published_time":"2023-01-21T21:00:51+00:00","og_image":[{"width":960,"height":540,"url":"https:\/\/brasilnoticias.org\/site\/wp-content\/uploads\/2023\/01\/naom_63a03efe6bcd8-1.jpg","type":"image\/jpeg"}],"author":"Reda\u00e7\u00e3o","twitter_card":"summary_large_image","twitter_misc":{"Escrito por":"Reda\u00e7\u00e3o","Tempo estimado de leitura":"2 minutos"},"schema":{"@context":"https:\/\/schema.org","@graph":[{"@type":"Article","@id":"https:\/\/brasilnoticias.org\/site\/psg-vai-leiloar-camisas-usadas-por-messi-mbappe-e-neymar-em-amistoso\/#article","isPartOf":{"@id":"https:\/\/brasilnoticias.org\/site\/psg-vai-leiloar-camisas-usadas-por-messi-mbappe-e-neymar-em-amistoso\/"},"author":{"name":"Reda\u00e7\u00e3o","@id":"https:\/\/brasilnoticias.org\/site\/#\/schema\/person\/a0e05b973ec4d15c658d51911e53507b"},"headline":"PSG vai leiloar camisas usadas por Messi, Mbapp\u00e9 e Neymar em amistoso","datePublished":"2023-01-21T21:00:51+00:00","mainEntityOfPage":{"@id":"https:\/\/brasilnoticias.org\/site\/psg-vai-leiloar-camisas-usadas-por-messi-mbappe-e-neymar-em-amistoso\/"},"wordCount":387,"commentCount":0,"publisher":{"@id":"https:\/\/brasilnoticias.org\/site\/#organization"},"image":{"@id":"https:\/\/brasilnoticias.org\/site\/psg-vai-leiloar-camisas-usadas-por-messi-mbappe-e-neymar-em-amistoso\/#primaryimage"},"thumbnailUrl":"https:\/\/brasilnoticias.org\/site\/wp-content\/uploads\/2023\/01\/naom_63a03efe6bcd8-1.jpg","articleSection":["Esporte","\u00daltimas"],"inLanguage":"pt-PT","potentialAction":[{"@type":"CommentAction","name":"Comment","target":["https:\/\/brasilnoticias.org\/site\/psg-vai-leiloar-camisas-usadas-por-messi-mbappe-e-neymar-em-amistoso\/#respond"]}]},{"@type":"WebPage","@id":"https:\/\/brasilnoticias.org\/site\/psg-vai-leiloar-camisas-usadas-por-messi-mbappe-e-neymar-em-amistoso\/","url":"https:\/\/brasilnoticias.org\/site\/psg-vai-leiloar-camisas-usadas-por-messi-mbappe-e-neymar-em-amistoso\/","name":"PSG vai leiloar camisas usadas por Messi, Mbapp\u00e9 e Neymar em amistoso - Brasil not\u00edcias","isPartOf":{"@id":"https:\/\/brasilnoticias.org\/site\/#website"},"primaryImageOfPage":{"@id":"https:\/\/brasilnoticias.org\/site\/psg-vai-leiloar-camisas-usadas-por-messi-mbappe-e-neymar-em-amistoso\/#primaryimage"},"image":{"@id":"https:\/\/brasilnoticias.org\/site\/psg-vai-leiloar-camisas-usadas-por-messi-mbappe-e-neymar-em-amistoso\/#primaryimage"},"thumbnailUrl":"https:\/\/brasilnoticias.org\/site\/wp-content\/uploads\/2023\/01\/naom_63a03efe6bcd8-1.jpg","datePublished":"2023-01-21T21:00:51+00:00","breadcrumb":{"@id":"https:\/\/brasilnoticias.org\/site\/psg-vai-leiloar-camisas-usadas-por-messi-mbappe-e-neymar-em-amistoso\/#breadcrumb"},"inLanguage":"pt-PT","potentialAction":[{"@type":"ReadAction","target":["https:\/\/brasilnoticias.org\/site\/psg-vai-leiloar-camisas-usadas-por-messi-mbappe-e-neymar-em-amistoso\/"]}]},{"@type":"ImageObject","inLanguage":"pt-PT","@id":"https:\/\/brasilnoticias.org\/site\/psg-vai-leiloar-camisas-usadas-por-messi-mbappe-e-neymar-em-amistoso\/#primaryimage","url":"https:\/\/brasilnoticias.org\/site\/wp-content\/uploads\/2023\/01\/naom_63a03efe6bcd8-1.jpg","contentUrl":"https:\/\/brasilnoticias.org\/site\/wp-content\/uploads\/2023\/01\/naom_63a03efe6bcd8-1.jpg","width":960,"height":540},{"@type":"BreadcrumbList","@id":"https:\/\/brasilnoticias.org\/site\/psg-vai-leiloar-camisas-usadas-por-messi-mbappe-e-neymar-em-amistoso\/#breadcrumb","itemListElement":[{"@type":"ListItem","position":1,"name":"In\u00edcio","item":"https:\/\/brasilnoticias.org\/site\/"},{"@type":"ListItem","position":2,"name":"PSG vai leiloar camisas usadas por Messi, Mbapp\u00e9 e Neymar em amistoso"}]},{"@type":"WebSite","@id":"https:\/\/brasilnoticias.org\/site\/#website","url":"https:\/\/brasilnoticias.org\/site\/","name":"Brasil not\u00edcias","description":"Brasil not\u00edcias","publisher":{"@id":"https:\/\/brasilnoticias.org\/site\/#organization"},"potentialAction":[{"@type":"SearchAction","target":{"@type":"EntryPoint","urlTemplate":"https:\/\/brasilnoticias.org\/site\/?s={search_term_string}"},"query-input":{"@type":"PropertyValueSpecification","valueRequired":true,"valueName":"search_term_string"}}],"inLanguage":"pt-PT"},{"@type":"Organization","@id":"https:\/\/brasilnoticias.org\/site\/#organization","name":"Brasil not\u00edcias","url":"https:\/\/brasilnoticias.org\/site\/","logo":{"@type":"ImageObject","inLanguage":"pt-PT","@id":"https:\/\/brasilnoticias.org\/site\/#\/schema\/logo\/image\/","url":"https:\/\/brasilnoticias.org\/site\/wp-content\/uploads\/2022\/05\/cropped-brasilnoticias-mini.jpg","contentUrl":"https:\/\/brasilnoticias.org\/site\/wp-content\/uploads\/2022\/05\/cropped-brasilnoticias-mini.jpg","width":314,"height":86,"caption":"Brasil not\u00edcias"},"image":{"@id":"https:\/\/brasilnoticias.org\/site\/#\/schema\/logo\/image\/"}},{"@type":"Person","@id":"https:\/\/brasilnoticias.org\/site\/#\/schema\/person\/a0e05b973ec4d15c658d51911e53507b","name":"Reda\u00e7\u00e3o","image":{"@type":"ImageObject","inLanguage":"pt-PT","@id":"https:\/\/brasilnoticias.org\/site\/#\/schema\/person\/image\/","url":"https:\/\/secure.gravatar.com\/avatar\/75d8b050df2de108b08ae78dfb8e374892df24a383c67db9c46a9c604f6aee9c?s=96&d=mm&r=g","contentUrl":"https:\/\/secure.gravatar.com\/avatar\/75d8b050df2de108b08ae78dfb8e374892df24a383c67db9c46a9c604f6aee9c?s=96&d=mm&r=g","caption":"Reda\u00e7\u00e3o"},"sameAs":["https:\/\/brasilnoticias.org\/site"],"url":"https:\/\/brasilnoticias.org\/site\/author\/fernandozsngmail-com\/"}]}},"_links":{"self":[{"href":"https:\/\/brasilnoticias.org\/site\/wp-json\/wp\/v2\/posts\/3415","targetHints":{"allow":["GET"]}}],"collection":[{"href":"https:\/\/brasilnoticias.org\/site\/wp-json\/wp\/v2\/posts"}],"about":[{"href":"https:\/\/brasilnoticias.org\/site\/wp-json\/wp\/v2\/types\/post"}],"author":[{"embeddable":true,"href":"https:\/\/brasilnoticias.org\/site\/wp-json\/wp\/v2\/users\/1"}],"replies":[{"embeddable":true,"href":"https:\/\/brasilnoticias.org\/site\/wp-json\/wp\/v2\/comments?post=3415"}],"version-history":[{"count":1,"href":"https:\/\/brasilnoticias.org\/site\/wp-json\/wp\/v2\/posts\/3415\/revisions"}],"predecessor-version":[{"id":3417,"href":"https:\/\/brasilnoticias.org\/site\/wp-json\/wp\/v2\/posts\/3415\/revisions\/3417"}],"wp:featuredmedia":[{"embeddable":true,"href":"https:\/\/brasilnoticias.org\/site\/wp-json\/wp\/v2\/media\/3416"}],"wp:attachment":[{"href":"https:\/\/brasilnoticias.org\/site\/wp-json\/wp\/v2\/media?parent=3415"}],"wp:term":[{"taxonomy":"category","embeddable":true,"href":"https:\/\/brasilnoticias.org\/site\/wp-json\/wp\/v2\/categories?post=3415"},{"taxonomy":"post_tag","embeddable":true,"href":"https:\/\/brasilnoticias.org\/site\/wp-json\/wp\/v2\/tags?post=3415"}],"curies":[{"name":"wp","href":"https:\/\/api.w.org\/{rel}","templated":true}]}}