{"id":3418,"date":"2023-01-21T18:10:13","date_gmt":"2023-01-21T21:10:13","guid":{"rendered":"https:\/\/brasilnoticias.org\/site\/?p=3418"},"modified":"2023-01-21T09:30:09","modified_gmt":"2023-01-21T12:30:09","slug":"aliados-nao-se-acertam-e-ucrania-segue-sem-tanques-alemaes-contra-a-russia","status":"publish","type":"post","link":"https:\/\/brasilnoticias.org\/site\/aliados-nao-se-acertam-e-ucrania-segue-sem-tanques-alemaes-contra-a-russia\/","title":{"rendered":"Aliados n\u00e3o se acertam, e Ucr\u00e2nia segue sem tanques alem\u00e3es contra a R\u00fassia"},"content":{"rendered":"<p>Os pa\u00edses que apoiam o esfor\u00e7o de guerra da Ucr\u00e2nia contra a invas\u00e3o russa, liderados pela Otan (alian\u00e7a militar do Ocidente), n\u00e3o chegaram a uma conclus\u00e3o sobre o envio de tanques para Kiev em uma muito antecipada reuni\u00e3o ocorrida na Alemanha nesta sexta (20).<\/p>\n<p>\u00c3O PAULO, SP (FOLHAPRESS) &#8211; Os pa\u00edses que apoiam o esfor\u00e7o de guerra da Ucr\u00e2nia contra a invas\u00e3o russa, liderados pela Otan (alian\u00e7a militar do Ocidente), n\u00e3o chegaram a uma conclus\u00e3o sobre o envio de tanques para Kiev em uma muito antecipada reuni\u00e3o ocorrida na Alemanha nesta sexta (20).<\/p>\n<p>&#8220;H\u00e1 bons motivos a favor e contra as entregas, e tendo em vista a situa\u00e7\u00e3o global de uma guerra que j\u00e1 dura quase um ano, todos os pr\u00f3s e contras t\u00eam de ser pesados muito cuidadosamente&#8221;, afirmou Pistorius, para horror de outros ministros reunidos na principal base americana na Alemanha, em Ramstein.<\/p>\n<p>Pistorius disse que defesa anti\u00e1erea, como as baterias Patriot que Berlim, Washington e Amsterd\u00e3 se comprometeram a enviar, \u00e9 a prioridade do momento. Tudo indica que os alem\u00e3es seguem evitando provocar os russos, por temer uma escalada no conflito que possa levar \u00e0 Terceira Guerra Mundial -a depend\u00eancia energ\u00e9tica, motivo da cautela anterior, j\u00e1 foi praticamente cortada.<\/p>\n<p>&#8220;H\u00e1 bons motivos a favor e contra as entregas, e tendo em vista a situa\u00e7\u00e3o global de uma guerra que j\u00e1 dura quase um ano, todos os pr\u00f3s e contras t\u00eam de ser pesados muito cuidadosamente&#8221;, afirmou Pistorius, para horror de outros ministros reunidos na principal base americana na Alemanha, em Ramstein.<\/p>\n<p>Pistorius disse que defesa anti\u00e1erea, como as baterias Patriot que Berlim, Washington e Amsterd\u00e3 se comprometeram a enviar, \u00e9 a prioridade do momento. Tudo indica que os alem\u00e3es seguem evitando provocar os russos, por temer uma escalada no conflito que possa levar \u00e0 Terceira Guerra Mundial -a depend\u00eancia energ\u00e9tica, motivo da cautela anterior, j\u00e1 foi praticamente cortada.<\/p>\n<p>Ao longo da guerra, o temor de escalada e o as limita\u00e7\u00f5es de arsenais pr\u00f3prios t\u00eam ditado o tamanho do apoio a Kiev, que j\u00e1 cresceu muito. Avi\u00f5es de ca\u00e7a, por exemplo, s\u00e3o tabu ainda maior do que os tanques -a Otan vetou a transfer\u00eancia de MiG-29 poloneses, por exemplo.<\/p>\n<p>A montanha em Ramstein, contudo, n\u00e3o chegou a parir apenas o rato da frustra\u00e7\u00e3o de Kiev. Onze pa\u00edses apresentaram sua colabora\u00e7\u00e3o para um novo megapacote de ajuda militar, com v\u00e1rios armamentos que poder\u00e3o fazer a diferen\u00e7a no campo de batalha.<\/p>\n<p>A mais vistosa ajuda vir\u00e1 dos Estados Unidos, que com mais US$ 2,5 bilh\u00f5es (R$ 13 bilh\u00f5es) em armas chega a US$ 26,7 bilh\u00f5es (R$ 140 bilh\u00f5es) de apoio militar desde o come\u00e7o da guerra -o maior no planeta, quase sete vezes o or\u00e7amento de defesa ucraniano de 2021.<\/p>\n<p>O pacote americano inclui 59 ve\u00edculos blindados de infantaria Bradley, 90 blindados leves Stryker e 18 obuseiros autopropulsados Paladin -que far\u00e3o companhia a um n\u00famero incerto do mesmo tipo de armamento Archer, doado pela Su\u00e9cia.<br \/>\nA Fran\u00e7a designou um n\u00famero ainda incerto de tanques leves AMX. Nesta sexta, o presidente Emmanuel Macron afirmou em uma base em seu pa\u00eds que o or\u00e7amento de defesa franc\u00eas subir\u00e1 quase 30% a partir de 2024, para quase US$ 75 bilh\u00f5es (R$ 390 bilh\u00f5es).<\/p>\n<p>A Finl\u00e2ndia anunciou US$ 434 milh\u00f5es (R$ 2,2 bilh\u00f5es) em ajuda militar, mas ficou s\u00f3 na inten\u00e7\u00e3o de enviar alguns de seus 200 Leopard-2, 100 deles em estoque. O tanque \u00e9 usado por 12 na\u00e7\u00f5es europeias, com uma frota de cerca de 2.300 unidades no continente.<\/p>\n<p>Por ora, o Reino Unido segue sozinho na promessa de enviar tanques: 14 modelos Challenger-2 dever\u00e3o chegar \u00e0 Ucr\u00e2nia em algum momento, nada que far\u00e1 diferen\u00e7a no balan\u00e7o da guerra. Especialistas do IISS (sigla inglesa para Instituto Internacional de Estudos Estrat\u00e9gicos, de Londres) dizem que ao menos 100 tanques s\u00e3o necess\u00e1rios para impactar o conflito.<\/p>\n<p>Zelenski queria 300. Antes da guerra, segundo o anu\u00e1rio Balan\u00e7o Militar, do IISS, Kiev tinha 987 tanques, a maioria modelos sovi\u00e9ticos T-64 com graus diversos de moderniza\u00e7\u00e3o. Ap\u00f3s o in\u00edcio do conflito, recebeu 230 T-72 sovi\u00e9ticos da vizinha Pol\u00f4nia, o mais beligerante membro do Leste Europeu da Otan. At\u00e9 quinta (19), havia perdido 449 tanques na guerra, segundo o site de monitoramento Oryx.<\/p>\n<p>O foco dos ucranianos \u00e9 segurar o avan\u00e7o russo no leste do pa\u00eds, que tem sido lento, mas constante. Nesta sexta, Moscou anunciou ter capturado Klischiivka, cidadezinha vizinha de Bakhmut, centro da ofensiva na regi\u00e3o de Donetsk -a menos controlada pelos russos das quatro que Vladimir Putin anexou ilegalmente em setembro.<\/p>\n<p>A rea\u00e7\u00e3o russa \u00e0 reuni\u00e3o alem\u00e3 foi previs\u00edvel. Ap\u00f3s uma reuni\u00e3o do Conselho de Seguran\u00e7a liderado por Putin, o Kremlin disse que o eventual envio de tanques &#8220;n\u00e3o ir\u00e1 mudar nada fundamentalmente&#8221;.<\/p>\n<p>Por ora, o Reino Unido segue sozinho na promessa de enviar tanques: 14 modelos Challenger-2 dever\u00e3o chegar \u00e0 Ucr\u00e2nia em algum momento, nada que far\u00e1 diferen\u00e7a no balan\u00e7o da guerra. Especialistas do IISS (sigla inglesa para Instituto Internacional de Estudos Estrat\u00e9gicos, de Londres) dizem que ao menos 100 tanques s\u00e3o necess\u00e1rios para impactar o conflito.<\/p>\n<p>Zelenski queria 300. Antes da guerra, segundo o anu\u00e1rio Balan\u00e7o Militar, do IISS, Kiev tinha 987 tanques, a maioria modelos sovi\u00e9ticos T-64 com graus diversos de moderniza\u00e7\u00e3o. Ap\u00f3s o in\u00edcio do conflito, recebeu 230 T-72 sovi\u00e9ticos da vizinha Pol\u00f4nia, o mais beligerante membro do Leste Europeu da Otan. At\u00e9 quinta (19), havia perdido 449 tanques na guerra, segundo o site de monitoramento Oryx.<\/p>\n<p>O foco dos ucranianos \u00e9 segurar o avan\u00e7o russo no leste do pa\u00eds, que tem sido lento, mas constante. Nesta sexta, Moscou anunciou ter capturado Klischiivka, cidadezinha vizinha de Bakhmut, centro da ofensiva na regi\u00e3o de Donetsk -a menos controlada pelos russos das quatro que Vladimir Putin anexou ilegalmente em setembro.<\/p>\n<p>A rea\u00e7\u00e3o russa \u00e0 reuni\u00e3o alem\u00e3 foi previs\u00edvel. Ap\u00f3s uma reuni\u00e3o do Conselho de Seguran\u00e7a liderado por Putin, o Kremlin disse que o eventual envio de tanques &#8220;n\u00e3o ir\u00e1 mudar nada fundamentalmente&#8221;.<\/p>\n<p>Not\u00edcias ao minuto<br \/>\nFoto Getty Images<\/p>\n","protected":false},"excerpt":{"rendered":"<p>Os pa\u00edses que apoiam o esfor\u00e7o de guerra da Ucr\u00e2nia contra a invas\u00e3o russa, liderados pela Otan (alian\u00e7a militar do<\/p>\n","protected":false},"author":1,"featured_media":3419,"comment_status":"open","ping_status":"open","sticky":false,"template":"","format":"standard","meta":{"colormag_page_container_layout":"default_layout","colormag_page_sidebar_layout":"default_layout","_FSMCFIC_featured_image_caption":"","_FSMCFIC_featured_image_nocaption":"","_FSMCFIC_featured_image_hide":"","footnotes":""},"categories":[6,1],"tags":[],"class_list":["post-3418","post","type-post","status-publish","format-standard","has-post-thumbnail","hentry","category-mundo","category-ultimas"],"yoast_head":"<!-- This site is optimized with the Yoast SEO plugin v27.1.1 - https:\/\/yoast.com\/product\/yoast-seo-wordpress\/ -->\n<title>Aliados n\u00e3o se acertam, e Ucr\u00e2nia segue sem tanques alem\u00e3es contra a R\u00fassia - Brasil not\u00edcias<\/title>\n<meta name=\"robots\" content=\"index, follow, max-snippet:-1, max-image-preview:large, max-video-preview:-1\" \/>\n<link rel=\"canonical\" href=\"https:\/\/brasilnoticias.org\/site\/aliados-nao-se-acertam-e-ucrania-segue-sem-tanques-alemaes-contra-a-russia\/\" \/>\n<meta property=\"og:locale\" content=\"pt_PT\" \/>\n<meta property=\"og:type\" content=\"article\" \/>\n<meta property=\"og:title\" content=\"Aliados n\u00e3o se acertam, e Ucr\u00e2nia segue sem tanques alem\u00e3es contra a R\u00fassia - Brasil not\u00edcias\" \/>\n<meta property=\"og:description\" content=\"Os pa\u00edses que apoiam o esfor\u00e7o de guerra da Ucr\u00e2nia contra a invas\u00e3o russa, liderados pela Otan (alian\u00e7a militar do\" \/>\n<meta property=\"og:url\" content=\"https:\/\/brasilnoticias.org\/site\/aliados-nao-se-acertam-e-ucrania-segue-sem-tanques-alemaes-contra-a-russia\/\" \/>\n<meta property=\"og:site_name\" content=\"Brasil not\u00edcias\" \/>\n<meta property=\"article:published_time\" content=\"2023-01-21T21:10:13+00:00\" \/>\n<meta property=\"og:image\" content=\"https:\/\/brasilnoticias.org\/site\/wp-content\/uploads\/2023\/01\/naom_621a3dc5072e1.jpg\" \/>\n\t<meta property=\"og:image:width\" content=\"960\" \/>\n\t<meta property=\"og:image:height\" content=\"540\" \/>\n\t<meta property=\"og:image:type\" content=\"image\/jpeg\" \/>\n<meta name=\"author\" content=\"Reda\u00e7\u00e3o\" \/>\n<meta name=\"twitter:card\" content=\"summary_large_image\" \/>\n<meta name=\"twitter:label1\" content=\"Escrito por\" \/>\n\t<meta name=\"twitter:data1\" content=\"Reda\u00e7\u00e3o\" \/>\n\t<meta name=\"twitter:label2\" content=\"Tempo estimado de leitura\" \/>\n\t<meta name=\"twitter:data2\" content=\"5 minutos\" \/>\n<script type=\"application\/ld+json\" class=\"yoast-schema-graph\">{\"@context\":\"https:\/\/schema.org\",\"@graph\":[{\"@type\":\"Article\",\"@id\":\"https:\/\/brasilnoticias.org\/site\/aliados-nao-se-acertam-e-ucrania-segue-sem-tanques-alemaes-contra-a-russia\/#article\",\"isPartOf\":{\"@id\":\"https:\/\/brasilnoticias.org\/site\/aliados-nao-se-acertam-e-ucrania-segue-sem-tanques-alemaes-contra-a-russia\/\"},\"author\":{\"name\":\"Reda\u00e7\u00e3o\",\"@id\":\"https:\/\/brasilnoticias.org\/site\/#\/schema\/person\/a0e05b973ec4d15c658d51911e53507b\"},\"headline\":\"Aliados n\u00e3o se acertam, e Ucr\u00e2nia segue sem tanques alem\u00e3es contra a R\u00fassia\",\"datePublished\":\"2023-01-21T21:10:13+00:00\",\"mainEntityOfPage\":{\"@id\":\"https:\/\/brasilnoticias.org\/site\/aliados-nao-se-acertam-e-ucrania-segue-sem-tanques-alemaes-contra-a-russia\/\"},\"wordCount\":1073,\"commentCount\":0,\"publisher\":{\"@id\":\"https:\/\/brasilnoticias.org\/site\/#organization\"},\"image\":{\"@id\":\"https:\/\/brasilnoticias.org\/site\/aliados-nao-se-acertam-e-ucrania-segue-sem-tanques-alemaes-contra-a-russia\/#primaryimage\"},\"thumbnailUrl\":\"https:\/\/brasilnoticias.org\/site\/wp-content\/uploads\/2023\/01\/naom_621a3dc5072e1.jpg\",\"articleSection\":[\"Mundo\",\"\u00daltimas\"],\"inLanguage\":\"pt-PT\",\"potentialAction\":[{\"@type\":\"CommentAction\",\"name\":\"Comment\",\"target\":[\"https:\/\/brasilnoticias.org\/site\/aliados-nao-se-acertam-e-ucrania-segue-sem-tanques-alemaes-contra-a-russia\/#respond\"]}]},{\"@type\":\"WebPage\",\"@id\":\"https:\/\/brasilnoticias.org\/site\/aliados-nao-se-acertam-e-ucrania-segue-sem-tanques-alemaes-contra-a-russia\/\",\"url\":\"https:\/\/brasilnoticias.org\/site\/aliados-nao-se-acertam-e-ucrania-segue-sem-tanques-alemaes-contra-a-russia\/\",\"name\":\"Aliados n\u00e3o se acertam, e Ucr\u00e2nia segue sem tanques alem\u00e3es contra a R\u00fassia - Brasil not\u00edcias\",\"isPartOf\":{\"@id\":\"https:\/\/brasilnoticias.org\/site\/#website\"},\"primaryImageOfPage\":{\"@id\":\"https:\/\/brasilnoticias.org\/site\/aliados-nao-se-acertam-e-ucrania-segue-sem-tanques-alemaes-contra-a-russia\/#primaryimage\"},\"image\":{\"@id\":\"https:\/\/brasilnoticias.org\/site\/aliados-nao-se-acertam-e-ucrania-segue-sem-tanques-alemaes-contra-a-russia\/#primaryimage\"},\"thumbnailUrl\":\"https:\/\/brasilnoticias.org\/site\/wp-content\/uploads\/2023\/01\/naom_621a3dc5072e1.jpg\",\"datePublished\":\"2023-01-21T21:10:13+00:00\",\"breadcrumb\":{\"@id\":\"https:\/\/brasilnoticias.org\/site\/aliados-nao-se-acertam-e-ucrania-segue-sem-tanques-alemaes-contra-a-russia\/#breadcrumb\"},\"inLanguage\":\"pt-PT\",\"potentialAction\":[{\"@type\":\"ReadAction\",\"target\":[\"https:\/\/brasilnoticias.org\/site\/aliados-nao-se-acertam-e-ucrania-segue-sem-tanques-alemaes-contra-a-russia\/\"]}]},{\"@type\":\"ImageObject\",\"inLanguage\":\"pt-PT\",\"@id\":\"https:\/\/brasilnoticias.org\/site\/aliados-nao-se-acertam-e-ucrania-segue-sem-tanques-alemaes-contra-a-russia\/#primaryimage\",\"url\":\"https:\/\/brasilnoticias.org\/site\/wp-content\/uploads\/2023\/01\/naom_621a3dc5072e1.jpg\",\"contentUrl\":\"https:\/\/brasilnoticias.org\/site\/wp-content\/uploads\/2023\/01\/naom_621a3dc5072e1.jpg\",\"width\":960,\"height\":540},{\"@type\":\"BreadcrumbList\",\"@id\":\"https:\/\/brasilnoticias.org\/site\/aliados-nao-se-acertam-e-ucrania-segue-sem-tanques-alemaes-contra-a-russia\/#breadcrumb\",\"itemListElement\":[{\"@type\":\"ListItem\",\"position\":1,\"name\":\"In\u00edcio\",\"item\":\"https:\/\/brasilnoticias.org\/site\/\"},{\"@type\":\"ListItem\",\"position\":2,\"name\":\"Aliados n\u00e3o se acertam, e Ucr\u00e2nia segue sem tanques alem\u00e3es contra a R\u00fassia\"}]},{\"@type\":\"WebSite\",\"@id\":\"https:\/\/brasilnoticias.org\/site\/#website\",\"url\":\"https:\/\/brasilnoticias.org\/site\/\",\"name\":\"Brasil not\u00edcias\",\"description\":\"Brasil not\u00edcias\",\"publisher\":{\"@id\":\"https:\/\/brasilnoticias.org\/site\/#organization\"},\"potentialAction\":[{\"@type\":\"SearchAction\",\"target\":{\"@type\":\"EntryPoint\",\"urlTemplate\":\"https:\/\/brasilnoticias.org\/site\/?s={search_term_string}\"},\"query-input\":{\"@type\":\"PropertyValueSpecification\",\"valueRequired\":true,\"valueName\":\"search_term_string\"}}],\"inLanguage\":\"pt-PT\"},{\"@type\":\"Organization\",\"@id\":\"https:\/\/brasilnoticias.org\/site\/#organization\",\"name\":\"Brasil not\u00edcias\",\"url\":\"https:\/\/brasilnoticias.org\/site\/\",\"logo\":{\"@type\":\"ImageObject\",\"inLanguage\":\"pt-PT\",\"@id\":\"https:\/\/brasilnoticias.org\/site\/#\/schema\/logo\/image\/\",\"url\":\"https:\/\/brasilnoticias.org\/site\/wp-content\/uploads\/2022\/05\/cropped-brasilnoticias-mini.jpg\",\"contentUrl\":\"https:\/\/brasilnoticias.org\/site\/wp-content\/uploads\/2022\/05\/cropped-brasilnoticias-mini.jpg\",\"width\":314,\"height\":86,\"caption\":\"Brasil not\u00edcias\"},\"image\":{\"@id\":\"https:\/\/brasilnoticias.org\/site\/#\/schema\/logo\/image\/\"}},{\"@type\":\"Person\",\"@id\":\"https:\/\/brasilnoticias.org\/site\/#\/schema\/person\/a0e05b973ec4d15c658d51911e53507b\",\"name\":\"Reda\u00e7\u00e3o\",\"image\":{\"@type\":\"ImageObject\",\"inLanguage\":\"pt-PT\",\"@id\":\"https:\/\/brasilnoticias.org\/site\/#\/schema\/person\/image\/\",\"url\":\"https:\/\/secure.gravatar.com\/avatar\/75d8b050df2de108b08ae78dfb8e374892df24a383c67db9c46a9c604f6aee9c?s=96&d=mm&r=g\",\"contentUrl\":\"https:\/\/secure.gravatar.com\/avatar\/75d8b050df2de108b08ae78dfb8e374892df24a383c67db9c46a9c604f6aee9c?s=96&d=mm&r=g\",\"caption\":\"Reda\u00e7\u00e3o\"},\"sameAs\":[\"https:\/\/brasilnoticias.org\/site\"],\"url\":\"https:\/\/brasilnoticias.org\/site\/author\/fernandozsngmail-com\/\"}]}<\/script>\n<!-- \/ Yoast SEO plugin. -->","yoast_head_json":{"title":"Aliados n\u00e3o se acertam, e Ucr\u00e2nia segue sem tanques alem\u00e3es contra a R\u00fassia - Brasil not\u00edcias","robots":{"index":"index","follow":"follow","max-snippet":"max-snippet:-1","max-image-preview":"max-image-preview:large","max-video-preview":"max-video-preview:-1"},"canonical":"https:\/\/brasilnoticias.org\/site\/aliados-nao-se-acertam-e-ucrania-segue-sem-tanques-alemaes-contra-a-russia\/","og_locale":"pt_PT","og_type":"article","og_title":"Aliados n\u00e3o se acertam, e Ucr\u00e2nia segue sem tanques alem\u00e3es contra a R\u00fassia - Brasil not\u00edcias","og_description":"Os pa\u00edses que apoiam o esfor\u00e7o de guerra da Ucr\u00e2nia contra a invas\u00e3o russa, liderados pela Otan (alian\u00e7a militar do","og_url":"https:\/\/brasilnoticias.org\/site\/aliados-nao-se-acertam-e-ucrania-segue-sem-tanques-alemaes-contra-a-russia\/","og_site_name":"Brasil not\u00edcias","article_published_time":"2023-01-21T21:10:13+00:00","og_image":[{"width":960,"height":540,"url":"https:\/\/brasilnoticias.org\/site\/wp-content\/uploads\/2023\/01\/naom_621a3dc5072e1.jpg","type":"image\/jpeg"}],"author":"Reda\u00e7\u00e3o","twitter_card":"summary_large_image","twitter_misc":{"Escrito por":"Reda\u00e7\u00e3o","Tempo estimado de leitura":"5 minutos"},"schema":{"@context":"https:\/\/schema.org","@graph":[{"@type":"Article","@id":"https:\/\/brasilnoticias.org\/site\/aliados-nao-se-acertam-e-ucrania-segue-sem-tanques-alemaes-contra-a-russia\/#article","isPartOf":{"@id":"https:\/\/brasilnoticias.org\/site\/aliados-nao-se-acertam-e-ucrania-segue-sem-tanques-alemaes-contra-a-russia\/"},"author":{"name":"Reda\u00e7\u00e3o","@id":"https:\/\/brasilnoticias.org\/site\/#\/schema\/person\/a0e05b973ec4d15c658d51911e53507b"},"headline":"Aliados n\u00e3o se acertam, e Ucr\u00e2nia segue sem tanques alem\u00e3es contra a R\u00fassia","datePublished":"2023-01-21T21:10:13+00:00","mainEntityOfPage":{"@id":"https:\/\/brasilnoticias.org\/site\/aliados-nao-se-acertam-e-ucrania-segue-sem-tanques-alemaes-contra-a-russia\/"},"wordCount":1073,"commentCount":0,"publisher":{"@id":"https:\/\/brasilnoticias.org\/site\/#organization"},"image":{"@id":"https:\/\/brasilnoticias.org\/site\/aliados-nao-se-acertam-e-ucrania-segue-sem-tanques-alemaes-contra-a-russia\/#primaryimage"},"thumbnailUrl":"https:\/\/brasilnoticias.org\/site\/wp-content\/uploads\/2023\/01\/naom_621a3dc5072e1.jpg","articleSection":["Mundo","\u00daltimas"],"inLanguage":"pt-PT","potentialAction":[{"@type":"CommentAction","name":"Comment","target":["https:\/\/brasilnoticias.org\/site\/aliados-nao-se-acertam-e-ucrania-segue-sem-tanques-alemaes-contra-a-russia\/#respond"]}]},{"@type":"WebPage","@id":"https:\/\/brasilnoticias.org\/site\/aliados-nao-se-acertam-e-ucrania-segue-sem-tanques-alemaes-contra-a-russia\/","url":"https:\/\/brasilnoticias.org\/site\/aliados-nao-se-acertam-e-ucrania-segue-sem-tanques-alemaes-contra-a-russia\/","name":"Aliados n\u00e3o se acertam, e Ucr\u00e2nia segue sem tanques alem\u00e3es contra a R\u00fassia - Brasil not\u00edcias","isPartOf":{"@id":"https:\/\/brasilnoticias.org\/site\/#website"},"primaryImageOfPage":{"@id":"https:\/\/brasilnoticias.org\/site\/aliados-nao-se-acertam-e-ucrania-segue-sem-tanques-alemaes-contra-a-russia\/#primaryimage"},"image":{"@id":"https:\/\/brasilnoticias.org\/site\/aliados-nao-se-acertam-e-ucrania-segue-sem-tanques-alemaes-contra-a-russia\/#primaryimage"},"thumbnailUrl":"https:\/\/brasilnoticias.org\/site\/wp-content\/uploads\/2023\/01\/naom_621a3dc5072e1.jpg","datePublished":"2023-01-21T21:10:13+00:00","breadcrumb":{"@id":"https:\/\/brasilnoticias.org\/site\/aliados-nao-se-acertam-e-ucrania-segue-sem-tanques-alemaes-contra-a-russia\/#breadcrumb"},"inLanguage":"pt-PT","potentialAction":[{"@type":"ReadAction","target":["https:\/\/brasilnoticias.org\/site\/aliados-nao-se-acertam-e-ucrania-segue-sem-tanques-alemaes-contra-a-russia\/"]}]},{"@type":"ImageObject","inLanguage":"pt-PT","@id":"https:\/\/brasilnoticias.org\/site\/aliados-nao-se-acertam-e-ucrania-segue-sem-tanques-alemaes-contra-a-russia\/#primaryimage","url":"https:\/\/brasilnoticias.org\/site\/wp-content\/uploads\/2023\/01\/naom_621a3dc5072e1.jpg","contentUrl":"https:\/\/brasilnoticias.org\/site\/wp-content\/uploads\/2023\/01\/naom_621a3dc5072e1.jpg","width":960,"height":540},{"@type":"BreadcrumbList","@id":"https:\/\/brasilnoticias.org\/site\/aliados-nao-se-acertam-e-ucrania-segue-sem-tanques-alemaes-contra-a-russia\/#breadcrumb","itemListElement":[{"@type":"ListItem","position":1,"name":"In\u00edcio","item":"https:\/\/brasilnoticias.org\/site\/"},{"@type":"ListItem","position":2,"name":"Aliados n\u00e3o se acertam, e Ucr\u00e2nia segue sem tanques alem\u00e3es contra a R\u00fassia"}]},{"@type":"WebSite","@id":"https:\/\/brasilnoticias.org\/site\/#website","url":"https:\/\/brasilnoticias.org\/site\/","name":"Brasil not\u00edcias","description":"Brasil not\u00edcias","publisher":{"@id":"https:\/\/brasilnoticias.org\/site\/#organization"},"potentialAction":[{"@type":"SearchAction","target":{"@type":"EntryPoint","urlTemplate":"https:\/\/brasilnoticias.org\/site\/?s={search_term_string}"},"query-input":{"@type":"PropertyValueSpecification","valueRequired":true,"valueName":"search_term_string"}}],"inLanguage":"pt-PT"},{"@type":"Organization","@id":"https:\/\/brasilnoticias.org\/site\/#organization","name":"Brasil not\u00edcias","url":"https:\/\/brasilnoticias.org\/site\/","logo":{"@type":"ImageObject","inLanguage":"pt-PT","@id":"https:\/\/brasilnoticias.org\/site\/#\/schema\/logo\/image\/","url":"https:\/\/brasilnoticias.org\/site\/wp-content\/uploads\/2022\/05\/cropped-brasilnoticias-mini.jpg","contentUrl":"https:\/\/brasilnoticias.org\/site\/wp-content\/uploads\/2022\/05\/cropped-brasilnoticias-mini.jpg","width":314,"height":86,"caption":"Brasil not\u00edcias"},"image":{"@id":"https:\/\/brasilnoticias.org\/site\/#\/schema\/logo\/image\/"}},{"@type":"Person","@id":"https:\/\/brasilnoticias.org\/site\/#\/schema\/person\/a0e05b973ec4d15c658d51911e53507b","name":"Reda\u00e7\u00e3o","image":{"@type":"ImageObject","inLanguage":"pt-PT","@id":"https:\/\/brasilnoticias.org\/site\/#\/schema\/person\/image\/","url":"https:\/\/secure.gravatar.com\/avatar\/75d8b050df2de108b08ae78dfb8e374892df24a383c67db9c46a9c604f6aee9c?s=96&d=mm&r=g","contentUrl":"https:\/\/secure.gravatar.com\/avatar\/75d8b050df2de108b08ae78dfb8e374892df24a383c67db9c46a9c604f6aee9c?s=96&d=mm&r=g","caption":"Reda\u00e7\u00e3o"},"sameAs":["https:\/\/brasilnoticias.org\/site"],"url":"https:\/\/brasilnoticias.org\/site\/author\/fernandozsngmail-com\/"}]}},"_links":{"self":[{"href":"https:\/\/brasilnoticias.org\/site\/wp-json\/wp\/v2\/posts\/3418","targetHints":{"allow":["GET"]}}],"collection":[{"href":"https:\/\/brasilnoticias.org\/site\/wp-json\/wp\/v2\/posts"}],"about":[{"href":"https:\/\/brasilnoticias.org\/site\/wp-json\/wp\/v2\/types\/post"}],"author":[{"embeddable":true,"href":"https:\/\/brasilnoticias.org\/site\/wp-json\/wp\/v2\/users\/1"}],"replies":[{"embeddable":true,"href":"https:\/\/brasilnoticias.org\/site\/wp-json\/wp\/v2\/comments?post=3418"}],"version-history":[{"count":1,"href":"https:\/\/brasilnoticias.org\/site\/wp-json\/wp\/v2\/posts\/3418\/revisions"}],"predecessor-version":[{"id":3420,"href":"https:\/\/brasilnoticias.org\/site\/wp-json\/wp\/v2\/posts\/3418\/revisions\/3420"}],"wp:featuredmedia":[{"embeddable":true,"href":"https:\/\/brasilnoticias.org\/site\/wp-json\/wp\/v2\/media\/3419"}],"wp:attachment":[{"href":"https:\/\/brasilnoticias.org\/site\/wp-json\/wp\/v2\/media?parent=3418"}],"wp:term":[{"taxonomy":"category","embeddable":true,"href":"https:\/\/brasilnoticias.org\/site\/wp-json\/wp\/v2\/categories?post=3418"},{"taxonomy":"post_tag","embeddable":true,"href":"https:\/\/brasilnoticias.org\/site\/wp-json\/wp\/v2\/tags?post=3418"}],"curies":[{"name":"wp","href":"https:\/\/api.w.org\/{rel}","templated":true}]}}