{"id":3421,"date":"2023-01-21T18:20:49","date_gmt":"2023-01-21T21:20:49","guid":{"rendered":"https:\/\/brasilnoticias.org\/site\/?p=3421"},"modified":"2023-01-21T09:33:48","modified_gmt":"2023-01-21T12:33:48","slug":"oms-elogia-china-por-vacinacao-contra-covid-e-indica-mudanca-de-tom","status":"publish","type":"post","link":"https:\/\/brasilnoticias.org\/site\/oms-elogia-china-por-vacinacao-contra-covid-e-indica-mudanca-de-tom\/","title":{"rendered":"OMS elogia China por vacina\u00e7\u00e3o contra Covid e indica mudan\u00e7a de tom"},"content":{"rendered":"<p>A diretora de imuniza\u00e7\u00e3o da Organiza\u00e7\u00e3o Mundial da Sa\u00fade (OMS), Kate O&#8217;Brien, elogiou a China nesta sexta-feira (20) pelo que chamou de &#8220;enorme progresso e esfor\u00e7o&#8221; na campanha de vacina\u00e7\u00e3o contra a Covid-19 em idosos, tradicionalmente a fatia da popula\u00e7\u00e3o mais vulner\u00e1vel a casos graves da doen\u00e7a.<\/p>\n<p>Segundo a diretora, Pequim caminha para chegar a todos os idosos com doses prim\u00e1rias e de refor\u00e7o, ainda que esbarre em dificuldades na comunica\u00e7\u00e3o. Isso porque parte da popula\u00e7\u00e3o-alvo na China acha dif\u00edcil entender as mudan\u00e7as na pol\u00edtica de enfrentamento e hesita em procurar o imunizante.<\/p>\n<p>Ainda que com as ressalvas, a fala de O&#8217;Brien muda o tom das declara\u00e7\u00f5es da OMS sobre a Covid na China nos \u00faltimos meses. Na primeira semana de 2023, uma comiss\u00e3o de especialistas da entidade foi a Pequim e se reuniu a portas fechadas com cientistas chineses.<\/p>\n<p>As conclus\u00f5es apresentadas foram de que n\u00e3o havia sido identificada nenhuma nova variante do coronav\u00edrus -como temiam os pa\u00edses que vinham impondo san\u00e7\u00f5es contra viajantes chineses-, mas que a China estaria deixando de mostrar o impacto real da nova crise sanit\u00e1ria que se configurou ap\u00f3s o fim das restri\u00e7\u00f5es da Covid zero.<\/p>\n<p>Depois de cobrar mais transpar\u00eancia de Pequim, a OMS disse ter recebido dados que, na pr\u00e1tica, confirmavam a tese de subnotifica\u00e7\u00e3o. Os n\u00fameros indicavam, por exemplo, uma varia\u00e7\u00e3o de 7.100% entre o total de mortes confirmadas oficialmente pela China e o apontado pelo levantamento da OMS.<\/p>\n<p>A discrep\u00e2ncia passava, segundo a dire\u00e7\u00e3o da entidade, pela &#8220;defini\u00e7\u00e3o muito estrita&#8221; de morte por Covid usada pelas autoridades chinesas -que atribu\u00edam ao coronav\u00edrus apenas os \u00f3bitos em que havia necessariamente um quadro de insufici\u00eancia respirat\u00f3ria.<\/p>\n<p>Entre as cr\u00edticas e o elogio, a China reabriu suas fronteiras, movimento que traz otimismo para a retomada da economia, mas, ao mesmo tempo, aumenta o temor acerca da alta circula\u00e7\u00e3o do v\u00edrus no pa\u00eds. Soma-se a essa preocupa\u00e7\u00e3o os feriados do Ano-Novo Chin\u00eas, marcado pelo deslocamento de milh\u00f5es de pessoas dos grandes centros urbanos para as \u00e1reas rurais, consideradas mais vulner\u00e1veis \u00e0 crise.<\/p>\n<p>Outra mudan\u00e7a importante nesse per\u00edodo foi a admiss\u00e3o por parte da China de quase 60 mil mortes por Covid em pouco mais de um m\u00eas a partir do fim das restri\u00e7\u00f5es mais severas. O n\u00famero dez vezes maior do que a cifra oficial registrada at\u00e9 ent\u00e3o indicou uma nova mudan\u00e7a no conceito chin\u00eas de morte por coronav\u00edrus, uma vez que o diagn\u00f3stico de Covid se estendeu a uma gama mais ampla de pacientes. Ainda assim, estima-se que o total de mortes permane\u00e7a subnotificado.<\/p>\n<p>&nbsp;<\/p>\n<p>Foto Getty Images<br \/>\nNot\u00edcia ao minuto<\/p>\n<p>&nbsp;<\/p>\n","protected":false},"excerpt":{"rendered":"<p>A diretora de imuniza\u00e7\u00e3o da Organiza\u00e7\u00e3o Mundial da Sa\u00fade (OMS), Kate O&#8217;Brien, elogiou a China nesta sexta-feira (20) pelo que<\/p>\n","protected":false},"author":1,"featured_media":3422,"comment_status":"open","ping_status":"open","sticky":false,"template":"","format":"standard","meta":{"colormag_page_container_layout":"default_layout","colormag_page_sidebar_layout":"default_layout","_FSMCFIC_featured_image_caption":"","_FSMCFIC_featured_image_nocaption":"","_FSMCFIC_featured_image_hide":"","footnotes":""},"categories":[6,1],"tags":[],"class_list":["post-3421","post","type-post","status-publish","format-standard","has-post-thumbnail","hentry","category-mundo","category-ultimas"],"yoast_head":"<!-- This site is optimized with the Yoast SEO plugin v27.1.1 - https:\/\/yoast.com\/product\/yoast-seo-wordpress\/ -->\n<title>OMS elogia China por vacina\u00e7\u00e3o contra Covid e indica mudan\u00e7a de tom - Brasil not\u00edcias<\/title>\n<meta name=\"robots\" content=\"index, follow, max-snippet:-1, max-image-preview:large, max-video-preview:-1\" \/>\n<link rel=\"canonical\" href=\"https:\/\/brasilnoticias.org\/site\/oms-elogia-china-por-vacinacao-contra-covid-e-indica-mudanca-de-tom\/\" \/>\n<meta property=\"og:locale\" content=\"pt_PT\" \/>\n<meta property=\"og:type\" content=\"article\" \/>\n<meta property=\"og:title\" content=\"OMS elogia China por vacina\u00e7\u00e3o contra Covid e indica mudan\u00e7a de tom - Brasil not\u00edcias\" \/>\n<meta property=\"og:description\" content=\"A diretora de imuniza\u00e7\u00e3o da Organiza\u00e7\u00e3o Mundial da Sa\u00fade (OMS), Kate O&#8217;Brien, elogiou a China nesta sexta-feira (20) pelo que\" \/>\n<meta property=\"og:url\" content=\"https:\/\/brasilnoticias.org\/site\/oms-elogia-china-por-vacinacao-contra-covid-e-indica-mudanca-de-tom\/\" \/>\n<meta property=\"og:site_name\" content=\"Brasil not\u00edcias\" \/>\n<meta property=\"article:published_time\" content=\"2023-01-21T21:20:49+00:00\" \/>\n<meta property=\"og:image\" content=\"https:\/\/brasilnoticias.org\/site\/wp-content\/uploads\/2023\/01\/naom_6176a788c66fd-1.jpg\" \/>\n\t<meta property=\"og:image:width\" content=\"960\" \/>\n\t<meta property=\"og:image:height\" content=\"540\" \/>\n\t<meta property=\"og:image:type\" content=\"image\/jpeg\" \/>\n<meta name=\"author\" content=\"Reda\u00e7\u00e3o\" \/>\n<meta name=\"twitter:card\" content=\"summary_large_image\" \/>\n<meta name=\"twitter:label1\" content=\"Escrito por\" \/>\n\t<meta name=\"twitter:data1\" content=\"Reda\u00e7\u00e3o\" \/>\n\t<meta name=\"twitter:label2\" content=\"Tempo estimado de leitura\" \/>\n\t<meta name=\"twitter:data2\" content=\"2 minutos\" \/>\n<script type=\"application\/ld+json\" class=\"yoast-schema-graph\">{\"@context\":\"https:\/\/schema.org\",\"@graph\":[{\"@type\":\"Article\",\"@id\":\"https:\/\/brasilnoticias.org\/site\/oms-elogia-china-por-vacinacao-contra-covid-e-indica-mudanca-de-tom\/#article\",\"isPartOf\":{\"@id\":\"https:\/\/brasilnoticias.org\/site\/oms-elogia-china-por-vacinacao-contra-covid-e-indica-mudanca-de-tom\/\"},\"author\":{\"name\":\"Reda\u00e7\u00e3o\",\"@id\":\"https:\/\/brasilnoticias.org\/site\/#\/schema\/person\/a0e05b973ec4d15c658d51911e53507b\"},\"headline\":\"OMS elogia China por vacina\u00e7\u00e3o contra Covid e indica mudan\u00e7a de tom\",\"datePublished\":\"2023-01-21T21:20:49+00:00\",\"mainEntityOfPage\":{\"@id\":\"https:\/\/brasilnoticias.org\/site\/oms-elogia-china-por-vacinacao-contra-covid-e-indica-mudanca-de-tom\/\"},\"wordCount\":496,\"commentCount\":0,\"publisher\":{\"@id\":\"https:\/\/brasilnoticias.org\/site\/#organization\"},\"image\":{\"@id\":\"https:\/\/brasilnoticias.org\/site\/oms-elogia-china-por-vacinacao-contra-covid-e-indica-mudanca-de-tom\/#primaryimage\"},\"thumbnailUrl\":\"https:\/\/brasilnoticias.org\/site\/wp-content\/uploads\/2023\/01\/naom_6176a788c66fd-1.jpg\",\"articleSection\":[\"Mundo\",\"\u00daltimas\"],\"inLanguage\":\"pt-PT\",\"potentialAction\":[{\"@type\":\"CommentAction\",\"name\":\"Comment\",\"target\":[\"https:\/\/brasilnoticias.org\/site\/oms-elogia-china-por-vacinacao-contra-covid-e-indica-mudanca-de-tom\/#respond\"]}]},{\"@type\":\"WebPage\",\"@id\":\"https:\/\/brasilnoticias.org\/site\/oms-elogia-china-por-vacinacao-contra-covid-e-indica-mudanca-de-tom\/\",\"url\":\"https:\/\/brasilnoticias.org\/site\/oms-elogia-china-por-vacinacao-contra-covid-e-indica-mudanca-de-tom\/\",\"name\":\"OMS elogia China por vacina\u00e7\u00e3o contra Covid e indica mudan\u00e7a de tom - Brasil not\u00edcias\",\"isPartOf\":{\"@id\":\"https:\/\/brasilnoticias.org\/site\/#website\"},\"primaryImageOfPage\":{\"@id\":\"https:\/\/brasilnoticias.org\/site\/oms-elogia-china-por-vacinacao-contra-covid-e-indica-mudanca-de-tom\/#primaryimage\"},\"image\":{\"@id\":\"https:\/\/brasilnoticias.org\/site\/oms-elogia-china-por-vacinacao-contra-covid-e-indica-mudanca-de-tom\/#primaryimage\"},\"thumbnailUrl\":\"https:\/\/brasilnoticias.org\/site\/wp-content\/uploads\/2023\/01\/naom_6176a788c66fd-1.jpg\",\"datePublished\":\"2023-01-21T21:20:49+00:00\",\"breadcrumb\":{\"@id\":\"https:\/\/brasilnoticias.org\/site\/oms-elogia-china-por-vacinacao-contra-covid-e-indica-mudanca-de-tom\/#breadcrumb\"},\"inLanguage\":\"pt-PT\",\"potentialAction\":[{\"@type\":\"ReadAction\",\"target\":[\"https:\/\/brasilnoticias.org\/site\/oms-elogia-china-por-vacinacao-contra-covid-e-indica-mudanca-de-tom\/\"]}]},{\"@type\":\"ImageObject\",\"inLanguage\":\"pt-PT\",\"@id\":\"https:\/\/brasilnoticias.org\/site\/oms-elogia-china-por-vacinacao-contra-covid-e-indica-mudanca-de-tom\/#primaryimage\",\"url\":\"https:\/\/brasilnoticias.org\/site\/wp-content\/uploads\/2023\/01\/naom_6176a788c66fd-1.jpg\",\"contentUrl\":\"https:\/\/brasilnoticias.org\/site\/wp-content\/uploads\/2023\/01\/naom_6176a788c66fd-1.jpg\",\"width\":960,\"height\":540},{\"@type\":\"BreadcrumbList\",\"@id\":\"https:\/\/brasilnoticias.org\/site\/oms-elogia-china-por-vacinacao-contra-covid-e-indica-mudanca-de-tom\/#breadcrumb\",\"itemListElement\":[{\"@type\":\"ListItem\",\"position\":1,\"name\":\"In\u00edcio\",\"item\":\"https:\/\/brasilnoticias.org\/site\/\"},{\"@type\":\"ListItem\",\"position\":2,\"name\":\"OMS elogia China por vacina\u00e7\u00e3o contra Covid e indica mudan\u00e7a de tom\"}]},{\"@type\":\"WebSite\",\"@id\":\"https:\/\/brasilnoticias.org\/site\/#website\",\"url\":\"https:\/\/brasilnoticias.org\/site\/\",\"name\":\"Brasil not\u00edcias\",\"description\":\"Brasil not\u00edcias\",\"publisher\":{\"@id\":\"https:\/\/brasilnoticias.org\/site\/#organization\"},\"potentialAction\":[{\"@type\":\"SearchAction\",\"target\":{\"@type\":\"EntryPoint\",\"urlTemplate\":\"https:\/\/brasilnoticias.org\/site\/?s={search_term_string}\"},\"query-input\":{\"@type\":\"PropertyValueSpecification\",\"valueRequired\":true,\"valueName\":\"search_term_string\"}}],\"inLanguage\":\"pt-PT\"},{\"@type\":\"Organization\",\"@id\":\"https:\/\/brasilnoticias.org\/site\/#organization\",\"name\":\"Brasil not\u00edcias\",\"url\":\"https:\/\/brasilnoticias.org\/site\/\",\"logo\":{\"@type\":\"ImageObject\",\"inLanguage\":\"pt-PT\",\"@id\":\"https:\/\/brasilnoticias.org\/site\/#\/schema\/logo\/image\/\",\"url\":\"https:\/\/brasilnoticias.org\/site\/wp-content\/uploads\/2022\/05\/cropped-brasilnoticias-mini.jpg\",\"contentUrl\":\"https:\/\/brasilnoticias.org\/site\/wp-content\/uploads\/2022\/05\/cropped-brasilnoticias-mini.jpg\",\"width\":314,\"height\":86,\"caption\":\"Brasil not\u00edcias\"},\"image\":{\"@id\":\"https:\/\/brasilnoticias.org\/site\/#\/schema\/logo\/image\/\"}},{\"@type\":\"Person\",\"@id\":\"https:\/\/brasilnoticias.org\/site\/#\/schema\/person\/a0e05b973ec4d15c658d51911e53507b\",\"name\":\"Reda\u00e7\u00e3o\",\"image\":{\"@type\":\"ImageObject\",\"inLanguage\":\"pt-PT\",\"@id\":\"https:\/\/brasilnoticias.org\/site\/#\/schema\/person\/image\/\",\"url\":\"https:\/\/secure.gravatar.com\/avatar\/75d8b050df2de108b08ae78dfb8e374892df24a383c67db9c46a9c604f6aee9c?s=96&d=mm&r=g\",\"contentUrl\":\"https:\/\/secure.gravatar.com\/avatar\/75d8b050df2de108b08ae78dfb8e374892df24a383c67db9c46a9c604f6aee9c?s=96&d=mm&r=g\",\"caption\":\"Reda\u00e7\u00e3o\"},\"sameAs\":[\"https:\/\/brasilnoticias.org\/site\"],\"url\":\"https:\/\/brasilnoticias.org\/site\/author\/fernandozsngmail-com\/\"}]}<\/script>\n<!-- \/ Yoast SEO plugin. -->","yoast_head_json":{"title":"OMS elogia China por vacina\u00e7\u00e3o contra Covid e indica mudan\u00e7a de tom - Brasil not\u00edcias","robots":{"index":"index","follow":"follow","max-snippet":"max-snippet:-1","max-image-preview":"max-image-preview:large","max-video-preview":"max-video-preview:-1"},"canonical":"https:\/\/brasilnoticias.org\/site\/oms-elogia-china-por-vacinacao-contra-covid-e-indica-mudanca-de-tom\/","og_locale":"pt_PT","og_type":"article","og_title":"OMS elogia China por vacina\u00e7\u00e3o contra Covid e indica mudan\u00e7a de tom - Brasil not\u00edcias","og_description":"A diretora de imuniza\u00e7\u00e3o da Organiza\u00e7\u00e3o Mundial da Sa\u00fade (OMS), Kate O&#8217;Brien, elogiou a China nesta sexta-feira (20) pelo que","og_url":"https:\/\/brasilnoticias.org\/site\/oms-elogia-china-por-vacinacao-contra-covid-e-indica-mudanca-de-tom\/","og_site_name":"Brasil not\u00edcias","article_published_time":"2023-01-21T21:20:49+00:00","og_image":[{"width":960,"height":540,"url":"https:\/\/brasilnoticias.org\/site\/wp-content\/uploads\/2023\/01\/naom_6176a788c66fd-1.jpg","type":"image\/jpeg"}],"author":"Reda\u00e7\u00e3o","twitter_card":"summary_large_image","twitter_misc":{"Escrito por":"Reda\u00e7\u00e3o","Tempo estimado de leitura":"2 minutos"},"schema":{"@context":"https:\/\/schema.org","@graph":[{"@type":"Article","@id":"https:\/\/brasilnoticias.org\/site\/oms-elogia-china-por-vacinacao-contra-covid-e-indica-mudanca-de-tom\/#article","isPartOf":{"@id":"https:\/\/brasilnoticias.org\/site\/oms-elogia-china-por-vacinacao-contra-covid-e-indica-mudanca-de-tom\/"},"author":{"name":"Reda\u00e7\u00e3o","@id":"https:\/\/brasilnoticias.org\/site\/#\/schema\/person\/a0e05b973ec4d15c658d51911e53507b"},"headline":"OMS elogia China por vacina\u00e7\u00e3o contra Covid e indica mudan\u00e7a de tom","datePublished":"2023-01-21T21:20:49+00:00","mainEntityOfPage":{"@id":"https:\/\/brasilnoticias.org\/site\/oms-elogia-china-por-vacinacao-contra-covid-e-indica-mudanca-de-tom\/"},"wordCount":496,"commentCount":0,"publisher":{"@id":"https:\/\/brasilnoticias.org\/site\/#organization"},"image":{"@id":"https:\/\/brasilnoticias.org\/site\/oms-elogia-china-por-vacinacao-contra-covid-e-indica-mudanca-de-tom\/#primaryimage"},"thumbnailUrl":"https:\/\/brasilnoticias.org\/site\/wp-content\/uploads\/2023\/01\/naom_6176a788c66fd-1.jpg","articleSection":["Mundo","\u00daltimas"],"inLanguage":"pt-PT","potentialAction":[{"@type":"CommentAction","name":"Comment","target":["https:\/\/brasilnoticias.org\/site\/oms-elogia-china-por-vacinacao-contra-covid-e-indica-mudanca-de-tom\/#respond"]}]},{"@type":"WebPage","@id":"https:\/\/brasilnoticias.org\/site\/oms-elogia-china-por-vacinacao-contra-covid-e-indica-mudanca-de-tom\/","url":"https:\/\/brasilnoticias.org\/site\/oms-elogia-china-por-vacinacao-contra-covid-e-indica-mudanca-de-tom\/","name":"OMS elogia China por vacina\u00e7\u00e3o contra Covid e indica mudan\u00e7a de tom - Brasil not\u00edcias","isPartOf":{"@id":"https:\/\/brasilnoticias.org\/site\/#website"},"primaryImageOfPage":{"@id":"https:\/\/brasilnoticias.org\/site\/oms-elogia-china-por-vacinacao-contra-covid-e-indica-mudanca-de-tom\/#primaryimage"},"image":{"@id":"https:\/\/brasilnoticias.org\/site\/oms-elogia-china-por-vacinacao-contra-covid-e-indica-mudanca-de-tom\/#primaryimage"},"thumbnailUrl":"https:\/\/brasilnoticias.org\/site\/wp-content\/uploads\/2023\/01\/naom_6176a788c66fd-1.jpg","datePublished":"2023-01-21T21:20:49+00:00","breadcrumb":{"@id":"https:\/\/brasilnoticias.org\/site\/oms-elogia-china-por-vacinacao-contra-covid-e-indica-mudanca-de-tom\/#breadcrumb"},"inLanguage":"pt-PT","potentialAction":[{"@type":"ReadAction","target":["https:\/\/brasilnoticias.org\/site\/oms-elogia-china-por-vacinacao-contra-covid-e-indica-mudanca-de-tom\/"]}]},{"@type":"ImageObject","inLanguage":"pt-PT","@id":"https:\/\/brasilnoticias.org\/site\/oms-elogia-china-por-vacinacao-contra-covid-e-indica-mudanca-de-tom\/#primaryimage","url":"https:\/\/brasilnoticias.org\/site\/wp-content\/uploads\/2023\/01\/naom_6176a788c66fd-1.jpg","contentUrl":"https:\/\/brasilnoticias.org\/site\/wp-content\/uploads\/2023\/01\/naom_6176a788c66fd-1.jpg","width":960,"height":540},{"@type":"BreadcrumbList","@id":"https:\/\/brasilnoticias.org\/site\/oms-elogia-china-por-vacinacao-contra-covid-e-indica-mudanca-de-tom\/#breadcrumb","itemListElement":[{"@type":"ListItem","position":1,"name":"In\u00edcio","item":"https:\/\/brasilnoticias.org\/site\/"},{"@type":"ListItem","position":2,"name":"OMS elogia China por vacina\u00e7\u00e3o contra Covid e indica mudan\u00e7a de tom"}]},{"@type":"WebSite","@id":"https:\/\/brasilnoticias.org\/site\/#website","url":"https:\/\/brasilnoticias.org\/site\/","name":"Brasil not\u00edcias","description":"Brasil not\u00edcias","publisher":{"@id":"https:\/\/brasilnoticias.org\/site\/#organization"},"potentialAction":[{"@type":"SearchAction","target":{"@type":"EntryPoint","urlTemplate":"https:\/\/brasilnoticias.org\/site\/?s={search_term_string}"},"query-input":{"@type":"PropertyValueSpecification","valueRequired":true,"valueName":"search_term_string"}}],"inLanguage":"pt-PT"},{"@type":"Organization","@id":"https:\/\/brasilnoticias.org\/site\/#organization","name":"Brasil not\u00edcias","url":"https:\/\/brasilnoticias.org\/site\/","logo":{"@type":"ImageObject","inLanguage":"pt-PT","@id":"https:\/\/brasilnoticias.org\/site\/#\/schema\/logo\/image\/","url":"https:\/\/brasilnoticias.org\/site\/wp-content\/uploads\/2022\/05\/cropped-brasilnoticias-mini.jpg","contentUrl":"https:\/\/brasilnoticias.org\/site\/wp-content\/uploads\/2022\/05\/cropped-brasilnoticias-mini.jpg","width":314,"height":86,"caption":"Brasil not\u00edcias"},"image":{"@id":"https:\/\/brasilnoticias.org\/site\/#\/schema\/logo\/image\/"}},{"@type":"Person","@id":"https:\/\/brasilnoticias.org\/site\/#\/schema\/person\/a0e05b973ec4d15c658d51911e53507b","name":"Reda\u00e7\u00e3o","image":{"@type":"ImageObject","inLanguage":"pt-PT","@id":"https:\/\/brasilnoticias.org\/site\/#\/schema\/person\/image\/","url":"https:\/\/secure.gravatar.com\/avatar\/75d8b050df2de108b08ae78dfb8e374892df24a383c67db9c46a9c604f6aee9c?s=96&d=mm&r=g","contentUrl":"https:\/\/secure.gravatar.com\/avatar\/75d8b050df2de108b08ae78dfb8e374892df24a383c67db9c46a9c604f6aee9c?s=96&d=mm&r=g","caption":"Reda\u00e7\u00e3o"},"sameAs":["https:\/\/brasilnoticias.org\/site"],"url":"https:\/\/brasilnoticias.org\/site\/author\/fernandozsngmail-com\/"}]}},"_links":{"self":[{"href":"https:\/\/brasilnoticias.org\/site\/wp-json\/wp\/v2\/posts\/3421","targetHints":{"allow":["GET"]}}],"collection":[{"href":"https:\/\/brasilnoticias.org\/site\/wp-json\/wp\/v2\/posts"}],"about":[{"href":"https:\/\/brasilnoticias.org\/site\/wp-json\/wp\/v2\/types\/post"}],"author":[{"embeddable":true,"href":"https:\/\/brasilnoticias.org\/site\/wp-json\/wp\/v2\/users\/1"}],"replies":[{"embeddable":true,"href":"https:\/\/brasilnoticias.org\/site\/wp-json\/wp\/v2\/comments?post=3421"}],"version-history":[{"count":1,"href":"https:\/\/brasilnoticias.org\/site\/wp-json\/wp\/v2\/posts\/3421\/revisions"}],"predecessor-version":[{"id":3423,"href":"https:\/\/brasilnoticias.org\/site\/wp-json\/wp\/v2\/posts\/3421\/revisions\/3423"}],"wp:featuredmedia":[{"embeddable":true,"href":"https:\/\/brasilnoticias.org\/site\/wp-json\/wp\/v2\/media\/3422"}],"wp:attachment":[{"href":"https:\/\/brasilnoticias.org\/site\/wp-json\/wp\/v2\/media?parent=3421"}],"wp:term":[{"taxonomy":"category","embeddable":true,"href":"https:\/\/brasilnoticias.org\/site\/wp-json\/wp\/v2\/categories?post=3421"},{"taxonomy":"post_tag","embeddable":true,"href":"https:\/\/brasilnoticias.org\/site\/wp-json\/wp\/v2\/tags?post=3421"}],"curies":[{"name":"wp","href":"https:\/\/api.w.org\/{rel}","templated":true}]}}