{"id":3439,"date":"2023-01-23T06:36:47","date_gmt":"2023-01-23T09:36:47","guid":{"rendered":"https:\/\/brasilnoticias.org\/site\/?p=3439"},"modified":"2023-01-23T06:36:47","modified_gmt":"2023-01-23T09:36:47","slug":"nesse-perfil-de-exames-voce-vai-ficar-sabendo-se-tem-anemia-diabetes-colesterol-elevado-e-como-esta-as-funcoes-renais-e-da-tireoide-alem-de-ficar-informado-se-tem-infeccao-urinaria-e-verminoses","status":"publish","type":"post","link":"https:\/\/brasilnoticias.org\/site\/nesse-perfil-de-exames-voce-vai-ficar-sabendo-se-tem-anemia-diabetes-colesterol-elevado-e-como-esta-as-funcoes-renais-e-da-tireoide-alem-de-ficar-informado-se-tem-infeccao-urinaria-e-verminoses\/","title":{"rendered":"Nesse perfil de exames voc\u00ea vai ficar sabendo se tem anemia, diabetes, colesterol elevado, e como est\u00e1 as fun\u00e7\u00f5es renais e da tire\u00f3ide. Al\u00e9m de ficar informado se tem infec\u00e7\u00e3o urin\u00e1ria e verminoses.   Aproveite e cuide da sua sa\u00fade!"},"content":{"rendered":"<p>Palmeiras e S\u00e3o Paulo continuam oscilantes na temporada. Os rivais fizeram um cl\u00e1ssico sonolento, o primeiro do Campeonato Paulista, e empataram sem gols no Allianz Parque neste domingo \u00e0 tarde, dando sinais de que podem demorar para deslanchar por problemas diferentes. Foi um Choque-Rei disputado e com de temperatura elevada, mas de futebol pobre.<\/p>\n<p>O Palmeiras, sem se refor\u00e7ar, continua sentindo falta de Danilo e Gustavo Scarpa, e o S\u00e3o Paulo ainda n\u00e3o conseguiu o entrosamento ideal depois da reformula\u00e7\u00e3o no elenco. O time tricolor jogou na defesa e, de certa forma, viu sua estrat\u00e9gia ser bem-sucedida, j\u00e1 que conseguiu o que queria: um ponto. O anfitri\u00e3o atacou, insistiu, principalmente no segundo tempo, em que teve um gol anulado, mas foi ineficaz.<\/p>\n<p>Com seu elenco enfraquecido e sem contrata\u00e7\u00f5es por enquanto, a equipe de Abel Ferreira encontra dificuldades para repetir o futebol que o consagrou nos \u00faltimos dois anos, de intensidade e agressividade.<\/p>\n<p>Palmeiras e S\u00e3o Paulo t\u00eam campanhas id\u00eanticas no Paulist\u00e3o, com cinco pontos cada, fruto de dois empates e uma vit\u00f3ria na competi\u00e7\u00e3o do qual foram os \u00faltimos finalistas em 2022.<\/p>\n<p>Foi sonolento o primeiro cl\u00e1ssico do Campeonato Paulista 2023. Muita briga, reclama\u00e7\u00e3o, mas pouco futebol jogaram Palmeiras e S\u00e3o Paulo no Allianz Parque. O plano dos visitantes foi o mesmo adotado todas as vezes em que foi \u00e0 arena palmeirense: defender-se, esperar o rival e tentar encaixar contra-ataques.<\/p>\n<p>A postura do Palmeiras tamb\u00e9m n\u00e3o mudou de 2022 para este ano. Ocorre que sem Danilo e Gustavo Scarpa, o time perdeu intensidade e criatividade. N\u00e3o tem mais o jogador que o jogador que fazia o jogo fluir no meio de campo e seu armador que muitas vezes resolveu partidas na bola a\u00e9rea ou por meio das assist\u00eancias.<\/p>\n<p>N\u00e3o houve inspira\u00e7\u00e3o de nenhum dos lados. Gabriel Menino e Raphael Veiga, em arremates de fora da \u00e1rea, foram os que chegaram mais perto de marcar pelos anfitri\u00f5es. Pela equipe tricolor, Wellington Rato levou perigo em falta que Weverton espalmou. Foi a \u00fanica vez em que trabalhou o goleiro palmeirense.<\/p>\n<p>O jogo esquentou no segundo tempo. Foi quente na temperatura, com sensa\u00e7\u00e3o t\u00e9rmica de 34\u00b0C e em campo \u00e0 medida que o Palmeiras intensificou a press\u00e3o. Os donos da casa at\u00e9 foram \u00e0s redes com Rony, mas o gol foi invalidado porque o camisa 10 estava impedido. Houve uma sequ\u00eancia de reclama\u00e7\u00f5es contundentes dos palmeirenses com a \u00e1rbitra Edina Alves.<\/p>\n<p>At\u00e9 que o jogo esfriou de novo e o panorama voltou a ser o que foi na primeira etapa. Erros de passe em profus\u00e3o, bolas longas in\u00f3cuas e finaliza\u00e7\u00f5es erradas dos dois lados, sobretudo do Palmeiras, que foi quem mais tentou.<\/p>\n<p>A \u00e1rbitra avaliou n\u00e3o ter sido p\u00eanalti o pis\u00e3o de Arboleda em Piquerez dentro da \u00e1rea. Depois, foi alvo de mais questionamentos dos palmeirenses, indignados com marca\u00e7\u00e3o de algumas faltas para os s\u00e3o-paulinos. Houve, nos \u00faltimos minutos, uma press\u00e3o final do Palmeiras em busca da vit\u00f3ria, que, por\u00e9m, n\u00e3o veio. Foram muitos cruzamentos e finaliza\u00e7\u00f5es ruins, facilitando o trabalho da defesa s\u00e3o-paulina. Os reservas acionados por Abel Ferreira no fim em nada contribu\u00edram. O S\u00e3o Paulo tamb\u00e9m tentou, mas n\u00e3o encaixou um contragolpe perigoso.<\/p>\n<p>O Palmeiras volta a jogar na quarta-feira e o S\u00e3o Paulo, na quinta. O time alviverde visita o Ituano em Itu. A equipe tricolor recebe a Portuguesa no Morumbi. Este duelo fechar\u00e1 a quarta rodada do Estadual.<\/p>\n<p>FICHA T\u00c9CNICA<\/p>\n<p>PALMEIRAS 0 X 0 S\u00c3O PAULO<\/p>\n<p>PALMEIRAS &#8211; Weverton; Marcos Rocha, G\u00f3mez, Murilo e Piquerez; Menino (Atuesta), Z\u00e9 Rafael e Raphael Veiga (Tabata); Dudu (L\u00f3pez), Rony (Navarro) e Endrick (Breno Lopes). T\u00e9cnico: Abel Ferreira.<\/p>\n<p>S\u00c3O PAULO &#8211; Rafael; Rafinha (Orejuela), Arboleda, Ferraresi (Beraldo) e Wellington; M\u00e9ndez (Luan), Nestor e Luciano; Wellington Rato (Pedrinho), Calleri e David (Marcos Paulo). T\u00e9cnico: Rog\u00e9rio Ceni.<\/p>\n<p>\u00c1RBITRA &#8211; Edina Alves Batista.<\/p>\n<p>CART\u00d5ES AMARELOS &#8211; Rafael, Dudu, Breno Lopes.<\/p>\n<p>RENDA &#8211; R$ 2.301.182,60.<\/p>\n<p>P\u00daBLICO &#8211; 40.196 torcedores.<\/p>\n<p>LOCAL &#8211; Allianz Parque.<\/p>\n<p>Foto Cesar Greco\/Palmeiras\/by Canon<br \/>\nNot\u00edcias ao minuto<\/p>\n","protected":false},"excerpt":{"rendered":"<p>Palmeiras e S\u00e3o Paulo continuam oscilantes na temporada. Os rivais fizeram um cl\u00e1ssico sonolento, o primeiro do Campeonato Paulista, e<\/p>\n","protected":false},"author":1,"featured_media":3440,"comment_status":"open","ping_status":"open","sticky":false,"template":"","format":"standard","meta":{"colormag_page_container_layout":"default_layout","colormag_page_sidebar_layout":"default_layout","_FSMCFIC_featured_image_caption":"","_FSMCFIC_featured_image_nocaption":"","_FSMCFIC_featured_image_hide":"","footnotes":""},"categories":[4,1],"tags":[],"class_list":["post-3439","post","type-post","status-publish","format-standard","has-post-thumbnail","hentry","category-esporte","category-ultimas"],"yoast_head":"<!-- This site is optimized with the Yoast SEO plugin v27.1.1 - https:\/\/yoast.com\/product\/yoast-seo-wordpress\/ -->\n<title>Nesse perfil de exames voc\u00ea vai ficar sabendo se tem anemia, diabetes, colesterol elevado, e como est\u00e1 as fun\u00e7\u00f5es renais e da tire\u00f3ide. Al\u00e9m de ficar informado se tem infec\u00e7\u00e3o urin\u00e1ria e verminoses.  Aproveite e cuide da sua sa\u00fade! - Brasil not\u00edcias<\/title>\n<meta name=\"robots\" content=\"index, follow, max-snippet:-1, max-image-preview:large, max-video-preview:-1\" \/>\n<link rel=\"canonical\" href=\"https:\/\/brasilnoticias.org\/site\/nesse-perfil-de-exames-voce-vai-ficar-sabendo-se-tem-anemia-diabetes-colesterol-elevado-e-como-esta-as-funcoes-renais-e-da-tireoide-alem-de-ficar-informado-se-tem-infeccao-urinaria-e-verminoses\/\" \/>\n<meta property=\"og:locale\" content=\"pt_PT\" \/>\n<meta property=\"og:type\" content=\"article\" \/>\n<meta property=\"og:title\" content=\"Nesse perfil de exames voc\u00ea vai ficar sabendo se tem anemia, diabetes, colesterol elevado, e como est\u00e1 as fun\u00e7\u00f5es renais e da tire\u00f3ide. Al\u00e9m de ficar informado se tem infec\u00e7\u00e3o urin\u00e1ria e verminoses.  Aproveite e cuide da sua sa\u00fade! - Brasil not\u00edcias\" \/>\n<meta property=\"og:description\" content=\"Palmeiras e S\u00e3o Paulo continuam oscilantes na temporada. Os rivais fizeram um cl\u00e1ssico sonolento, o primeiro do Campeonato Paulista, e\" \/>\n<meta property=\"og:url\" content=\"https:\/\/brasilnoticias.org\/site\/nesse-perfil-de-exames-voce-vai-ficar-sabendo-se-tem-anemia-diabetes-colesterol-elevado-e-como-esta-as-funcoes-renais-e-da-tireoide-alem-de-ficar-informado-se-tem-infeccao-urinaria-e-verminoses\/\" \/>\n<meta property=\"og:site_name\" content=\"Brasil not\u00edcias\" \/>\n<meta property=\"article:published_time\" content=\"2023-01-23T09:36:47+00:00\" \/>\n<meta property=\"og:image\" content=\"https:\/\/brasilnoticias.org\/site\/wp-content\/uploads\/2023\/01\/naom_63cdaed35f7a8.jpg\" \/>\n\t<meta property=\"og:image:width\" content=\"960\" \/>\n\t<meta property=\"og:image:height\" content=\"540\" \/>\n\t<meta property=\"og:image:type\" content=\"image\/jpeg\" \/>\n<meta name=\"author\" content=\"Reda\u00e7\u00e3o\" \/>\n<meta name=\"twitter:card\" content=\"summary_large_image\" \/>\n<meta name=\"twitter:label1\" content=\"Escrito por\" \/>\n\t<meta name=\"twitter:data1\" content=\"Reda\u00e7\u00e3o\" \/>\n\t<meta name=\"twitter:label2\" content=\"Tempo estimado de leitura\" \/>\n\t<meta name=\"twitter:data2\" content=\"4 minutos\" \/>\n<script type=\"application\/ld+json\" class=\"yoast-schema-graph\">{\"@context\":\"https:\/\/schema.org\",\"@graph\":[{\"@type\":\"Article\",\"@id\":\"https:\/\/brasilnoticias.org\/site\/nesse-perfil-de-exames-voce-vai-ficar-sabendo-se-tem-anemia-diabetes-colesterol-elevado-e-como-esta-as-funcoes-renais-e-da-tireoide-alem-de-ficar-informado-se-tem-infeccao-urinaria-e-verminoses\/#article\",\"isPartOf\":{\"@id\":\"https:\/\/brasilnoticias.org\/site\/nesse-perfil-de-exames-voce-vai-ficar-sabendo-se-tem-anemia-diabetes-colesterol-elevado-e-como-esta-as-funcoes-renais-e-da-tireoide-alem-de-ficar-informado-se-tem-infeccao-urinaria-e-verminoses\/\"},\"author\":{\"name\":\"Reda\u00e7\u00e3o\",\"@id\":\"https:\/\/brasilnoticias.org\/site\/#\/schema\/person\/a0e05b973ec4d15c658d51911e53507b\"},\"headline\":\"Nesse perfil de exames voc\u00ea vai ficar sabendo se tem anemia, diabetes, colesterol elevado, e como est\u00e1 as fun\u00e7\u00f5es renais e da tire\u00f3ide. Al\u00e9m de ficar informado se tem infec\u00e7\u00e3o urin\u00e1ria e verminoses. Aproveite e cuide da sua sa\u00fade!\",\"datePublished\":\"2023-01-23T09:36:47+00:00\",\"mainEntityOfPage\":{\"@id\":\"https:\/\/brasilnoticias.org\/site\/nesse-perfil-de-exames-voce-vai-ficar-sabendo-se-tem-anemia-diabetes-colesterol-elevado-e-como-esta-as-funcoes-renais-e-da-tireoide-alem-de-ficar-informado-se-tem-infeccao-urinaria-e-verminoses\/\"},\"wordCount\":753,\"commentCount\":0,\"publisher\":{\"@id\":\"https:\/\/brasilnoticias.org\/site\/#organization\"},\"image\":{\"@id\":\"https:\/\/brasilnoticias.org\/site\/nesse-perfil-de-exames-voce-vai-ficar-sabendo-se-tem-anemia-diabetes-colesterol-elevado-e-como-esta-as-funcoes-renais-e-da-tireoide-alem-de-ficar-informado-se-tem-infeccao-urinaria-e-verminoses\/#primaryimage\"},\"thumbnailUrl\":\"https:\/\/brasilnoticias.org\/site\/wp-content\/uploads\/2023\/01\/naom_63cdaed35f7a8.jpg\",\"articleSection\":[\"Esporte\",\"\u00daltimas\"],\"inLanguage\":\"pt-PT\",\"potentialAction\":[{\"@type\":\"CommentAction\",\"name\":\"Comment\",\"target\":[\"https:\/\/brasilnoticias.org\/site\/nesse-perfil-de-exames-voce-vai-ficar-sabendo-se-tem-anemia-diabetes-colesterol-elevado-e-como-esta-as-funcoes-renais-e-da-tireoide-alem-de-ficar-informado-se-tem-infeccao-urinaria-e-verminoses\/#respond\"]}]},{\"@type\":\"WebPage\",\"@id\":\"https:\/\/brasilnoticias.org\/site\/nesse-perfil-de-exames-voce-vai-ficar-sabendo-se-tem-anemia-diabetes-colesterol-elevado-e-como-esta-as-funcoes-renais-e-da-tireoide-alem-de-ficar-informado-se-tem-infeccao-urinaria-e-verminoses\/\",\"url\":\"https:\/\/brasilnoticias.org\/site\/nesse-perfil-de-exames-voce-vai-ficar-sabendo-se-tem-anemia-diabetes-colesterol-elevado-e-como-esta-as-funcoes-renais-e-da-tireoide-alem-de-ficar-informado-se-tem-infeccao-urinaria-e-verminoses\/\",\"name\":\"Nesse perfil de exames voc\u00ea vai ficar sabendo se tem anemia, diabetes, colesterol elevado, e como est\u00e1 as fun\u00e7\u00f5es renais e da tire\u00f3ide. Al\u00e9m de ficar informado se tem infec\u00e7\u00e3o urin\u00e1ria e verminoses. Aproveite e cuide da sua sa\u00fade! - Brasil not\u00edcias\",\"isPartOf\":{\"@id\":\"https:\/\/brasilnoticias.org\/site\/#website\"},\"primaryImageOfPage\":{\"@id\":\"https:\/\/brasilnoticias.org\/site\/nesse-perfil-de-exames-voce-vai-ficar-sabendo-se-tem-anemia-diabetes-colesterol-elevado-e-como-esta-as-funcoes-renais-e-da-tireoide-alem-de-ficar-informado-se-tem-infeccao-urinaria-e-verminoses\/#primaryimage\"},\"image\":{\"@id\":\"https:\/\/brasilnoticias.org\/site\/nesse-perfil-de-exames-voce-vai-ficar-sabendo-se-tem-anemia-diabetes-colesterol-elevado-e-como-esta-as-funcoes-renais-e-da-tireoide-alem-de-ficar-informado-se-tem-infeccao-urinaria-e-verminoses\/#primaryimage\"},\"thumbnailUrl\":\"https:\/\/brasilnoticias.org\/site\/wp-content\/uploads\/2023\/01\/naom_63cdaed35f7a8.jpg\",\"datePublished\":\"2023-01-23T09:36:47+00:00\",\"breadcrumb\":{\"@id\":\"https:\/\/brasilnoticias.org\/site\/nesse-perfil-de-exames-voce-vai-ficar-sabendo-se-tem-anemia-diabetes-colesterol-elevado-e-como-esta-as-funcoes-renais-e-da-tireoide-alem-de-ficar-informado-se-tem-infeccao-urinaria-e-verminoses\/#breadcrumb\"},\"inLanguage\":\"pt-PT\",\"potentialAction\":[{\"@type\":\"ReadAction\",\"target\":[\"https:\/\/brasilnoticias.org\/site\/nesse-perfil-de-exames-voce-vai-ficar-sabendo-se-tem-anemia-diabetes-colesterol-elevado-e-como-esta-as-funcoes-renais-e-da-tireoide-alem-de-ficar-informado-se-tem-infeccao-urinaria-e-verminoses\/\"]}]},{\"@type\":\"ImageObject\",\"inLanguage\":\"pt-PT\",\"@id\":\"https:\/\/brasilnoticias.org\/site\/nesse-perfil-de-exames-voce-vai-ficar-sabendo-se-tem-anemia-diabetes-colesterol-elevado-e-como-esta-as-funcoes-renais-e-da-tireoide-alem-de-ficar-informado-se-tem-infeccao-urinaria-e-verminoses\/#primaryimage\",\"url\":\"https:\/\/brasilnoticias.org\/site\/wp-content\/uploads\/2023\/01\/naom_63cdaed35f7a8.jpg\",\"contentUrl\":\"https:\/\/brasilnoticias.org\/site\/wp-content\/uploads\/2023\/01\/naom_63cdaed35f7a8.jpg\",\"width\":960,\"height\":540},{\"@type\":\"BreadcrumbList\",\"@id\":\"https:\/\/brasilnoticias.org\/site\/nesse-perfil-de-exames-voce-vai-ficar-sabendo-se-tem-anemia-diabetes-colesterol-elevado-e-como-esta-as-funcoes-renais-e-da-tireoide-alem-de-ficar-informado-se-tem-infeccao-urinaria-e-verminoses\/#breadcrumb\",\"itemListElement\":[{\"@type\":\"ListItem\",\"position\":1,\"name\":\"In\u00edcio\",\"item\":\"https:\/\/brasilnoticias.org\/site\/\"},{\"@type\":\"ListItem\",\"position\":2,\"name\":\"Nesse perfil de exames voc\u00ea vai ficar sabendo se tem anemia, diabetes, colesterol elevado, e como est\u00e1 as fun\u00e7\u00f5es renais e da tire\u00f3ide. Al\u00e9m de ficar informado se tem infec\u00e7\u00e3o urin\u00e1ria e verminoses. Aproveite e cuide da sua sa\u00fade!\"}]},{\"@type\":\"WebSite\",\"@id\":\"https:\/\/brasilnoticias.org\/site\/#website\",\"url\":\"https:\/\/brasilnoticias.org\/site\/\",\"name\":\"Brasil not\u00edcias\",\"description\":\"Brasil not\u00edcias\",\"publisher\":{\"@id\":\"https:\/\/brasilnoticias.org\/site\/#organization\"},\"potentialAction\":[{\"@type\":\"SearchAction\",\"target\":{\"@type\":\"EntryPoint\",\"urlTemplate\":\"https:\/\/brasilnoticias.org\/site\/?s={search_term_string}\"},\"query-input\":{\"@type\":\"PropertyValueSpecification\",\"valueRequired\":true,\"valueName\":\"search_term_string\"}}],\"inLanguage\":\"pt-PT\"},{\"@type\":\"Organization\",\"@id\":\"https:\/\/brasilnoticias.org\/site\/#organization\",\"name\":\"Brasil not\u00edcias\",\"url\":\"https:\/\/brasilnoticias.org\/site\/\",\"logo\":{\"@type\":\"ImageObject\",\"inLanguage\":\"pt-PT\",\"@id\":\"https:\/\/brasilnoticias.org\/site\/#\/schema\/logo\/image\/\",\"url\":\"https:\/\/brasilnoticias.org\/site\/wp-content\/uploads\/2022\/05\/cropped-brasilnoticias-mini.jpg\",\"contentUrl\":\"https:\/\/brasilnoticias.org\/site\/wp-content\/uploads\/2022\/05\/cropped-brasilnoticias-mini.jpg\",\"width\":314,\"height\":86,\"caption\":\"Brasil not\u00edcias\"},\"image\":{\"@id\":\"https:\/\/brasilnoticias.org\/site\/#\/schema\/logo\/image\/\"}},{\"@type\":\"Person\",\"@id\":\"https:\/\/brasilnoticias.org\/site\/#\/schema\/person\/a0e05b973ec4d15c658d51911e53507b\",\"name\":\"Reda\u00e7\u00e3o\",\"image\":{\"@type\":\"ImageObject\",\"inLanguage\":\"pt-PT\",\"@id\":\"https:\/\/brasilnoticias.org\/site\/#\/schema\/person\/image\/\",\"url\":\"https:\/\/secure.gravatar.com\/avatar\/75d8b050df2de108b08ae78dfb8e374892df24a383c67db9c46a9c604f6aee9c?s=96&d=mm&r=g\",\"contentUrl\":\"https:\/\/secure.gravatar.com\/avatar\/75d8b050df2de108b08ae78dfb8e374892df24a383c67db9c46a9c604f6aee9c?s=96&d=mm&r=g\",\"caption\":\"Reda\u00e7\u00e3o\"},\"sameAs\":[\"https:\/\/brasilnoticias.org\/site\"],\"url\":\"https:\/\/brasilnoticias.org\/site\/author\/fernandozsngmail-com\/\"}]}<\/script>\n<!-- \/ Yoast SEO plugin. -->","yoast_head_json":{"title":"Nesse perfil de exames voc\u00ea vai ficar sabendo se tem anemia, diabetes, colesterol elevado, e como est\u00e1 as fun\u00e7\u00f5es renais e da tire\u00f3ide. Al\u00e9m de ficar informado se tem infec\u00e7\u00e3o urin\u00e1ria e verminoses.  Aproveite e cuide da sua sa\u00fade! - Brasil not\u00edcias","robots":{"index":"index","follow":"follow","max-snippet":"max-snippet:-1","max-image-preview":"max-image-preview:large","max-video-preview":"max-video-preview:-1"},"canonical":"https:\/\/brasilnoticias.org\/site\/nesse-perfil-de-exames-voce-vai-ficar-sabendo-se-tem-anemia-diabetes-colesterol-elevado-e-como-esta-as-funcoes-renais-e-da-tireoide-alem-de-ficar-informado-se-tem-infeccao-urinaria-e-verminoses\/","og_locale":"pt_PT","og_type":"article","og_title":"Nesse perfil de exames voc\u00ea vai ficar sabendo se tem anemia, diabetes, colesterol elevado, e como est\u00e1 as fun\u00e7\u00f5es renais e da tire\u00f3ide. Al\u00e9m de ficar informado se tem infec\u00e7\u00e3o urin\u00e1ria e verminoses.  Aproveite e cuide da sua sa\u00fade! - Brasil not\u00edcias","og_description":"Palmeiras e S\u00e3o Paulo continuam oscilantes na temporada. Os rivais fizeram um cl\u00e1ssico sonolento, o primeiro do Campeonato Paulista, e","og_url":"https:\/\/brasilnoticias.org\/site\/nesse-perfil-de-exames-voce-vai-ficar-sabendo-se-tem-anemia-diabetes-colesterol-elevado-e-como-esta-as-funcoes-renais-e-da-tireoide-alem-de-ficar-informado-se-tem-infeccao-urinaria-e-verminoses\/","og_site_name":"Brasil not\u00edcias","article_published_time":"2023-01-23T09:36:47+00:00","og_image":[{"width":960,"height":540,"url":"https:\/\/brasilnoticias.org\/site\/wp-content\/uploads\/2023\/01\/naom_63cdaed35f7a8.jpg","type":"image\/jpeg"}],"author":"Reda\u00e7\u00e3o","twitter_card":"summary_large_image","twitter_misc":{"Escrito por":"Reda\u00e7\u00e3o","Tempo estimado de leitura":"4 minutos"},"schema":{"@context":"https:\/\/schema.org","@graph":[{"@type":"Article","@id":"https:\/\/brasilnoticias.org\/site\/nesse-perfil-de-exames-voce-vai-ficar-sabendo-se-tem-anemia-diabetes-colesterol-elevado-e-como-esta-as-funcoes-renais-e-da-tireoide-alem-de-ficar-informado-se-tem-infeccao-urinaria-e-verminoses\/#article","isPartOf":{"@id":"https:\/\/brasilnoticias.org\/site\/nesse-perfil-de-exames-voce-vai-ficar-sabendo-se-tem-anemia-diabetes-colesterol-elevado-e-como-esta-as-funcoes-renais-e-da-tireoide-alem-de-ficar-informado-se-tem-infeccao-urinaria-e-verminoses\/"},"author":{"name":"Reda\u00e7\u00e3o","@id":"https:\/\/brasilnoticias.org\/site\/#\/schema\/person\/a0e05b973ec4d15c658d51911e53507b"},"headline":"Nesse perfil de exames voc\u00ea vai ficar sabendo se tem anemia, diabetes, colesterol elevado, e como est\u00e1 as fun\u00e7\u00f5es renais e da tire\u00f3ide. Al\u00e9m de ficar informado se tem infec\u00e7\u00e3o urin\u00e1ria e verminoses. Aproveite e cuide da sua sa\u00fade!","datePublished":"2023-01-23T09:36:47+00:00","mainEntityOfPage":{"@id":"https:\/\/brasilnoticias.org\/site\/nesse-perfil-de-exames-voce-vai-ficar-sabendo-se-tem-anemia-diabetes-colesterol-elevado-e-como-esta-as-funcoes-renais-e-da-tireoide-alem-de-ficar-informado-se-tem-infeccao-urinaria-e-verminoses\/"},"wordCount":753,"commentCount":0,"publisher":{"@id":"https:\/\/brasilnoticias.org\/site\/#organization"},"image":{"@id":"https:\/\/brasilnoticias.org\/site\/nesse-perfil-de-exames-voce-vai-ficar-sabendo-se-tem-anemia-diabetes-colesterol-elevado-e-como-esta-as-funcoes-renais-e-da-tireoide-alem-de-ficar-informado-se-tem-infeccao-urinaria-e-verminoses\/#primaryimage"},"thumbnailUrl":"https:\/\/brasilnoticias.org\/site\/wp-content\/uploads\/2023\/01\/naom_63cdaed35f7a8.jpg","articleSection":["Esporte","\u00daltimas"],"inLanguage":"pt-PT","potentialAction":[{"@type":"CommentAction","name":"Comment","target":["https:\/\/brasilnoticias.org\/site\/nesse-perfil-de-exames-voce-vai-ficar-sabendo-se-tem-anemia-diabetes-colesterol-elevado-e-como-esta-as-funcoes-renais-e-da-tireoide-alem-de-ficar-informado-se-tem-infeccao-urinaria-e-verminoses\/#respond"]}]},{"@type":"WebPage","@id":"https:\/\/brasilnoticias.org\/site\/nesse-perfil-de-exames-voce-vai-ficar-sabendo-se-tem-anemia-diabetes-colesterol-elevado-e-como-esta-as-funcoes-renais-e-da-tireoide-alem-de-ficar-informado-se-tem-infeccao-urinaria-e-verminoses\/","url":"https:\/\/brasilnoticias.org\/site\/nesse-perfil-de-exames-voce-vai-ficar-sabendo-se-tem-anemia-diabetes-colesterol-elevado-e-como-esta-as-funcoes-renais-e-da-tireoide-alem-de-ficar-informado-se-tem-infeccao-urinaria-e-verminoses\/","name":"Nesse perfil de exames voc\u00ea vai ficar sabendo se tem anemia, diabetes, colesterol elevado, e como est\u00e1 as fun\u00e7\u00f5es renais e da tire\u00f3ide. Al\u00e9m de ficar informado se tem infec\u00e7\u00e3o urin\u00e1ria e verminoses. Aproveite e cuide da sua sa\u00fade! - Brasil not\u00edcias","isPartOf":{"@id":"https:\/\/brasilnoticias.org\/site\/#website"},"primaryImageOfPage":{"@id":"https:\/\/brasilnoticias.org\/site\/nesse-perfil-de-exames-voce-vai-ficar-sabendo-se-tem-anemia-diabetes-colesterol-elevado-e-como-esta-as-funcoes-renais-e-da-tireoide-alem-de-ficar-informado-se-tem-infeccao-urinaria-e-verminoses\/#primaryimage"},"image":{"@id":"https:\/\/brasilnoticias.org\/site\/nesse-perfil-de-exames-voce-vai-ficar-sabendo-se-tem-anemia-diabetes-colesterol-elevado-e-como-esta-as-funcoes-renais-e-da-tireoide-alem-de-ficar-informado-se-tem-infeccao-urinaria-e-verminoses\/#primaryimage"},"thumbnailUrl":"https:\/\/brasilnoticias.org\/site\/wp-content\/uploads\/2023\/01\/naom_63cdaed35f7a8.jpg","datePublished":"2023-01-23T09:36:47+00:00","breadcrumb":{"@id":"https:\/\/brasilnoticias.org\/site\/nesse-perfil-de-exames-voce-vai-ficar-sabendo-se-tem-anemia-diabetes-colesterol-elevado-e-como-esta-as-funcoes-renais-e-da-tireoide-alem-de-ficar-informado-se-tem-infeccao-urinaria-e-verminoses\/#breadcrumb"},"inLanguage":"pt-PT","potentialAction":[{"@type":"ReadAction","target":["https:\/\/brasilnoticias.org\/site\/nesse-perfil-de-exames-voce-vai-ficar-sabendo-se-tem-anemia-diabetes-colesterol-elevado-e-como-esta-as-funcoes-renais-e-da-tireoide-alem-de-ficar-informado-se-tem-infeccao-urinaria-e-verminoses\/"]}]},{"@type":"ImageObject","inLanguage":"pt-PT","@id":"https:\/\/brasilnoticias.org\/site\/nesse-perfil-de-exames-voce-vai-ficar-sabendo-se-tem-anemia-diabetes-colesterol-elevado-e-como-esta-as-funcoes-renais-e-da-tireoide-alem-de-ficar-informado-se-tem-infeccao-urinaria-e-verminoses\/#primaryimage","url":"https:\/\/brasilnoticias.org\/site\/wp-content\/uploads\/2023\/01\/naom_63cdaed35f7a8.jpg","contentUrl":"https:\/\/brasilnoticias.org\/site\/wp-content\/uploads\/2023\/01\/naom_63cdaed35f7a8.jpg","width":960,"height":540},{"@type":"BreadcrumbList","@id":"https:\/\/brasilnoticias.org\/site\/nesse-perfil-de-exames-voce-vai-ficar-sabendo-se-tem-anemia-diabetes-colesterol-elevado-e-como-esta-as-funcoes-renais-e-da-tireoide-alem-de-ficar-informado-se-tem-infeccao-urinaria-e-verminoses\/#breadcrumb","itemListElement":[{"@type":"ListItem","position":1,"name":"In\u00edcio","item":"https:\/\/brasilnoticias.org\/site\/"},{"@type":"ListItem","position":2,"name":"Nesse perfil de exames voc\u00ea vai ficar sabendo se tem anemia, diabetes, colesterol elevado, e como est\u00e1 as fun\u00e7\u00f5es renais e da tire\u00f3ide. Al\u00e9m de ficar informado se tem infec\u00e7\u00e3o urin\u00e1ria e verminoses. Aproveite e cuide da sua sa\u00fade!"}]},{"@type":"WebSite","@id":"https:\/\/brasilnoticias.org\/site\/#website","url":"https:\/\/brasilnoticias.org\/site\/","name":"Brasil not\u00edcias","description":"Brasil not\u00edcias","publisher":{"@id":"https:\/\/brasilnoticias.org\/site\/#organization"},"potentialAction":[{"@type":"SearchAction","target":{"@type":"EntryPoint","urlTemplate":"https:\/\/brasilnoticias.org\/site\/?s={search_term_string}"},"query-input":{"@type":"PropertyValueSpecification","valueRequired":true,"valueName":"search_term_string"}}],"inLanguage":"pt-PT"},{"@type":"Organization","@id":"https:\/\/brasilnoticias.org\/site\/#organization","name":"Brasil not\u00edcias","url":"https:\/\/brasilnoticias.org\/site\/","logo":{"@type":"ImageObject","inLanguage":"pt-PT","@id":"https:\/\/brasilnoticias.org\/site\/#\/schema\/logo\/image\/","url":"https:\/\/brasilnoticias.org\/site\/wp-content\/uploads\/2022\/05\/cropped-brasilnoticias-mini.jpg","contentUrl":"https:\/\/brasilnoticias.org\/site\/wp-content\/uploads\/2022\/05\/cropped-brasilnoticias-mini.jpg","width":314,"height":86,"caption":"Brasil not\u00edcias"},"image":{"@id":"https:\/\/brasilnoticias.org\/site\/#\/schema\/logo\/image\/"}},{"@type":"Person","@id":"https:\/\/brasilnoticias.org\/site\/#\/schema\/person\/a0e05b973ec4d15c658d51911e53507b","name":"Reda\u00e7\u00e3o","image":{"@type":"ImageObject","inLanguage":"pt-PT","@id":"https:\/\/brasilnoticias.org\/site\/#\/schema\/person\/image\/","url":"https:\/\/secure.gravatar.com\/avatar\/75d8b050df2de108b08ae78dfb8e374892df24a383c67db9c46a9c604f6aee9c?s=96&d=mm&r=g","contentUrl":"https:\/\/secure.gravatar.com\/avatar\/75d8b050df2de108b08ae78dfb8e374892df24a383c67db9c46a9c604f6aee9c?s=96&d=mm&r=g","caption":"Reda\u00e7\u00e3o"},"sameAs":["https:\/\/brasilnoticias.org\/site"],"url":"https:\/\/brasilnoticias.org\/site\/author\/fernandozsngmail-com\/"}]}},"_links":{"self":[{"href":"https:\/\/brasilnoticias.org\/site\/wp-json\/wp\/v2\/posts\/3439","targetHints":{"allow":["GET"]}}],"collection":[{"href":"https:\/\/brasilnoticias.org\/site\/wp-json\/wp\/v2\/posts"}],"about":[{"href":"https:\/\/brasilnoticias.org\/site\/wp-json\/wp\/v2\/types\/post"}],"author":[{"embeddable":true,"href":"https:\/\/brasilnoticias.org\/site\/wp-json\/wp\/v2\/users\/1"}],"replies":[{"embeddable":true,"href":"https:\/\/brasilnoticias.org\/site\/wp-json\/wp\/v2\/comments?post=3439"}],"version-history":[{"count":1,"href":"https:\/\/brasilnoticias.org\/site\/wp-json\/wp\/v2\/posts\/3439\/revisions"}],"predecessor-version":[{"id":3441,"href":"https:\/\/brasilnoticias.org\/site\/wp-json\/wp\/v2\/posts\/3439\/revisions\/3441"}],"wp:featuredmedia":[{"embeddable":true,"href":"https:\/\/brasilnoticias.org\/site\/wp-json\/wp\/v2\/media\/3440"}],"wp:attachment":[{"href":"https:\/\/brasilnoticias.org\/site\/wp-json\/wp\/v2\/media?parent=3439"}],"wp:term":[{"taxonomy":"category","embeddable":true,"href":"https:\/\/brasilnoticias.org\/site\/wp-json\/wp\/v2\/categories?post=3439"},{"taxonomy":"post_tag","embeddable":true,"href":"https:\/\/brasilnoticias.org\/site\/wp-json\/wp\/v2\/tags?post=3439"}],"curies":[{"name":"wp","href":"https:\/\/api.w.org\/{rel}","templated":true}]}}