{"id":3452,"date":"2023-01-23T20:08:58","date_gmt":"2023-01-23T23:08:58","guid":{"rendered":"https:\/\/brasilnoticias.org\/site\/?p=3452"},"modified":"2023-01-23T20:08:58","modified_gmt":"2023-01-23T23:08:58","slug":"guto-ferreira-e-vitima-de-gordofobia-por-jornalista-e-rebate-lamentavel","status":"publish","type":"post","link":"https:\/\/brasilnoticias.org\/site\/guto-ferreira-e-vitima-de-gordofobia-por-jornalista-e-rebate-lamentavel\/","title":{"rendered":"Guto Ferreira \u00e9 v\u00edtima de gordofobia por jornalista e rebate: &#8216;Lament\u00e1vel&#8217;"},"content":{"rendered":"<p>O treinador Guto Ferreira, do Goi\u00e1s, foi v\u00edtima de gordofobia no \u00faltimo domingo, 15, durante transmiss\u00e3o da TV Brasil Central (TBC) do cl\u00e1ssico com o Atl\u00e9tico-GO, pelo Campeonato Goiano. Na ocasi\u00e3o, o jornalista Lucas Nogueira afirmou que &#8220;n\u00e3o d\u00e1 para colocar lapela&#8221; no treinador, se referindo ao seu pesco\u00e7o e seu peso.<br \/>\n&#8220;Gente, n\u00f3s temos um microfone aqui que chama lapela. No Guto n\u00e3o d\u00e1 pra colocar lapela nele, n\u00e3o. Pode olhar na coletiva. N\u00e3o tem pesco\u00e7o, n\u00e3o tem uma divis\u00f3ria aqui (regi\u00e3o abaixo do queixo). Ent\u00e3o precisa cuidar disso&#8221;, disse o comentarista. As falas foram motivos de risadas pelos seus companheiros na transmiss\u00e3o. Jean Lopes, um dos apresentadores, questionou se Guto estaria &#8220;comendo muita pamonha&#8221;.<\/p>\n<p>Na transmiss\u00e3o, foram colocadas no ar imagens de Guto Ferreira durante a entrevista coletiva. &#8220;Olha l\u00e1, d\u00e1 pra colocar lapela a\u00ed, d\u00e1?&#8221;, disse Lucas, refor\u00e7ando o sarcasmo com o f\u00edsico do treinador do Goi\u00e1s. Na mesma semana, o Goi\u00e1s emitiu nota repudiando os coment\u00e1rios na transmiss\u00e3o da TBC. &#8220;\u00c9 inadmiss\u00edvel que, em pleno 2023, ainda aconte\u00e7a casos como esse, de pessoas aprovando e achando gra\u00e7a de ofensas preconceituosas em rela\u00e7\u00e3o \u00e0 condi\u00e7\u00e3o f\u00edsica de seu semelhante&#8221;, refor\u00e7ou o clube.<\/p>\n<p>Al\u00e9m disso, o jornalista Lucas Nogueira se desculpou, publicamente, por meio de v\u00eddeo publicado em suas redes sociais. &#8220;Venho a p\u00fablico pedir desculpas para a torcida esmeraldina, diretoria do Goi\u00e1s e, principalmente, para o t\u00e9cnico Guto Ferreira. Sei que errei. Fiz um coment\u00e1rio que soou preconceituoso, mas neste momento eu estou aqui para pedir desculpas a todos voc\u00eas&#8221;, afirmou o jornalista. &#8220;Isso n\u00e3o ir\u00e1 se repetir!&#8221;<\/p>\n<p>Uma semana ap\u00f3s o ocorrido, o epis\u00f3dio ganhou for\u00e7a, com coment\u00e1rios de Guto Ferreira neste domingo, 22, ap\u00f3s a partida contra a Aparecidense, pelo Campeonato Goiano. &#8220;A atitude da equipe, na pessoa do Lucas, foi lament\u00e1vel e perigosa. Pra mim, n\u00e3o tem problema nenhum (a piada). Sou um cara &#8216;cabe\u00e7a feita&#8217;. Mas ele tem de ter responsabilidade com o que fala&#8221;, disse o treinador, em entrevista ainda no campo de jogo.<\/p>\n<p>&#8220;O \u0091Brasil Central\u0092 atinge muitos e muitos espectadores no estado e no Brasil. S\u00e3o crian\u00e7as que est\u00e3o vendo e achando gra\u00e7a. Endossando amanh\u00e3 fazer esse mesmo tipo de situa\u00e7\u00e3o que se chama bullying entre eles. Eu tenho cabe\u00e7a para suportar tamanha humilha\u00e7\u00e3o. Ser\u00e1 que um garoto tem? Todo mundo sabe o que o bullying provoca&#8221;, refor\u00e7ou o treinador.<\/p>\n<p>Foto Felipe Santos \/ Cear\u00e1 SC \/ Divulga\u00e7\u00e3o \/ CP<br \/>\nNot\u00edcias ao minuto<\/p>\n","protected":false},"excerpt":{"rendered":"<p>O treinador Guto Ferreira, do Goi\u00e1s, foi v\u00edtima de gordofobia no \u00faltimo domingo, 15, durante transmiss\u00e3o da TV Brasil Central<\/p>\n","protected":false},"author":1,"featured_media":3453,"comment_status":"open","ping_status":"open","sticky":false,"template":"","format":"standard","meta":{"colormag_page_container_layout":"default_layout","colormag_page_sidebar_layout":"default_layout","_FSMCFIC_featured_image_caption":"","_FSMCFIC_featured_image_nocaption":"","_FSMCFIC_featured_image_hide":"","footnotes":""},"categories":[2,1],"tags":[],"class_list":["post-3452","post","type-post","status-publish","format-standard","has-post-thumbnail","hentry","category-noticias","category-ultimas"],"yoast_head":"<!-- This site is optimized with the Yoast SEO plugin v27.1.1 - https:\/\/yoast.com\/product\/yoast-seo-wordpress\/ -->\n<title>Guto Ferreira \u00e9 v\u00edtima de gordofobia por jornalista e rebate: &#039;Lament\u00e1vel&#039; - Brasil not\u00edcias<\/title>\n<meta name=\"robots\" content=\"index, follow, max-snippet:-1, max-image-preview:large, max-video-preview:-1\" \/>\n<link rel=\"canonical\" href=\"https:\/\/brasilnoticias.org\/site\/guto-ferreira-e-vitima-de-gordofobia-por-jornalista-e-rebate-lamentavel\/\" \/>\n<meta property=\"og:locale\" content=\"pt_PT\" \/>\n<meta property=\"og:type\" content=\"article\" \/>\n<meta property=\"og:title\" content=\"Guto Ferreira \u00e9 v\u00edtima de gordofobia por jornalista e rebate: &#039;Lament\u00e1vel&#039; - Brasil not\u00edcias\" \/>\n<meta property=\"og:description\" content=\"O treinador Guto Ferreira, do Goi\u00e1s, foi v\u00edtima de gordofobia no \u00faltimo domingo, 15, durante transmiss\u00e3o da TV Brasil Central\" \/>\n<meta property=\"og:url\" content=\"https:\/\/brasilnoticias.org\/site\/guto-ferreira-e-vitima-de-gordofobia-por-jornalista-e-rebate-lamentavel\/\" \/>\n<meta property=\"og:site_name\" content=\"Brasil not\u00edcias\" \/>\n<meta property=\"article:published_time\" content=\"2023-01-23T23:08:58+00:00\" \/>\n<meta property=\"og:image\" content=\"https:\/\/brasilnoticias.org\/site\/wp-content\/uploads\/2023\/01\/naom_63ced30baa699.jpg\" \/>\n\t<meta property=\"og:image:width\" content=\"960\" \/>\n\t<meta property=\"og:image:height\" content=\"540\" \/>\n\t<meta property=\"og:image:type\" content=\"image\/jpeg\" \/>\n<meta name=\"author\" content=\"Reda\u00e7\u00e3o\" \/>\n<meta name=\"twitter:card\" content=\"summary_large_image\" \/>\n<meta name=\"twitter:label1\" content=\"Escrito por\" \/>\n\t<meta name=\"twitter:data1\" content=\"Reda\u00e7\u00e3o\" \/>\n\t<meta name=\"twitter:label2\" content=\"Tempo estimado de leitura\" \/>\n\t<meta name=\"twitter:data2\" content=\"2 minutos\" \/>\n<script type=\"application\/ld+json\" class=\"yoast-schema-graph\">{\"@context\":\"https:\/\/schema.org\",\"@graph\":[{\"@type\":\"Article\",\"@id\":\"https:\/\/brasilnoticias.org\/site\/guto-ferreira-e-vitima-de-gordofobia-por-jornalista-e-rebate-lamentavel\/#article\",\"isPartOf\":{\"@id\":\"https:\/\/brasilnoticias.org\/site\/guto-ferreira-e-vitima-de-gordofobia-por-jornalista-e-rebate-lamentavel\/\"},\"author\":{\"name\":\"Reda\u00e7\u00e3o\",\"@id\":\"https:\/\/brasilnoticias.org\/site\/#\/schema\/person\/a0e05b973ec4d15c658d51911e53507b\"},\"headline\":\"Guto Ferreira \u00e9 v\u00edtima de gordofobia por jornalista e rebate: &#8216;Lament\u00e1vel&#8217;\",\"datePublished\":\"2023-01-23T23:08:58+00:00\",\"mainEntityOfPage\":{\"@id\":\"https:\/\/brasilnoticias.org\/site\/guto-ferreira-e-vitima-de-gordofobia-por-jornalista-e-rebate-lamentavel\/\"},\"wordCount\":465,\"commentCount\":0,\"publisher\":{\"@id\":\"https:\/\/brasilnoticias.org\/site\/#organization\"},\"image\":{\"@id\":\"https:\/\/brasilnoticias.org\/site\/guto-ferreira-e-vitima-de-gordofobia-por-jornalista-e-rebate-lamentavel\/#primaryimage\"},\"thumbnailUrl\":\"https:\/\/brasilnoticias.org\/site\/wp-content\/uploads\/2023\/01\/naom_63ced30baa699.jpg\",\"articleSection\":[\"Not\u00edcias\",\"\u00daltimas\"],\"inLanguage\":\"pt-PT\",\"potentialAction\":[{\"@type\":\"CommentAction\",\"name\":\"Comment\",\"target\":[\"https:\/\/brasilnoticias.org\/site\/guto-ferreira-e-vitima-de-gordofobia-por-jornalista-e-rebate-lamentavel\/#respond\"]}]},{\"@type\":\"WebPage\",\"@id\":\"https:\/\/brasilnoticias.org\/site\/guto-ferreira-e-vitima-de-gordofobia-por-jornalista-e-rebate-lamentavel\/\",\"url\":\"https:\/\/brasilnoticias.org\/site\/guto-ferreira-e-vitima-de-gordofobia-por-jornalista-e-rebate-lamentavel\/\",\"name\":\"Guto Ferreira \u00e9 v\u00edtima de gordofobia por jornalista e rebate: 'Lament\u00e1vel' - Brasil not\u00edcias\",\"isPartOf\":{\"@id\":\"https:\/\/brasilnoticias.org\/site\/#website\"},\"primaryImageOfPage\":{\"@id\":\"https:\/\/brasilnoticias.org\/site\/guto-ferreira-e-vitima-de-gordofobia-por-jornalista-e-rebate-lamentavel\/#primaryimage\"},\"image\":{\"@id\":\"https:\/\/brasilnoticias.org\/site\/guto-ferreira-e-vitima-de-gordofobia-por-jornalista-e-rebate-lamentavel\/#primaryimage\"},\"thumbnailUrl\":\"https:\/\/brasilnoticias.org\/site\/wp-content\/uploads\/2023\/01\/naom_63ced30baa699.jpg\",\"datePublished\":\"2023-01-23T23:08:58+00:00\",\"breadcrumb\":{\"@id\":\"https:\/\/brasilnoticias.org\/site\/guto-ferreira-e-vitima-de-gordofobia-por-jornalista-e-rebate-lamentavel\/#breadcrumb\"},\"inLanguage\":\"pt-PT\",\"potentialAction\":[{\"@type\":\"ReadAction\",\"target\":[\"https:\/\/brasilnoticias.org\/site\/guto-ferreira-e-vitima-de-gordofobia-por-jornalista-e-rebate-lamentavel\/\"]}]},{\"@type\":\"ImageObject\",\"inLanguage\":\"pt-PT\",\"@id\":\"https:\/\/brasilnoticias.org\/site\/guto-ferreira-e-vitima-de-gordofobia-por-jornalista-e-rebate-lamentavel\/#primaryimage\",\"url\":\"https:\/\/brasilnoticias.org\/site\/wp-content\/uploads\/2023\/01\/naom_63ced30baa699.jpg\",\"contentUrl\":\"https:\/\/brasilnoticias.org\/site\/wp-content\/uploads\/2023\/01\/naom_63ced30baa699.jpg\",\"width\":960,\"height\":540},{\"@type\":\"BreadcrumbList\",\"@id\":\"https:\/\/brasilnoticias.org\/site\/guto-ferreira-e-vitima-de-gordofobia-por-jornalista-e-rebate-lamentavel\/#breadcrumb\",\"itemListElement\":[{\"@type\":\"ListItem\",\"position\":1,\"name\":\"In\u00edcio\",\"item\":\"https:\/\/brasilnoticias.org\/site\/\"},{\"@type\":\"ListItem\",\"position\":2,\"name\":\"Guto Ferreira \u00e9 v\u00edtima de gordofobia por jornalista e rebate: &#8216;Lament\u00e1vel&#8217;\"}]},{\"@type\":\"WebSite\",\"@id\":\"https:\/\/brasilnoticias.org\/site\/#website\",\"url\":\"https:\/\/brasilnoticias.org\/site\/\",\"name\":\"Brasil not\u00edcias\",\"description\":\"Brasil not\u00edcias\",\"publisher\":{\"@id\":\"https:\/\/brasilnoticias.org\/site\/#organization\"},\"potentialAction\":[{\"@type\":\"SearchAction\",\"target\":{\"@type\":\"EntryPoint\",\"urlTemplate\":\"https:\/\/brasilnoticias.org\/site\/?s={search_term_string}\"},\"query-input\":{\"@type\":\"PropertyValueSpecification\",\"valueRequired\":true,\"valueName\":\"search_term_string\"}}],\"inLanguage\":\"pt-PT\"},{\"@type\":\"Organization\",\"@id\":\"https:\/\/brasilnoticias.org\/site\/#organization\",\"name\":\"Brasil not\u00edcias\",\"url\":\"https:\/\/brasilnoticias.org\/site\/\",\"logo\":{\"@type\":\"ImageObject\",\"inLanguage\":\"pt-PT\",\"@id\":\"https:\/\/brasilnoticias.org\/site\/#\/schema\/logo\/image\/\",\"url\":\"https:\/\/brasilnoticias.org\/site\/wp-content\/uploads\/2022\/05\/cropped-brasilnoticias-mini.jpg\",\"contentUrl\":\"https:\/\/brasilnoticias.org\/site\/wp-content\/uploads\/2022\/05\/cropped-brasilnoticias-mini.jpg\",\"width\":314,\"height\":86,\"caption\":\"Brasil not\u00edcias\"},\"image\":{\"@id\":\"https:\/\/brasilnoticias.org\/site\/#\/schema\/logo\/image\/\"}},{\"@type\":\"Person\",\"@id\":\"https:\/\/brasilnoticias.org\/site\/#\/schema\/person\/a0e05b973ec4d15c658d51911e53507b\",\"name\":\"Reda\u00e7\u00e3o\",\"image\":{\"@type\":\"ImageObject\",\"inLanguage\":\"pt-PT\",\"@id\":\"https:\/\/brasilnoticias.org\/site\/#\/schema\/person\/image\/\",\"url\":\"https:\/\/secure.gravatar.com\/avatar\/75d8b050df2de108b08ae78dfb8e374892df24a383c67db9c46a9c604f6aee9c?s=96&d=mm&r=g\",\"contentUrl\":\"https:\/\/secure.gravatar.com\/avatar\/75d8b050df2de108b08ae78dfb8e374892df24a383c67db9c46a9c604f6aee9c?s=96&d=mm&r=g\",\"caption\":\"Reda\u00e7\u00e3o\"},\"sameAs\":[\"https:\/\/brasilnoticias.org\/site\"],\"url\":\"https:\/\/brasilnoticias.org\/site\/author\/fernandozsngmail-com\/\"}]}<\/script>\n<!-- \/ Yoast SEO plugin. -->","yoast_head_json":{"title":"Guto Ferreira \u00e9 v\u00edtima de gordofobia por jornalista e rebate: 'Lament\u00e1vel' - Brasil not\u00edcias","robots":{"index":"index","follow":"follow","max-snippet":"max-snippet:-1","max-image-preview":"max-image-preview:large","max-video-preview":"max-video-preview:-1"},"canonical":"https:\/\/brasilnoticias.org\/site\/guto-ferreira-e-vitima-de-gordofobia-por-jornalista-e-rebate-lamentavel\/","og_locale":"pt_PT","og_type":"article","og_title":"Guto Ferreira \u00e9 v\u00edtima de gordofobia por jornalista e rebate: 'Lament\u00e1vel' - Brasil not\u00edcias","og_description":"O treinador Guto Ferreira, do Goi\u00e1s, foi v\u00edtima de gordofobia no \u00faltimo domingo, 15, durante transmiss\u00e3o da TV Brasil Central","og_url":"https:\/\/brasilnoticias.org\/site\/guto-ferreira-e-vitima-de-gordofobia-por-jornalista-e-rebate-lamentavel\/","og_site_name":"Brasil not\u00edcias","article_published_time":"2023-01-23T23:08:58+00:00","og_image":[{"width":960,"height":540,"url":"https:\/\/brasilnoticias.org\/site\/wp-content\/uploads\/2023\/01\/naom_63ced30baa699.jpg","type":"image\/jpeg"}],"author":"Reda\u00e7\u00e3o","twitter_card":"summary_large_image","twitter_misc":{"Escrito por":"Reda\u00e7\u00e3o","Tempo estimado de leitura":"2 minutos"},"schema":{"@context":"https:\/\/schema.org","@graph":[{"@type":"Article","@id":"https:\/\/brasilnoticias.org\/site\/guto-ferreira-e-vitima-de-gordofobia-por-jornalista-e-rebate-lamentavel\/#article","isPartOf":{"@id":"https:\/\/brasilnoticias.org\/site\/guto-ferreira-e-vitima-de-gordofobia-por-jornalista-e-rebate-lamentavel\/"},"author":{"name":"Reda\u00e7\u00e3o","@id":"https:\/\/brasilnoticias.org\/site\/#\/schema\/person\/a0e05b973ec4d15c658d51911e53507b"},"headline":"Guto Ferreira \u00e9 v\u00edtima de gordofobia por jornalista e rebate: &#8216;Lament\u00e1vel&#8217;","datePublished":"2023-01-23T23:08:58+00:00","mainEntityOfPage":{"@id":"https:\/\/brasilnoticias.org\/site\/guto-ferreira-e-vitima-de-gordofobia-por-jornalista-e-rebate-lamentavel\/"},"wordCount":465,"commentCount":0,"publisher":{"@id":"https:\/\/brasilnoticias.org\/site\/#organization"},"image":{"@id":"https:\/\/brasilnoticias.org\/site\/guto-ferreira-e-vitima-de-gordofobia-por-jornalista-e-rebate-lamentavel\/#primaryimage"},"thumbnailUrl":"https:\/\/brasilnoticias.org\/site\/wp-content\/uploads\/2023\/01\/naom_63ced30baa699.jpg","articleSection":["Not\u00edcias","\u00daltimas"],"inLanguage":"pt-PT","potentialAction":[{"@type":"CommentAction","name":"Comment","target":["https:\/\/brasilnoticias.org\/site\/guto-ferreira-e-vitima-de-gordofobia-por-jornalista-e-rebate-lamentavel\/#respond"]}]},{"@type":"WebPage","@id":"https:\/\/brasilnoticias.org\/site\/guto-ferreira-e-vitima-de-gordofobia-por-jornalista-e-rebate-lamentavel\/","url":"https:\/\/brasilnoticias.org\/site\/guto-ferreira-e-vitima-de-gordofobia-por-jornalista-e-rebate-lamentavel\/","name":"Guto Ferreira \u00e9 v\u00edtima de gordofobia por jornalista e rebate: 'Lament\u00e1vel' - Brasil not\u00edcias","isPartOf":{"@id":"https:\/\/brasilnoticias.org\/site\/#website"},"primaryImageOfPage":{"@id":"https:\/\/brasilnoticias.org\/site\/guto-ferreira-e-vitima-de-gordofobia-por-jornalista-e-rebate-lamentavel\/#primaryimage"},"image":{"@id":"https:\/\/brasilnoticias.org\/site\/guto-ferreira-e-vitima-de-gordofobia-por-jornalista-e-rebate-lamentavel\/#primaryimage"},"thumbnailUrl":"https:\/\/brasilnoticias.org\/site\/wp-content\/uploads\/2023\/01\/naom_63ced30baa699.jpg","datePublished":"2023-01-23T23:08:58+00:00","breadcrumb":{"@id":"https:\/\/brasilnoticias.org\/site\/guto-ferreira-e-vitima-de-gordofobia-por-jornalista-e-rebate-lamentavel\/#breadcrumb"},"inLanguage":"pt-PT","potentialAction":[{"@type":"ReadAction","target":["https:\/\/brasilnoticias.org\/site\/guto-ferreira-e-vitima-de-gordofobia-por-jornalista-e-rebate-lamentavel\/"]}]},{"@type":"ImageObject","inLanguage":"pt-PT","@id":"https:\/\/brasilnoticias.org\/site\/guto-ferreira-e-vitima-de-gordofobia-por-jornalista-e-rebate-lamentavel\/#primaryimage","url":"https:\/\/brasilnoticias.org\/site\/wp-content\/uploads\/2023\/01\/naom_63ced30baa699.jpg","contentUrl":"https:\/\/brasilnoticias.org\/site\/wp-content\/uploads\/2023\/01\/naom_63ced30baa699.jpg","width":960,"height":540},{"@type":"BreadcrumbList","@id":"https:\/\/brasilnoticias.org\/site\/guto-ferreira-e-vitima-de-gordofobia-por-jornalista-e-rebate-lamentavel\/#breadcrumb","itemListElement":[{"@type":"ListItem","position":1,"name":"In\u00edcio","item":"https:\/\/brasilnoticias.org\/site\/"},{"@type":"ListItem","position":2,"name":"Guto Ferreira \u00e9 v\u00edtima de gordofobia por jornalista e rebate: &#8216;Lament\u00e1vel&#8217;"}]},{"@type":"WebSite","@id":"https:\/\/brasilnoticias.org\/site\/#website","url":"https:\/\/brasilnoticias.org\/site\/","name":"Brasil not\u00edcias","description":"Brasil not\u00edcias","publisher":{"@id":"https:\/\/brasilnoticias.org\/site\/#organization"},"potentialAction":[{"@type":"SearchAction","target":{"@type":"EntryPoint","urlTemplate":"https:\/\/brasilnoticias.org\/site\/?s={search_term_string}"},"query-input":{"@type":"PropertyValueSpecification","valueRequired":true,"valueName":"search_term_string"}}],"inLanguage":"pt-PT"},{"@type":"Organization","@id":"https:\/\/brasilnoticias.org\/site\/#organization","name":"Brasil not\u00edcias","url":"https:\/\/brasilnoticias.org\/site\/","logo":{"@type":"ImageObject","inLanguage":"pt-PT","@id":"https:\/\/brasilnoticias.org\/site\/#\/schema\/logo\/image\/","url":"https:\/\/brasilnoticias.org\/site\/wp-content\/uploads\/2022\/05\/cropped-brasilnoticias-mini.jpg","contentUrl":"https:\/\/brasilnoticias.org\/site\/wp-content\/uploads\/2022\/05\/cropped-brasilnoticias-mini.jpg","width":314,"height":86,"caption":"Brasil not\u00edcias"},"image":{"@id":"https:\/\/brasilnoticias.org\/site\/#\/schema\/logo\/image\/"}},{"@type":"Person","@id":"https:\/\/brasilnoticias.org\/site\/#\/schema\/person\/a0e05b973ec4d15c658d51911e53507b","name":"Reda\u00e7\u00e3o","image":{"@type":"ImageObject","inLanguage":"pt-PT","@id":"https:\/\/brasilnoticias.org\/site\/#\/schema\/person\/image\/","url":"https:\/\/secure.gravatar.com\/avatar\/75d8b050df2de108b08ae78dfb8e374892df24a383c67db9c46a9c604f6aee9c?s=96&d=mm&r=g","contentUrl":"https:\/\/secure.gravatar.com\/avatar\/75d8b050df2de108b08ae78dfb8e374892df24a383c67db9c46a9c604f6aee9c?s=96&d=mm&r=g","caption":"Reda\u00e7\u00e3o"},"sameAs":["https:\/\/brasilnoticias.org\/site"],"url":"https:\/\/brasilnoticias.org\/site\/author\/fernandozsngmail-com\/"}]}},"_links":{"self":[{"href":"https:\/\/brasilnoticias.org\/site\/wp-json\/wp\/v2\/posts\/3452","targetHints":{"allow":["GET"]}}],"collection":[{"href":"https:\/\/brasilnoticias.org\/site\/wp-json\/wp\/v2\/posts"}],"about":[{"href":"https:\/\/brasilnoticias.org\/site\/wp-json\/wp\/v2\/types\/post"}],"author":[{"embeddable":true,"href":"https:\/\/brasilnoticias.org\/site\/wp-json\/wp\/v2\/users\/1"}],"replies":[{"embeddable":true,"href":"https:\/\/brasilnoticias.org\/site\/wp-json\/wp\/v2\/comments?post=3452"}],"version-history":[{"count":1,"href":"https:\/\/brasilnoticias.org\/site\/wp-json\/wp\/v2\/posts\/3452\/revisions"}],"predecessor-version":[{"id":3454,"href":"https:\/\/brasilnoticias.org\/site\/wp-json\/wp\/v2\/posts\/3452\/revisions\/3454"}],"wp:featuredmedia":[{"embeddable":true,"href":"https:\/\/brasilnoticias.org\/site\/wp-json\/wp\/v2\/media\/3453"}],"wp:attachment":[{"href":"https:\/\/brasilnoticias.org\/site\/wp-json\/wp\/v2\/media?parent=3452"}],"wp:term":[{"taxonomy":"category","embeddable":true,"href":"https:\/\/brasilnoticias.org\/site\/wp-json\/wp\/v2\/categories?post=3452"},{"taxonomy":"post_tag","embeddable":true,"href":"https:\/\/brasilnoticias.org\/site\/wp-json\/wp\/v2\/tags?post=3452"}],"curies":[{"name":"wp","href":"https:\/\/api.w.org\/{rel}","templated":true}]}}