{"id":3465,"date":"2023-01-24T06:47:33","date_gmt":"2023-01-24T09:47:33","guid":{"rendered":"https:\/\/brasilnoticias.org\/site\/?p=3465"},"modified":"2023-01-24T06:47:33","modified_gmt":"2023-01-24T09:47:33","slug":"tatuagem-de-daniel-alves-nas-partes-intimas-foi-decisiva-para-prisao-preventiva","status":"publish","type":"post","link":"https:\/\/brasilnoticias.org\/site\/tatuagem-de-daniel-alves-nas-partes-intimas-foi-decisiva-para-prisao-preventiva\/","title":{"rendered":"Tatuagem de Daniel Alves nas partes \u00edntimas foi decisiva para pris\u00e3o preventiva"},"content":{"rendered":"<p>Uma tatuagem foi decisiva para o pedido de pris\u00e3o preventiva contra Daniel Alves, acusado de agress\u00e3o sexual em Barcelona, na Espanha. De acordo com o jornal El Mundo, a v\u00edtima descreveu que o jogador tinha uma tatuagem de meia-lua entre o abdome e as partes \u00edntimas, que s\u00f3 poderia ser vista caso ele estivesse sem roupa.<br \/>\nDiante da ju\u00edza Maria Concepci\u00f3n Canton Mart\u00edn, em depoimento prestado na \u00faltima sexta-feira, Daniel Alves teria, em um primeiro momento, afirmado que ele estava sentado no vaso sanit\u00e1rio quando a mulher de 23 anos entrou no banheiro e se atirou sobre ele.<\/p>\n<p>Neste momento, a ju\u00edza perguntou pela tatuagem, onde estava localizada em seu corpo e como era poss\u00edvel a v\u00edtima t\u00ea-la visto se ele estava vestido. A partir desse questionamento, Daniel Alves retificou o que havia dito, afirmando que se levantou assim que a v\u00edtima entrou no banheiro e, por isso, ela viu a tatuagem.<\/p>\n<p>Em seguida, Daniel Alves alterou novamente sua vers\u00e3o, admitindo que teve rela\u00e7\u00f5es sexuais com a denunciante de maneira consensual. Diante das contradi\u00e7\u00f5es e alegando que o jogador poderia deixar a Espanha, a ju\u00edza decretou sua pris\u00e3o preventiva.<\/p>\n<p>A defesa de Daniel Alves tem at\u00e9 quarta-feira para fazer um pedido de habeas corpus para liber\u00e1-lo da pris\u00e3o. Articula-se tamb\u00e9m um novo depoimento do atleta de 39 anos. O objetivo \u00e9 reverter a pris\u00e3o para algo mais brando, como a proibi\u00e7\u00e3o de deixar o pa\u00eds, recolhimento dos passaportes ou o estabelecimento de uma fian\u00e7a. Uma das alternativas estudadas \u00e9 recorrer \u00e0s inst\u00e2ncias superiores.<\/p>\n<p>SAL\u00c1RIO<\/p>\n<p>No mesmo depoimento, Daniel Alves foi questionamento sobre o valor que recebida mensalmente em seu clube, o mexicano Pumas. O lateral-direito respondeu que ganhava 30 mil euros (R$ 170 mil, aproximadamente), mas foi prontamente corrigido pela ju\u00edza, que, de posse do seu contrato, apontou que seu sal\u00e1rio era de 300 mil euros (R$ 1,7 milh\u00e3o).<\/p>\n<p>CASO DANIEL ALVES<\/p>\n<p>A ju\u00edza Maria Concepci\u00f3n Canton Mart\u00edn decretou a pris\u00e3o de Daniel Alves na \u00faltima sexta-feira. Ele foi detido ao dar depoimento sobre o caso de agress\u00e3o sexual contra uma mulher na madrugada do dia 30 de dezembro. O Minist\u00e9rio P\u00fablico pediu a pris\u00e3o preventiva do atleta de 39 anos, sem direito \u00e0 fian\u00e7a, e a titular do Juizado de Instru\u00e7\u00e3o 15 de Barcelona acatou o pedido, ordenando a deten\u00e7\u00e3o. A ju\u00edza argumentou na decis\u00e3o de prender o jogador que existia o risco de fuga, uma vez que o atleta n\u00e3o mora mais na Espanha e tem recursos financeiros para sair do pa\u00eds a qualquer momento. Al\u00e9m disso, o pa\u00eds n\u00e3o tem acordo de extradi\u00e7\u00e3o com o Brasil.<\/p>\n<p>A acusa\u00e7\u00e3o se refere a um epis\u00f3dio que teria ocorrido na casa noturna Sutton, em Barcelona. O atleta, que defendeu a sele\u00e7\u00e3o brasileira na Copa do Mundo do Catar, teria trancado, agredido e estuprado a mulher em um banheiro da sala VIP da boate, segundo o jornal El Peri\u00f3dico. Ela procurou as amigas e os seguran\u00e7as da balada depois do ocorrido.<\/p>\n<p>A equipe de seguran\u00e7a da casa noturna acionou a pol\u00edcia catal\u00e3 (Mossos d\u0092Esquadra), que colheu depoimento da v\u00edtima. Ela tamb\u00e9m passou por exame m\u00e9dico em um hospital. Daniel Alves foi embora do local antes da chegada dos policiais.<\/p>\n<p>Segundo a imprensa espanhola, a contradi\u00e7\u00e3o no depoimento do lateral-direito foi determinante para o Minist\u00e9rio P\u00fablico do pa\u00eds pedir a pris\u00e3o e a ju\u00edza aceitar. No in\u00edcio de janeiro, o jogador deu entrevista ao programa &#8220;Y Ahora Sonsoles&#8221;, da Antena 3, em que confirmou que esteve na mesma boate que a mulher que o acusa, mas negou ter tocado na denunciante sem a anu\u00eancia dela e disse que nem a conhecia.<\/p>\n<p>No depoimento, por\u00e9m, de acordo com os meios de comunica\u00e7\u00e3o da Espanha, o atleta afirmou ter tido rela\u00e7\u00f5es consensuais com a mulher, cujo nome n\u00e3o foi revelado. O suposto crime sexual teria ocorrido num banheiro da \u00e1rea VIP da casa noturna. Segundo a r\u00e1dio Cadena SER, imagens da vigil\u00e2ncia interna do local confirmam que Daniel Alves ficou 15 minutos com a mulher no banheiro.<\/p>\n<p>De acordo com o jornal El Pa\u00eds, a mulher n\u00e3o quer ser indenizada e abriu m\u00e3o de ser ressarcida financeiramente pelas les\u00f5es e tamb\u00e9m pelos danos morais por entender que o objetivo principal \u00e9 fazer com que o atleta seja punido pelo ocorrido.<\/p>\n<p>O Pumas, do M\u00e9xico, anunciou na \u00faltima sexta que o contrato de trabalho de Daniel Alves com o clube ser\u00e1 rompido por justa causa.<\/p>\n<p>Not\u00edcias ao minuto<br \/>\nFoto Getty<\/p>\n","protected":false},"excerpt":{"rendered":"<p>Uma tatuagem foi decisiva para o pedido de pris\u00e3o preventiva contra Daniel Alves, acusado de agress\u00e3o sexual em Barcelona, na<\/p>\n","protected":false},"author":1,"featured_media":3466,"comment_status":"open","ping_status":"open","sticky":false,"template":"","format":"standard","meta":{"colormag_page_container_layout":"default_layout","colormag_page_sidebar_layout":"default_layout","_FSMCFIC_featured_image_caption":"","_FSMCFIC_featured_image_nocaption":"","_FSMCFIC_featured_image_hide":"","footnotes":""},"categories":[2,1],"tags":[],"class_list":["post-3465","post","type-post","status-publish","format-standard","has-post-thumbnail","hentry","category-noticias","category-ultimas"],"yoast_head":"<!-- This site is optimized with the Yoast SEO plugin v27.1.1 - https:\/\/yoast.com\/product\/yoast-seo-wordpress\/ -->\n<title>Tatuagem de Daniel Alves nas partes \u00edntimas foi decisiva para pris\u00e3o preventiva - Brasil not\u00edcias<\/title>\n<meta name=\"robots\" content=\"index, follow, max-snippet:-1, max-image-preview:large, max-video-preview:-1\" \/>\n<link rel=\"canonical\" href=\"https:\/\/brasilnoticias.org\/site\/tatuagem-de-daniel-alves-nas-partes-intimas-foi-decisiva-para-prisao-preventiva\/\" \/>\n<meta property=\"og:locale\" content=\"pt_PT\" \/>\n<meta property=\"og:type\" content=\"article\" \/>\n<meta property=\"og:title\" content=\"Tatuagem de Daniel Alves nas partes \u00edntimas foi decisiva para pris\u00e3o preventiva - Brasil not\u00edcias\" \/>\n<meta property=\"og:description\" content=\"Uma tatuagem foi decisiva para o pedido de pris\u00e3o preventiva contra Daniel Alves, acusado de agress\u00e3o sexual em Barcelona, na\" \/>\n<meta property=\"og:url\" content=\"https:\/\/brasilnoticias.org\/site\/tatuagem-de-daniel-alves-nas-partes-intimas-foi-decisiva-para-prisao-preventiva\/\" \/>\n<meta property=\"og:site_name\" content=\"Brasil not\u00edcias\" \/>\n<meta property=\"article:published_time\" content=\"2023-01-24T09:47:33+00:00\" \/>\n<meta property=\"og:image\" content=\"https:\/\/brasilnoticias.org\/site\/wp-content\/uploads\/2023\/01\/naom_63cf96273cd72.jpg\" \/>\n\t<meta property=\"og:image:width\" content=\"960\" \/>\n\t<meta property=\"og:image:height\" content=\"540\" \/>\n\t<meta property=\"og:image:type\" content=\"image\/jpeg\" \/>\n<meta name=\"author\" content=\"Reda\u00e7\u00e3o\" \/>\n<meta name=\"twitter:card\" content=\"summary_large_image\" \/>\n<meta name=\"twitter:label1\" content=\"Escrito por\" \/>\n\t<meta name=\"twitter:data1\" content=\"Reda\u00e7\u00e3o\" \/>\n\t<meta name=\"twitter:label2\" content=\"Tempo estimado de leitura\" \/>\n\t<meta name=\"twitter:data2\" content=\"4 minutos\" \/>\n<script type=\"application\/ld+json\" class=\"yoast-schema-graph\">{\"@context\":\"https:\/\/schema.org\",\"@graph\":[{\"@type\":\"Article\",\"@id\":\"https:\/\/brasilnoticias.org\/site\/tatuagem-de-daniel-alves-nas-partes-intimas-foi-decisiva-para-prisao-preventiva\/#article\",\"isPartOf\":{\"@id\":\"https:\/\/brasilnoticias.org\/site\/tatuagem-de-daniel-alves-nas-partes-intimas-foi-decisiva-para-prisao-preventiva\/\"},\"author\":{\"name\":\"Reda\u00e7\u00e3o\",\"@id\":\"https:\/\/brasilnoticias.org\/site\/#\/schema\/person\/a0e05b973ec4d15c658d51911e53507b\"},\"headline\":\"Tatuagem de Daniel Alves nas partes \u00edntimas foi decisiva para pris\u00e3o preventiva\",\"datePublished\":\"2023-01-24T09:47:33+00:00\",\"mainEntityOfPage\":{\"@id\":\"https:\/\/brasilnoticias.org\/site\/tatuagem-de-daniel-alves-nas-partes-intimas-foi-decisiva-para-prisao-preventiva\/\"},\"wordCount\":813,\"commentCount\":0,\"publisher\":{\"@id\":\"https:\/\/brasilnoticias.org\/site\/#organization\"},\"image\":{\"@id\":\"https:\/\/brasilnoticias.org\/site\/tatuagem-de-daniel-alves-nas-partes-intimas-foi-decisiva-para-prisao-preventiva\/#primaryimage\"},\"thumbnailUrl\":\"https:\/\/brasilnoticias.org\/site\/wp-content\/uploads\/2023\/01\/naom_63cf96273cd72.jpg\",\"articleSection\":[\"Not\u00edcias\",\"\u00daltimas\"],\"inLanguage\":\"pt-PT\",\"potentialAction\":[{\"@type\":\"CommentAction\",\"name\":\"Comment\",\"target\":[\"https:\/\/brasilnoticias.org\/site\/tatuagem-de-daniel-alves-nas-partes-intimas-foi-decisiva-para-prisao-preventiva\/#respond\"]}]},{\"@type\":\"WebPage\",\"@id\":\"https:\/\/brasilnoticias.org\/site\/tatuagem-de-daniel-alves-nas-partes-intimas-foi-decisiva-para-prisao-preventiva\/\",\"url\":\"https:\/\/brasilnoticias.org\/site\/tatuagem-de-daniel-alves-nas-partes-intimas-foi-decisiva-para-prisao-preventiva\/\",\"name\":\"Tatuagem de Daniel Alves nas partes \u00edntimas foi decisiva para pris\u00e3o preventiva - Brasil not\u00edcias\",\"isPartOf\":{\"@id\":\"https:\/\/brasilnoticias.org\/site\/#website\"},\"primaryImageOfPage\":{\"@id\":\"https:\/\/brasilnoticias.org\/site\/tatuagem-de-daniel-alves-nas-partes-intimas-foi-decisiva-para-prisao-preventiva\/#primaryimage\"},\"image\":{\"@id\":\"https:\/\/brasilnoticias.org\/site\/tatuagem-de-daniel-alves-nas-partes-intimas-foi-decisiva-para-prisao-preventiva\/#primaryimage\"},\"thumbnailUrl\":\"https:\/\/brasilnoticias.org\/site\/wp-content\/uploads\/2023\/01\/naom_63cf96273cd72.jpg\",\"datePublished\":\"2023-01-24T09:47:33+00:00\",\"breadcrumb\":{\"@id\":\"https:\/\/brasilnoticias.org\/site\/tatuagem-de-daniel-alves-nas-partes-intimas-foi-decisiva-para-prisao-preventiva\/#breadcrumb\"},\"inLanguage\":\"pt-PT\",\"potentialAction\":[{\"@type\":\"ReadAction\",\"target\":[\"https:\/\/brasilnoticias.org\/site\/tatuagem-de-daniel-alves-nas-partes-intimas-foi-decisiva-para-prisao-preventiva\/\"]}]},{\"@type\":\"ImageObject\",\"inLanguage\":\"pt-PT\",\"@id\":\"https:\/\/brasilnoticias.org\/site\/tatuagem-de-daniel-alves-nas-partes-intimas-foi-decisiva-para-prisao-preventiva\/#primaryimage\",\"url\":\"https:\/\/brasilnoticias.org\/site\/wp-content\/uploads\/2023\/01\/naom_63cf96273cd72.jpg\",\"contentUrl\":\"https:\/\/brasilnoticias.org\/site\/wp-content\/uploads\/2023\/01\/naom_63cf96273cd72.jpg\",\"width\":960,\"height\":540},{\"@type\":\"BreadcrumbList\",\"@id\":\"https:\/\/brasilnoticias.org\/site\/tatuagem-de-daniel-alves-nas-partes-intimas-foi-decisiva-para-prisao-preventiva\/#breadcrumb\",\"itemListElement\":[{\"@type\":\"ListItem\",\"position\":1,\"name\":\"In\u00edcio\",\"item\":\"https:\/\/brasilnoticias.org\/site\/\"},{\"@type\":\"ListItem\",\"position\":2,\"name\":\"Tatuagem de Daniel Alves nas partes \u00edntimas foi decisiva para pris\u00e3o preventiva\"}]},{\"@type\":\"WebSite\",\"@id\":\"https:\/\/brasilnoticias.org\/site\/#website\",\"url\":\"https:\/\/brasilnoticias.org\/site\/\",\"name\":\"Brasil not\u00edcias\",\"description\":\"Brasil not\u00edcias\",\"publisher\":{\"@id\":\"https:\/\/brasilnoticias.org\/site\/#organization\"},\"potentialAction\":[{\"@type\":\"SearchAction\",\"target\":{\"@type\":\"EntryPoint\",\"urlTemplate\":\"https:\/\/brasilnoticias.org\/site\/?s={search_term_string}\"},\"query-input\":{\"@type\":\"PropertyValueSpecification\",\"valueRequired\":true,\"valueName\":\"search_term_string\"}}],\"inLanguage\":\"pt-PT\"},{\"@type\":\"Organization\",\"@id\":\"https:\/\/brasilnoticias.org\/site\/#organization\",\"name\":\"Brasil not\u00edcias\",\"url\":\"https:\/\/brasilnoticias.org\/site\/\",\"logo\":{\"@type\":\"ImageObject\",\"inLanguage\":\"pt-PT\",\"@id\":\"https:\/\/brasilnoticias.org\/site\/#\/schema\/logo\/image\/\",\"url\":\"https:\/\/brasilnoticias.org\/site\/wp-content\/uploads\/2022\/05\/cropped-brasilnoticias-mini.jpg\",\"contentUrl\":\"https:\/\/brasilnoticias.org\/site\/wp-content\/uploads\/2022\/05\/cropped-brasilnoticias-mini.jpg\",\"width\":314,\"height\":86,\"caption\":\"Brasil not\u00edcias\"},\"image\":{\"@id\":\"https:\/\/brasilnoticias.org\/site\/#\/schema\/logo\/image\/\"}},{\"@type\":\"Person\",\"@id\":\"https:\/\/brasilnoticias.org\/site\/#\/schema\/person\/a0e05b973ec4d15c658d51911e53507b\",\"name\":\"Reda\u00e7\u00e3o\",\"image\":{\"@type\":\"ImageObject\",\"inLanguage\":\"pt-PT\",\"@id\":\"https:\/\/brasilnoticias.org\/site\/#\/schema\/person\/image\/\",\"url\":\"https:\/\/secure.gravatar.com\/avatar\/75d8b050df2de108b08ae78dfb8e374892df24a383c67db9c46a9c604f6aee9c?s=96&d=mm&r=g\",\"contentUrl\":\"https:\/\/secure.gravatar.com\/avatar\/75d8b050df2de108b08ae78dfb8e374892df24a383c67db9c46a9c604f6aee9c?s=96&d=mm&r=g\",\"caption\":\"Reda\u00e7\u00e3o\"},\"sameAs\":[\"https:\/\/brasilnoticias.org\/site\"],\"url\":\"https:\/\/brasilnoticias.org\/site\/author\/fernandozsngmail-com\/\"}]}<\/script>\n<!-- \/ Yoast SEO plugin. -->","yoast_head_json":{"title":"Tatuagem de Daniel Alves nas partes \u00edntimas foi decisiva para pris\u00e3o preventiva - Brasil not\u00edcias","robots":{"index":"index","follow":"follow","max-snippet":"max-snippet:-1","max-image-preview":"max-image-preview:large","max-video-preview":"max-video-preview:-1"},"canonical":"https:\/\/brasilnoticias.org\/site\/tatuagem-de-daniel-alves-nas-partes-intimas-foi-decisiva-para-prisao-preventiva\/","og_locale":"pt_PT","og_type":"article","og_title":"Tatuagem de Daniel Alves nas partes \u00edntimas foi decisiva para pris\u00e3o preventiva - Brasil not\u00edcias","og_description":"Uma tatuagem foi decisiva para o pedido de pris\u00e3o preventiva contra Daniel Alves, acusado de agress\u00e3o sexual em Barcelona, na","og_url":"https:\/\/brasilnoticias.org\/site\/tatuagem-de-daniel-alves-nas-partes-intimas-foi-decisiva-para-prisao-preventiva\/","og_site_name":"Brasil not\u00edcias","article_published_time":"2023-01-24T09:47:33+00:00","og_image":[{"width":960,"height":540,"url":"https:\/\/brasilnoticias.org\/site\/wp-content\/uploads\/2023\/01\/naom_63cf96273cd72.jpg","type":"image\/jpeg"}],"author":"Reda\u00e7\u00e3o","twitter_card":"summary_large_image","twitter_misc":{"Escrito por":"Reda\u00e7\u00e3o","Tempo estimado de leitura":"4 minutos"},"schema":{"@context":"https:\/\/schema.org","@graph":[{"@type":"Article","@id":"https:\/\/brasilnoticias.org\/site\/tatuagem-de-daniel-alves-nas-partes-intimas-foi-decisiva-para-prisao-preventiva\/#article","isPartOf":{"@id":"https:\/\/brasilnoticias.org\/site\/tatuagem-de-daniel-alves-nas-partes-intimas-foi-decisiva-para-prisao-preventiva\/"},"author":{"name":"Reda\u00e7\u00e3o","@id":"https:\/\/brasilnoticias.org\/site\/#\/schema\/person\/a0e05b973ec4d15c658d51911e53507b"},"headline":"Tatuagem de Daniel Alves nas partes \u00edntimas foi decisiva para pris\u00e3o preventiva","datePublished":"2023-01-24T09:47:33+00:00","mainEntityOfPage":{"@id":"https:\/\/brasilnoticias.org\/site\/tatuagem-de-daniel-alves-nas-partes-intimas-foi-decisiva-para-prisao-preventiva\/"},"wordCount":813,"commentCount":0,"publisher":{"@id":"https:\/\/brasilnoticias.org\/site\/#organization"},"image":{"@id":"https:\/\/brasilnoticias.org\/site\/tatuagem-de-daniel-alves-nas-partes-intimas-foi-decisiva-para-prisao-preventiva\/#primaryimage"},"thumbnailUrl":"https:\/\/brasilnoticias.org\/site\/wp-content\/uploads\/2023\/01\/naom_63cf96273cd72.jpg","articleSection":["Not\u00edcias","\u00daltimas"],"inLanguage":"pt-PT","potentialAction":[{"@type":"CommentAction","name":"Comment","target":["https:\/\/brasilnoticias.org\/site\/tatuagem-de-daniel-alves-nas-partes-intimas-foi-decisiva-para-prisao-preventiva\/#respond"]}]},{"@type":"WebPage","@id":"https:\/\/brasilnoticias.org\/site\/tatuagem-de-daniel-alves-nas-partes-intimas-foi-decisiva-para-prisao-preventiva\/","url":"https:\/\/brasilnoticias.org\/site\/tatuagem-de-daniel-alves-nas-partes-intimas-foi-decisiva-para-prisao-preventiva\/","name":"Tatuagem de Daniel Alves nas partes \u00edntimas foi decisiva para pris\u00e3o preventiva - Brasil not\u00edcias","isPartOf":{"@id":"https:\/\/brasilnoticias.org\/site\/#website"},"primaryImageOfPage":{"@id":"https:\/\/brasilnoticias.org\/site\/tatuagem-de-daniel-alves-nas-partes-intimas-foi-decisiva-para-prisao-preventiva\/#primaryimage"},"image":{"@id":"https:\/\/brasilnoticias.org\/site\/tatuagem-de-daniel-alves-nas-partes-intimas-foi-decisiva-para-prisao-preventiva\/#primaryimage"},"thumbnailUrl":"https:\/\/brasilnoticias.org\/site\/wp-content\/uploads\/2023\/01\/naom_63cf96273cd72.jpg","datePublished":"2023-01-24T09:47:33+00:00","breadcrumb":{"@id":"https:\/\/brasilnoticias.org\/site\/tatuagem-de-daniel-alves-nas-partes-intimas-foi-decisiva-para-prisao-preventiva\/#breadcrumb"},"inLanguage":"pt-PT","potentialAction":[{"@type":"ReadAction","target":["https:\/\/brasilnoticias.org\/site\/tatuagem-de-daniel-alves-nas-partes-intimas-foi-decisiva-para-prisao-preventiva\/"]}]},{"@type":"ImageObject","inLanguage":"pt-PT","@id":"https:\/\/brasilnoticias.org\/site\/tatuagem-de-daniel-alves-nas-partes-intimas-foi-decisiva-para-prisao-preventiva\/#primaryimage","url":"https:\/\/brasilnoticias.org\/site\/wp-content\/uploads\/2023\/01\/naom_63cf96273cd72.jpg","contentUrl":"https:\/\/brasilnoticias.org\/site\/wp-content\/uploads\/2023\/01\/naom_63cf96273cd72.jpg","width":960,"height":540},{"@type":"BreadcrumbList","@id":"https:\/\/brasilnoticias.org\/site\/tatuagem-de-daniel-alves-nas-partes-intimas-foi-decisiva-para-prisao-preventiva\/#breadcrumb","itemListElement":[{"@type":"ListItem","position":1,"name":"In\u00edcio","item":"https:\/\/brasilnoticias.org\/site\/"},{"@type":"ListItem","position":2,"name":"Tatuagem de Daniel Alves nas partes \u00edntimas foi decisiva para pris\u00e3o preventiva"}]},{"@type":"WebSite","@id":"https:\/\/brasilnoticias.org\/site\/#website","url":"https:\/\/brasilnoticias.org\/site\/","name":"Brasil not\u00edcias","description":"Brasil not\u00edcias","publisher":{"@id":"https:\/\/brasilnoticias.org\/site\/#organization"},"potentialAction":[{"@type":"SearchAction","target":{"@type":"EntryPoint","urlTemplate":"https:\/\/brasilnoticias.org\/site\/?s={search_term_string}"},"query-input":{"@type":"PropertyValueSpecification","valueRequired":true,"valueName":"search_term_string"}}],"inLanguage":"pt-PT"},{"@type":"Organization","@id":"https:\/\/brasilnoticias.org\/site\/#organization","name":"Brasil not\u00edcias","url":"https:\/\/brasilnoticias.org\/site\/","logo":{"@type":"ImageObject","inLanguage":"pt-PT","@id":"https:\/\/brasilnoticias.org\/site\/#\/schema\/logo\/image\/","url":"https:\/\/brasilnoticias.org\/site\/wp-content\/uploads\/2022\/05\/cropped-brasilnoticias-mini.jpg","contentUrl":"https:\/\/brasilnoticias.org\/site\/wp-content\/uploads\/2022\/05\/cropped-brasilnoticias-mini.jpg","width":314,"height":86,"caption":"Brasil not\u00edcias"},"image":{"@id":"https:\/\/brasilnoticias.org\/site\/#\/schema\/logo\/image\/"}},{"@type":"Person","@id":"https:\/\/brasilnoticias.org\/site\/#\/schema\/person\/a0e05b973ec4d15c658d51911e53507b","name":"Reda\u00e7\u00e3o","image":{"@type":"ImageObject","inLanguage":"pt-PT","@id":"https:\/\/brasilnoticias.org\/site\/#\/schema\/person\/image\/","url":"https:\/\/secure.gravatar.com\/avatar\/75d8b050df2de108b08ae78dfb8e374892df24a383c67db9c46a9c604f6aee9c?s=96&d=mm&r=g","contentUrl":"https:\/\/secure.gravatar.com\/avatar\/75d8b050df2de108b08ae78dfb8e374892df24a383c67db9c46a9c604f6aee9c?s=96&d=mm&r=g","caption":"Reda\u00e7\u00e3o"},"sameAs":["https:\/\/brasilnoticias.org\/site"],"url":"https:\/\/brasilnoticias.org\/site\/author\/fernandozsngmail-com\/"}]}},"_links":{"self":[{"href":"https:\/\/brasilnoticias.org\/site\/wp-json\/wp\/v2\/posts\/3465","targetHints":{"allow":["GET"]}}],"collection":[{"href":"https:\/\/brasilnoticias.org\/site\/wp-json\/wp\/v2\/posts"}],"about":[{"href":"https:\/\/brasilnoticias.org\/site\/wp-json\/wp\/v2\/types\/post"}],"author":[{"embeddable":true,"href":"https:\/\/brasilnoticias.org\/site\/wp-json\/wp\/v2\/users\/1"}],"replies":[{"embeddable":true,"href":"https:\/\/brasilnoticias.org\/site\/wp-json\/wp\/v2\/comments?post=3465"}],"version-history":[{"count":1,"href":"https:\/\/brasilnoticias.org\/site\/wp-json\/wp\/v2\/posts\/3465\/revisions"}],"predecessor-version":[{"id":3467,"href":"https:\/\/brasilnoticias.org\/site\/wp-json\/wp\/v2\/posts\/3465\/revisions\/3467"}],"wp:featuredmedia":[{"embeddable":true,"href":"https:\/\/brasilnoticias.org\/site\/wp-json\/wp\/v2\/media\/3466"}],"wp:attachment":[{"href":"https:\/\/brasilnoticias.org\/site\/wp-json\/wp\/v2\/media?parent=3465"}],"wp:term":[{"taxonomy":"category","embeddable":true,"href":"https:\/\/brasilnoticias.org\/site\/wp-json\/wp\/v2\/categories?post=3465"},{"taxonomy":"post_tag","embeddable":true,"href":"https:\/\/brasilnoticias.org\/site\/wp-json\/wp\/v2\/tags?post=3465"}],"curies":[{"name":"wp","href":"https:\/\/api.w.org\/{rel}","templated":true}]}}