{"id":3468,"date":"2023-01-24T06:49:25","date_gmt":"2023-01-24T09:49:25","guid":{"rendered":"https:\/\/brasilnoticias.org\/site\/?p=3468"},"modified":"2023-01-24T06:49:25","modified_gmt":"2023-01-24T09:49:25","slug":"detencao-de-quase-200-pessoas-no-peru-engrossa-coro-contra-abusos-policiais","status":"publish","type":"post","link":"https:\/\/brasilnoticias.org\/site\/detencao-de-quase-200-pessoas-no-peru-engrossa-coro-contra-abusos-policiais\/","title":{"rendered":"Deten\u00e7\u00e3o de quase 200 pessoas no Peru engrossa coro contra abusos policiais"},"content":{"rendered":"<p>As den\u00fancias de uso excessivo de for\u00e7a da pol\u00edcia do Peru contra manifestantes ganharam novo f\u00f4lego no \u00faltimo fim de semana ap\u00f3s quase 200 pessoas serem presas durante atos na Universidade San Marcos.<\/p>\n<p>A pol\u00edcia entrou no campus no s\u00e1bado (21), derrubando o port\u00e3o com um ve\u00edculo blindado. Centenas de pessoas de regi\u00f5es do sul do pa\u00eds que foram a Lima para se juntar aos protestos contra o governo da presidente Dina Boluarte estavam abrigadas na institui\u00e7\u00e3o. Al\u00e9m dos blindados, os agentes usaram bombas de g\u00e1s lacrimog\u00eaneo e um helic\u00f3ptero na opera\u00e7\u00e3o para desocupar a universidade.<\/p>\n<p>Ao menos 193 pessoas foram presas, das quais 192 foram indiciadas por crimes como danos contra o patrim\u00f4nio e roubo qualificado. H\u00e1 ainda quatro detidos que responder\u00e3o por terrorismo. Ainda n\u00e3o est\u00e1 claro o que exatamente foi considerado ind\u00edcio de terrorismo, mas membros do governo peruano t\u00eam dito que a organiza\u00e7\u00e3o dos protestos \u00e9 obra de extremistas e guerrilheiros.<\/p>\n<p>At\u00e9 a noite de domingo (22), quase todos os detidos foram libertados para responder pelas acusa\u00e7\u00f5es em liberdade; a exce\u00e7\u00e3o foi uma pessoa que teria um mandado de pris\u00e3o pr\u00e9vio emitido contra si.<\/p>\n<p>Nas mais de 30 horas em que estiveram detidos, por\u00e9m, alguns dos manifestantes ficaram incomunic\u00e1veis, o que levou dezenas de familiares a se reunirem em frente \u00e0 unidade da Dire\u00e7\u00e3o Contra o Terrorismo (Dircote) em Lima em busca de informa\u00e7\u00f5es e fazendo den\u00fancias de maus-tratos.<\/p>\n<p>A Comiss\u00e3o Interamericana de Direitos Humanos (CIDH) se manifestou sobre o caso, expressando preocupa\u00e7\u00e3o com a opera\u00e7\u00e3o policial seguida de deten\u00e7\u00f5es em massa. A entidade instou o Peru a prestar contas das circunst\u00e2ncias dos fatos, garantir a integridade de todos os detidos e respeitar os devidos processos legais nos casos de responsabiliza\u00e7\u00e3o criminal.<\/p>\n<p>Outra cr\u00edtica foi a de que nem o Minist\u00e9rio P\u00fablico nem a Defensoria do Povo estavam presentes na opera\u00e7\u00e3o, o que foi visto como distor\u00e7\u00e3o do processo de investiga\u00e7\u00e3o dos supostos crimes e uma poss\u00edvel viola\u00e7\u00e3o dos direitos dos manifestantes, entre os quais estavam idosos e ind\u00edgenas.<\/p>\n<p>Esse cen\u00e1rio se d\u00e1 em meio ao estado de emerg\u00eancia renovado h\u00e1 pouco mais de uma semana que prev\u00ea, entre outros pontos, a participa\u00e7\u00e3o do Ex\u00e9rcito na resposta aos protestos.<\/p>\n<p>A pris\u00e3o violenta das quase 200 pessoas nas depend\u00eancias da universidade tamb\u00e9m gerou um racha interno. A reitora Jeri Ram\u00f3n, cujo pedido de restaura\u00e7\u00e3o da ordem foi o gatilho para o in\u00edcio da opera\u00e7\u00e3o, agora \u00e9 alvo de um pedido de destitui\u00e7\u00e3o assinado por parte do corpo docente da institui\u00e7\u00e3o.<\/p>\n<p>Os professores exigem, de acordo com o jornal peruano La Rep\u00fablica, o fim da &#8220;matan\u00e7a de peruanos com a brutal repress\u00e3o em andamento&#8221; e pedem que Ram\u00f3n seja responsabilizada pelos maus-tratos sofridos pelos manifestantes abrigados na San Marcos, citando que foram &#8220;tratados como criminosos&#8221;, num cen\u00e1rio &#8220;inadmiss\u00edvel, conden\u00e1vel e vergonhoso&#8221;.<\/p>\n<p>Institucionalmente, a universidade emitiu um comunicado denunciando abuso de autoridade por parte dos policiais. O texto alega que a San Marcos acionou os agentes para liberar as portas do campus, tomadas por manifestantes, mas o que se seguiu \u00e9 descrito como &#8220;evidente uso de for\u00e7a&#8221; e &#8220;interven\u00e7\u00e3o arbitr\u00e1ria&#8221;.<\/p>\n<p>A institui\u00e7\u00e3o diz ainda que mobilizou uma equipe de advogados para prestar assist\u00eancia a alunos detidos, bem como atendimento m\u00e9dico aos feridos e acompanhamento psicol\u00f3gico. As manifesta\u00e7\u00f5es no Peru j\u00e1 deixaram mais de 50 mortos. Os atos s\u00e3o convocados em sua maioria por apoiadores do ex-l\u00edder Pedro Castillo, deposto e preso no dia 7 de dezembro ap\u00f3s tentar aplicar um autogolpe e dissolver o Parlamento.<\/p>\n<p>Nesta segunda, o ministro do Interior, Vicente Romero, disse que o governo trabalha com o cen\u00e1rio de que os protestos continuem. &#8220;Estamos trabalhando intensamente com o ministro da Defesa para solucion\u00e1-los&#8221;, afirmou, defendendo o trabalho das for\u00e7as de seguran\u00e7a. &#8220;Estamos vivendo um dos n\u00edveis de viol\u00eancia mais altos dos \u00faltimos tempos, desde os anos 1980. Creio que as capacidades mostradas por nossa pol\u00edcia t\u00eam sido espetaculares.&#8221;<\/p>\n<p>Segundo as autoridades peruanas, 74 piquetes bloqueavam estradas de 10 das 25 regi\u00f5es do pa\u00eds. Em Ica, 350 km ao sul de Lima, um grupo atacou e incendiou propriedades agr\u00edcolas. Os aeroportos de Arequipa e Juliaca permanecem fechados, sob cust\u00f3dia militar, para evitar que sejam tomados por manifestantes, bem como o servi\u00e7o ferrovi\u00e1rio entre Cusco e Machu Picchu.<\/p>\n<p>Em Lima, a pol\u00edcia precisou usar bombas de g\u00e1s lacrimog\u00eaneo para deter atos em alguns pontos. Uma marcha nacional est\u00e1 agendada para esta ter\u00e7a.<\/p>\n<p>Foto Getty<br \/>\nNot\u00edcias ao minuto<\/p>\n","protected":false},"excerpt":{"rendered":"<p>As den\u00fancias de uso excessivo de for\u00e7a da pol\u00edcia do Peru contra manifestantes ganharam novo f\u00f4lego no \u00faltimo fim de<\/p>\n","protected":false},"author":1,"featured_media":3469,"comment_status":"open","ping_status":"open","sticky":false,"template":"","format":"standard","meta":{"colormag_page_container_layout":"default_layout","colormag_page_sidebar_layout":"default_layout","_FSMCFIC_featured_image_caption":"","_FSMCFIC_featured_image_nocaption":"","_FSMCFIC_featured_image_hide":"","footnotes":""},"categories":[6,1],"tags":[],"class_list":["post-3468","post","type-post","status-publish","format-standard","has-post-thumbnail","hentry","category-mundo","category-ultimas"],"yoast_head":"<!-- This site is optimized with the Yoast SEO plugin v27.1.1 - https:\/\/yoast.com\/product\/yoast-seo-wordpress\/ -->\n<title>Deten\u00e7\u00e3o de quase 200 pessoas no Peru engrossa coro contra abusos policiais - Brasil not\u00edcias<\/title>\n<meta name=\"robots\" content=\"index, follow, max-snippet:-1, max-image-preview:large, max-video-preview:-1\" \/>\n<link rel=\"canonical\" href=\"https:\/\/brasilnoticias.org\/site\/detencao-de-quase-200-pessoas-no-peru-engrossa-coro-contra-abusos-policiais\/\" \/>\n<meta property=\"og:locale\" content=\"pt_PT\" \/>\n<meta property=\"og:type\" content=\"article\" \/>\n<meta property=\"og:title\" content=\"Deten\u00e7\u00e3o de quase 200 pessoas no Peru engrossa coro contra abusos policiais - Brasil not\u00edcias\" \/>\n<meta property=\"og:description\" content=\"As den\u00fancias de uso excessivo de for\u00e7a da pol\u00edcia do Peru contra manifestantes ganharam novo f\u00f4lego no \u00faltimo fim de\" \/>\n<meta property=\"og:url\" content=\"https:\/\/brasilnoticias.org\/site\/detencao-de-quase-200-pessoas-no-peru-engrossa-coro-contra-abusos-policiais\/\" \/>\n<meta property=\"og:site_name\" content=\"Brasil not\u00edcias\" \/>\n<meta property=\"article:published_time\" content=\"2023-01-24T09:49:25+00:00\" \/>\n<meta property=\"og:image\" content=\"https:\/\/brasilnoticias.org\/site\/wp-content\/uploads\/2023\/01\/naom_63cf99e2e6b39.jpg\" \/>\n\t<meta property=\"og:image:width\" content=\"960\" \/>\n\t<meta property=\"og:image:height\" content=\"540\" \/>\n\t<meta property=\"og:image:type\" content=\"image\/jpeg\" \/>\n<meta name=\"author\" content=\"Reda\u00e7\u00e3o\" \/>\n<meta name=\"twitter:card\" content=\"summary_large_image\" \/>\n<meta name=\"twitter:label1\" content=\"Escrito por\" \/>\n\t<meta name=\"twitter:data1\" content=\"Reda\u00e7\u00e3o\" \/>\n\t<meta name=\"twitter:label2\" content=\"Tempo estimado de leitura\" \/>\n\t<meta name=\"twitter:data2\" content=\"4 minutos\" \/>\n<script type=\"application\/ld+json\" class=\"yoast-schema-graph\">{\"@context\":\"https:\/\/schema.org\",\"@graph\":[{\"@type\":\"Article\",\"@id\":\"https:\/\/brasilnoticias.org\/site\/detencao-de-quase-200-pessoas-no-peru-engrossa-coro-contra-abusos-policiais\/#article\",\"isPartOf\":{\"@id\":\"https:\/\/brasilnoticias.org\/site\/detencao-de-quase-200-pessoas-no-peru-engrossa-coro-contra-abusos-policiais\/\"},\"author\":{\"name\":\"Reda\u00e7\u00e3o\",\"@id\":\"https:\/\/brasilnoticias.org\/site\/#\/schema\/person\/a0e05b973ec4d15c658d51911e53507b\"},\"headline\":\"Deten\u00e7\u00e3o de quase 200 pessoas no Peru engrossa coro contra abusos policiais\",\"datePublished\":\"2023-01-24T09:49:25+00:00\",\"mainEntityOfPage\":{\"@id\":\"https:\/\/brasilnoticias.org\/site\/detencao-de-quase-200-pessoas-no-peru-engrossa-coro-contra-abusos-policiais\/\"},\"wordCount\":820,\"commentCount\":0,\"publisher\":{\"@id\":\"https:\/\/brasilnoticias.org\/site\/#organization\"},\"image\":{\"@id\":\"https:\/\/brasilnoticias.org\/site\/detencao-de-quase-200-pessoas-no-peru-engrossa-coro-contra-abusos-policiais\/#primaryimage\"},\"thumbnailUrl\":\"https:\/\/brasilnoticias.org\/site\/wp-content\/uploads\/2023\/01\/naom_63cf99e2e6b39.jpg\",\"articleSection\":[\"Mundo\",\"\u00daltimas\"],\"inLanguage\":\"pt-PT\",\"potentialAction\":[{\"@type\":\"CommentAction\",\"name\":\"Comment\",\"target\":[\"https:\/\/brasilnoticias.org\/site\/detencao-de-quase-200-pessoas-no-peru-engrossa-coro-contra-abusos-policiais\/#respond\"]}]},{\"@type\":\"WebPage\",\"@id\":\"https:\/\/brasilnoticias.org\/site\/detencao-de-quase-200-pessoas-no-peru-engrossa-coro-contra-abusos-policiais\/\",\"url\":\"https:\/\/brasilnoticias.org\/site\/detencao-de-quase-200-pessoas-no-peru-engrossa-coro-contra-abusos-policiais\/\",\"name\":\"Deten\u00e7\u00e3o de quase 200 pessoas no Peru engrossa coro contra abusos policiais - Brasil not\u00edcias\",\"isPartOf\":{\"@id\":\"https:\/\/brasilnoticias.org\/site\/#website\"},\"primaryImageOfPage\":{\"@id\":\"https:\/\/brasilnoticias.org\/site\/detencao-de-quase-200-pessoas-no-peru-engrossa-coro-contra-abusos-policiais\/#primaryimage\"},\"image\":{\"@id\":\"https:\/\/brasilnoticias.org\/site\/detencao-de-quase-200-pessoas-no-peru-engrossa-coro-contra-abusos-policiais\/#primaryimage\"},\"thumbnailUrl\":\"https:\/\/brasilnoticias.org\/site\/wp-content\/uploads\/2023\/01\/naom_63cf99e2e6b39.jpg\",\"datePublished\":\"2023-01-24T09:49:25+00:00\",\"breadcrumb\":{\"@id\":\"https:\/\/brasilnoticias.org\/site\/detencao-de-quase-200-pessoas-no-peru-engrossa-coro-contra-abusos-policiais\/#breadcrumb\"},\"inLanguage\":\"pt-PT\",\"potentialAction\":[{\"@type\":\"ReadAction\",\"target\":[\"https:\/\/brasilnoticias.org\/site\/detencao-de-quase-200-pessoas-no-peru-engrossa-coro-contra-abusos-policiais\/\"]}]},{\"@type\":\"ImageObject\",\"inLanguage\":\"pt-PT\",\"@id\":\"https:\/\/brasilnoticias.org\/site\/detencao-de-quase-200-pessoas-no-peru-engrossa-coro-contra-abusos-policiais\/#primaryimage\",\"url\":\"https:\/\/brasilnoticias.org\/site\/wp-content\/uploads\/2023\/01\/naom_63cf99e2e6b39.jpg\",\"contentUrl\":\"https:\/\/brasilnoticias.org\/site\/wp-content\/uploads\/2023\/01\/naom_63cf99e2e6b39.jpg\",\"width\":960,\"height\":540},{\"@type\":\"BreadcrumbList\",\"@id\":\"https:\/\/brasilnoticias.org\/site\/detencao-de-quase-200-pessoas-no-peru-engrossa-coro-contra-abusos-policiais\/#breadcrumb\",\"itemListElement\":[{\"@type\":\"ListItem\",\"position\":1,\"name\":\"In\u00edcio\",\"item\":\"https:\/\/brasilnoticias.org\/site\/\"},{\"@type\":\"ListItem\",\"position\":2,\"name\":\"Deten\u00e7\u00e3o de quase 200 pessoas no Peru engrossa coro contra abusos policiais\"}]},{\"@type\":\"WebSite\",\"@id\":\"https:\/\/brasilnoticias.org\/site\/#website\",\"url\":\"https:\/\/brasilnoticias.org\/site\/\",\"name\":\"Brasil not\u00edcias\",\"description\":\"Brasil not\u00edcias\",\"publisher\":{\"@id\":\"https:\/\/brasilnoticias.org\/site\/#organization\"},\"potentialAction\":[{\"@type\":\"SearchAction\",\"target\":{\"@type\":\"EntryPoint\",\"urlTemplate\":\"https:\/\/brasilnoticias.org\/site\/?s={search_term_string}\"},\"query-input\":{\"@type\":\"PropertyValueSpecification\",\"valueRequired\":true,\"valueName\":\"search_term_string\"}}],\"inLanguage\":\"pt-PT\"},{\"@type\":\"Organization\",\"@id\":\"https:\/\/brasilnoticias.org\/site\/#organization\",\"name\":\"Brasil not\u00edcias\",\"url\":\"https:\/\/brasilnoticias.org\/site\/\",\"logo\":{\"@type\":\"ImageObject\",\"inLanguage\":\"pt-PT\",\"@id\":\"https:\/\/brasilnoticias.org\/site\/#\/schema\/logo\/image\/\",\"url\":\"https:\/\/brasilnoticias.org\/site\/wp-content\/uploads\/2022\/05\/cropped-brasilnoticias-mini.jpg\",\"contentUrl\":\"https:\/\/brasilnoticias.org\/site\/wp-content\/uploads\/2022\/05\/cropped-brasilnoticias-mini.jpg\",\"width\":314,\"height\":86,\"caption\":\"Brasil not\u00edcias\"},\"image\":{\"@id\":\"https:\/\/brasilnoticias.org\/site\/#\/schema\/logo\/image\/\"}},{\"@type\":\"Person\",\"@id\":\"https:\/\/brasilnoticias.org\/site\/#\/schema\/person\/a0e05b973ec4d15c658d51911e53507b\",\"name\":\"Reda\u00e7\u00e3o\",\"image\":{\"@type\":\"ImageObject\",\"inLanguage\":\"pt-PT\",\"@id\":\"https:\/\/brasilnoticias.org\/site\/#\/schema\/person\/image\/\",\"url\":\"https:\/\/secure.gravatar.com\/avatar\/75d8b050df2de108b08ae78dfb8e374892df24a383c67db9c46a9c604f6aee9c?s=96&d=mm&r=g\",\"contentUrl\":\"https:\/\/secure.gravatar.com\/avatar\/75d8b050df2de108b08ae78dfb8e374892df24a383c67db9c46a9c604f6aee9c?s=96&d=mm&r=g\",\"caption\":\"Reda\u00e7\u00e3o\"},\"sameAs\":[\"https:\/\/brasilnoticias.org\/site\"],\"url\":\"https:\/\/brasilnoticias.org\/site\/author\/fernandozsngmail-com\/\"}]}<\/script>\n<!-- \/ Yoast SEO plugin. -->","yoast_head_json":{"title":"Deten\u00e7\u00e3o de quase 200 pessoas no Peru engrossa coro contra abusos policiais - Brasil not\u00edcias","robots":{"index":"index","follow":"follow","max-snippet":"max-snippet:-1","max-image-preview":"max-image-preview:large","max-video-preview":"max-video-preview:-1"},"canonical":"https:\/\/brasilnoticias.org\/site\/detencao-de-quase-200-pessoas-no-peru-engrossa-coro-contra-abusos-policiais\/","og_locale":"pt_PT","og_type":"article","og_title":"Deten\u00e7\u00e3o de quase 200 pessoas no Peru engrossa coro contra abusos policiais - Brasil not\u00edcias","og_description":"As den\u00fancias de uso excessivo de for\u00e7a da pol\u00edcia do Peru contra manifestantes ganharam novo f\u00f4lego no \u00faltimo fim de","og_url":"https:\/\/brasilnoticias.org\/site\/detencao-de-quase-200-pessoas-no-peru-engrossa-coro-contra-abusos-policiais\/","og_site_name":"Brasil not\u00edcias","article_published_time":"2023-01-24T09:49:25+00:00","og_image":[{"width":960,"height":540,"url":"https:\/\/brasilnoticias.org\/site\/wp-content\/uploads\/2023\/01\/naom_63cf99e2e6b39.jpg","type":"image\/jpeg"}],"author":"Reda\u00e7\u00e3o","twitter_card":"summary_large_image","twitter_misc":{"Escrito por":"Reda\u00e7\u00e3o","Tempo estimado de leitura":"4 minutos"},"schema":{"@context":"https:\/\/schema.org","@graph":[{"@type":"Article","@id":"https:\/\/brasilnoticias.org\/site\/detencao-de-quase-200-pessoas-no-peru-engrossa-coro-contra-abusos-policiais\/#article","isPartOf":{"@id":"https:\/\/brasilnoticias.org\/site\/detencao-de-quase-200-pessoas-no-peru-engrossa-coro-contra-abusos-policiais\/"},"author":{"name":"Reda\u00e7\u00e3o","@id":"https:\/\/brasilnoticias.org\/site\/#\/schema\/person\/a0e05b973ec4d15c658d51911e53507b"},"headline":"Deten\u00e7\u00e3o de quase 200 pessoas no Peru engrossa coro contra abusos policiais","datePublished":"2023-01-24T09:49:25+00:00","mainEntityOfPage":{"@id":"https:\/\/brasilnoticias.org\/site\/detencao-de-quase-200-pessoas-no-peru-engrossa-coro-contra-abusos-policiais\/"},"wordCount":820,"commentCount":0,"publisher":{"@id":"https:\/\/brasilnoticias.org\/site\/#organization"},"image":{"@id":"https:\/\/brasilnoticias.org\/site\/detencao-de-quase-200-pessoas-no-peru-engrossa-coro-contra-abusos-policiais\/#primaryimage"},"thumbnailUrl":"https:\/\/brasilnoticias.org\/site\/wp-content\/uploads\/2023\/01\/naom_63cf99e2e6b39.jpg","articleSection":["Mundo","\u00daltimas"],"inLanguage":"pt-PT","potentialAction":[{"@type":"CommentAction","name":"Comment","target":["https:\/\/brasilnoticias.org\/site\/detencao-de-quase-200-pessoas-no-peru-engrossa-coro-contra-abusos-policiais\/#respond"]}]},{"@type":"WebPage","@id":"https:\/\/brasilnoticias.org\/site\/detencao-de-quase-200-pessoas-no-peru-engrossa-coro-contra-abusos-policiais\/","url":"https:\/\/brasilnoticias.org\/site\/detencao-de-quase-200-pessoas-no-peru-engrossa-coro-contra-abusos-policiais\/","name":"Deten\u00e7\u00e3o de quase 200 pessoas no Peru engrossa coro contra abusos policiais - Brasil not\u00edcias","isPartOf":{"@id":"https:\/\/brasilnoticias.org\/site\/#website"},"primaryImageOfPage":{"@id":"https:\/\/brasilnoticias.org\/site\/detencao-de-quase-200-pessoas-no-peru-engrossa-coro-contra-abusos-policiais\/#primaryimage"},"image":{"@id":"https:\/\/brasilnoticias.org\/site\/detencao-de-quase-200-pessoas-no-peru-engrossa-coro-contra-abusos-policiais\/#primaryimage"},"thumbnailUrl":"https:\/\/brasilnoticias.org\/site\/wp-content\/uploads\/2023\/01\/naom_63cf99e2e6b39.jpg","datePublished":"2023-01-24T09:49:25+00:00","breadcrumb":{"@id":"https:\/\/brasilnoticias.org\/site\/detencao-de-quase-200-pessoas-no-peru-engrossa-coro-contra-abusos-policiais\/#breadcrumb"},"inLanguage":"pt-PT","potentialAction":[{"@type":"ReadAction","target":["https:\/\/brasilnoticias.org\/site\/detencao-de-quase-200-pessoas-no-peru-engrossa-coro-contra-abusos-policiais\/"]}]},{"@type":"ImageObject","inLanguage":"pt-PT","@id":"https:\/\/brasilnoticias.org\/site\/detencao-de-quase-200-pessoas-no-peru-engrossa-coro-contra-abusos-policiais\/#primaryimage","url":"https:\/\/brasilnoticias.org\/site\/wp-content\/uploads\/2023\/01\/naom_63cf99e2e6b39.jpg","contentUrl":"https:\/\/brasilnoticias.org\/site\/wp-content\/uploads\/2023\/01\/naom_63cf99e2e6b39.jpg","width":960,"height":540},{"@type":"BreadcrumbList","@id":"https:\/\/brasilnoticias.org\/site\/detencao-de-quase-200-pessoas-no-peru-engrossa-coro-contra-abusos-policiais\/#breadcrumb","itemListElement":[{"@type":"ListItem","position":1,"name":"In\u00edcio","item":"https:\/\/brasilnoticias.org\/site\/"},{"@type":"ListItem","position":2,"name":"Deten\u00e7\u00e3o de quase 200 pessoas no Peru engrossa coro contra abusos policiais"}]},{"@type":"WebSite","@id":"https:\/\/brasilnoticias.org\/site\/#website","url":"https:\/\/brasilnoticias.org\/site\/","name":"Brasil not\u00edcias","description":"Brasil not\u00edcias","publisher":{"@id":"https:\/\/brasilnoticias.org\/site\/#organization"},"potentialAction":[{"@type":"SearchAction","target":{"@type":"EntryPoint","urlTemplate":"https:\/\/brasilnoticias.org\/site\/?s={search_term_string}"},"query-input":{"@type":"PropertyValueSpecification","valueRequired":true,"valueName":"search_term_string"}}],"inLanguage":"pt-PT"},{"@type":"Organization","@id":"https:\/\/brasilnoticias.org\/site\/#organization","name":"Brasil not\u00edcias","url":"https:\/\/brasilnoticias.org\/site\/","logo":{"@type":"ImageObject","inLanguage":"pt-PT","@id":"https:\/\/brasilnoticias.org\/site\/#\/schema\/logo\/image\/","url":"https:\/\/brasilnoticias.org\/site\/wp-content\/uploads\/2022\/05\/cropped-brasilnoticias-mini.jpg","contentUrl":"https:\/\/brasilnoticias.org\/site\/wp-content\/uploads\/2022\/05\/cropped-brasilnoticias-mini.jpg","width":314,"height":86,"caption":"Brasil not\u00edcias"},"image":{"@id":"https:\/\/brasilnoticias.org\/site\/#\/schema\/logo\/image\/"}},{"@type":"Person","@id":"https:\/\/brasilnoticias.org\/site\/#\/schema\/person\/a0e05b973ec4d15c658d51911e53507b","name":"Reda\u00e7\u00e3o","image":{"@type":"ImageObject","inLanguage":"pt-PT","@id":"https:\/\/brasilnoticias.org\/site\/#\/schema\/person\/image\/","url":"https:\/\/secure.gravatar.com\/avatar\/75d8b050df2de108b08ae78dfb8e374892df24a383c67db9c46a9c604f6aee9c?s=96&d=mm&r=g","contentUrl":"https:\/\/secure.gravatar.com\/avatar\/75d8b050df2de108b08ae78dfb8e374892df24a383c67db9c46a9c604f6aee9c?s=96&d=mm&r=g","caption":"Reda\u00e7\u00e3o"},"sameAs":["https:\/\/brasilnoticias.org\/site"],"url":"https:\/\/brasilnoticias.org\/site\/author\/fernandozsngmail-com\/"}]}},"_links":{"self":[{"href":"https:\/\/brasilnoticias.org\/site\/wp-json\/wp\/v2\/posts\/3468","targetHints":{"allow":["GET"]}}],"collection":[{"href":"https:\/\/brasilnoticias.org\/site\/wp-json\/wp\/v2\/posts"}],"about":[{"href":"https:\/\/brasilnoticias.org\/site\/wp-json\/wp\/v2\/types\/post"}],"author":[{"embeddable":true,"href":"https:\/\/brasilnoticias.org\/site\/wp-json\/wp\/v2\/users\/1"}],"replies":[{"embeddable":true,"href":"https:\/\/brasilnoticias.org\/site\/wp-json\/wp\/v2\/comments?post=3468"}],"version-history":[{"count":1,"href":"https:\/\/brasilnoticias.org\/site\/wp-json\/wp\/v2\/posts\/3468\/revisions"}],"predecessor-version":[{"id":3470,"href":"https:\/\/brasilnoticias.org\/site\/wp-json\/wp\/v2\/posts\/3468\/revisions\/3470"}],"wp:featuredmedia":[{"embeddable":true,"href":"https:\/\/brasilnoticias.org\/site\/wp-json\/wp\/v2\/media\/3469"}],"wp:attachment":[{"href":"https:\/\/brasilnoticias.org\/site\/wp-json\/wp\/v2\/media?parent=3468"}],"wp:term":[{"taxonomy":"category","embeddable":true,"href":"https:\/\/brasilnoticias.org\/site\/wp-json\/wp\/v2\/categories?post=3468"},{"taxonomy":"post_tag","embeddable":true,"href":"https:\/\/brasilnoticias.org\/site\/wp-json\/wp\/v2\/tags?post=3468"}],"curies":[{"name":"wp","href":"https:\/\/api.w.org\/{rel}","templated":true}]}}