{"id":3471,"date":"2023-01-24T07:11:20","date_gmt":"2023-01-24T10:11:20","guid":{"rendered":"https:\/\/brasilnoticias.org\/site\/?p=3471"},"modified":"2023-01-24T07:11:20","modified_gmt":"2023-01-24T10:11:20","slug":"inss-comeca-a-pagar-novo-salario-minimo-nesta-quarta-mas-feriado-adia-depositos-em-sp","status":"publish","type":"post","link":"https:\/\/brasilnoticias.org\/site\/inss-comeca-a-pagar-novo-salario-minimo-nesta-quarta-mas-feriado-adia-depositos-em-sp\/","title":{"rendered":"INSS come\u00e7a a pagar novo sal\u00e1rio m\u00ednimo nesta quarta, mas feriado adia dep\u00f3sitos em SP"},"content":{"rendered":"<p>INSS (Instituto Nacional do Seguro Social) come\u00e7a a pagar aposentadorias, pens\u00f5es e aux\u00edlios no valor do sal\u00e1rio m\u00ednimo vigente, de R$ 1.302, a partir desta quarta-feira (25).<\/p>\n<p>Como nesta quarta ser\u00e1 feriado municipal na cidade de S\u00e3o Paulo, o pagamento come\u00e7ar\u00e1 apenas na quinta (26) para benefici\u00e1rios da capital paulista, informou a Febraban (Federa\u00e7\u00e3o Brasileira de Bancos).<\/p>\n<p>Para as demais localidades sem feriado, segue valendo o calend\u00e1rio nacional, com in\u00edcio na quarta para benefici\u00e1rios com NIS (N\u00famero de Identifica\u00e7\u00e3o Social) final 1. No total, h\u00e1 cerca de 37 milh\u00f5es de benefici\u00e1rios no pa\u00eds.<\/p>\n<p>O INSS explica que o calend\u00e1rio de pagamentos de 2023 \u00e9 v\u00e1lido em todo o territ\u00f3rio nacional. Por\u00e9m, se h\u00e1 algum feriado municipal em que os bancos n\u00e3o funcionam, segue-se para o pr\u00f3ximo dia \u00fatil, por conta do banco.<\/p>\n<p>Os pagamentos de benef\u00edcios iguais ao sal\u00e1rio m\u00ednimo ser\u00e3o feitos at\u00e9 o dia 7 de fevereiro -cerca de 70% dos segurados. O piso previdenci\u00e1rio \u00e9 o valor m\u00ednimo que o INSS paga em aposentadorias, aux\u00edlios-doen\u00e7a, pens\u00f5es por morte, aposentadorias de aeronautas e BPC (Benef\u00edcio de Presta\u00e7\u00e3o Continuada), devido a idosos e pessoas com defici\u00eancia de baixa renda.<\/p>\n<p>Para confirmar o dia que ir\u00e1 receber a renda previdenci\u00e1ria em cada m\u00eas, o segurado deve conferir o n\u00famero do seu benef\u00edcio, que tem dez d\u00edgitos e aparece no seguinte formato: 999.999.999-9, e considerar o pen\u00faltimo n\u00famero. Segundo o INSS, para quem um benef\u00edcio h\u00e1 algum tempo, vale a data habitual.<\/p>\n<p>APOSENTADORIAS ACIMA DO PISO S\u00c3O PAGAS EM FEVEREIRO<\/p>\n<p>J\u00e1 os benef\u00edcios acima do piso salarial ser\u00e3o depositados entre os dias 1\u00ba e 7 de fevereiro, com o reajuste de 5,93%, equivalente ao INPC (\u00cdndice Nacional de Pre\u00e7os ao Consumidor) acumulado em 2022. Com o reajuste, o teto dos benef\u00edcios pagos pelo INSS \u00e9 de R$ 7.507,49 em 2023.<\/p>\n<p>Para quem se aposentou a partir de fevereiro de 2022, o primeiro reajuste \u00e9 proporcional e varia conforme a data de in\u00edcio do benef\u00edcio.<\/p>\n<p>O prazo para saque dos benef\u00edcios com cart\u00e3o vai at\u00e9 o final do m\u00eas seguinte (aproximadamente 60 dias) ao da libera\u00e7\u00e3o do valor na conta. Se n\u00e3o for sacado, o benef\u00edcio volta para o INSS, e o benefici\u00e1rio precisa fazer uma solicita\u00e7\u00e3o pelo Meu INSS para uma nova data de dep\u00f3sito.<\/p>\n<p>CARNAVAL INTERROMPE PAGAMENTOS<\/p>\n<p>Em fevereiro, o INSS interrompe o calend\u00e1rio de pagamentos durante o Carnaval, j\u00e1 que nos dias 20 e 21 de fevereiro, segunda e ter\u00e7a de Carnaval, as ag\u00eancias banc\u00e1rias n\u00e3o abrem. Segundo a Febraban, as ag\u00eancias retomam o atendimento na Quarta-Feira de Cinzas, dia 22, depois das 12h.<\/p>\n<p>O pagamento do per\u00edodo come\u00e7a no dia 17 de fevereiro, uma sexta-feira, para quem tem o benef\u00edcio com final 1 e recebe o piso. Depois, os dep\u00f3sitos s\u00f3 s\u00e3o retomados no dia 23 de fevereiro, na quinta-feira ap\u00f3s o Carnaval. As libera\u00e7\u00f5es mensais s\u00e3o conclu\u00eddas no dia 7 de mar\u00e7o. Benefici\u00e1rios com renda superior ao piso salarial receber\u00e3o o dinheiro entre os dias 1\u00ba e 7 de mar\u00e7o.<br \/>\n*<br \/>\nPRIMEIRO BENEF\u00cdCIO COM REAJUSTE<\/p>\n<p>Para quem recebe at\u00e9 o sal\u00e1rio m\u00ednimo (R$ 1.302):<br \/>\nFinal &#8211; Data do dep\u00f3sito<br \/>\n1 &#8211; 25\/jan*<br \/>\n2 &#8211; 26\/jan<br \/>\n3 &#8211; 27\/jan<br \/>\n4 &#8211; 30\/jan<br \/>\n5 &#8211; 31\/jan<br \/>\n6 &#8211; 01\/fev<br \/>\n7 &#8211; 02\/fev<br \/>\n8 &#8211; 03\/fev<br \/>\n9 &#8211; 06\/fev<br \/>\n0 &#8211; 07\/fev<\/p>\n<p>*Benefici\u00e1rios da cidade de S\u00e3o Paulo com NIS final 1 receber\u00e3o apenas na quinta (26)<\/p>\n<p>Para quem recebe acima do sal\u00e1rio m\u00ednimo (reajuste de at\u00e9 5,93%):<br \/>\nFinal &#8211; Data do dep\u00f3sito<br \/>\n1 e 6 &#8211; 01\/fev<br \/>\n2 e 7 &#8211; 02\/fev<br \/>\n3 e 8 &#8211; 03\/fev<br \/>\n4 e 9 &#8211; 06\/fev<br \/>\n5 e 0 &#8211; 07\/fev<\/p>\n<p>Foto  Shutterstock<br \/>\nNot\u00edcias ao minuto<\/p>\n","protected":false},"excerpt":{"rendered":"<p>INSS (Instituto Nacional do Seguro Social) come\u00e7a a pagar aposentadorias, pens\u00f5es e aux\u00edlios no valor do sal\u00e1rio m\u00ednimo vigente, de<\/p>\n","protected":false},"author":1,"featured_media":3472,"comment_status":"open","ping_status":"open","sticky":false,"template":"","format":"standard","meta":{"colormag_page_container_layout":"default_layout","colormag_page_sidebar_layout":"default_layout","_FSMCFIC_featured_image_caption":"","_FSMCFIC_featured_image_nocaption":"","_FSMCFIC_featured_image_hide":"","footnotes":""},"categories":[2,1],"tags":[],"class_list":["post-3471","post","type-post","status-publish","format-standard","has-post-thumbnail","hentry","category-noticias","category-ultimas"],"yoast_head":"<!-- This site is optimized with the Yoast SEO plugin v27.1.1 - https:\/\/yoast.com\/product\/yoast-seo-wordpress\/ -->\n<title>INSS come\u00e7a a pagar novo sal\u00e1rio m\u00ednimo nesta quarta, mas feriado adia dep\u00f3sitos em SP - Brasil not\u00edcias<\/title>\n<meta name=\"robots\" content=\"index, follow, max-snippet:-1, max-image-preview:large, max-video-preview:-1\" \/>\n<link rel=\"canonical\" href=\"https:\/\/brasilnoticias.org\/site\/inss-comeca-a-pagar-novo-salario-minimo-nesta-quarta-mas-feriado-adia-depositos-em-sp\/\" \/>\n<meta property=\"og:locale\" content=\"pt_PT\" \/>\n<meta property=\"og:type\" content=\"article\" \/>\n<meta property=\"og:title\" content=\"INSS come\u00e7a a pagar novo sal\u00e1rio m\u00ednimo nesta quarta, mas feriado adia dep\u00f3sitos em SP - Brasil not\u00edcias\" \/>\n<meta property=\"og:description\" content=\"INSS (Instituto Nacional do Seguro Social) come\u00e7a a pagar aposentadorias, pens\u00f5es e aux\u00edlios no valor do sal\u00e1rio m\u00ednimo vigente, de\" \/>\n<meta property=\"og:url\" content=\"https:\/\/brasilnoticias.org\/site\/inss-comeca-a-pagar-novo-salario-minimo-nesta-quarta-mas-feriado-adia-depositos-em-sp\/\" \/>\n<meta property=\"og:site_name\" content=\"Brasil not\u00edcias\" \/>\n<meta property=\"article:published_time\" content=\"2023-01-24T10:11:20+00:00\" \/>\n<meta property=\"og:image\" content=\"https:\/\/brasilnoticias.org\/site\/wp-content\/uploads\/2023\/01\/naom_5f746152d04e0-1.jpg\" \/>\n\t<meta property=\"og:image:width\" content=\"960\" \/>\n\t<meta property=\"og:image:height\" content=\"540\" \/>\n\t<meta property=\"og:image:type\" content=\"image\/jpeg\" \/>\n<meta name=\"author\" content=\"Reda\u00e7\u00e3o\" \/>\n<meta name=\"twitter:card\" content=\"summary_large_image\" \/>\n<meta name=\"twitter:label1\" content=\"Escrito por\" \/>\n\t<meta name=\"twitter:data1\" content=\"Reda\u00e7\u00e3o\" \/>\n\t<meta name=\"twitter:label2\" content=\"Tempo estimado de leitura\" \/>\n\t<meta name=\"twitter:data2\" content=\"3 minutos\" \/>\n<script type=\"application\/ld+json\" class=\"yoast-schema-graph\">{\"@context\":\"https:\/\/schema.org\",\"@graph\":[{\"@type\":\"Article\",\"@id\":\"https:\/\/brasilnoticias.org\/site\/inss-comeca-a-pagar-novo-salario-minimo-nesta-quarta-mas-feriado-adia-depositos-em-sp\/#article\",\"isPartOf\":{\"@id\":\"https:\/\/brasilnoticias.org\/site\/inss-comeca-a-pagar-novo-salario-minimo-nesta-quarta-mas-feriado-adia-depositos-em-sp\/\"},\"author\":{\"name\":\"Reda\u00e7\u00e3o\",\"@id\":\"https:\/\/brasilnoticias.org\/site\/#\/schema\/person\/a0e05b973ec4d15c658d51911e53507b\"},\"headline\":\"INSS come\u00e7a a pagar novo sal\u00e1rio m\u00ednimo nesta quarta, mas feriado adia dep\u00f3sitos em SP\",\"datePublished\":\"2023-01-24T10:11:20+00:00\",\"mainEntityOfPage\":{\"@id\":\"https:\/\/brasilnoticias.org\/site\/inss-comeca-a-pagar-novo-salario-minimo-nesta-quarta-mas-feriado-adia-depositos-em-sp\/\"},\"wordCount\":656,\"commentCount\":0,\"publisher\":{\"@id\":\"https:\/\/brasilnoticias.org\/site\/#organization\"},\"image\":{\"@id\":\"https:\/\/brasilnoticias.org\/site\/inss-comeca-a-pagar-novo-salario-minimo-nesta-quarta-mas-feriado-adia-depositos-em-sp\/#primaryimage\"},\"thumbnailUrl\":\"https:\/\/brasilnoticias.org\/site\/wp-content\/uploads\/2023\/01\/naom_5f746152d04e0-1.jpg\",\"articleSection\":[\"Not\u00edcias\",\"\u00daltimas\"],\"inLanguage\":\"pt-PT\",\"potentialAction\":[{\"@type\":\"CommentAction\",\"name\":\"Comment\",\"target\":[\"https:\/\/brasilnoticias.org\/site\/inss-comeca-a-pagar-novo-salario-minimo-nesta-quarta-mas-feriado-adia-depositos-em-sp\/#respond\"]}]},{\"@type\":\"WebPage\",\"@id\":\"https:\/\/brasilnoticias.org\/site\/inss-comeca-a-pagar-novo-salario-minimo-nesta-quarta-mas-feriado-adia-depositos-em-sp\/\",\"url\":\"https:\/\/brasilnoticias.org\/site\/inss-comeca-a-pagar-novo-salario-minimo-nesta-quarta-mas-feriado-adia-depositos-em-sp\/\",\"name\":\"INSS come\u00e7a a pagar novo sal\u00e1rio m\u00ednimo nesta quarta, mas feriado adia dep\u00f3sitos em SP - Brasil not\u00edcias\",\"isPartOf\":{\"@id\":\"https:\/\/brasilnoticias.org\/site\/#website\"},\"primaryImageOfPage\":{\"@id\":\"https:\/\/brasilnoticias.org\/site\/inss-comeca-a-pagar-novo-salario-minimo-nesta-quarta-mas-feriado-adia-depositos-em-sp\/#primaryimage\"},\"image\":{\"@id\":\"https:\/\/brasilnoticias.org\/site\/inss-comeca-a-pagar-novo-salario-minimo-nesta-quarta-mas-feriado-adia-depositos-em-sp\/#primaryimage\"},\"thumbnailUrl\":\"https:\/\/brasilnoticias.org\/site\/wp-content\/uploads\/2023\/01\/naom_5f746152d04e0-1.jpg\",\"datePublished\":\"2023-01-24T10:11:20+00:00\",\"breadcrumb\":{\"@id\":\"https:\/\/brasilnoticias.org\/site\/inss-comeca-a-pagar-novo-salario-minimo-nesta-quarta-mas-feriado-adia-depositos-em-sp\/#breadcrumb\"},\"inLanguage\":\"pt-PT\",\"potentialAction\":[{\"@type\":\"ReadAction\",\"target\":[\"https:\/\/brasilnoticias.org\/site\/inss-comeca-a-pagar-novo-salario-minimo-nesta-quarta-mas-feriado-adia-depositos-em-sp\/\"]}]},{\"@type\":\"ImageObject\",\"inLanguage\":\"pt-PT\",\"@id\":\"https:\/\/brasilnoticias.org\/site\/inss-comeca-a-pagar-novo-salario-minimo-nesta-quarta-mas-feriado-adia-depositos-em-sp\/#primaryimage\",\"url\":\"https:\/\/brasilnoticias.org\/site\/wp-content\/uploads\/2023\/01\/naom_5f746152d04e0-1.jpg\",\"contentUrl\":\"https:\/\/brasilnoticias.org\/site\/wp-content\/uploads\/2023\/01\/naom_5f746152d04e0-1.jpg\",\"width\":960,\"height\":540},{\"@type\":\"BreadcrumbList\",\"@id\":\"https:\/\/brasilnoticias.org\/site\/inss-comeca-a-pagar-novo-salario-minimo-nesta-quarta-mas-feriado-adia-depositos-em-sp\/#breadcrumb\",\"itemListElement\":[{\"@type\":\"ListItem\",\"position\":1,\"name\":\"In\u00edcio\",\"item\":\"https:\/\/brasilnoticias.org\/site\/\"},{\"@type\":\"ListItem\",\"position\":2,\"name\":\"INSS come\u00e7a a pagar novo sal\u00e1rio m\u00ednimo nesta quarta, mas feriado adia dep\u00f3sitos em SP\"}]},{\"@type\":\"WebSite\",\"@id\":\"https:\/\/brasilnoticias.org\/site\/#website\",\"url\":\"https:\/\/brasilnoticias.org\/site\/\",\"name\":\"Brasil not\u00edcias\",\"description\":\"Brasil not\u00edcias\",\"publisher\":{\"@id\":\"https:\/\/brasilnoticias.org\/site\/#organization\"},\"potentialAction\":[{\"@type\":\"SearchAction\",\"target\":{\"@type\":\"EntryPoint\",\"urlTemplate\":\"https:\/\/brasilnoticias.org\/site\/?s={search_term_string}\"},\"query-input\":{\"@type\":\"PropertyValueSpecification\",\"valueRequired\":true,\"valueName\":\"search_term_string\"}}],\"inLanguage\":\"pt-PT\"},{\"@type\":\"Organization\",\"@id\":\"https:\/\/brasilnoticias.org\/site\/#organization\",\"name\":\"Brasil not\u00edcias\",\"url\":\"https:\/\/brasilnoticias.org\/site\/\",\"logo\":{\"@type\":\"ImageObject\",\"inLanguage\":\"pt-PT\",\"@id\":\"https:\/\/brasilnoticias.org\/site\/#\/schema\/logo\/image\/\",\"url\":\"https:\/\/brasilnoticias.org\/site\/wp-content\/uploads\/2022\/05\/cropped-brasilnoticias-mini.jpg\",\"contentUrl\":\"https:\/\/brasilnoticias.org\/site\/wp-content\/uploads\/2022\/05\/cropped-brasilnoticias-mini.jpg\",\"width\":314,\"height\":86,\"caption\":\"Brasil not\u00edcias\"},\"image\":{\"@id\":\"https:\/\/brasilnoticias.org\/site\/#\/schema\/logo\/image\/\"}},{\"@type\":\"Person\",\"@id\":\"https:\/\/brasilnoticias.org\/site\/#\/schema\/person\/a0e05b973ec4d15c658d51911e53507b\",\"name\":\"Reda\u00e7\u00e3o\",\"image\":{\"@type\":\"ImageObject\",\"inLanguage\":\"pt-PT\",\"@id\":\"https:\/\/brasilnoticias.org\/site\/#\/schema\/person\/image\/\",\"url\":\"https:\/\/secure.gravatar.com\/avatar\/75d8b050df2de108b08ae78dfb8e374892df24a383c67db9c46a9c604f6aee9c?s=96&d=mm&r=g\",\"contentUrl\":\"https:\/\/secure.gravatar.com\/avatar\/75d8b050df2de108b08ae78dfb8e374892df24a383c67db9c46a9c604f6aee9c?s=96&d=mm&r=g\",\"caption\":\"Reda\u00e7\u00e3o\"},\"sameAs\":[\"https:\/\/brasilnoticias.org\/site\"],\"url\":\"https:\/\/brasilnoticias.org\/site\/author\/fernandozsngmail-com\/\"}]}<\/script>\n<!-- \/ Yoast SEO plugin. -->","yoast_head_json":{"title":"INSS come\u00e7a a pagar novo sal\u00e1rio m\u00ednimo nesta quarta, mas feriado adia dep\u00f3sitos em SP - Brasil not\u00edcias","robots":{"index":"index","follow":"follow","max-snippet":"max-snippet:-1","max-image-preview":"max-image-preview:large","max-video-preview":"max-video-preview:-1"},"canonical":"https:\/\/brasilnoticias.org\/site\/inss-comeca-a-pagar-novo-salario-minimo-nesta-quarta-mas-feriado-adia-depositos-em-sp\/","og_locale":"pt_PT","og_type":"article","og_title":"INSS come\u00e7a a pagar novo sal\u00e1rio m\u00ednimo nesta quarta, mas feriado adia dep\u00f3sitos em SP - Brasil not\u00edcias","og_description":"INSS (Instituto Nacional do Seguro Social) come\u00e7a a pagar aposentadorias, pens\u00f5es e aux\u00edlios no valor do sal\u00e1rio m\u00ednimo vigente, de","og_url":"https:\/\/brasilnoticias.org\/site\/inss-comeca-a-pagar-novo-salario-minimo-nesta-quarta-mas-feriado-adia-depositos-em-sp\/","og_site_name":"Brasil not\u00edcias","article_published_time":"2023-01-24T10:11:20+00:00","og_image":[{"width":960,"height":540,"url":"https:\/\/brasilnoticias.org\/site\/wp-content\/uploads\/2023\/01\/naom_5f746152d04e0-1.jpg","type":"image\/jpeg"}],"author":"Reda\u00e7\u00e3o","twitter_card":"summary_large_image","twitter_misc":{"Escrito por":"Reda\u00e7\u00e3o","Tempo estimado de leitura":"3 minutos"},"schema":{"@context":"https:\/\/schema.org","@graph":[{"@type":"Article","@id":"https:\/\/brasilnoticias.org\/site\/inss-comeca-a-pagar-novo-salario-minimo-nesta-quarta-mas-feriado-adia-depositos-em-sp\/#article","isPartOf":{"@id":"https:\/\/brasilnoticias.org\/site\/inss-comeca-a-pagar-novo-salario-minimo-nesta-quarta-mas-feriado-adia-depositos-em-sp\/"},"author":{"name":"Reda\u00e7\u00e3o","@id":"https:\/\/brasilnoticias.org\/site\/#\/schema\/person\/a0e05b973ec4d15c658d51911e53507b"},"headline":"INSS come\u00e7a a pagar novo sal\u00e1rio m\u00ednimo nesta quarta, mas feriado adia dep\u00f3sitos em SP","datePublished":"2023-01-24T10:11:20+00:00","mainEntityOfPage":{"@id":"https:\/\/brasilnoticias.org\/site\/inss-comeca-a-pagar-novo-salario-minimo-nesta-quarta-mas-feriado-adia-depositos-em-sp\/"},"wordCount":656,"commentCount":0,"publisher":{"@id":"https:\/\/brasilnoticias.org\/site\/#organization"},"image":{"@id":"https:\/\/brasilnoticias.org\/site\/inss-comeca-a-pagar-novo-salario-minimo-nesta-quarta-mas-feriado-adia-depositos-em-sp\/#primaryimage"},"thumbnailUrl":"https:\/\/brasilnoticias.org\/site\/wp-content\/uploads\/2023\/01\/naom_5f746152d04e0-1.jpg","articleSection":["Not\u00edcias","\u00daltimas"],"inLanguage":"pt-PT","potentialAction":[{"@type":"CommentAction","name":"Comment","target":["https:\/\/brasilnoticias.org\/site\/inss-comeca-a-pagar-novo-salario-minimo-nesta-quarta-mas-feriado-adia-depositos-em-sp\/#respond"]}]},{"@type":"WebPage","@id":"https:\/\/brasilnoticias.org\/site\/inss-comeca-a-pagar-novo-salario-minimo-nesta-quarta-mas-feriado-adia-depositos-em-sp\/","url":"https:\/\/brasilnoticias.org\/site\/inss-comeca-a-pagar-novo-salario-minimo-nesta-quarta-mas-feriado-adia-depositos-em-sp\/","name":"INSS come\u00e7a a pagar novo sal\u00e1rio m\u00ednimo nesta quarta, mas feriado adia dep\u00f3sitos em SP - Brasil not\u00edcias","isPartOf":{"@id":"https:\/\/brasilnoticias.org\/site\/#website"},"primaryImageOfPage":{"@id":"https:\/\/brasilnoticias.org\/site\/inss-comeca-a-pagar-novo-salario-minimo-nesta-quarta-mas-feriado-adia-depositos-em-sp\/#primaryimage"},"image":{"@id":"https:\/\/brasilnoticias.org\/site\/inss-comeca-a-pagar-novo-salario-minimo-nesta-quarta-mas-feriado-adia-depositos-em-sp\/#primaryimage"},"thumbnailUrl":"https:\/\/brasilnoticias.org\/site\/wp-content\/uploads\/2023\/01\/naom_5f746152d04e0-1.jpg","datePublished":"2023-01-24T10:11:20+00:00","breadcrumb":{"@id":"https:\/\/brasilnoticias.org\/site\/inss-comeca-a-pagar-novo-salario-minimo-nesta-quarta-mas-feriado-adia-depositos-em-sp\/#breadcrumb"},"inLanguage":"pt-PT","potentialAction":[{"@type":"ReadAction","target":["https:\/\/brasilnoticias.org\/site\/inss-comeca-a-pagar-novo-salario-minimo-nesta-quarta-mas-feriado-adia-depositos-em-sp\/"]}]},{"@type":"ImageObject","inLanguage":"pt-PT","@id":"https:\/\/brasilnoticias.org\/site\/inss-comeca-a-pagar-novo-salario-minimo-nesta-quarta-mas-feriado-adia-depositos-em-sp\/#primaryimage","url":"https:\/\/brasilnoticias.org\/site\/wp-content\/uploads\/2023\/01\/naom_5f746152d04e0-1.jpg","contentUrl":"https:\/\/brasilnoticias.org\/site\/wp-content\/uploads\/2023\/01\/naom_5f746152d04e0-1.jpg","width":960,"height":540},{"@type":"BreadcrumbList","@id":"https:\/\/brasilnoticias.org\/site\/inss-comeca-a-pagar-novo-salario-minimo-nesta-quarta-mas-feriado-adia-depositos-em-sp\/#breadcrumb","itemListElement":[{"@type":"ListItem","position":1,"name":"In\u00edcio","item":"https:\/\/brasilnoticias.org\/site\/"},{"@type":"ListItem","position":2,"name":"INSS come\u00e7a a pagar novo sal\u00e1rio m\u00ednimo nesta quarta, mas feriado adia dep\u00f3sitos em SP"}]},{"@type":"WebSite","@id":"https:\/\/brasilnoticias.org\/site\/#website","url":"https:\/\/brasilnoticias.org\/site\/","name":"Brasil not\u00edcias","description":"Brasil not\u00edcias","publisher":{"@id":"https:\/\/brasilnoticias.org\/site\/#organization"},"potentialAction":[{"@type":"SearchAction","target":{"@type":"EntryPoint","urlTemplate":"https:\/\/brasilnoticias.org\/site\/?s={search_term_string}"},"query-input":{"@type":"PropertyValueSpecification","valueRequired":true,"valueName":"search_term_string"}}],"inLanguage":"pt-PT"},{"@type":"Organization","@id":"https:\/\/brasilnoticias.org\/site\/#organization","name":"Brasil not\u00edcias","url":"https:\/\/brasilnoticias.org\/site\/","logo":{"@type":"ImageObject","inLanguage":"pt-PT","@id":"https:\/\/brasilnoticias.org\/site\/#\/schema\/logo\/image\/","url":"https:\/\/brasilnoticias.org\/site\/wp-content\/uploads\/2022\/05\/cropped-brasilnoticias-mini.jpg","contentUrl":"https:\/\/brasilnoticias.org\/site\/wp-content\/uploads\/2022\/05\/cropped-brasilnoticias-mini.jpg","width":314,"height":86,"caption":"Brasil not\u00edcias"},"image":{"@id":"https:\/\/brasilnoticias.org\/site\/#\/schema\/logo\/image\/"}},{"@type":"Person","@id":"https:\/\/brasilnoticias.org\/site\/#\/schema\/person\/a0e05b973ec4d15c658d51911e53507b","name":"Reda\u00e7\u00e3o","image":{"@type":"ImageObject","inLanguage":"pt-PT","@id":"https:\/\/brasilnoticias.org\/site\/#\/schema\/person\/image\/","url":"https:\/\/secure.gravatar.com\/avatar\/75d8b050df2de108b08ae78dfb8e374892df24a383c67db9c46a9c604f6aee9c?s=96&d=mm&r=g","contentUrl":"https:\/\/secure.gravatar.com\/avatar\/75d8b050df2de108b08ae78dfb8e374892df24a383c67db9c46a9c604f6aee9c?s=96&d=mm&r=g","caption":"Reda\u00e7\u00e3o"},"sameAs":["https:\/\/brasilnoticias.org\/site"],"url":"https:\/\/brasilnoticias.org\/site\/author\/fernandozsngmail-com\/"}]}},"_links":{"self":[{"href":"https:\/\/brasilnoticias.org\/site\/wp-json\/wp\/v2\/posts\/3471","targetHints":{"allow":["GET"]}}],"collection":[{"href":"https:\/\/brasilnoticias.org\/site\/wp-json\/wp\/v2\/posts"}],"about":[{"href":"https:\/\/brasilnoticias.org\/site\/wp-json\/wp\/v2\/types\/post"}],"author":[{"embeddable":true,"href":"https:\/\/brasilnoticias.org\/site\/wp-json\/wp\/v2\/users\/1"}],"replies":[{"embeddable":true,"href":"https:\/\/brasilnoticias.org\/site\/wp-json\/wp\/v2\/comments?post=3471"}],"version-history":[{"count":1,"href":"https:\/\/brasilnoticias.org\/site\/wp-json\/wp\/v2\/posts\/3471\/revisions"}],"predecessor-version":[{"id":3473,"href":"https:\/\/brasilnoticias.org\/site\/wp-json\/wp\/v2\/posts\/3471\/revisions\/3473"}],"wp:featuredmedia":[{"embeddable":true,"href":"https:\/\/brasilnoticias.org\/site\/wp-json\/wp\/v2\/media\/3472"}],"wp:attachment":[{"href":"https:\/\/brasilnoticias.org\/site\/wp-json\/wp\/v2\/media?parent=3471"}],"wp:term":[{"taxonomy":"category","embeddable":true,"href":"https:\/\/brasilnoticias.org\/site\/wp-json\/wp\/v2\/categories?post=3471"},{"taxonomy":"post_tag","embeddable":true,"href":"https:\/\/brasilnoticias.org\/site\/wp-json\/wp\/v2\/tags?post=3471"}],"curies":[{"name":"wp","href":"https:\/\/api.w.org\/{rel}","templated":true}]}}