{"id":3477,"date":"2023-01-24T18:00:21","date_gmt":"2023-01-24T21:00:21","guid":{"rendered":"https:\/\/brasilnoticias.org\/site\/?p=3477"},"modified":"2023-01-24T14:37:48","modified_gmt":"2023-01-24T17:37:48","slug":"batida-entre-carro-e-caminhao-deixa-uma-pessoa-morta-apos-veiculo-ficar-completamente-destruido","status":"publish","type":"post","link":"https:\/\/brasilnoticias.org\/site\/batida-entre-carro-e-caminhao-deixa-uma-pessoa-morta-apos-veiculo-ficar-completamente-destruido\/","title":{"rendered":"Batida entre carro e caminh\u00e3o deixa uma pessoa morta ap\u00f3s ve\u00edculo ficar completamente destru\u00eddo"},"content":{"rendered":"<p>Um acidente grave deixou uma pessoa morta, nesta segunda-feira (23), na BR-116, no anel rodovi\u00e1rio de Vit\u00f3ria da Conquista, no sudoeste da Bahia. De acordo com a Pol\u00edcia Rodovi\u00e1ria Federal (PRF), ocorreu uma batida frontal entre um caminh\u00e3o de um carro de passeio, no km 15 da rodovia, pr\u00f3ximo ao viaduto que d\u00e1 acesso ao bairro Lagoa das Flores.<\/p>\n<p>Com o impacto, o ve\u00edculo ficou completamente destru\u00eddo e o motorista n\u00e3o resistiu aos ferimentos. Segundo informa\u00e7\u00f5es divulgadas pela TV Sudoeste, a v\u00edtima foi identificada como Bruno de Jesus Prado, de 32 anos. O motorista do caminh\u00e3o teve ferimentos leves e foi socorrido pelo Servi\u00e7o de Atendimento M\u00f3vel de Urg\u00eancia (Samu) e encaminhado para um hospital de Vit\u00f3ria da Conquista.<\/p>\n<p>Foto Reprodu\u00e7\u00e3o \/ TV Bahia<\/p>\n<p>Bnews<\/p>\n","protected":false},"excerpt":{"rendered":"<p>Um acidente grave deixou uma pessoa morta, nesta segunda-feira (23), na BR-116, no anel rodovi\u00e1rio de Vit\u00f3ria da Conquista, no<\/p>\n","protected":false},"author":1,"featured_media":3478,"comment_status":"open","ping_status":"open","sticky":false,"template":"","format":"standard","meta":{"colormag_page_container_layout":"default_layout","colormag_page_sidebar_layout":"default_layout","_FSMCFIC_featured_image_caption":"","_FSMCFIC_featured_image_nocaption":"","_FSMCFIC_featured_image_hide":"","footnotes":""},"categories":[2,1],"tags":[],"class_list":["post-3477","post","type-post","status-publish","format-standard","has-post-thumbnail","hentry","category-noticias","category-ultimas"],"yoast_head":"<!-- This site is optimized with the Yoast SEO plugin v27.1.1 - https:\/\/yoast.com\/product\/yoast-seo-wordpress\/ -->\n<title>Batida entre carro e caminh\u00e3o deixa uma pessoa morta ap\u00f3s ve\u00edculo ficar completamente destru\u00eddo - Brasil not\u00edcias<\/title>\n<meta name=\"robots\" content=\"index, follow, max-snippet:-1, max-image-preview:large, max-video-preview:-1\" \/>\n<link rel=\"canonical\" href=\"https:\/\/brasilnoticias.org\/site\/batida-entre-carro-e-caminhao-deixa-uma-pessoa-morta-apos-veiculo-ficar-completamente-destruido\/\" \/>\n<meta property=\"og:locale\" content=\"pt_PT\" \/>\n<meta property=\"og:type\" content=\"article\" \/>\n<meta property=\"og:title\" content=\"Batida entre carro e caminh\u00e3o deixa uma pessoa morta ap\u00f3s ve\u00edculo ficar completamente destru\u00eddo - Brasil not\u00edcias\" \/>\n<meta property=\"og:description\" content=\"Um acidente grave deixou uma pessoa morta, nesta segunda-feira (23), na BR-116, no anel rodovi\u00e1rio de Vit\u00f3ria da Conquista, no\" \/>\n<meta property=\"og:url\" content=\"https:\/\/brasilnoticias.org\/site\/batida-entre-carro-e-caminhao-deixa-uma-pessoa-morta-apos-veiculo-ficar-completamente-destruido\/\" \/>\n<meta property=\"og:site_name\" content=\"Brasil not\u00edcias\" \/>\n<meta property=\"article:published_time\" content=\"2023-01-24T21:00:21+00:00\" \/>\n<meta property=\"og:image\" content=\"https:\/\/brasilnoticias.org\/site\/wp-content\/uploads\/2023\/01\/acidente_NHvVYAJ_widelg.jpg\" \/>\n\t<meta property=\"og:image:width\" content=\"800\" \/>\n\t<meta property=\"og:image:height\" content=\"450\" \/>\n\t<meta property=\"og:image:type\" content=\"image\/jpeg\" \/>\n<meta name=\"author\" content=\"Reda\u00e7\u00e3o\" \/>\n<meta name=\"twitter:card\" content=\"summary_large_image\" \/>\n<meta name=\"twitter:label1\" content=\"Escrito por\" \/>\n\t<meta name=\"twitter:data1\" content=\"Reda\u00e7\u00e3o\" \/>\n\t<meta name=\"twitter:label2\" content=\"Tempo estimado de leitura\" \/>\n\t<meta name=\"twitter:data2\" content=\"1 minuto\" \/>\n<script type=\"application\/ld+json\" class=\"yoast-schema-graph\">{\"@context\":\"https:\/\/schema.org\",\"@graph\":[{\"@type\":\"Article\",\"@id\":\"https:\/\/brasilnoticias.org\/site\/batida-entre-carro-e-caminhao-deixa-uma-pessoa-morta-apos-veiculo-ficar-completamente-destruido\/#article\",\"isPartOf\":{\"@id\":\"https:\/\/brasilnoticias.org\/site\/batida-entre-carro-e-caminhao-deixa-uma-pessoa-morta-apos-veiculo-ficar-completamente-destruido\/\"},\"author\":{\"name\":\"Reda\u00e7\u00e3o\",\"@id\":\"https:\/\/brasilnoticias.org\/site\/#\/schema\/person\/a0e05b973ec4d15c658d51911e53507b\"},\"headline\":\"Batida entre carro e caminh\u00e3o deixa uma pessoa morta ap\u00f3s ve\u00edculo ficar completamente destru\u00eddo\",\"datePublished\":\"2023-01-24T21:00:21+00:00\",\"mainEntityOfPage\":{\"@id\":\"https:\/\/brasilnoticias.org\/site\/batida-entre-carro-e-caminhao-deixa-uma-pessoa-morta-apos-veiculo-ficar-completamente-destruido\/\"},\"wordCount\":156,\"commentCount\":0,\"publisher\":{\"@id\":\"https:\/\/brasilnoticias.org\/site\/#organization\"},\"image\":{\"@id\":\"https:\/\/brasilnoticias.org\/site\/batida-entre-carro-e-caminhao-deixa-uma-pessoa-morta-apos-veiculo-ficar-completamente-destruido\/#primaryimage\"},\"thumbnailUrl\":\"https:\/\/brasilnoticias.org\/site\/wp-content\/uploads\/2023\/01\/acidente_NHvVYAJ_widelg.jpg\",\"articleSection\":[\"Not\u00edcias\",\"\u00daltimas\"],\"inLanguage\":\"pt-PT\",\"potentialAction\":[{\"@type\":\"CommentAction\",\"name\":\"Comment\",\"target\":[\"https:\/\/brasilnoticias.org\/site\/batida-entre-carro-e-caminhao-deixa-uma-pessoa-morta-apos-veiculo-ficar-completamente-destruido\/#respond\"]}]},{\"@type\":\"WebPage\",\"@id\":\"https:\/\/brasilnoticias.org\/site\/batida-entre-carro-e-caminhao-deixa-uma-pessoa-morta-apos-veiculo-ficar-completamente-destruido\/\",\"url\":\"https:\/\/brasilnoticias.org\/site\/batida-entre-carro-e-caminhao-deixa-uma-pessoa-morta-apos-veiculo-ficar-completamente-destruido\/\",\"name\":\"Batida entre carro e caminh\u00e3o deixa uma pessoa morta ap\u00f3s ve\u00edculo ficar completamente destru\u00eddo - Brasil not\u00edcias\",\"isPartOf\":{\"@id\":\"https:\/\/brasilnoticias.org\/site\/#website\"},\"primaryImageOfPage\":{\"@id\":\"https:\/\/brasilnoticias.org\/site\/batida-entre-carro-e-caminhao-deixa-uma-pessoa-morta-apos-veiculo-ficar-completamente-destruido\/#primaryimage\"},\"image\":{\"@id\":\"https:\/\/brasilnoticias.org\/site\/batida-entre-carro-e-caminhao-deixa-uma-pessoa-morta-apos-veiculo-ficar-completamente-destruido\/#primaryimage\"},\"thumbnailUrl\":\"https:\/\/brasilnoticias.org\/site\/wp-content\/uploads\/2023\/01\/acidente_NHvVYAJ_widelg.jpg\",\"datePublished\":\"2023-01-24T21:00:21+00:00\",\"breadcrumb\":{\"@id\":\"https:\/\/brasilnoticias.org\/site\/batida-entre-carro-e-caminhao-deixa-uma-pessoa-morta-apos-veiculo-ficar-completamente-destruido\/#breadcrumb\"},\"inLanguage\":\"pt-PT\",\"potentialAction\":[{\"@type\":\"ReadAction\",\"target\":[\"https:\/\/brasilnoticias.org\/site\/batida-entre-carro-e-caminhao-deixa-uma-pessoa-morta-apos-veiculo-ficar-completamente-destruido\/\"]}]},{\"@type\":\"ImageObject\",\"inLanguage\":\"pt-PT\",\"@id\":\"https:\/\/brasilnoticias.org\/site\/batida-entre-carro-e-caminhao-deixa-uma-pessoa-morta-apos-veiculo-ficar-completamente-destruido\/#primaryimage\",\"url\":\"https:\/\/brasilnoticias.org\/site\/wp-content\/uploads\/2023\/01\/acidente_NHvVYAJ_widelg.jpg\",\"contentUrl\":\"https:\/\/brasilnoticias.org\/site\/wp-content\/uploads\/2023\/01\/acidente_NHvVYAJ_widelg.jpg\",\"width\":800,\"height\":450},{\"@type\":\"BreadcrumbList\",\"@id\":\"https:\/\/brasilnoticias.org\/site\/batida-entre-carro-e-caminhao-deixa-uma-pessoa-morta-apos-veiculo-ficar-completamente-destruido\/#breadcrumb\",\"itemListElement\":[{\"@type\":\"ListItem\",\"position\":1,\"name\":\"In\u00edcio\",\"item\":\"https:\/\/brasilnoticias.org\/site\/\"},{\"@type\":\"ListItem\",\"position\":2,\"name\":\"Batida entre carro e caminh\u00e3o deixa uma pessoa morta ap\u00f3s ve\u00edculo ficar completamente destru\u00eddo\"}]},{\"@type\":\"WebSite\",\"@id\":\"https:\/\/brasilnoticias.org\/site\/#website\",\"url\":\"https:\/\/brasilnoticias.org\/site\/\",\"name\":\"Brasil not\u00edcias\",\"description\":\"Brasil not\u00edcias\",\"publisher\":{\"@id\":\"https:\/\/brasilnoticias.org\/site\/#organization\"},\"potentialAction\":[{\"@type\":\"SearchAction\",\"target\":{\"@type\":\"EntryPoint\",\"urlTemplate\":\"https:\/\/brasilnoticias.org\/site\/?s={search_term_string}\"},\"query-input\":{\"@type\":\"PropertyValueSpecification\",\"valueRequired\":true,\"valueName\":\"search_term_string\"}}],\"inLanguage\":\"pt-PT\"},{\"@type\":\"Organization\",\"@id\":\"https:\/\/brasilnoticias.org\/site\/#organization\",\"name\":\"Brasil not\u00edcias\",\"url\":\"https:\/\/brasilnoticias.org\/site\/\",\"logo\":{\"@type\":\"ImageObject\",\"inLanguage\":\"pt-PT\",\"@id\":\"https:\/\/brasilnoticias.org\/site\/#\/schema\/logo\/image\/\",\"url\":\"https:\/\/brasilnoticias.org\/site\/wp-content\/uploads\/2022\/05\/cropped-brasilnoticias-mini.jpg\",\"contentUrl\":\"https:\/\/brasilnoticias.org\/site\/wp-content\/uploads\/2022\/05\/cropped-brasilnoticias-mini.jpg\",\"width\":314,\"height\":86,\"caption\":\"Brasil not\u00edcias\"},\"image\":{\"@id\":\"https:\/\/brasilnoticias.org\/site\/#\/schema\/logo\/image\/\"}},{\"@type\":\"Person\",\"@id\":\"https:\/\/brasilnoticias.org\/site\/#\/schema\/person\/a0e05b973ec4d15c658d51911e53507b\",\"name\":\"Reda\u00e7\u00e3o\",\"image\":{\"@type\":\"ImageObject\",\"inLanguage\":\"pt-PT\",\"@id\":\"https:\/\/brasilnoticias.org\/site\/#\/schema\/person\/image\/\",\"url\":\"https:\/\/secure.gravatar.com\/avatar\/75d8b050df2de108b08ae78dfb8e374892df24a383c67db9c46a9c604f6aee9c?s=96&d=mm&r=g\",\"contentUrl\":\"https:\/\/secure.gravatar.com\/avatar\/75d8b050df2de108b08ae78dfb8e374892df24a383c67db9c46a9c604f6aee9c?s=96&d=mm&r=g\",\"caption\":\"Reda\u00e7\u00e3o\"},\"sameAs\":[\"https:\/\/brasilnoticias.org\/site\"],\"url\":\"https:\/\/brasilnoticias.org\/site\/author\/fernandozsngmail-com\/\"}]}<\/script>\n<!-- \/ Yoast SEO plugin. -->","yoast_head_json":{"title":"Batida entre carro e caminh\u00e3o deixa uma pessoa morta ap\u00f3s ve\u00edculo ficar completamente destru\u00eddo - Brasil not\u00edcias","robots":{"index":"index","follow":"follow","max-snippet":"max-snippet:-1","max-image-preview":"max-image-preview:large","max-video-preview":"max-video-preview:-1"},"canonical":"https:\/\/brasilnoticias.org\/site\/batida-entre-carro-e-caminhao-deixa-uma-pessoa-morta-apos-veiculo-ficar-completamente-destruido\/","og_locale":"pt_PT","og_type":"article","og_title":"Batida entre carro e caminh\u00e3o deixa uma pessoa morta ap\u00f3s ve\u00edculo ficar completamente destru\u00eddo - Brasil not\u00edcias","og_description":"Um acidente grave deixou uma pessoa morta, nesta segunda-feira (23), na BR-116, no anel rodovi\u00e1rio de Vit\u00f3ria da Conquista, no","og_url":"https:\/\/brasilnoticias.org\/site\/batida-entre-carro-e-caminhao-deixa-uma-pessoa-morta-apos-veiculo-ficar-completamente-destruido\/","og_site_name":"Brasil not\u00edcias","article_published_time":"2023-01-24T21:00:21+00:00","og_image":[{"width":800,"height":450,"url":"https:\/\/brasilnoticias.org\/site\/wp-content\/uploads\/2023\/01\/acidente_NHvVYAJ_widelg.jpg","type":"image\/jpeg"}],"author":"Reda\u00e7\u00e3o","twitter_card":"summary_large_image","twitter_misc":{"Escrito por":"Reda\u00e7\u00e3o","Tempo estimado de leitura":"1 minuto"},"schema":{"@context":"https:\/\/schema.org","@graph":[{"@type":"Article","@id":"https:\/\/brasilnoticias.org\/site\/batida-entre-carro-e-caminhao-deixa-uma-pessoa-morta-apos-veiculo-ficar-completamente-destruido\/#article","isPartOf":{"@id":"https:\/\/brasilnoticias.org\/site\/batida-entre-carro-e-caminhao-deixa-uma-pessoa-morta-apos-veiculo-ficar-completamente-destruido\/"},"author":{"name":"Reda\u00e7\u00e3o","@id":"https:\/\/brasilnoticias.org\/site\/#\/schema\/person\/a0e05b973ec4d15c658d51911e53507b"},"headline":"Batida entre carro e caminh\u00e3o deixa uma pessoa morta ap\u00f3s ve\u00edculo ficar completamente destru\u00eddo","datePublished":"2023-01-24T21:00:21+00:00","mainEntityOfPage":{"@id":"https:\/\/brasilnoticias.org\/site\/batida-entre-carro-e-caminhao-deixa-uma-pessoa-morta-apos-veiculo-ficar-completamente-destruido\/"},"wordCount":156,"commentCount":0,"publisher":{"@id":"https:\/\/brasilnoticias.org\/site\/#organization"},"image":{"@id":"https:\/\/brasilnoticias.org\/site\/batida-entre-carro-e-caminhao-deixa-uma-pessoa-morta-apos-veiculo-ficar-completamente-destruido\/#primaryimage"},"thumbnailUrl":"https:\/\/brasilnoticias.org\/site\/wp-content\/uploads\/2023\/01\/acidente_NHvVYAJ_widelg.jpg","articleSection":["Not\u00edcias","\u00daltimas"],"inLanguage":"pt-PT","potentialAction":[{"@type":"CommentAction","name":"Comment","target":["https:\/\/brasilnoticias.org\/site\/batida-entre-carro-e-caminhao-deixa-uma-pessoa-morta-apos-veiculo-ficar-completamente-destruido\/#respond"]}]},{"@type":"WebPage","@id":"https:\/\/brasilnoticias.org\/site\/batida-entre-carro-e-caminhao-deixa-uma-pessoa-morta-apos-veiculo-ficar-completamente-destruido\/","url":"https:\/\/brasilnoticias.org\/site\/batida-entre-carro-e-caminhao-deixa-uma-pessoa-morta-apos-veiculo-ficar-completamente-destruido\/","name":"Batida entre carro e caminh\u00e3o deixa uma pessoa morta ap\u00f3s ve\u00edculo ficar completamente destru\u00eddo - Brasil not\u00edcias","isPartOf":{"@id":"https:\/\/brasilnoticias.org\/site\/#website"},"primaryImageOfPage":{"@id":"https:\/\/brasilnoticias.org\/site\/batida-entre-carro-e-caminhao-deixa-uma-pessoa-morta-apos-veiculo-ficar-completamente-destruido\/#primaryimage"},"image":{"@id":"https:\/\/brasilnoticias.org\/site\/batida-entre-carro-e-caminhao-deixa-uma-pessoa-morta-apos-veiculo-ficar-completamente-destruido\/#primaryimage"},"thumbnailUrl":"https:\/\/brasilnoticias.org\/site\/wp-content\/uploads\/2023\/01\/acidente_NHvVYAJ_widelg.jpg","datePublished":"2023-01-24T21:00:21+00:00","breadcrumb":{"@id":"https:\/\/brasilnoticias.org\/site\/batida-entre-carro-e-caminhao-deixa-uma-pessoa-morta-apos-veiculo-ficar-completamente-destruido\/#breadcrumb"},"inLanguage":"pt-PT","potentialAction":[{"@type":"ReadAction","target":["https:\/\/brasilnoticias.org\/site\/batida-entre-carro-e-caminhao-deixa-uma-pessoa-morta-apos-veiculo-ficar-completamente-destruido\/"]}]},{"@type":"ImageObject","inLanguage":"pt-PT","@id":"https:\/\/brasilnoticias.org\/site\/batida-entre-carro-e-caminhao-deixa-uma-pessoa-morta-apos-veiculo-ficar-completamente-destruido\/#primaryimage","url":"https:\/\/brasilnoticias.org\/site\/wp-content\/uploads\/2023\/01\/acidente_NHvVYAJ_widelg.jpg","contentUrl":"https:\/\/brasilnoticias.org\/site\/wp-content\/uploads\/2023\/01\/acidente_NHvVYAJ_widelg.jpg","width":800,"height":450},{"@type":"BreadcrumbList","@id":"https:\/\/brasilnoticias.org\/site\/batida-entre-carro-e-caminhao-deixa-uma-pessoa-morta-apos-veiculo-ficar-completamente-destruido\/#breadcrumb","itemListElement":[{"@type":"ListItem","position":1,"name":"In\u00edcio","item":"https:\/\/brasilnoticias.org\/site\/"},{"@type":"ListItem","position":2,"name":"Batida entre carro e caminh\u00e3o deixa uma pessoa morta ap\u00f3s ve\u00edculo ficar completamente destru\u00eddo"}]},{"@type":"WebSite","@id":"https:\/\/brasilnoticias.org\/site\/#website","url":"https:\/\/brasilnoticias.org\/site\/","name":"Brasil not\u00edcias","description":"Brasil not\u00edcias","publisher":{"@id":"https:\/\/brasilnoticias.org\/site\/#organization"},"potentialAction":[{"@type":"SearchAction","target":{"@type":"EntryPoint","urlTemplate":"https:\/\/brasilnoticias.org\/site\/?s={search_term_string}"},"query-input":{"@type":"PropertyValueSpecification","valueRequired":true,"valueName":"search_term_string"}}],"inLanguage":"pt-PT"},{"@type":"Organization","@id":"https:\/\/brasilnoticias.org\/site\/#organization","name":"Brasil not\u00edcias","url":"https:\/\/brasilnoticias.org\/site\/","logo":{"@type":"ImageObject","inLanguage":"pt-PT","@id":"https:\/\/brasilnoticias.org\/site\/#\/schema\/logo\/image\/","url":"https:\/\/brasilnoticias.org\/site\/wp-content\/uploads\/2022\/05\/cropped-brasilnoticias-mini.jpg","contentUrl":"https:\/\/brasilnoticias.org\/site\/wp-content\/uploads\/2022\/05\/cropped-brasilnoticias-mini.jpg","width":314,"height":86,"caption":"Brasil not\u00edcias"},"image":{"@id":"https:\/\/brasilnoticias.org\/site\/#\/schema\/logo\/image\/"}},{"@type":"Person","@id":"https:\/\/brasilnoticias.org\/site\/#\/schema\/person\/a0e05b973ec4d15c658d51911e53507b","name":"Reda\u00e7\u00e3o","image":{"@type":"ImageObject","inLanguage":"pt-PT","@id":"https:\/\/brasilnoticias.org\/site\/#\/schema\/person\/image\/","url":"https:\/\/secure.gravatar.com\/avatar\/75d8b050df2de108b08ae78dfb8e374892df24a383c67db9c46a9c604f6aee9c?s=96&d=mm&r=g","contentUrl":"https:\/\/secure.gravatar.com\/avatar\/75d8b050df2de108b08ae78dfb8e374892df24a383c67db9c46a9c604f6aee9c?s=96&d=mm&r=g","caption":"Reda\u00e7\u00e3o"},"sameAs":["https:\/\/brasilnoticias.org\/site"],"url":"https:\/\/brasilnoticias.org\/site\/author\/fernandozsngmail-com\/"}]}},"_links":{"self":[{"href":"https:\/\/brasilnoticias.org\/site\/wp-json\/wp\/v2\/posts\/3477","targetHints":{"allow":["GET"]}}],"collection":[{"href":"https:\/\/brasilnoticias.org\/site\/wp-json\/wp\/v2\/posts"}],"about":[{"href":"https:\/\/brasilnoticias.org\/site\/wp-json\/wp\/v2\/types\/post"}],"author":[{"embeddable":true,"href":"https:\/\/brasilnoticias.org\/site\/wp-json\/wp\/v2\/users\/1"}],"replies":[{"embeddable":true,"href":"https:\/\/brasilnoticias.org\/site\/wp-json\/wp\/v2\/comments?post=3477"}],"version-history":[{"count":1,"href":"https:\/\/brasilnoticias.org\/site\/wp-json\/wp\/v2\/posts\/3477\/revisions"}],"predecessor-version":[{"id":3479,"href":"https:\/\/brasilnoticias.org\/site\/wp-json\/wp\/v2\/posts\/3477\/revisions\/3479"}],"wp:featuredmedia":[{"embeddable":true,"href":"https:\/\/brasilnoticias.org\/site\/wp-json\/wp\/v2\/media\/3478"}],"wp:attachment":[{"href":"https:\/\/brasilnoticias.org\/site\/wp-json\/wp\/v2\/media?parent=3477"}],"wp:term":[{"taxonomy":"category","embeddable":true,"href":"https:\/\/brasilnoticias.org\/site\/wp-json\/wp\/v2\/categories?post=3477"},{"taxonomy":"post_tag","embeddable":true,"href":"https:\/\/brasilnoticias.org\/site\/wp-json\/wp\/v2\/tags?post=3477"}],"curies":[{"name":"wp","href":"https:\/\/api.w.org\/{rel}","templated":true}]}}