{"id":3483,"date":"2023-01-24T18:20:39","date_gmt":"2023-01-24T21:20:39","guid":{"rendered":"https:\/\/brasilnoticias.org\/site\/?p=3483"},"modified":"2023-01-24T14:42:42","modified_gmt":"2023-01-24T17:42:42","slug":"policia-afirma-que-aviao-que-caiu-no-mt-e-aeronave-roubada-em-teresina","status":"publish","type":"post","link":"https:\/\/brasilnoticias.org\/site\/policia-afirma-que-aviao-que-caiu-no-mt-e-aeronave-roubada-em-teresina\/","title":{"rendered":"Pol\u00edcia afirma que avi\u00e3o que caiu no MT \u00e9 aeronave roubada em Teresina"},"content":{"rendered":"<p>Um avi\u00e3o monomotor, que caiu neste domingo (22), em Juara, regi\u00e3o noroeste de Mato Grosso, \u00e9 uma aeronave que foi roubado dentro do Clube de Ultraleve do Piau\u00ed, na estada da Cacimba Velha, em Teresina, no dia 14 de janeiro. Segundo a publica\u00e7\u00e3o do G1, a informa\u00e7\u00e3o foi confirmada pela Pol\u00edcia Civil do Piau\u00ed.<\/p>\n<p>Ainda conforme a pol\u00edcia, h\u00e1 ind\u00edcios de que o avi\u00e3o roubado teria como destino a Bol\u00edvia. Contudo, realizou um pouso for\u00e7ado em uma \u00e1ra de pastagem, em uma fazenda localizada a 80 km da cidade de Juara, ap\u00f3s faltar combust\u00edvel na aeronave.<\/p>\n<p>O propriet\u00e1rio do ultraleve, o neurologista Jacinto Lay, teria recebido informa\u00e7\u00f5es da pol\u00edcia sobre o ocorrido. De acordo com a fam\u00edlia do m\u00e9dico, o piloto da aeronave deve se deslocar at\u00e9 o MT para verificar o avi\u00e3o.<\/p>\n<p>Em imagens divulgadas pelo m\u00e9dico nas redes sociais \u00e9 poss\u00edvel ver que a aeronave \u00e9 branca com detalhes em azul. Diferente da que caiu, que tem inscri\u00e7\u00f5es na cor vermelha.<\/p>\n<p>Contudo, a pol\u00edcia mato-grossense constatou que o avi\u00e3o que caiu foi pintado recentemente e que havia alguns adesivos na lataria, colocados provavelmente com o intuito de despistar as pol\u00edcias. Al\u00e9m disso, foi identificado que a plaqueta de identifica\u00e7\u00e3o da aeronave era divergente da que estava no avi\u00e3o.<\/p>\n<p>Tr\u00eas pessoas foram presas no domingo (22) suspeitas de darem apoio aos integrantes da aeronave. A Pol\u00edcia Civil de MT informou que a aeronave era tripulada por duas pessoas que seriam bolivianas e que elas tentaram fazer um pouso de emerg\u00eancia, mas perderam o controle e ca\u00edram. Essas pessoas deixam o local ap\u00f3s a queda e ainda n\u00e3o foram localizadas.<\/p>\n<p>Em imagens divulgadas pelo m\u00e9dico nas redes sociais \u00e9 poss\u00edvel ver que a aeronave \u00e9 branca com detalhes em azul. Diferente da que caiu, que tem inscri\u00e7\u00f5es na cor vermelha.<\/p>\n<p>Contudo, a pol\u00edcia mato-grossense constatou que o avi\u00e3o que caiu foi pintado recentemente e que havia alguns adesivos na lataria, colocados provavelmente com o intuito de despistar as pol\u00edcias. Al\u00e9m disso, foi identificado que a plaqueta de identifica\u00e7\u00e3o da aeronave era divergente da que estava no avi\u00e3o.<\/p>\n<p>Tr\u00eas pessoas foram presas no domingo (22) suspeitas de darem apoio aos integrantes da aeronave. A Pol\u00edcia Civil de MT informou que a aeronave era tripulada por duas pessoas que seriam bolivianas e que elas tentaram fazer um pouso de emerg\u00eancia, mas perderam o controle e ca\u00edram. Essas pessoas deixam o local ap\u00f3s a queda e ainda n\u00e3o foram localizadas.<\/p>\n<p>Foto Bnews<br \/>\nBnews<\/p>\n","protected":false},"excerpt":{"rendered":"<p>Um avi\u00e3o monomotor, que caiu neste domingo (22), em Juara, regi\u00e3o noroeste de Mato Grosso, \u00e9 uma aeronave que foi<\/p>\n","protected":false},"author":1,"featured_media":3484,"comment_status":"open","ping_status":"open","sticky":false,"template":"","format":"standard","meta":{"colormag_page_container_layout":"default_layout","colormag_page_sidebar_layout":"default_layout","_FSMCFIC_featured_image_caption":"","_FSMCFIC_featured_image_nocaption":"","_FSMCFIC_featured_image_hide":"","footnotes":""},"categories":[2,1],"tags":[],"class_list":["post-3483","post","type-post","status-publish","format-standard","has-post-thumbnail","hentry","category-noticias","category-ultimas"],"yoast_head":"<!-- This site is optimized with the Yoast SEO plugin v27.1.1 - https:\/\/yoast.com\/product\/yoast-seo-wordpress\/ -->\n<title>Pol\u00edcia afirma que avi\u00e3o que caiu no MT \u00e9 aeronave roubada em Teresina - Brasil not\u00edcias<\/title>\n<meta name=\"robots\" content=\"index, follow, max-snippet:-1, max-image-preview:large, max-video-preview:-1\" \/>\n<link rel=\"canonical\" href=\"https:\/\/brasilnoticias.org\/site\/policia-afirma-que-aviao-que-caiu-no-mt-e-aeronave-roubada-em-teresina\/\" \/>\n<meta property=\"og:locale\" content=\"pt_PT\" \/>\n<meta property=\"og:type\" content=\"article\" \/>\n<meta property=\"og:title\" content=\"Pol\u00edcia afirma que avi\u00e3o que caiu no MT \u00e9 aeronave roubada em Teresina - Brasil not\u00edcias\" \/>\n<meta property=\"og:description\" content=\"Um avi\u00e3o monomotor, que caiu neste domingo (22), em Juara, regi\u00e3o noroeste de Mato Grosso, \u00e9 uma aeronave que foi\" \/>\n<meta property=\"og:url\" content=\"https:\/\/brasilnoticias.org\/site\/policia-afirma-que-aviao-que-caiu-no-mt-e-aeronave-roubada-em-teresina\/\" \/>\n<meta property=\"og:site_name\" content=\"Brasil not\u00edcias\" \/>\n<meta property=\"article:published_time\" content=\"2023-01-24T21:20:39+00:00\" \/>\n<meta property=\"og:image\" content=\"https:\/\/brasilnoticias.org\/site\/wp-content\/uploads\/2023\/01\/sem_titulo_GrGjYbW_widelg.webp\" \/>\n\t<meta property=\"og:image:width\" content=\"478\" \/>\n\t<meta property=\"og:image:height\" content=\"258\" \/>\n\t<meta property=\"og:image:type\" content=\"image\/webp\" \/>\n<meta name=\"author\" content=\"Reda\u00e7\u00e3o\" \/>\n<meta name=\"twitter:card\" content=\"summary_large_image\" \/>\n<meta name=\"twitter:label1\" content=\"Escrito por\" \/>\n\t<meta name=\"twitter:data1\" content=\"Reda\u00e7\u00e3o\" \/>\n\t<meta name=\"twitter:label2\" content=\"Tempo estimado de leitura\" \/>\n\t<meta name=\"twitter:data2\" content=\"2 minutos\" \/>\n<script type=\"application\/ld+json\" class=\"yoast-schema-graph\">{\"@context\":\"https:\/\/schema.org\",\"@graph\":[{\"@type\":\"Article\",\"@id\":\"https:\/\/brasilnoticias.org\/site\/policia-afirma-que-aviao-que-caiu-no-mt-e-aeronave-roubada-em-teresina\/#article\",\"isPartOf\":{\"@id\":\"https:\/\/brasilnoticias.org\/site\/policia-afirma-que-aviao-que-caiu-no-mt-e-aeronave-roubada-em-teresina\/\"},\"author\":{\"name\":\"Reda\u00e7\u00e3o\",\"@id\":\"https:\/\/brasilnoticias.org\/site\/#\/schema\/person\/a0e05b973ec4d15c658d51911e53507b\"},\"headline\":\"Pol\u00edcia afirma que avi\u00e3o que caiu no MT \u00e9 aeronave roubada em Teresina\",\"datePublished\":\"2023-01-24T21:20:39+00:00\",\"mainEntityOfPage\":{\"@id\":\"https:\/\/brasilnoticias.org\/site\/policia-afirma-que-aviao-que-caiu-no-mt-e-aeronave-roubada-em-teresina\/\"},\"wordCount\":462,\"commentCount\":0,\"publisher\":{\"@id\":\"https:\/\/brasilnoticias.org\/site\/#organization\"},\"image\":{\"@id\":\"https:\/\/brasilnoticias.org\/site\/policia-afirma-que-aviao-que-caiu-no-mt-e-aeronave-roubada-em-teresina\/#primaryimage\"},\"thumbnailUrl\":\"https:\/\/brasilnoticias.org\/site\/wp-content\/uploads\/2023\/01\/sem_titulo_GrGjYbW_widelg.webp\",\"articleSection\":[\"Not\u00edcias\",\"\u00daltimas\"],\"inLanguage\":\"pt-PT\",\"potentialAction\":[{\"@type\":\"CommentAction\",\"name\":\"Comment\",\"target\":[\"https:\/\/brasilnoticias.org\/site\/policia-afirma-que-aviao-que-caiu-no-mt-e-aeronave-roubada-em-teresina\/#respond\"]}]},{\"@type\":\"WebPage\",\"@id\":\"https:\/\/brasilnoticias.org\/site\/policia-afirma-que-aviao-que-caiu-no-mt-e-aeronave-roubada-em-teresina\/\",\"url\":\"https:\/\/brasilnoticias.org\/site\/policia-afirma-que-aviao-que-caiu-no-mt-e-aeronave-roubada-em-teresina\/\",\"name\":\"Pol\u00edcia afirma que avi\u00e3o que caiu no MT \u00e9 aeronave roubada em Teresina - Brasil not\u00edcias\",\"isPartOf\":{\"@id\":\"https:\/\/brasilnoticias.org\/site\/#website\"},\"primaryImageOfPage\":{\"@id\":\"https:\/\/brasilnoticias.org\/site\/policia-afirma-que-aviao-que-caiu-no-mt-e-aeronave-roubada-em-teresina\/#primaryimage\"},\"image\":{\"@id\":\"https:\/\/brasilnoticias.org\/site\/policia-afirma-que-aviao-que-caiu-no-mt-e-aeronave-roubada-em-teresina\/#primaryimage\"},\"thumbnailUrl\":\"https:\/\/brasilnoticias.org\/site\/wp-content\/uploads\/2023\/01\/sem_titulo_GrGjYbW_widelg.webp\",\"datePublished\":\"2023-01-24T21:20:39+00:00\",\"breadcrumb\":{\"@id\":\"https:\/\/brasilnoticias.org\/site\/policia-afirma-que-aviao-que-caiu-no-mt-e-aeronave-roubada-em-teresina\/#breadcrumb\"},\"inLanguage\":\"pt-PT\",\"potentialAction\":[{\"@type\":\"ReadAction\",\"target\":[\"https:\/\/brasilnoticias.org\/site\/policia-afirma-que-aviao-que-caiu-no-mt-e-aeronave-roubada-em-teresina\/\"]}]},{\"@type\":\"ImageObject\",\"inLanguage\":\"pt-PT\",\"@id\":\"https:\/\/brasilnoticias.org\/site\/policia-afirma-que-aviao-que-caiu-no-mt-e-aeronave-roubada-em-teresina\/#primaryimage\",\"url\":\"https:\/\/brasilnoticias.org\/site\/wp-content\/uploads\/2023\/01\/sem_titulo_GrGjYbW_widelg.webp\",\"contentUrl\":\"https:\/\/brasilnoticias.org\/site\/wp-content\/uploads\/2023\/01\/sem_titulo_GrGjYbW_widelg.webp\",\"width\":478,\"height\":258},{\"@type\":\"BreadcrumbList\",\"@id\":\"https:\/\/brasilnoticias.org\/site\/policia-afirma-que-aviao-que-caiu-no-mt-e-aeronave-roubada-em-teresina\/#breadcrumb\",\"itemListElement\":[{\"@type\":\"ListItem\",\"position\":1,\"name\":\"In\u00edcio\",\"item\":\"https:\/\/brasilnoticias.org\/site\/\"},{\"@type\":\"ListItem\",\"position\":2,\"name\":\"Pol\u00edcia afirma que avi\u00e3o que caiu no MT \u00e9 aeronave roubada em Teresina\"}]},{\"@type\":\"WebSite\",\"@id\":\"https:\/\/brasilnoticias.org\/site\/#website\",\"url\":\"https:\/\/brasilnoticias.org\/site\/\",\"name\":\"Brasil not\u00edcias\",\"description\":\"Brasil not\u00edcias\",\"publisher\":{\"@id\":\"https:\/\/brasilnoticias.org\/site\/#organization\"},\"potentialAction\":[{\"@type\":\"SearchAction\",\"target\":{\"@type\":\"EntryPoint\",\"urlTemplate\":\"https:\/\/brasilnoticias.org\/site\/?s={search_term_string}\"},\"query-input\":{\"@type\":\"PropertyValueSpecification\",\"valueRequired\":true,\"valueName\":\"search_term_string\"}}],\"inLanguage\":\"pt-PT\"},{\"@type\":\"Organization\",\"@id\":\"https:\/\/brasilnoticias.org\/site\/#organization\",\"name\":\"Brasil not\u00edcias\",\"url\":\"https:\/\/brasilnoticias.org\/site\/\",\"logo\":{\"@type\":\"ImageObject\",\"inLanguage\":\"pt-PT\",\"@id\":\"https:\/\/brasilnoticias.org\/site\/#\/schema\/logo\/image\/\",\"url\":\"https:\/\/brasilnoticias.org\/site\/wp-content\/uploads\/2022\/05\/cropped-brasilnoticias-mini.jpg\",\"contentUrl\":\"https:\/\/brasilnoticias.org\/site\/wp-content\/uploads\/2022\/05\/cropped-brasilnoticias-mini.jpg\",\"width\":314,\"height\":86,\"caption\":\"Brasil not\u00edcias\"},\"image\":{\"@id\":\"https:\/\/brasilnoticias.org\/site\/#\/schema\/logo\/image\/\"}},{\"@type\":\"Person\",\"@id\":\"https:\/\/brasilnoticias.org\/site\/#\/schema\/person\/a0e05b973ec4d15c658d51911e53507b\",\"name\":\"Reda\u00e7\u00e3o\",\"image\":{\"@type\":\"ImageObject\",\"inLanguage\":\"pt-PT\",\"@id\":\"https:\/\/brasilnoticias.org\/site\/#\/schema\/person\/image\/\",\"url\":\"https:\/\/secure.gravatar.com\/avatar\/75d8b050df2de108b08ae78dfb8e374892df24a383c67db9c46a9c604f6aee9c?s=96&d=mm&r=g\",\"contentUrl\":\"https:\/\/secure.gravatar.com\/avatar\/75d8b050df2de108b08ae78dfb8e374892df24a383c67db9c46a9c604f6aee9c?s=96&d=mm&r=g\",\"caption\":\"Reda\u00e7\u00e3o\"},\"sameAs\":[\"https:\/\/brasilnoticias.org\/site\"],\"url\":\"https:\/\/brasilnoticias.org\/site\/author\/fernandozsngmail-com\/\"}]}<\/script>\n<!-- \/ Yoast SEO plugin. -->","yoast_head_json":{"title":"Pol\u00edcia afirma que avi\u00e3o que caiu no MT \u00e9 aeronave roubada em Teresina - Brasil not\u00edcias","robots":{"index":"index","follow":"follow","max-snippet":"max-snippet:-1","max-image-preview":"max-image-preview:large","max-video-preview":"max-video-preview:-1"},"canonical":"https:\/\/brasilnoticias.org\/site\/policia-afirma-que-aviao-que-caiu-no-mt-e-aeronave-roubada-em-teresina\/","og_locale":"pt_PT","og_type":"article","og_title":"Pol\u00edcia afirma que avi\u00e3o que caiu no MT \u00e9 aeronave roubada em Teresina - Brasil not\u00edcias","og_description":"Um avi\u00e3o monomotor, que caiu neste domingo (22), em Juara, regi\u00e3o noroeste de Mato Grosso, \u00e9 uma aeronave que foi","og_url":"https:\/\/brasilnoticias.org\/site\/policia-afirma-que-aviao-que-caiu-no-mt-e-aeronave-roubada-em-teresina\/","og_site_name":"Brasil not\u00edcias","article_published_time":"2023-01-24T21:20:39+00:00","og_image":[{"width":478,"height":258,"url":"https:\/\/brasilnoticias.org\/site\/wp-content\/uploads\/2023\/01\/sem_titulo_GrGjYbW_widelg.webp","type":"image\/webp"}],"author":"Reda\u00e7\u00e3o","twitter_card":"summary_large_image","twitter_misc":{"Escrito por":"Reda\u00e7\u00e3o","Tempo estimado de leitura":"2 minutos"},"schema":{"@context":"https:\/\/schema.org","@graph":[{"@type":"Article","@id":"https:\/\/brasilnoticias.org\/site\/policia-afirma-que-aviao-que-caiu-no-mt-e-aeronave-roubada-em-teresina\/#article","isPartOf":{"@id":"https:\/\/brasilnoticias.org\/site\/policia-afirma-que-aviao-que-caiu-no-mt-e-aeronave-roubada-em-teresina\/"},"author":{"name":"Reda\u00e7\u00e3o","@id":"https:\/\/brasilnoticias.org\/site\/#\/schema\/person\/a0e05b973ec4d15c658d51911e53507b"},"headline":"Pol\u00edcia afirma que avi\u00e3o que caiu no MT \u00e9 aeronave roubada em Teresina","datePublished":"2023-01-24T21:20:39+00:00","mainEntityOfPage":{"@id":"https:\/\/brasilnoticias.org\/site\/policia-afirma-que-aviao-que-caiu-no-mt-e-aeronave-roubada-em-teresina\/"},"wordCount":462,"commentCount":0,"publisher":{"@id":"https:\/\/brasilnoticias.org\/site\/#organization"},"image":{"@id":"https:\/\/brasilnoticias.org\/site\/policia-afirma-que-aviao-que-caiu-no-mt-e-aeronave-roubada-em-teresina\/#primaryimage"},"thumbnailUrl":"https:\/\/brasilnoticias.org\/site\/wp-content\/uploads\/2023\/01\/sem_titulo_GrGjYbW_widelg.webp","articleSection":["Not\u00edcias","\u00daltimas"],"inLanguage":"pt-PT","potentialAction":[{"@type":"CommentAction","name":"Comment","target":["https:\/\/brasilnoticias.org\/site\/policia-afirma-que-aviao-que-caiu-no-mt-e-aeronave-roubada-em-teresina\/#respond"]}]},{"@type":"WebPage","@id":"https:\/\/brasilnoticias.org\/site\/policia-afirma-que-aviao-que-caiu-no-mt-e-aeronave-roubada-em-teresina\/","url":"https:\/\/brasilnoticias.org\/site\/policia-afirma-que-aviao-que-caiu-no-mt-e-aeronave-roubada-em-teresina\/","name":"Pol\u00edcia afirma que avi\u00e3o que caiu no MT \u00e9 aeronave roubada em Teresina - Brasil not\u00edcias","isPartOf":{"@id":"https:\/\/brasilnoticias.org\/site\/#website"},"primaryImageOfPage":{"@id":"https:\/\/brasilnoticias.org\/site\/policia-afirma-que-aviao-que-caiu-no-mt-e-aeronave-roubada-em-teresina\/#primaryimage"},"image":{"@id":"https:\/\/brasilnoticias.org\/site\/policia-afirma-que-aviao-que-caiu-no-mt-e-aeronave-roubada-em-teresina\/#primaryimage"},"thumbnailUrl":"https:\/\/brasilnoticias.org\/site\/wp-content\/uploads\/2023\/01\/sem_titulo_GrGjYbW_widelg.webp","datePublished":"2023-01-24T21:20:39+00:00","breadcrumb":{"@id":"https:\/\/brasilnoticias.org\/site\/policia-afirma-que-aviao-que-caiu-no-mt-e-aeronave-roubada-em-teresina\/#breadcrumb"},"inLanguage":"pt-PT","potentialAction":[{"@type":"ReadAction","target":["https:\/\/brasilnoticias.org\/site\/policia-afirma-que-aviao-que-caiu-no-mt-e-aeronave-roubada-em-teresina\/"]}]},{"@type":"ImageObject","inLanguage":"pt-PT","@id":"https:\/\/brasilnoticias.org\/site\/policia-afirma-que-aviao-que-caiu-no-mt-e-aeronave-roubada-em-teresina\/#primaryimage","url":"https:\/\/brasilnoticias.org\/site\/wp-content\/uploads\/2023\/01\/sem_titulo_GrGjYbW_widelg.webp","contentUrl":"https:\/\/brasilnoticias.org\/site\/wp-content\/uploads\/2023\/01\/sem_titulo_GrGjYbW_widelg.webp","width":478,"height":258},{"@type":"BreadcrumbList","@id":"https:\/\/brasilnoticias.org\/site\/policia-afirma-que-aviao-que-caiu-no-mt-e-aeronave-roubada-em-teresina\/#breadcrumb","itemListElement":[{"@type":"ListItem","position":1,"name":"In\u00edcio","item":"https:\/\/brasilnoticias.org\/site\/"},{"@type":"ListItem","position":2,"name":"Pol\u00edcia afirma que avi\u00e3o que caiu no MT \u00e9 aeronave roubada em Teresina"}]},{"@type":"WebSite","@id":"https:\/\/brasilnoticias.org\/site\/#website","url":"https:\/\/brasilnoticias.org\/site\/","name":"Brasil not\u00edcias","description":"Brasil not\u00edcias","publisher":{"@id":"https:\/\/brasilnoticias.org\/site\/#organization"},"potentialAction":[{"@type":"SearchAction","target":{"@type":"EntryPoint","urlTemplate":"https:\/\/brasilnoticias.org\/site\/?s={search_term_string}"},"query-input":{"@type":"PropertyValueSpecification","valueRequired":true,"valueName":"search_term_string"}}],"inLanguage":"pt-PT"},{"@type":"Organization","@id":"https:\/\/brasilnoticias.org\/site\/#organization","name":"Brasil not\u00edcias","url":"https:\/\/brasilnoticias.org\/site\/","logo":{"@type":"ImageObject","inLanguage":"pt-PT","@id":"https:\/\/brasilnoticias.org\/site\/#\/schema\/logo\/image\/","url":"https:\/\/brasilnoticias.org\/site\/wp-content\/uploads\/2022\/05\/cropped-brasilnoticias-mini.jpg","contentUrl":"https:\/\/brasilnoticias.org\/site\/wp-content\/uploads\/2022\/05\/cropped-brasilnoticias-mini.jpg","width":314,"height":86,"caption":"Brasil not\u00edcias"},"image":{"@id":"https:\/\/brasilnoticias.org\/site\/#\/schema\/logo\/image\/"}},{"@type":"Person","@id":"https:\/\/brasilnoticias.org\/site\/#\/schema\/person\/a0e05b973ec4d15c658d51911e53507b","name":"Reda\u00e7\u00e3o","image":{"@type":"ImageObject","inLanguage":"pt-PT","@id":"https:\/\/brasilnoticias.org\/site\/#\/schema\/person\/image\/","url":"https:\/\/secure.gravatar.com\/avatar\/75d8b050df2de108b08ae78dfb8e374892df24a383c67db9c46a9c604f6aee9c?s=96&d=mm&r=g","contentUrl":"https:\/\/secure.gravatar.com\/avatar\/75d8b050df2de108b08ae78dfb8e374892df24a383c67db9c46a9c604f6aee9c?s=96&d=mm&r=g","caption":"Reda\u00e7\u00e3o"},"sameAs":["https:\/\/brasilnoticias.org\/site"],"url":"https:\/\/brasilnoticias.org\/site\/author\/fernandozsngmail-com\/"}]}},"_links":{"self":[{"href":"https:\/\/brasilnoticias.org\/site\/wp-json\/wp\/v2\/posts\/3483","targetHints":{"allow":["GET"]}}],"collection":[{"href":"https:\/\/brasilnoticias.org\/site\/wp-json\/wp\/v2\/posts"}],"about":[{"href":"https:\/\/brasilnoticias.org\/site\/wp-json\/wp\/v2\/types\/post"}],"author":[{"embeddable":true,"href":"https:\/\/brasilnoticias.org\/site\/wp-json\/wp\/v2\/users\/1"}],"replies":[{"embeddable":true,"href":"https:\/\/brasilnoticias.org\/site\/wp-json\/wp\/v2\/comments?post=3483"}],"version-history":[{"count":1,"href":"https:\/\/brasilnoticias.org\/site\/wp-json\/wp\/v2\/posts\/3483\/revisions"}],"predecessor-version":[{"id":3485,"href":"https:\/\/brasilnoticias.org\/site\/wp-json\/wp\/v2\/posts\/3483\/revisions\/3485"}],"wp:featuredmedia":[{"embeddable":true,"href":"https:\/\/brasilnoticias.org\/site\/wp-json\/wp\/v2\/media\/3484"}],"wp:attachment":[{"href":"https:\/\/brasilnoticias.org\/site\/wp-json\/wp\/v2\/media?parent=3483"}],"wp:term":[{"taxonomy":"category","embeddable":true,"href":"https:\/\/brasilnoticias.org\/site\/wp-json\/wp\/v2\/categories?post=3483"},{"taxonomy":"post_tag","embeddable":true,"href":"https:\/\/brasilnoticias.org\/site\/wp-json\/wp\/v2\/tags?post=3483"}],"curies":[{"name":"wp","href":"https:\/\/api.w.org\/{rel}","templated":true}]}}