{"id":3486,"date":"2023-01-24T18:30:21","date_gmt":"2023-01-24T21:30:21","guid":{"rendered":"https:\/\/brasilnoticias.org\/site\/?p=3486"},"modified":"2023-01-24T14:46:27","modified_gmt":"2023-01-24T17:46:27","slug":"homem-e-encontrado-morto-apos-troca-de-tiros-em-acao-policial-no-barbalho","status":"publish","type":"post","link":"https:\/\/brasilnoticias.org\/site\/homem-e-encontrado-morto-apos-troca-de-tiros-em-acao-policial-no-barbalho\/","title":{"rendered":"Homem \u00e9 encontrado morto ap\u00f3s troca de tiros em a\u00e7\u00e3o policial no Barbalho"},"content":{"rendered":"<p>Uma intensa troca de tiros tomou conta do bairro do Barbalho, em Salvador, na tarde desta segunda-feira (23) e, logo ap\u00f3s a a\u00e7\u00e3o, um homem foi encontrado morto, com marcas de disparos de arma de fogo, no mesmo bairro.<\/p>\n<p>Ao BNews, a Pol\u00edcia Militar informou que a\u00e7\u00f5es de policiamento ostensivo eram realizadas na Rua Doutor Rocha Leal, onde chegaram a encontrar uma arma de fogo e drogas. No local, eles foram surpreendidos por criminosos armados.<\/p>\n<p>Durante o patrulhamento, os militares avistaram um grupo de homens armados que, segundo a PM, passaram a efetuar disparos contra os policiais. Uma troca de tiros se iniciou, mas o grupo criminoso conseguiu fugir.<\/p>\n<p>No mesmo bairro, conforme a Pol\u00edcia Civil, um rapaz foi encontrado morto, v\u00edtima de disparos de arma de fogo. Identificado como Pablo Santos Lima, ele chegou a ser socorrido para o Hospital Ernesto Sim\u00f5es Filho, mas j\u00e1 chegou sem vida. Ainda n\u00e3o se sabe se o homem estava envolvido na troca de tiros, mas o caso est\u00e1 sendo investigado pela 3\u00aa Delegacia de Homic\u00eddios (DH\/BTS).<\/p>\n<p>Durante a varredura, foi encontrado um rev\u00f3lver calibre .38, 8 pinos de coca\u00edna, 13 embalagens de maconha, entre outros materiais.<\/p>\n<p>A ocorr\u00eancia foi registrada na Central de Flagrantes, onde todo material apreendido foi apresentado.<\/p>\n<p>Foto Divulga\u00e7\u00e3o\/SSP<br \/>\nNot\u00edcias ao minuto<\/p>\n","protected":false},"excerpt":{"rendered":"<p>Uma intensa troca de tiros tomou conta do bairro do Barbalho, em Salvador, na tarde desta segunda-feira (23) e, logo<\/p>\n","protected":false},"author":1,"featured_media":3487,"comment_status":"open","ping_status":"open","sticky":false,"template":"","format":"standard","meta":{"colormag_page_container_layout":"default_layout","colormag_page_sidebar_layout":"default_layout","_FSMCFIC_featured_image_caption":"","_FSMCFIC_featured_image_nocaption":"","_FSMCFIC_featured_image_hide":"","footnotes":""},"categories":[2,1],"tags":[],"class_list":["post-3486","post","type-post","status-publish","format-standard","has-post-thumbnail","hentry","category-noticias","category-ultimas"],"yoast_head":"<!-- This site is optimized with the Yoast SEO plugin v27.1.1 - https:\/\/yoast.com\/product\/yoast-seo-wordpress\/ -->\n<title>Homem \u00e9 encontrado morto ap\u00f3s troca de tiros em a\u00e7\u00e3o policial no Barbalho - Brasil not\u00edcias<\/title>\n<meta name=\"robots\" content=\"index, follow, max-snippet:-1, max-image-preview:large, max-video-preview:-1\" \/>\n<link rel=\"canonical\" href=\"https:\/\/brasilnoticias.org\/site\/homem-e-encontrado-morto-apos-troca-de-tiros-em-acao-policial-no-barbalho\/\" \/>\n<meta property=\"og:locale\" content=\"pt_PT\" \/>\n<meta property=\"og:type\" content=\"article\" \/>\n<meta property=\"og:title\" content=\"Homem \u00e9 encontrado morto ap\u00f3s troca de tiros em a\u00e7\u00e3o policial no Barbalho - Brasil not\u00edcias\" \/>\n<meta property=\"og:description\" content=\"Uma intensa troca de tiros tomou conta do bairro do Barbalho, em Salvador, na tarde desta segunda-feira (23) e, logo\" \/>\n<meta property=\"og:url\" content=\"https:\/\/brasilnoticias.org\/site\/homem-e-encontrado-morto-apos-troca-de-tiros-em-acao-policial-no-barbalho\/\" \/>\n<meta property=\"og:site_name\" content=\"Brasil not\u00edcias\" \/>\n<meta property=\"article:published_time\" content=\"2023-01-24T21:30:21+00:00\" \/>\n<meta property=\"og:image\" content=\"https:\/\/brasilnoticias.org\/site\/wp-content\/uploads\/2023\/01\/whatsapp_image_2023-01-24_at_13.59.44_widelg.jpeg\" \/>\n\t<meta property=\"og:image:width\" content=\"800\" \/>\n\t<meta property=\"og:image:height\" content=\"450\" \/>\n\t<meta property=\"og:image:type\" content=\"image\/jpeg\" \/>\n<meta name=\"author\" content=\"Reda\u00e7\u00e3o\" \/>\n<meta name=\"twitter:card\" content=\"summary_large_image\" \/>\n<meta name=\"twitter:label1\" content=\"Escrito por\" \/>\n\t<meta name=\"twitter:data1\" content=\"Reda\u00e7\u00e3o\" \/>\n\t<meta name=\"twitter:label2\" content=\"Tempo estimado de leitura\" \/>\n\t<meta name=\"twitter:data2\" content=\"1 minuto\" \/>\n<script type=\"application\/ld+json\" class=\"yoast-schema-graph\">{\"@context\":\"https:\/\/schema.org\",\"@graph\":[{\"@type\":\"Article\",\"@id\":\"https:\/\/brasilnoticias.org\/site\/homem-e-encontrado-morto-apos-troca-de-tiros-em-acao-policial-no-barbalho\/#article\",\"isPartOf\":{\"@id\":\"https:\/\/brasilnoticias.org\/site\/homem-e-encontrado-morto-apos-troca-de-tiros-em-acao-policial-no-barbalho\/\"},\"author\":{\"name\":\"Reda\u00e7\u00e3o\",\"@id\":\"https:\/\/brasilnoticias.org\/site\/#\/schema\/person\/a0e05b973ec4d15c658d51911e53507b\"},\"headline\":\"Homem \u00e9 encontrado morto ap\u00f3s troca de tiros em a\u00e7\u00e3o policial no Barbalho\",\"datePublished\":\"2023-01-24T21:30:21+00:00\",\"mainEntityOfPage\":{\"@id\":\"https:\/\/brasilnoticias.org\/site\/homem-e-encontrado-morto-apos-troca-de-tiros-em-acao-policial-no-barbalho\/\"},\"wordCount\":238,\"commentCount\":0,\"publisher\":{\"@id\":\"https:\/\/brasilnoticias.org\/site\/#organization\"},\"image\":{\"@id\":\"https:\/\/brasilnoticias.org\/site\/homem-e-encontrado-morto-apos-troca-de-tiros-em-acao-policial-no-barbalho\/#primaryimage\"},\"thumbnailUrl\":\"https:\/\/brasilnoticias.org\/site\/wp-content\/uploads\/2023\/01\/whatsapp_image_2023-01-24_at_13.59.44_widelg.jpeg\",\"articleSection\":[\"Not\u00edcias\",\"\u00daltimas\"],\"inLanguage\":\"pt-PT\",\"potentialAction\":[{\"@type\":\"CommentAction\",\"name\":\"Comment\",\"target\":[\"https:\/\/brasilnoticias.org\/site\/homem-e-encontrado-morto-apos-troca-de-tiros-em-acao-policial-no-barbalho\/#respond\"]}]},{\"@type\":\"WebPage\",\"@id\":\"https:\/\/brasilnoticias.org\/site\/homem-e-encontrado-morto-apos-troca-de-tiros-em-acao-policial-no-barbalho\/\",\"url\":\"https:\/\/brasilnoticias.org\/site\/homem-e-encontrado-morto-apos-troca-de-tiros-em-acao-policial-no-barbalho\/\",\"name\":\"Homem \u00e9 encontrado morto ap\u00f3s troca de tiros em a\u00e7\u00e3o policial no Barbalho - Brasil not\u00edcias\",\"isPartOf\":{\"@id\":\"https:\/\/brasilnoticias.org\/site\/#website\"},\"primaryImageOfPage\":{\"@id\":\"https:\/\/brasilnoticias.org\/site\/homem-e-encontrado-morto-apos-troca-de-tiros-em-acao-policial-no-barbalho\/#primaryimage\"},\"image\":{\"@id\":\"https:\/\/brasilnoticias.org\/site\/homem-e-encontrado-morto-apos-troca-de-tiros-em-acao-policial-no-barbalho\/#primaryimage\"},\"thumbnailUrl\":\"https:\/\/brasilnoticias.org\/site\/wp-content\/uploads\/2023\/01\/whatsapp_image_2023-01-24_at_13.59.44_widelg.jpeg\",\"datePublished\":\"2023-01-24T21:30:21+00:00\",\"breadcrumb\":{\"@id\":\"https:\/\/brasilnoticias.org\/site\/homem-e-encontrado-morto-apos-troca-de-tiros-em-acao-policial-no-barbalho\/#breadcrumb\"},\"inLanguage\":\"pt-PT\",\"potentialAction\":[{\"@type\":\"ReadAction\",\"target\":[\"https:\/\/brasilnoticias.org\/site\/homem-e-encontrado-morto-apos-troca-de-tiros-em-acao-policial-no-barbalho\/\"]}]},{\"@type\":\"ImageObject\",\"inLanguage\":\"pt-PT\",\"@id\":\"https:\/\/brasilnoticias.org\/site\/homem-e-encontrado-morto-apos-troca-de-tiros-em-acao-policial-no-barbalho\/#primaryimage\",\"url\":\"https:\/\/brasilnoticias.org\/site\/wp-content\/uploads\/2023\/01\/whatsapp_image_2023-01-24_at_13.59.44_widelg.jpeg\",\"contentUrl\":\"https:\/\/brasilnoticias.org\/site\/wp-content\/uploads\/2023\/01\/whatsapp_image_2023-01-24_at_13.59.44_widelg.jpeg\",\"width\":800,\"height\":450},{\"@type\":\"BreadcrumbList\",\"@id\":\"https:\/\/brasilnoticias.org\/site\/homem-e-encontrado-morto-apos-troca-de-tiros-em-acao-policial-no-barbalho\/#breadcrumb\",\"itemListElement\":[{\"@type\":\"ListItem\",\"position\":1,\"name\":\"In\u00edcio\",\"item\":\"https:\/\/brasilnoticias.org\/site\/\"},{\"@type\":\"ListItem\",\"position\":2,\"name\":\"Homem \u00e9 encontrado morto ap\u00f3s troca de tiros em a\u00e7\u00e3o policial no Barbalho\"}]},{\"@type\":\"WebSite\",\"@id\":\"https:\/\/brasilnoticias.org\/site\/#website\",\"url\":\"https:\/\/brasilnoticias.org\/site\/\",\"name\":\"Brasil not\u00edcias\",\"description\":\"Brasil not\u00edcias\",\"publisher\":{\"@id\":\"https:\/\/brasilnoticias.org\/site\/#organization\"},\"potentialAction\":[{\"@type\":\"SearchAction\",\"target\":{\"@type\":\"EntryPoint\",\"urlTemplate\":\"https:\/\/brasilnoticias.org\/site\/?s={search_term_string}\"},\"query-input\":{\"@type\":\"PropertyValueSpecification\",\"valueRequired\":true,\"valueName\":\"search_term_string\"}}],\"inLanguage\":\"pt-PT\"},{\"@type\":\"Organization\",\"@id\":\"https:\/\/brasilnoticias.org\/site\/#organization\",\"name\":\"Brasil not\u00edcias\",\"url\":\"https:\/\/brasilnoticias.org\/site\/\",\"logo\":{\"@type\":\"ImageObject\",\"inLanguage\":\"pt-PT\",\"@id\":\"https:\/\/brasilnoticias.org\/site\/#\/schema\/logo\/image\/\",\"url\":\"https:\/\/brasilnoticias.org\/site\/wp-content\/uploads\/2022\/05\/cropped-brasilnoticias-mini.jpg\",\"contentUrl\":\"https:\/\/brasilnoticias.org\/site\/wp-content\/uploads\/2022\/05\/cropped-brasilnoticias-mini.jpg\",\"width\":314,\"height\":86,\"caption\":\"Brasil not\u00edcias\"},\"image\":{\"@id\":\"https:\/\/brasilnoticias.org\/site\/#\/schema\/logo\/image\/\"}},{\"@type\":\"Person\",\"@id\":\"https:\/\/brasilnoticias.org\/site\/#\/schema\/person\/a0e05b973ec4d15c658d51911e53507b\",\"name\":\"Reda\u00e7\u00e3o\",\"image\":{\"@type\":\"ImageObject\",\"inLanguage\":\"pt-PT\",\"@id\":\"https:\/\/brasilnoticias.org\/site\/#\/schema\/person\/image\/\",\"url\":\"https:\/\/secure.gravatar.com\/avatar\/75d8b050df2de108b08ae78dfb8e374892df24a383c67db9c46a9c604f6aee9c?s=96&d=mm&r=g\",\"contentUrl\":\"https:\/\/secure.gravatar.com\/avatar\/75d8b050df2de108b08ae78dfb8e374892df24a383c67db9c46a9c604f6aee9c?s=96&d=mm&r=g\",\"caption\":\"Reda\u00e7\u00e3o\"},\"sameAs\":[\"https:\/\/brasilnoticias.org\/site\"],\"url\":\"https:\/\/brasilnoticias.org\/site\/author\/fernandozsngmail-com\/\"}]}<\/script>\n<!-- \/ Yoast SEO plugin. -->","yoast_head_json":{"title":"Homem \u00e9 encontrado morto ap\u00f3s troca de tiros em a\u00e7\u00e3o policial no Barbalho - Brasil not\u00edcias","robots":{"index":"index","follow":"follow","max-snippet":"max-snippet:-1","max-image-preview":"max-image-preview:large","max-video-preview":"max-video-preview:-1"},"canonical":"https:\/\/brasilnoticias.org\/site\/homem-e-encontrado-morto-apos-troca-de-tiros-em-acao-policial-no-barbalho\/","og_locale":"pt_PT","og_type":"article","og_title":"Homem \u00e9 encontrado morto ap\u00f3s troca de tiros em a\u00e7\u00e3o policial no Barbalho - Brasil not\u00edcias","og_description":"Uma intensa troca de tiros tomou conta do bairro do Barbalho, em Salvador, na tarde desta segunda-feira (23) e, logo","og_url":"https:\/\/brasilnoticias.org\/site\/homem-e-encontrado-morto-apos-troca-de-tiros-em-acao-policial-no-barbalho\/","og_site_name":"Brasil not\u00edcias","article_published_time":"2023-01-24T21:30:21+00:00","og_image":[{"width":800,"height":450,"url":"https:\/\/brasilnoticias.org\/site\/wp-content\/uploads\/2023\/01\/whatsapp_image_2023-01-24_at_13.59.44_widelg.jpeg","type":"image\/jpeg"}],"author":"Reda\u00e7\u00e3o","twitter_card":"summary_large_image","twitter_misc":{"Escrito por":"Reda\u00e7\u00e3o","Tempo estimado de leitura":"1 minuto"},"schema":{"@context":"https:\/\/schema.org","@graph":[{"@type":"Article","@id":"https:\/\/brasilnoticias.org\/site\/homem-e-encontrado-morto-apos-troca-de-tiros-em-acao-policial-no-barbalho\/#article","isPartOf":{"@id":"https:\/\/brasilnoticias.org\/site\/homem-e-encontrado-morto-apos-troca-de-tiros-em-acao-policial-no-barbalho\/"},"author":{"name":"Reda\u00e7\u00e3o","@id":"https:\/\/brasilnoticias.org\/site\/#\/schema\/person\/a0e05b973ec4d15c658d51911e53507b"},"headline":"Homem \u00e9 encontrado morto ap\u00f3s troca de tiros em a\u00e7\u00e3o policial no Barbalho","datePublished":"2023-01-24T21:30:21+00:00","mainEntityOfPage":{"@id":"https:\/\/brasilnoticias.org\/site\/homem-e-encontrado-morto-apos-troca-de-tiros-em-acao-policial-no-barbalho\/"},"wordCount":238,"commentCount":0,"publisher":{"@id":"https:\/\/brasilnoticias.org\/site\/#organization"},"image":{"@id":"https:\/\/brasilnoticias.org\/site\/homem-e-encontrado-morto-apos-troca-de-tiros-em-acao-policial-no-barbalho\/#primaryimage"},"thumbnailUrl":"https:\/\/brasilnoticias.org\/site\/wp-content\/uploads\/2023\/01\/whatsapp_image_2023-01-24_at_13.59.44_widelg.jpeg","articleSection":["Not\u00edcias","\u00daltimas"],"inLanguage":"pt-PT","potentialAction":[{"@type":"CommentAction","name":"Comment","target":["https:\/\/brasilnoticias.org\/site\/homem-e-encontrado-morto-apos-troca-de-tiros-em-acao-policial-no-barbalho\/#respond"]}]},{"@type":"WebPage","@id":"https:\/\/brasilnoticias.org\/site\/homem-e-encontrado-morto-apos-troca-de-tiros-em-acao-policial-no-barbalho\/","url":"https:\/\/brasilnoticias.org\/site\/homem-e-encontrado-morto-apos-troca-de-tiros-em-acao-policial-no-barbalho\/","name":"Homem \u00e9 encontrado morto ap\u00f3s troca de tiros em a\u00e7\u00e3o policial no Barbalho - Brasil not\u00edcias","isPartOf":{"@id":"https:\/\/brasilnoticias.org\/site\/#website"},"primaryImageOfPage":{"@id":"https:\/\/brasilnoticias.org\/site\/homem-e-encontrado-morto-apos-troca-de-tiros-em-acao-policial-no-barbalho\/#primaryimage"},"image":{"@id":"https:\/\/brasilnoticias.org\/site\/homem-e-encontrado-morto-apos-troca-de-tiros-em-acao-policial-no-barbalho\/#primaryimage"},"thumbnailUrl":"https:\/\/brasilnoticias.org\/site\/wp-content\/uploads\/2023\/01\/whatsapp_image_2023-01-24_at_13.59.44_widelg.jpeg","datePublished":"2023-01-24T21:30:21+00:00","breadcrumb":{"@id":"https:\/\/brasilnoticias.org\/site\/homem-e-encontrado-morto-apos-troca-de-tiros-em-acao-policial-no-barbalho\/#breadcrumb"},"inLanguage":"pt-PT","potentialAction":[{"@type":"ReadAction","target":["https:\/\/brasilnoticias.org\/site\/homem-e-encontrado-morto-apos-troca-de-tiros-em-acao-policial-no-barbalho\/"]}]},{"@type":"ImageObject","inLanguage":"pt-PT","@id":"https:\/\/brasilnoticias.org\/site\/homem-e-encontrado-morto-apos-troca-de-tiros-em-acao-policial-no-barbalho\/#primaryimage","url":"https:\/\/brasilnoticias.org\/site\/wp-content\/uploads\/2023\/01\/whatsapp_image_2023-01-24_at_13.59.44_widelg.jpeg","contentUrl":"https:\/\/brasilnoticias.org\/site\/wp-content\/uploads\/2023\/01\/whatsapp_image_2023-01-24_at_13.59.44_widelg.jpeg","width":800,"height":450},{"@type":"BreadcrumbList","@id":"https:\/\/brasilnoticias.org\/site\/homem-e-encontrado-morto-apos-troca-de-tiros-em-acao-policial-no-barbalho\/#breadcrumb","itemListElement":[{"@type":"ListItem","position":1,"name":"In\u00edcio","item":"https:\/\/brasilnoticias.org\/site\/"},{"@type":"ListItem","position":2,"name":"Homem \u00e9 encontrado morto ap\u00f3s troca de tiros em a\u00e7\u00e3o policial no Barbalho"}]},{"@type":"WebSite","@id":"https:\/\/brasilnoticias.org\/site\/#website","url":"https:\/\/brasilnoticias.org\/site\/","name":"Brasil not\u00edcias","description":"Brasil not\u00edcias","publisher":{"@id":"https:\/\/brasilnoticias.org\/site\/#organization"},"potentialAction":[{"@type":"SearchAction","target":{"@type":"EntryPoint","urlTemplate":"https:\/\/brasilnoticias.org\/site\/?s={search_term_string}"},"query-input":{"@type":"PropertyValueSpecification","valueRequired":true,"valueName":"search_term_string"}}],"inLanguage":"pt-PT"},{"@type":"Organization","@id":"https:\/\/brasilnoticias.org\/site\/#organization","name":"Brasil not\u00edcias","url":"https:\/\/brasilnoticias.org\/site\/","logo":{"@type":"ImageObject","inLanguage":"pt-PT","@id":"https:\/\/brasilnoticias.org\/site\/#\/schema\/logo\/image\/","url":"https:\/\/brasilnoticias.org\/site\/wp-content\/uploads\/2022\/05\/cropped-brasilnoticias-mini.jpg","contentUrl":"https:\/\/brasilnoticias.org\/site\/wp-content\/uploads\/2022\/05\/cropped-brasilnoticias-mini.jpg","width":314,"height":86,"caption":"Brasil not\u00edcias"},"image":{"@id":"https:\/\/brasilnoticias.org\/site\/#\/schema\/logo\/image\/"}},{"@type":"Person","@id":"https:\/\/brasilnoticias.org\/site\/#\/schema\/person\/a0e05b973ec4d15c658d51911e53507b","name":"Reda\u00e7\u00e3o","image":{"@type":"ImageObject","inLanguage":"pt-PT","@id":"https:\/\/brasilnoticias.org\/site\/#\/schema\/person\/image\/","url":"https:\/\/secure.gravatar.com\/avatar\/75d8b050df2de108b08ae78dfb8e374892df24a383c67db9c46a9c604f6aee9c?s=96&d=mm&r=g","contentUrl":"https:\/\/secure.gravatar.com\/avatar\/75d8b050df2de108b08ae78dfb8e374892df24a383c67db9c46a9c604f6aee9c?s=96&d=mm&r=g","caption":"Reda\u00e7\u00e3o"},"sameAs":["https:\/\/brasilnoticias.org\/site"],"url":"https:\/\/brasilnoticias.org\/site\/author\/fernandozsngmail-com\/"}]}},"_links":{"self":[{"href":"https:\/\/brasilnoticias.org\/site\/wp-json\/wp\/v2\/posts\/3486","targetHints":{"allow":["GET"]}}],"collection":[{"href":"https:\/\/brasilnoticias.org\/site\/wp-json\/wp\/v2\/posts"}],"about":[{"href":"https:\/\/brasilnoticias.org\/site\/wp-json\/wp\/v2\/types\/post"}],"author":[{"embeddable":true,"href":"https:\/\/brasilnoticias.org\/site\/wp-json\/wp\/v2\/users\/1"}],"replies":[{"embeddable":true,"href":"https:\/\/brasilnoticias.org\/site\/wp-json\/wp\/v2\/comments?post=3486"}],"version-history":[{"count":1,"href":"https:\/\/brasilnoticias.org\/site\/wp-json\/wp\/v2\/posts\/3486\/revisions"}],"predecessor-version":[{"id":3488,"href":"https:\/\/brasilnoticias.org\/site\/wp-json\/wp\/v2\/posts\/3486\/revisions\/3488"}],"wp:featuredmedia":[{"embeddable":true,"href":"https:\/\/brasilnoticias.org\/site\/wp-json\/wp\/v2\/media\/3487"}],"wp:attachment":[{"href":"https:\/\/brasilnoticias.org\/site\/wp-json\/wp\/v2\/media?parent=3486"}],"wp:term":[{"taxonomy":"category","embeddable":true,"href":"https:\/\/brasilnoticias.org\/site\/wp-json\/wp\/v2\/categories?post=3486"},{"taxonomy":"post_tag","embeddable":true,"href":"https:\/\/brasilnoticias.org\/site\/wp-json\/wp\/v2\/tags?post=3486"}],"curies":[{"name":"wp","href":"https:\/\/api.w.org\/{rel}","templated":true}]}}