{"id":3492,"date":"2023-01-25T07:10:46","date_gmt":"2023-01-25T10:10:46","guid":{"rendered":"https:\/\/brasilnoticias.org\/site\/?p=3492"},"modified":"2023-01-24T18:17:50","modified_gmt":"2023-01-24T21:17:50","slug":"oscar-anuncia-indicados-para-2023-veja-lista","status":"publish","type":"post","link":"https:\/\/brasilnoticias.org\/site\/oscar-anuncia-indicados-para-2023-veja-lista\/","title":{"rendered":"Oscar anuncia indicados para 2023; veja lista"},"content":{"rendered":"<p>A lista com os indicados para o Oscar 2023 foi anunciada na manh\u00e3 desta ter\u00e7a-feira (24) em uma cerim\u00f4nia. O evento come\u00e7a com um discurso de Janet Yang, presidente da Academia de Hollywood. Ela explica rapidamente quem vota em cada categoria e anuncia os apresentadores a atriz Alison Williams e o ator Riz Ahmed.<\/p>\n<p>Para o Brasil, o an\u00fancio n\u00e3o foi feliz. Havia dois filmes brasileiros entre os pr\u00e9-indicados, com chances de entrar na lista final: o document\u00e1rio &#8220;Territ\u00f3rio&#8221; e o curta-metragem &#8220;Sideral&#8221;. Eles n\u00e3o foram selecionados. &#8220;Marte um&#8221; , representante do Brasil para tentar uma indica\u00e7\u00e3o na categoria de Melhor Filme Internacional j\u00e1 n\u00e3o tinha chances. O filme n\u00e3o conseguiu uma vaga no top 15, com os semifinalistas ao pr\u00eamio. <\/p>\n<p>Veja a lista completa de indicados:<\/p>\n<p>Melhor Filme<br \/>\nNada de Novo no Front<br \/>\nAvatar: O Caminho da \u00c1gua<br \/>\nOs Banshees de Inisherin<br \/>\nElvis<br \/>\nTudo em Todo Lugar ao Mesmo Tempo<br \/>\nOs Fabelmans<br \/>\nT\u00e1r<br \/>\nTop Gun: Maverick<br \/>\nTri\u00e2ngulo da Tristeza<br \/>\nEntre Mulheres<\/p>\n<p>Melhor dire\u00e7\u00e3o<br \/>\nMartin McDonagh (Os Banshees de Inisherin)<br \/>\nDaniel Kwan e Daniel Scheinert (Tudo em Todo Lugar ao Mesmo Tempo)<br \/>\nSteven Spielberg (Os Fabelmans)<br \/>\nTodd Field (T\u00e1r)<br \/>\nRuben \u00d6stlund (Tri\u00e2ngulo da tristeza)<\/p>\n<p>Melhor atriz<br \/>\nCate Blanchett (T\u00e1r)<br \/>\nAna de Armas (Blonde)<br \/>\nAndrea Riseborough (To Leslie)<br \/>\nMichelle Williams (Os Fabelmans)<br \/>\nMichelle Yeoh (Tudo em Todo Lugar ao Mesmo Tempo)<\/p>\n<p>Melhor ator<br \/>\nColin Farrell (Os Banshees de Inisherin)<br \/>\nAustin Butler (Elvis)<br \/>\nBrendan Fraser (The Whale)<br \/>\nBill Nighy (Living)<br \/>\nPaul Mescal (Aftersun)<\/p>\n<p>Melhor atriz coadjuvante<br \/>\nAngela Basset (Pantera Negra: Wakanda para Sempre)<br \/>\nHong Chau (The Whale)<br \/>\nKerry Condon (Os Banshees de Inisherin)<br \/>\nStephanie Hsu (Tudo em Todo Lugar ao Mesmo Tempo)<br \/>\nJamie Lee Curtis (Tudo em Todo Lugar ao Mesmo Tempo)<\/p>\n<p>Melhor ator coadjuvante<br \/>\nBrendan Gleeson (Os Banshees of Inisherin)<br \/>\nBrian Tyree Henry (Causeway)<br \/>\nJudd Hirsch (Os Fabelmans)<br \/>\nBarry Keoghan (Os Banshees of Inisherin)<br \/>\nKe Huy Quan (Tudo em Todo Lugar ao Mesmo Tempo)<\/p>\n<p>Melhor roteiro original<br \/>\nOs Banshees de Inisherin<br \/>\nTudo em Todo Lugar ao Mesmo Tempo<br \/>\nOs Fabelmans<br \/>\nT\u00c1R<br \/>\nTri\u00e2ngulo da tristeza<\/p>\n<p>Melhor roteiro adaptado<br \/>\nNada de Novo no Front<br \/>\nGlass Onion: Um Mist\u00e9rio Knives Out<br \/>\nLiving<br \/>\nTop Gun: Maverick<br \/>\nEntre mulheres<\/p>\n<p>Melhor figurino<br \/>\nBabil\u00f4nia<br \/>\nPantera Negra: Wakanda para Sempre<br \/>\nElvis<br \/>\nTudo em Todo Lugar ao Mesmo Tempo<br \/>\nSra. Harris Vai a Paris<\/p>\n<p>Melhor curta de anima\u00e7\u00e3o<br \/>\nThe Boy, the Mole, the Fox, and the Horse<br \/>\nThe Flying Sailor<br \/>\nIce Merchants<br \/>\nMy Year of Dicks<br \/>\nAn Ostrich Told Me the World is Fake, and I Think I Believe It<\/p>\n<p>Melhor curta Live Action<br \/>\nAn Irish Goodbye<br \/>\nIvalu<br \/>\nLe Pupille<br \/>\nNight Ride<br \/>\nThe Red Suitcase<\/p>\n<p>Melhor som<br \/>\nNada de Novo no Front<br \/>\nAvatar: O Caminho da \u00c1gua<br \/>\nBatman<br \/>\nElvis<br \/>\nTop Gun: Maverick<\/p>\n<p>Melhor trilha sonora<br \/>\nNada de Novo no Front<br \/>\nBabil\u00f4nia<br \/>\nOs Banshees de Inisherin<br \/>\nTudo em Todo Lugar ao Mesmo Tempo<br \/>\nOs Fabelmans<\/p>\n<p>Melhor m\u00fasica original<br \/>\n&#8220;Applause&#8221;, de &#8220;Tell it like a woman&#8221;, m\u00fasica e letra de Diane Warren<br \/>\n&#8220;Hold my hand&#8221;, de &#8220;Top Gun: Maverick&#8221;, m\u00fasica e letra de Lady Gaga e Bloodpop<br \/>\n&#8220;Lift me up&#8221;, de &#8220;Pantera Negra: Wakanda Para Sempre&#8221;, m\u00fasica de Tems, Rihanna, Ryan Coogler e Ludwig Goransson, letra de Tems e Ryan Coogler<br \/>\n&#8220;Naatuu Naatu&#8221;, do filme &#8220;RRR&#8221;, m\u00fasica de M.M. Keeravaani, letra de Chandrabose<br \/>\n&#8220;This is life&#8221;, de &#8220;Tudo em todo lugar ao mesmo tempo&#8221;, m\u00fasica de Ryan Lott, David Byrne e Mitski, letra de Ryan Lott e David Byrne<\/p>\n<p>Melhor anima\u00e7\u00e3o<br \/>\nPin\u00f3quio por Guillermo del Toro<br \/>\nGato de Botas 2: O \u00daltimo Pedido<br \/>\nMarcel the Shell With Shoes On<br \/>\nA Fera do Mar<br \/>\nRed: Crescer \u00e9 uma Fera<\/p>\n<p>Melhor filme internacional<br \/>\nNada de Novo no Front<br \/>\nArgentina, 1985<br \/>\nClose<br \/>\nEo<br \/>\nThe Quiet Girl<\/p>\n<p>Melhor document\u00e1rio<br \/>\nAll That Breathes<br \/>\nAll the Beauty and the Bloodshed<br \/>\nVulc\u00f5es: A Trag\u00e9dia de Katia e Maurice Krafft<br \/>\nA House Made of Splinters<br \/>\nNavalny<\/p>\n<p>Melhor edi\u00e7\u00e3o<br \/>\nOs Banshees of Inisherin<br \/>\nElvis<br \/>\nTudo em Todo Lugar ao Mesmo Tempo<br \/>\nT\u00c1R<br \/>\nTop Gun: Maverick<\/p>\n<p>Melhor fotografia<br \/>\nNada de Novo no Front<br \/>\nBardo, Falsa Cr\u00f4nica de Algumas Verdades<br \/>\nElvis<br \/>\nImp\u00e9rio da Luz<br \/>\nT\u00c1R<\/p>\n<p>Melhor figurino<br \/>\nBabil\u00f4nia<br \/>\nPantera Negra: Wakanda para Sempre<br \/>\nElvis<br \/>\nTudo em Todo Lugar ao Mesmo Tempo<br \/>\nSra. Harris Vai a Paris<\/p>\n<p>Melhor maquiagem e penteados<br \/>\nNada de Novo no Front<br \/>\nThe Batman<br \/>\nPantera Negra: Wakanda para Sempre<br \/>\nElvis<br \/>\nThe Whale<\/p>\n<p>Melhor design de produ\u00e7\u00e3o<br \/>\nNada de Novo no Front<br \/>\nAvatar: O Caminho da \u00c1gua<br \/>\nBabil\u00f4nia<br \/>\nElvis<br \/>\nOs Fabelmans<\/p>\n<p>Foto: Reprodu\u00e7\u00e3o<br \/>\nPor: Metro1<\/p>\n","protected":false},"excerpt":{"rendered":"<p>A lista com os indicados para o Oscar 2023 foi anunciada na manh\u00e3 desta ter\u00e7a-feira (24) em uma cerim\u00f4nia. O<\/p>\n","protected":false},"author":1,"featured_media":3493,"comment_status":"open","ping_status":"open","sticky":false,"template":"","format":"standard","meta":{"colormag_page_container_layout":"default_layout","colormag_page_sidebar_layout":"default_layout","_FSMCFIC_featured_image_caption":"","_FSMCFIC_featured_image_nocaption":"","_FSMCFIC_featured_image_hide":"","footnotes":""},"categories":[2,1],"tags":[],"class_list":["post-3492","post","type-post","status-publish","format-standard","has-post-thumbnail","hentry","category-noticias","category-ultimas"],"yoast_head":"<!-- This site is optimized with the Yoast SEO plugin v27.1.1 - https:\/\/yoast.com\/product\/yoast-seo-wordpress\/ -->\n<title>Oscar anuncia indicados para 2023; veja lista - Brasil not\u00edcias<\/title>\n<meta name=\"robots\" content=\"index, follow, max-snippet:-1, max-image-preview:large, max-video-preview:-1\" \/>\n<link rel=\"canonical\" href=\"https:\/\/brasilnoticias.org\/site\/oscar-anuncia-indicados-para-2023-veja-lista\/\" \/>\n<meta property=\"og:locale\" content=\"pt_PT\" \/>\n<meta property=\"og:type\" content=\"article\" \/>\n<meta property=\"og:title\" content=\"Oscar anuncia indicados para 2023; veja lista - Brasil not\u00edcias\" \/>\n<meta property=\"og:description\" content=\"A lista com os indicados para o Oscar 2023 foi anunciada na manh\u00e3 desta ter\u00e7a-feira (24) em uma cerim\u00f4nia. O\" \/>\n<meta property=\"og:url\" content=\"https:\/\/brasilnoticias.org\/site\/oscar-anuncia-indicados-para-2023-veja-lista\/\" \/>\n<meta property=\"og:site_name\" content=\"Brasil not\u00edcias\" \/>\n<meta property=\"article:published_time\" content=\"2023-01-25T10:10:46+00:00\" \/>\n<meta property=\"og:image\" content=\"https:\/\/brasilnoticias.org\/site\/wp-content\/uploads\/2023\/01\/132632oscar-anuncia-indicados-para-2023-veja-lista-3.jpg\" \/>\n\t<meta property=\"og:image:width\" content=\"1600\" \/>\n\t<meta property=\"og:image:height\" content=\"752\" \/>\n\t<meta property=\"og:image:type\" content=\"image\/jpeg\" \/>\n<meta name=\"author\" content=\"Reda\u00e7\u00e3o\" \/>\n<meta name=\"twitter:card\" content=\"summary_large_image\" \/>\n<meta name=\"twitter:label1\" content=\"Escrito por\" \/>\n\t<meta name=\"twitter:data1\" content=\"Reda\u00e7\u00e3o\" \/>\n\t<meta name=\"twitter:label2\" content=\"Tempo estimado de leitura\" \/>\n\t<meta name=\"twitter:data2\" content=\"4 minutos\" \/>\n<script type=\"application\/ld+json\" class=\"yoast-schema-graph\">{\"@context\":\"https:\/\/schema.org\",\"@graph\":[{\"@type\":\"Article\",\"@id\":\"https:\/\/brasilnoticias.org\/site\/oscar-anuncia-indicados-para-2023-veja-lista\/#article\",\"isPartOf\":{\"@id\":\"https:\/\/brasilnoticias.org\/site\/oscar-anuncia-indicados-para-2023-veja-lista\/\"},\"author\":{\"name\":\"Reda\u00e7\u00e3o\",\"@id\":\"https:\/\/brasilnoticias.org\/site\/#\/schema\/person\/a0e05b973ec4d15c658d51911e53507b\"},\"headline\":\"Oscar anuncia indicados para 2023; veja lista\",\"datePublished\":\"2023-01-25T10:10:46+00:00\",\"mainEntityOfPage\":{\"@id\":\"https:\/\/brasilnoticias.org\/site\/oscar-anuncia-indicados-para-2023-veja-lista\/\"},\"wordCount\":769,\"commentCount\":0,\"publisher\":{\"@id\":\"https:\/\/brasilnoticias.org\/site\/#organization\"},\"image\":{\"@id\":\"https:\/\/brasilnoticias.org\/site\/oscar-anuncia-indicados-para-2023-veja-lista\/#primaryimage\"},\"thumbnailUrl\":\"https:\/\/brasilnoticias.org\/site\/wp-content\/uploads\/2023\/01\/132632oscar-anuncia-indicados-para-2023-veja-lista-3.jpg\",\"articleSection\":[\"Not\u00edcias\",\"\u00daltimas\"],\"inLanguage\":\"pt-PT\",\"potentialAction\":[{\"@type\":\"CommentAction\",\"name\":\"Comment\",\"target\":[\"https:\/\/brasilnoticias.org\/site\/oscar-anuncia-indicados-para-2023-veja-lista\/#respond\"]}]},{\"@type\":\"WebPage\",\"@id\":\"https:\/\/brasilnoticias.org\/site\/oscar-anuncia-indicados-para-2023-veja-lista\/\",\"url\":\"https:\/\/brasilnoticias.org\/site\/oscar-anuncia-indicados-para-2023-veja-lista\/\",\"name\":\"Oscar anuncia indicados para 2023; veja lista - Brasil not\u00edcias\",\"isPartOf\":{\"@id\":\"https:\/\/brasilnoticias.org\/site\/#website\"},\"primaryImageOfPage\":{\"@id\":\"https:\/\/brasilnoticias.org\/site\/oscar-anuncia-indicados-para-2023-veja-lista\/#primaryimage\"},\"image\":{\"@id\":\"https:\/\/brasilnoticias.org\/site\/oscar-anuncia-indicados-para-2023-veja-lista\/#primaryimage\"},\"thumbnailUrl\":\"https:\/\/brasilnoticias.org\/site\/wp-content\/uploads\/2023\/01\/132632oscar-anuncia-indicados-para-2023-veja-lista-3.jpg\",\"datePublished\":\"2023-01-25T10:10:46+00:00\",\"breadcrumb\":{\"@id\":\"https:\/\/brasilnoticias.org\/site\/oscar-anuncia-indicados-para-2023-veja-lista\/#breadcrumb\"},\"inLanguage\":\"pt-PT\",\"potentialAction\":[{\"@type\":\"ReadAction\",\"target\":[\"https:\/\/brasilnoticias.org\/site\/oscar-anuncia-indicados-para-2023-veja-lista\/\"]}]},{\"@type\":\"ImageObject\",\"inLanguage\":\"pt-PT\",\"@id\":\"https:\/\/brasilnoticias.org\/site\/oscar-anuncia-indicados-para-2023-veja-lista\/#primaryimage\",\"url\":\"https:\/\/brasilnoticias.org\/site\/wp-content\/uploads\/2023\/01\/132632oscar-anuncia-indicados-para-2023-veja-lista-3.jpg\",\"contentUrl\":\"https:\/\/brasilnoticias.org\/site\/wp-content\/uploads\/2023\/01\/132632oscar-anuncia-indicados-para-2023-veja-lista-3.jpg\",\"width\":1600,\"height\":752},{\"@type\":\"BreadcrumbList\",\"@id\":\"https:\/\/brasilnoticias.org\/site\/oscar-anuncia-indicados-para-2023-veja-lista\/#breadcrumb\",\"itemListElement\":[{\"@type\":\"ListItem\",\"position\":1,\"name\":\"In\u00edcio\",\"item\":\"https:\/\/brasilnoticias.org\/site\/\"},{\"@type\":\"ListItem\",\"position\":2,\"name\":\"Oscar anuncia indicados para 2023; veja lista\"}]},{\"@type\":\"WebSite\",\"@id\":\"https:\/\/brasilnoticias.org\/site\/#website\",\"url\":\"https:\/\/brasilnoticias.org\/site\/\",\"name\":\"Brasil not\u00edcias\",\"description\":\"Brasil not\u00edcias\",\"publisher\":{\"@id\":\"https:\/\/brasilnoticias.org\/site\/#organization\"},\"potentialAction\":[{\"@type\":\"SearchAction\",\"target\":{\"@type\":\"EntryPoint\",\"urlTemplate\":\"https:\/\/brasilnoticias.org\/site\/?s={search_term_string}\"},\"query-input\":{\"@type\":\"PropertyValueSpecification\",\"valueRequired\":true,\"valueName\":\"search_term_string\"}}],\"inLanguage\":\"pt-PT\"},{\"@type\":\"Organization\",\"@id\":\"https:\/\/brasilnoticias.org\/site\/#organization\",\"name\":\"Brasil not\u00edcias\",\"url\":\"https:\/\/brasilnoticias.org\/site\/\",\"logo\":{\"@type\":\"ImageObject\",\"inLanguage\":\"pt-PT\",\"@id\":\"https:\/\/brasilnoticias.org\/site\/#\/schema\/logo\/image\/\",\"url\":\"https:\/\/brasilnoticias.org\/site\/wp-content\/uploads\/2022\/05\/cropped-brasilnoticias-mini.jpg\",\"contentUrl\":\"https:\/\/brasilnoticias.org\/site\/wp-content\/uploads\/2022\/05\/cropped-brasilnoticias-mini.jpg\",\"width\":314,\"height\":86,\"caption\":\"Brasil not\u00edcias\"},\"image\":{\"@id\":\"https:\/\/brasilnoticias.org\/site\/#\/schema\/logo\/image\/\"}},{\"@type\":\"Person\",\"@id\":\"https:\/\/brasilnoticias.org\/site\/#\/schema\/person\/a0e05b973ec4d15c658d51911e53507b\",\"name\":\"Reda\u00e7\u00e3o\",\"image\":{\"@type\":\"ImageObject\",\"inLanguage\":\"pt-PT\",\"@id\":\"https:\/\/brasilnoticias.org\/site\/#\/schema\/person\/image\/\",\"url\":\"https:\/\/secure.gravatar.com\/avatar\/75d8b050df2de108b08ae78dfb8e374892df24a383c67db9c46a9c604f6aee9c?s=96&d=mm&r=g\",\"contentUrl\":\"https:\/\/secure.gravatar.com\/avatar\/75d8b050df2de108b08ae78dfb8e374892df24a383c67db9c46a9c604f6aee9c?s=96&d=mm&r=g\",\"caption\":\"Reda\u00e7\u00e3o\"},\"sameAs\":[\"https:\/\/brasilnoticias.org\/site\"],\"url\":\"https:\/\/brasilnoticias.org\/site\/author\/fernandozsngmail-com\/\"}]}<\/script>\n<!-- \/ Yoast SEO plugin. -->","yoast_head_json":{"title":"Oscar anuncia indicados para 2023; veja lista - Brasil not\u00edcias","robots":{"index":"index","follow":"follow","max-snippet":"max-snippet:-1","max-image-preview":"max-image-preview:large","max-video-preview":"max-video-preview:-1"},"canonical":"https:\/\/brasilnoticias.org\/site\/oscar-anuncia-indicados-para-2023-veja-lista\/","og_locale":"pt_PT","og_type":"article","og_title":"Oscar anuncia indicados para 2023; veja lista - Brasil not\u00edcias","og_description":"A lista com os indicados para o Oscar 2023 foi anunciada na manh\u00e3 desta ter\u00e7a-feira (24) em uma cerim\u00f4nia. O","og_url":"https:\/\/brasilnoticias.org\/site\/oscar-anuncia-indicados-para-2023-veja-lista\/","og_site_name":"Brasil not\u00edcias","article_published_time":"2023-01-25T10:10:46+00:00","og_image":[{"width":1600,"height":752,"url":"https:\/\/brasilnoticias.org\/site\/wp-content\/uploads\/2023\/01\/132632oscar-anuncia-indicados-para-2023-veja-lista-3.jpg","type":"image\/jpeg"}],"author":"Reda\u00e7\u00e3o","twitter_card":"summary_large_image","twitter_misc":{"Escrito por":"Reda\u00e7\u00e3o","Tempo estimado de leitura":"4 minutos"},"schema":{"@context":"https:\/\/schema.org","@graph":[{"@type":"Article","@id":"https:\/\/brasilnoticias.org\/site\/oscar-anuncia-indicados-para-2023-veja-lista\/#article","isPartOf":{"@id":"https:\/\/brasilnoticias.org\/site\/oscar-anuncia-indicados-para-2023-veja-lista\/"},"author":{"name":"Reda\u00e7\u00e3o","@id":"https:\/\/brasilnoticias.org\/site\/#\/schema\/person\/a0e05b973ec4d15c658d51911e53507b"},"headline":"Oscar anuncia indicados para 2023; veja lista","datePublished":"2023-01-25T10:10:46+00:00","mainEntityOfPage":{"@id":"https:\/\/brasilnoticias.org\/site\/oscar-anuncia-indicados-para-2023-veja-lista\/"},"wordCount":769,"commentCount":0,"publisher":{"@id":"https:\/\/brasilnoticias.org\/site\/#organization"},"image":{"@id":"https:\/\/brasilnoticias.org\/site\/oscar-anuncia-indicados-para-2023-veja-lista\/#primaryimage"},"thumbnailUrl":"https:\/\/brasilnoticias.org\/site\/wp-content\/uploads\/2023\/01\/132632oscar-anuncia-indicados-para-2023-veja-lista-3.jpg","articleSection":["Not\u00edcias","\u00daltimas"],"inLanguage":"pt-PT","potentialAction":[{"@type":"CommentAction","name":"Comment","target":["https:\/\/brasilnoticias.org\/site\/oscar-anuncia-indicados-para-2023-veja-lista\/#respond"]}]},{"@type":"WebPage","@id":"https:\/\/brasilnoticias.org\/site\/oscar-anuncia-indicados-para-2023-veja-lista\/","url":"https:\/\/brasilnoticias.org\/site\/oscar-anuncia-indicados-para-2023-veja-lista\/","name":"Oscar anuncia indicados para 2023; veja lista - Brasil not\u00edcias","isPartOf":{"@id":"https:\/\/brasilnoticias.org\/site\/#website"},"primaryImageOfPage":{"@id":"https:\/\/brasilnoticias.org\/site\/oscar-anuncia-indicados-para-2023-veja-lista\/#primaryimage"},"image":{"@id":"https:\/\/brasilnoticias.org\/site\/oscar-anuncia-indicados-para-2023-veja-lista\/#primaryimage"},"thumbnailUrl":"https:\/\/brasilnoticias.org\/site\/wp-content\/uploads\/2023\/01\/132632oscar-anuncia-indicados-para-2023-veja-lista-3.jpg","datePublished":"2023-01-25T10:10:46+00:00","breadcrumb":{"@id":"https:\/\/brasilnoticias.org\/site\/oscar-anuncia-indicados-para-2023-veja-lista\/#breadcrumb"},"inLanguage":"pt-PT","potentialAction":[{"@type":"ReadAction","target":["https:\/\/brasilnoticias.org\/site\/oscar-anuncia-indicados-para-2023-veja-lista\/"]}]},{"@type":"ImageObject","inLanguage":"pt-PT","@id":"https:\/\/brasilnoticias.org\/site\/oscar-anuncia-indicados-para-2023-veja-lista\/#primaryimage","url":"https:\/\/brasilnoticias.org\/site\/wp-content\/uploads\/2023\/01\/132632oscar-anuncia-indicados-para-2023-veja-lista-3.jpg","contentUrl":"https:\/\/brasilnoticias.org\/site\/wp-content\/uploads\/2023\/01\/132632oscar-anuncia-indicados-para-2023-veja-lista-3.jpg","width":1600,"height":752},{"@type":"BreadcrumbList","@id":"https:\/\/brasilnoticias.org\/site\/oscar-anuncia-indicados-para-2023-veja-lista\/#breadcrumb","itemListElement":[{"@type":"ListItem","position":1,"name":"In\u00edcio","item":"https:\/\/brasilnoticias.org\/site\/"},{"@type":"ListItem","position":2,"name":"Oscar anuncia indicados para 2023; veja lista"}]},{"@type":"WebSite","@id":"https:\/\/brasilnoticias.org\/site\/#website","url":"https:\/\/brasilnoticias.org\/site\/","name":"Brasil not\u00edcias","description":"Brasil not\u00edcias","publisher":{"@id":"https:\/\/brasilnoticias.org\/site\/#organization"},"potentialAction":[{"@type":"SearchAction","target":{"@type":"EntryPoint","urlTemplate":"https:\/\/brasilnoticias.org\/site\/?s={search_term_string}"},"query-input":{"@type":"PropertyValueSpecification","valueRequired":true,"valueName":"search_term_string"}}],"inLanguage":"pt-PT"},{"@type":"Organization","@id":"https:\/\/brasilnoticias.org\/site\/#organization","name":"Brasil not\u00edcias","url":"https:\/\/brasilnoticias.org\/site\/","logo":{"@type":"ImageObject","inLanguage":"pt-PT","@id":"https:\/\/brasilnoticias.org\/site\/#\/schema\/logo\/image\/","url":"https:\/\/brasilnoticias.org\/site\/wp-content\/uploads\/2022\/05\/cropped-brasilnoticias-mini.jpg","contentUrl":"https:\/\/brasilnoticias.org\/site\/wp-content\/uploads\/2022\/05\/cropped-brasilnoticias-mini.jpg","width":314,"height":86,"caption":"Brasil not\u00edcias"},"image":{"@id":"https:\/\/brasilnoticias.org\/site\/#\/schema\/logo\/image\/"}},{"@type":"Person","@id":"https:\/\/brasilnoticias.org\/site\/#\/schema\/person\/a0e05b973ec4d15c658d51911e53507b","name":"Reda\u00e7\u00e3o","image":{"@type":"ImageObject","inLanguage":"pt-PT","@id":"https:\/\/brasilnoticias.org\/site\/#\/schema\/person\/image\/","url":"https:\/\/secure.gravatar.com\/avatar\/75d8b050df2de108b08ae78dfb8e374892df24a383c67db9c46a9c604f6aee9c?s=96&d=mm&r=g","contentUrl":"https:\/\/secure.gravatar.com\/avatar\/75d8b050df2de108b08ae78dfb8e374892df24a383c67db9c46a9c604f6aee9c?s=96&d=mm&r=g","caption":"Reda\u00e7\u00e3o"},"sameAs":["https:\/\/brasilnoticias.org\/site"],"url":"https:\/\/brasilnoticias.org\/site\/author\/fernandozsngmail-com\/"}]}},"_links":{"self":[{"href":"https:\/\/brasilnoticias.org\/site\/wp-json\/wp\/v2\/posts\/3492","targetHints":{"allow":["GET"]}}],"collection":[{"href":"https:\/\/brasilnoticias.org\/site\/wp-json\/wp\/v2\/posts"}],"about":[{"href":"https:\/\/brasilnoticias.org\/site\/wp-json\/wp\/v2\/types\/post"}],"author":[{"embeddable":true,"href":"https:\/\/brasilnoticias.org\/site\/wp-json\/wp\/v2\/users\/1"}],"replies":[{"embeddable":true,"href":"https:\/\/brasilnoticias.org\/site\/wp-json\/wp\/v2\/comments?post=3492"}],"version-history":[{"count":1,"href":"https:\/\/brasilnoticias.org\/site\/wp-json\/wp\/v2\/posts\/3492\/revisions"}],"predecessor-version":[{"id":3494,"href":"https:\/\/brasilnoticias.org\/site\/wp-json\/wp\/v2\/posts\/3492\/revisions\/3494"}],"wp:featuredmedia":[{"embeddable":true,"href":"https:\/\/brasilnoticias.org\/site\/wp-json\/wp\/v2\/media\/3493"}],"wp:attachment":[{"href":"https:\/\/brasilnoticias.org\/site\/wp-json\/wp\/v2\/media?parent=3492"}],"wp:term":[{"taxonomy":"category","embeddable":true,"href":"https:\/\/brasilnoticias.org\/site\/wp-json\/wp\/v2\/categories?post=3492"},{"taxonomy":"post_tag","embeddable":true,"href":"https:\/\/brasilnoticias.org\/site\/wp-json\/wp\/v2\/tags?post=3492"}],"curies":[{"name":"wp","href":"https:\/\/api.w.org\/{rel}","templated":true}]}}