{"id":3495,"date":"2023-01-25T07:20:12","date_gmt":"2023-01-25T10:20:12","guid":{"rendered":"https:\/\/brasilnoticias.org\/site\/?p=3495"},"modified":"2023-01-24T18:19:37","modified_gmt":"2023-01-24T21:19:37","slug":"rui-costa-confirma-que-abin-deve-ser-transferida-da-gsi-para-a-casa-civil","status":"publish","type":"post","link":"https:\/\/brasilnoticias.org\/site\/rui-costa-confirma-que-abin-deve-ser-transferida-da-gsi-para-a-casa-civil\/","title":{"rendered":"Rui Costa confirma que Abin deve ser transferida da GSI para a Casa Civil"},"content":{"rendered":"<p>O ministro Rui Costa (PT), nesta ter\u00e7a-feira (24), confirmou que a Ag\u00eancia Brasileira de Intelig\u00eancia (Abin) deve passar por um processo de transi\u00e7\u00e3o e sair do Gabinete de Seguran\u00e7a Institucional (GSI) para a Casa Civil. <\/p>\n<p>Apesar de ter divulgado que a Abin n\u00e3o permanecer\u00e1 no GSI, o petista n\u00e3o divulgou quando exatamente esta mudan\u00e7a ocorrer\u00e1. \u201cEstamos discutindo um novo formato de v\u00ednculos e fluxos para melhorar a qualidade da informa\u00e7\u00e3o que o presidente recebe. Est\u00e3o sendo analisados modelos e estruturas e em breve [a altera\u00e7\u00e3o] ser\u00e1 anunciada\u201d, afirmou o ministro para o portal Metr\u00f3poles.<\/p>\n<p>Vale ressaltar que, anteriormente, o governo do presidente Luiz In\u00e1cio Lula da Silva (PT) j\u00e1 tinha pensado na transi\u00e7\u00e3o do servi\u00e7o de intelig\u00eancia, no entanto, a decis\u00e3o foi impulsionada por conta dos atos antidemocr\u00e1ticos realizados por apoiadores radicais do ex-presidente Jair Bolsonaro (PL) que ocorreram na Pra\u00e7a dos Tr\u00eas Poderes, no dia 08 de janeiro deste ano.<\/p>\n<p>Em sua primeira entrevista de 2023, Lula declarou que apesar do Brasil contar com a intelig\u00eancia do GSI, da Abin, do Ex\u00e9rcito, da Marinha e da Aeron\u00e1utica, &#8220;nenhuma dessas intelig\u00eancias serviu para avisar ao presidente da Rep\u00fablica&#8221; sobre a invas\u00e3o na Esplanada dos Minist\u00e9rios por extremistas.<\/p>\n<p>Foto: Reprodu\u00e7\u00e3o\/F\u00e1bio Rodrigues Pozzebom\/Ag\u00eancia Brasil<br \/>\nPor: Metro1 <\/p>\n","protected":false},"excerpt":{"rendered":"<p>O ministro Rui Costa (PT), nesta ter\u00e7a-feira (24), confirmou que a Ag\u00eancia Brasileira de Intelig\u00eancia (Abin) deve passar por um<\/p>\n","protected":false},"author":1,"featured_media":3496,"comment_status":"open","ping_status":"open","sticky":false,"template":"","format":"standard","meta":{"colormag_page_container_layout":"default_layout","colormag_page_sidebar_layout":"default_layout","_FSMCFIC_featured_image_caption":"","_FSMCFIC_featured_image_nocaption":"","_FSMCFIC_featured_image_hide":"","footnotes":""},"categories":[5],"tags":[],"class_list":["post-3495","post","type-post","status-publish","format-standard","has-post-thumbnail","hentry","category-politica"],"yoast_head":"<!-- This site is optimized with the Yoast SEO plugin v27.1.1 - https:\/\/yoast.com\/product\/yoast-seo-wordpress\/ -->\n<title>Rui Costa confirma que Abin deve ser transferida da GSI para a Casa Civil - Brasil not\u00edcias<\/title>\n<meta name=\"robots\" content=\"index, follow, max-snippet:-1, max-image-preview:large, max-video-preview:-1\" \/>\n<link rel=\"canonical\" href=\"https:\/\/brasilnoticias.org\/site\/rui-costa-confirma-que-abin-deve-ser-transferida-da-gsi-para-a-casa-civil\/\" \/>\n<meta property=\"og:locale\" content=\"pt_PT\" \/>\n<meta property=\"og:type\" content=\"article\" \/>\n<meta property=\"og:title\" content=\"Rui Costa confirma que Abin deve ser transferida da GSI para a Casa Civil - Brasil not\u00edcias\" \/>\n<meta property=\"og:description\" content=\"O ministro Rui Costa (PT), nesta ter\u00e7a-feira (24), confirmou que a Ag\u00eancia Brasileira de Intelig\u00eancia (Abin) deve passar por um\" \/>\n<meta property=\"og:url\" content=\"https:\/\/brasilnoticias.org\/site\/rui-costa-confirma-que-abin-deve-ser-transferida-da-gsi-para-a-casa-civil\/\" \/>\n<meta property=\"og:site_name\" content=\"Brasil not\u00edcias\" \/>\n<meta property=\"article:published_time\" content=\"2023-01-25T10:20:12+00:00\" \/>\n<meta property=\"og:image\" content=\"https:\/\/brasilnoticias.org\/site\/wp-content\/uploads\/2023\/01\/132638rui-costa-confirma-que-abin-deve-ser-transferida-da-gsi-para-a-casa-civil-3.jpg\" \/>\n\t<meta property=\"og:image:width\" content=\"1600\" \/>\n\t<meta property=\"og:image:height\" content=\"752\" \/>\n\t<meta property=\"og:image:type\" content=\"image\/jpeg\" \/>\n<meta name=\"author\" content=\"Reda\u00e7\u00e3o\" \/>\n<meta name=\"twitter:card\" content=\"summary_large_image\" \/>\n<meta name=\"twitter:label1\" content=\"Escrito por\" \/>\n\t<meta name=\"twitter:data1\" content=\"Reda\u00e7\u00e3o\" \/>\n\t<meta name=\"twitter:label2\" content=\"Tempo estimado de leitura\" \/>\n\t<meta name=\"twitter:data2\" content=\"1 minuto\" \/>\n<script type=\"application\/ld+json\" class=\"yoast-schema-graph\">{\"@context\":\"https:\/\/schema.org\",\"@graph\":[{\"@type\":\"Article\",\"@id\":\"https:\/\/brasilnoticias.org\/site\/rui-costa-confirma-que-abin-deve-ser-transferida-da-gsi-para-a-casa-civil\/#article\",\"isPartOf\":{\"@id\":\"https:\/\/brasilnoticias.org\/site\/rui-costa-confirma-que-abin-deve-ser-transferida-da-gsi-para-a-casa-civil\/\"},\"author\":{\"name\":\"Reda\u00e7\u00e3o\",\"@id\":\"https:\/\/brasilnoticias.org\/site\/#\/schema\/person\/a0e05b973ec4d15c658d51911e53507b\"},\"headline\":\"Rui Costa confirma que Abin deve ser transferida da GSI para a Casa Civil\",\"datePublished\":\"2023-01-25T10:20:12+00:00\",\"mainEntityOfPage\":{\"@id\":\"https:\/\/brasilnoticias.org\/site\/rui-costa-confirma-que-abin-deve-ser-transferida-da-gsi-para-a-casa-civil\/\"},\"wordCount\":248,\"commentCount\":0,\"publisher\":{\"@id\":\"https:\/\/brasilnoticias.org\/site\/#organization\"},\"image\":{\"@id\":\"https:\/\/brasilnoticias.org\/site\/rui-costa-confirma-que-abin-deve-ser-transferida-da-gsi-para-a-casa-civil\/#primaryimage\"},\"thumbnailUrl\":\"https:\/\/brasilnoticias.org\/site\/wp-content\/uploads\/2023\/01\/132638rui-costa-confirma-que-abin-deve-ser-transferida-da-gsi-para-a-casa-civil-3.jpg\",\"articleSection\":[\"Pol\u00edtica\"],\"inLanguage\":\"pt-PT\",\"potentialAction\":[{\"@type\":\"CommentAction\",\"name\":\"Comment\",\"target\":[\"https:\/\/brasilnoticias.org\/site\/rui-costa-confirma-que-abin-deve-ser-transferida-da-gsi-para-a-casa-civil\/#respond\"]}]},{\"@type\":\"WebPage\",\"@id\":\"https:\/\/brasilnoticias.org\/site\/rui-costa-confirma-que-abin-deve-ser-transferida-da-gsi-para-a-casa-civil\/\",\"url\":\"https:\/\/brasilnoticias.org\/site\/rui-costa-confirma-que-abin-deve-ser-transferida-da-gsi-para-a-casa-civil\/\",\"name\":\"Rui Costa confirma que Abin deve ser transferida da GSI para a Casa Civil - Brasil not\u00edcias\",\"isPartOf\":{\"@id\":\"https:\/\/brasilnoticias.org\/site\/#website\"},\"primaryImageOfPage\":{\"@id\":\"https:\/\/brasilnoticias.org\/site\/rui-costa-confirma-que-abin-deve-ser-transferida-da-gsi-para-a-casa-civil\/#primaryimage\"},\"image\":{\"@id\":\"https:\/\/brasilnoticias.org\/site\/rui-costa-confirma-que-abin-deve-ser-transferida-da-gsi-para-a-casa-civil\/#primaryimage\"},\"thumbnailUrl\":\"https:\/\/brasilnoticias.org\/site\/wp-content\/uploads\/2023\/01\/132638rui-costa-confirma-que-abin-deve-ser-transferida-da-gsi-para-a-casa-civil-3.jpg\",\"datePublished\":\"2023-01-25T10:20:12+00:00\",\"breadcrumb\":{\"@id\":\"https:\/\/brasilnoticias.org\/site\/rui-costa-confirma-que-abin-deve-ser-transferida-da-gsi-para-a-casa-civil\/#breadcrumb\"},\"inLanguage\":\"pt-PT\",\"potentialAction\":[{\"@type\":\"ReadAction\",\"target\":[\"https:\/\/brasilnoticias.org\/site\/rui-costa-confirma-que-abin-deve-ser-transferida-da-gsi-para-a-casa-civil\/\"]}]},{\"@type\":\"ImageObject\",\"inLanguage\":\"pt-PT\",\"@id\":\"https:\/\/brasilnoticias.org\/site\/rui-costa-confirma-que-abin-deve-ser-transferida-da-gsi-para-a-casa-civil\/#primaryimage\",\"url\":\"https:\/\/brasilnoticias.org\/site\/wp-content\/uploads\/2023\/01\/132638rui-costa-confirma-que-abin-deve-ser-transferida-da-gsi-para-a-casa-civil-3.jpg\",\"contentUrl\":\"https:\/\/brasilnoticias.org\/site\/wp-content\/uploads\/2023\/01\/132638rui-costa-confirma-que-abin-deve-ser-transferida-da-gsi-para-a-casa-civil-3.jpg\",\"width\":1600,\"height\":752},{\"@type\":\"BreadcrumbList\",\"@id\":\"https:\/\/brasilnoticias.org\/site\/rui-costa-confirma-que-abin-deve-ser-transferida-da-gsi-para-a-casa-civil\/#breadcrumb\",\"itemListElement\":[{\"@type\":\"ListItem\",\"position\":1,\"name\":\"In\u00edcio\",\"item\":\"https:\/\/brasilnoticias.org\/site\/\"},{\"@type\":\"ListItem\",\"position\":2,\"name\":\"Rui Costa confirma que Abin deve ser transferida da GSI para a Casa Civil\"}]},{\"@type\":\"WebSite\",\"@id\":\"https:\/\/brasilnoticias.org\/site\/#website\",\"url\":\"https:\/\/brasilnoticias.org\/site\/\",\"name\":\"Brasil not\u00edcias\",\"description\":\"Brasil not\u00edcias\",\"publisher\":{\"@id\":\"https:\/\/brasilnoticias.org\/site\/#organization\"},\"potentialAction\":[{\"@type\":\"SearchAction\",\"target\":{\"@type\":\"EntryPoint\",\"urlTemplate\":\"https:\/\/brasilnoticias.org\/site\/?s={search_term_string}\"},\"query-input\":{\"@type\":\"PropertyValueSpecification\",\"valueRequired\":true,\"valueName\":\"search_term_string\"}}],\"inLanguage\":\"pt-PT\"},{\"@type\":\"Organization\",\"@id\":\"https:\/\/brasilnoticias.org\/site\/#organization\",\"name\":\"Brasil not\u00edcias\",\"url\":\"https:\/\/brasilnoticias.org\/site\/\",\"logo\":{\"@type\":\"ImageObject\",\"inLanguage\":\"pt-PT\",\"@id\":\"https:\/\/brasilnoticias.org\/site\/#\/schema\/logo\/image\/\",\"url\":\"https:\/\/brasilnoticias.org\/site\/wp-content\/uploads\/2022\/05\/cropped-brasilnoticias-mini.jpg\",\"contentUrl\":\"https:\/\/brasilnoticias.org\/site\/wp-content\/uploads\/2022\/05\/cropped-brasilnoticias-mini.jpg\",\"width\":314,\"height\":86,\"caption\":\"Brasil not\u00edcias\"},\"image\":{\"@id\":\"https:\/\/brasilnoticias.org\/site\/#\/schema\/logo\/image\/\"}},{\"@type\":\"Person\",\"@id\":\"https:\/\/brasilnoticias.org\/site\/#\/schema\/person\/a0e05b973ec4d15c658d51911e53507b\",\"name\":\"Reda\u00e7\u00e3o\",\"image\":{\"@type\":\"ImageObject\",\"inLanguage\":\"pt-PT\",\"@id\":\"https:\/\/brasilnoticias.org\/site\/#\/schema\/person\/image\/\",\"url\":\"https:\/\/secure.gravatar.com\/avatar\/75d8b050df2de108b08ae78dfb8e374892df24a383c67db9c46a9c604f6aee9c?s=96&d=mm&r=g\",\"contentUrl\":\"https:\/\/secure.gravatar.com\/avatar\/75d8b050df2de108b08ae78dfb8e374892df24a383c67db9c46a9c604f6aee9c?s=96&d=mm&r=g\",\"caption\":\"Reda\u00e7\u00e3o\"},\"sameAs\":[\"https:\/\/brasilnoticias.org\/site\"],\"url\":\"https:\/\/brasilnoticias.org\/site\/author\/fernandozsngmail-com\/\"}]}<\/script>\n<!-- \/ Yoast SEO plugin. -->","yoast_head_json":{"title":"Rui Costa confirma que Abin deve ser transferida da GSI para a Casa Civil - Brasil not\u00edcias","robots":{"index":"index","follow":"follow","max-snippet":"max-snippet:-1","max-image-preview":"max-image-preview:large","max-video-preview":"max-video-preview:-1"},"canonical":"https:\/\/brasilnoticias.org\/site\/rui-costa-confirma-que-abin-deve-ser-transferida-da-gsi-para-a-casa-civil\/","og_locale":"pt_PT","og_type":"article","og_title":"Rui Costa confirma que Abin deve ser transferida da GSI para a Casa Civil - Brasil not\u00edcias","og_description":"O ministro Rui Costa (PT), nesta ter\u00e7a-feira (24), confirmou que a Ag\u00eancia Brasileira de Intelig\u00eancia (Abin) deve passar por um","og_url":"https:\/\/brasilnoticias.org\/site\/rui-costa-confirma-que-abin-deve-ser-transferida-da-gsi-para-a-casa-civil\/","og_site_name":"Brasil not\u00edcias","article_published_time":"2023-01-25T10:20:12+00:00","og_image":[{"width":1600,"height":752,"url":"https:\/\/brasilnoticias.org\/site\/wp-content\/uploads\/2023\/01\/132638rui-costa-confirma-que-abin-deve-ser-transferida-da-gsi-para-a-casa-civil-3.jpg","type":"image\/jpeg"}],"author":"Reda\u00e7\u00e3o","twitter_card":"summary_large_image","twitter_misc":{"Escrito por":"Reda\u00e7\u00e3o","Tempo estimado de leitura":"1 minuto"},"schema":{"@context":"https:\/\/schema.org","@graph":[{"@type":"Article","@id":"https:\/\/brasilnoticias.org\/site\/rui-costa-confirma-que-abin-deve-ser-transferida-da-gsi-para-a-casa-civil\/#article","isPartOf":{"@id":"https:\/\/brasilnoticias.org\/site\/rui-costa-confirma-que-abin-deve-ser-transferida-da-gsi-para-a-casa-civil\/"},"author":{"name":"Reda\u00e7\u00e3o","@id":"https:\/\/brasilnoticias.org\/site\/#\/schema\/person\/a0e05b973ec4d15c658d51911e53507b"},"headline":"Rui Costa confirma que Abin deve ser transferida da GSI para a Casa Civil","datePublished":"2023-01-25T10:20:12+00:00","mainEntityOfPage":{"@id":"https:\/\/brasilnoticias.org\/site\/rui-costa-confirma-que-abin-deve-ser-transferida-da-gsi-para-a-casa-civil\/"},"wordCount":248,"commentCount":0,"publisher":{"@id":"https:\/\/brasilnoticias.org\/site\/#organization"},"image":{"@id":"https:\/\/brasilnoticias.org\/site\/rui-costa-confirma-que-abin-deve-ser-transferida-da-gsi-para-a-casa-civil\/#primaryimage"},"thumbnailUrl":"https:\/\/brasilnoticias.org\/site\/wp-content\/uploads\/2023\/01\/132638rui-costa-confirma-que-abin-deve-ser-transferida-da-gsi-para-a-casa-civil-3.jpg","articleSection":["Pol\u00edtica"],"inLanguage":"pt-PT","potentialAction":[{"@type":"CommentAction","name":"Comment","target":["https:\/\/brasilnoticias.org\/site\/rui-costa-confirma-que-abin-deve-ser-transferida-da-gsi-para-a-casa-civil\/#respond"]}]},{"@type":"WebPage","@id":"https:\/\/brasilnoticias.org\/site\/rui-costa-confirma-que-abin-deve-ser-transferida-da-gsi-para-a-casa-civil\/","url":"https:\/\/brasilnoticias.org\/site\/rui-costa-confirma-que-abin-deve-ser-transferida-da-gsi-para-a-casa-civil\/","name":"Rui Costa confirma que Abin deve ser transferida da GSI para a Casa Civil - Brasil not\u00edcias","isPartOf":{"@id":"https:\/\/brasilnoticias.org\/site\/#website"},"primaryImageOfPage":{"@id":"https:\/\/brasilnoticias.org\/site\/rui-costa-confirma-que-abin-deve-ser-transferida-da-gsi-para-a-casa-civil\/#primaryimage"},"image":{"@id":"https:\/\/brasilnoticias.org\/site\/rui-costa-confirma-que-abin-deve-ser-transferida-da-gsi-para-a-casa-civil\/#primaryimage"},"thumbnailUrl":"https:\/\/brasilnoticias.org\/site\/wp-content\/uploads\/2023\/01\/132638rui-costa-confirma-que-abin-deve-ser-transferida-da-gsi-para-a-casa-civil-3.jpg","datePublished":"2023-01-25T10:20:12+00:00","breadcrumb":{"@id":"https:\/\/brasilnoticias.org\/site\/rui-costa-confirma-que-abin-deve-ser-transferida-da-gsi-para-a-casa-civil\/#breadcrumb"},"inLanguage":"pt-PT","potentialAction":[{"@type":"ReadAction","target":["https:\/\/brasilnoticias.org\/site\/rui-costa-confirma-que-abin-deve-ser-transferida-da-gsi-para-a-casa-civil\/"]}]},{"@type":"ImageObject","inLanguage":"pt-PT","@id":"https:\/\/brasilnoticias.org\/site\/rui-costa-confirma-que-abin-deve-ser-transferida-da-gsi-para-a-casa-civil\/#primaryimage","url":"https:\/\/brasilnoticias.org\/site\/wp-content\/uploads\/2023\/01\/132638rui-costa-confirma-que-abin-deve-ser-transferida-da-gsi-para-a-casa-civil-3.jpg","contentUrl":"https:\/\/brasilnoticias.org\/site\/wp-content\/uploads\/2023\/01\/132638rui-costa-confirma-que-abin-deve-ser-transferida-da-gsi-para-a-casa-civil-3.jpg","width":1600,"height":752},{"@type":"BreadcrumbList","@id":"https:\/\/brasilnoticias.org\/site\/rui-costa-confirma-que-abin-deve-ser-transferida-da-gsi-para-a-casa-civil\/#breadcrumb","itemListElement":[{"@type":"ListItem","position":1,"name":"In\u00edcio","item":"https:\/\/brasilnoticias.org\/site\/"},{"@type":"ListItem","position":2,"name":"Rui Costa confirma que Abin deve ser transferida da GSI para a Casa Civil"}]},{"@type":"WebSite","@id":"https:\/\/brasilnoticias.org\/site\/#website","url":"https:\/\/brasilnoticias.org\/site\/","name":"Brasil not\u00edcias","description":"Brasil not\u00edcias","publisher":{"@id":"https:\/\/brasilnoticias.org\/site\/#organization"},"potentialAction":[{"@type":"SearchAction","target":{"@type":"EntryPoint","urlTemplate":"https:\/\/brasilnoticias.org\/site\/?s={search_term_string}"},"query-input":{"@type":"PropertyValueSpecification","valueRequired":true,"valueName":"search_term_string"}}],"inLanguage":"pt-PT"},{"@type":"Organization","@id":"https:\/\/brasilnoticias.org\/site\/#organization","name":"Brasil not\u00edcias","url":"https:\/\/brasilnoticias.org\/site\/","logo":{"@type":"ImageObject","inLanguage":"pt-PT","@id":"https:\/\/brasilnoticias.org\/site\/#\/schema\/logo\/image\/","url":"https:\/\/brasilnoticias.org\/site\/wp-content\/uploads\/2022\/05\/cropped-brasilnoticias-mini.jpg","contentUrl":"https:\/\/brasilnoticias.org\/site\/wp-content\/uploads\/2022\/05\/cropped-brasilnoticias-mini.jpg","width":314,"height":86,"caption":"Brasil not\u00edcias"},"image":{"@id":"https:\/\/brasilnoticias.org\/site\/#\/schema\/logo\/image\/"}},{"@type":"Person","@id":"https:\/\/brasilnoticias.org\/site\/#\/schema\/person\/a0e05b973ec4d15c658d51911e53507b","name":"Reda\u00e7\u00e3o","image":{"@type":"ImageObject","inLanguage":"pt-PT","@id":"https:\/\/brasilnoticias.org\/site\/#\/schema\/person\/image\/","url":"https:\/\/secure.gravatar.com\/avatar\/75d8b050df2de108b08ae78dfb8e374892df24a383c67db9c46a9c604f6aee9c?s=96&d=mm&r=g","contentUrl":"https:\/\/secure.gravatar.com\/avatar\/75d8b050df2de108b08ae78dfb8e374892df24a383c67db9c46a9c604f6aee9c?s=96&d=mm&r=g","caption":"Reda\u00e7\u00e3o"},"sameAs":["https:\/\/brasilnoticias.org\/site"],"url":"https:\/\/brasilnoticias.org\/site\/author\/fernandozsngmail-com\/"}]}},"_links":{"self":[{"href":"https:\/\/brasilnoticias.org\/site\/wp-json\/wp\/v2\/posts\/3495","targetHints":{"allow":["GET"]}}],"collection":[{"href":"https:\/\/brasilnoticias.org\/site\/wp-json\/wp\/v2\/posts"}],"about":[{"href":"https:\/\/brasilnoticias.org\/site\/wp-json\/wp\/v2\/types\/post"}],"author":[{"embeddable":true,"href":"https:\/\/brasilnoticias.org\/site\/wp-json\/wp\/v2\/users\/1"}],"replies":[{"embeddable":true,"href":"https:\/\/brasilnoticias.org\/site\/wp-json\/wp\/v2\/comments?post=3495"}],"version-history":[{"count":1,"href":"https:\/\/brasilnoticias.org\/site\/wp-json\/wp\/v2\/posts\/3495\/revisions"}],"predecessor-version":[{"id":3497,"href":"https:\/\/brasilnoticias.org\/site\/wp-json\/wp\/v2\/posts\/3495\/revisions\/3497"}],"wp:featuredmedia":[{"embeddable":true,"href":"https:\/\/brasilnoticias.org\/site\/wp-json\/wp\/v2\/media\/3496"}],"wp:attachment":[{"href":"https:\/\/brasilnoticias.org\/site\/wp-json\/wp\/v2\/media?parent=3495"}],"wp:term":[{"taxonomy":"category","embeddable":true,"href":"https:\/\/brasilnoticias.org\/site\/wp-json\/wp\/v2\/categories?post=3495"},{"taxonomy":"post_tag","embeddable":true,"href":"https:\/\/brasilnoticias.org\/site\/wp-json\/wp\/v2\/tags?post=3495"}],"curies":[{"name":"wp","href":"https:\/\/api.w.org\/{rel}","templated":true}]}}