{"id":352,"date":"2022-05-19T17:36:05","date_gmt":"2022-05-19T20:36:05","guid":{"rendered":"https:\/\/brasilnoticias.org\/site\/?p=352"},"modified":"2022-05-19T17:36:05","modified_gmt":"2022-05-19T20:36:05","slug":"precisamos-caprichar-mais-na-ultima-decisao-diz-rildo-sobre-ma-fase-do-ataque-do-bahia","status":"publish","type":"post","link":"https:\/\/brasilnoticias.org\/site\/precisamos-caprichar-mais-na-ultima-decisao-diz-rildo-sobre-ma-fase-do-ataque-do-bahia\/","title":{"rendered":"\u201cPRECISAMOS CAPRICHAR MAIS NA \u00daLTIMA DECIS\u00c3O\u201d, DIZ RILDO SOBRE M\u00c1 FASE DO ATAQUE DO BAHIA"},"content":{"rendered":"<p>O atacante do Bahia, Rildo, concedeu entrevista coletiva na tarde desta quinta-feira (19) na Cidade Tricolor e falou sobre a m\u00e1 fase do ataque do Esquadr\u00e3o. Questionado sobre a aus\u00eancia de Rodallega no time, Rildo afirmou que \u00e9 um jogador que faz falta ao elenco tricolor, mas, n\u00e3o colocou a culpa da falta de gols na n\u00e3o participa\u00e7\u00e3o do atacante colombiano.<\/p>\n<p>\u201cSomos um time que finaliza muito a gol. Precisamos caprichar mais na \u00faltima decis\u00e3o, na melhor escolha, mas eu creio que estamos evoluindo. Com certeza um time que finaliza bastante ao gol uma hora vai encaixar e iremos fazer muitos gols\u201d, afirmou o atacante do Esquadr\u00e3o.<\/p>\n<p>Contratado junto ao Gr\u00eamio, Rildo vem sendo titular no time comandado por Guto Ferreira nos \u00faltimos jogos. O atleta marcou dois belos gols na partida contra o Londrina, na Fonte Nova. J\u00e1 o seu companheiro de ataque, Matheus Dav\u00f3, ainda n\u00e3o marcou com a camisa tricolor<\/p>\n<p>\u201cA gente t\u00e1 preparado, o Dav\u00f3 com certeza vai t\u00e1 correspondendo e vai sair a\u00ed o seu primeiro gol, que ele t\u00e1 precisando\u201d, disse Rildo.<\/p>\n<p>Apesar do \u00faltimo rev\u00e9s na S\u00e9rie B, contra o Vasco, o Bahia segue no G4 do campeonato, na terceira posi\u00e7\u00e3o, com 13 pontos conquistados. Caso ven\u00e7a a Ponte Preta, o Tricolor pode terminar a rodada na lideran\u00e7a da competi\u00e7\u00e3o.<\/p>\n<p>&nbsp;<\/p>\n<p>&nbsp;<\/p>\n<p>Bnews<\/p>\n","protected":false},"excerpt":{"rendered":"<p>O atacante do Bahia, Rildo, concedeu entrevista coletiva na tarde desta quinta-feira (19) na Cidade Tricolor e falou sobre a<\/p>\n","protected":false},"author":2,"featured_media":353,"comment_status":"open","ping_status":"open","sticky":false,"template":"","format":"standard","meta":{"colormag_page_container_layout":"default_layout","colormag_page_sidebar_layout":"default_layout","_FSMCFIC_featured_image_caption":"","_FSMCFIC_featured_image_nocaption":"","_FSMCFIC_featured_image_hide":"","footnotes":""},"categories":[4,1],"tags":[],"class_list":["post-352","post","type-post","status-publish","format-standard","has-post-thumbnail","hentry","category-esporte","category-ultimas"],"yoast_head":"<!-- This site is optimized with the Yoast SEO plugin v27.1.1 - https:\/\/yoast.com\/product\/yoast-seo-wordpress\/ -->\n<title>\u201cPRECISAMOS CAPRICHAR MAIS NA \u00daLTIMA DECIS\u00c3O\u201d, DIZ RILDO SOBRE M\u00c1 FASE DO ATAQUE DO BAHIA - Brasil not\u00edcias<\/title>\n<meta name=\"robots\" content=\"index, follow, max-snippet:-1, max-image-preview:large, max-video-preview:-1\" \/>\n<link rel=\"canonical\" href=\"https:\/\/brasilnoticias.org\/site\/precisamos-caprichar-mais-na-ultima-decisao-diz-rildo-sobre-ma-fase-do-ataque-do-bahia\/\" \/>\n<meta property=\"og:locale\" content=\"pt_PT\" \/>\n<meta property=\"og:type\" content=\"article\" \/>\n<meta property=\"og:title\" content=\"\u201cPRECISAMOS CAPRICHAR MAIS NA \u00daLTIMA DECIS\u00c3O\u201d, DIZ RILDO SOBRE M\u00c1 FASE DO ATAQUE DO BAHIA - Brasil not\u00edcias\" \/>\n<meta property=\"og:description\" content=\"O atacante do Bahia, Rildo, concedeu entrevista coletiva na tarde desta quinta-feira (19) na Cidade Tricolor e falou sobre a\" \/>\n<meta property=\"og:url\" content=\"https:\/\/brasilnoticias.org\/site\/precisamos-caprichar-mais-na-ultima-decisao-diz-rildo-sobre-ma-fase-do-ataque-do-bahia\/\" \/>\n<meta property=\"og:site_name\" content=\"Brasil not\u00edcias\" \/>\n<meta property=\"article:published_time\" content=\"2022-05-19T20:36:05+00:00\" \/>\n<meta property=\"og:image\" content=\"https:\/\/brasilnoticias.org\/site\/wp-content\/uploads\/2022\/05\/whatsapp_image_2022-05-19_at_15.22.08_widelg-1.jpeg\" \/>\n\t<meta property=\"og:image:width\" content=\"800\" \/>\n\t<meta property=\"og:image:height\" content=\"450\" \/>\n\t<meta property=\"og:image:type\" content=\"image\/jpeg\" \/>\n<meta name=\"author\" content=\"Reda\u00e7\u00e3o\" \/>\n<meta name=\"twitter:card\" content=\"summary_large_image\" \/>\n<meta name=\"twitter:label1\" content=\"Escrito por\" \/>\n\t<meta name=\"twitter:data1\" content=\"Reda\u00e7\u00e3o\" \/>\n\t<meta name=\"twitter:label2\" content=\"Tempo estimado de leitura\" \/>\n\t<meta name=\"twitter:data2\" content=\"1 minuto\" \/>\n<script type=\"application\/ld+json\" class=\"yoast-schema-graph\">{\"@context\":\"https:\/\/schema.org\",\"@graph\":[{\"@type\":\"Article\",\"@id\":\"https:\/\/brasilnoticias.org\/site\/precisamos-caprichar-mais-na-ultima-decisao-diz-rildo-sobre-ma-fase-do-ataque-do-bahia\/#article\",\"isPartOf\":{\"@id\":\"https:\/\/brasilnoticias.org\/site\/precisamos-caprichar-mais-na-ultima-decisao-diz-rildo-sobre-ma-fase-do-ataque-do-bahia\/\"},\"author\":{\"name\":\"Reda\u00e7\u00e3o\",\"@id\":\"https:\/\/brasilnoticias.org\/site\/#\/schema\/person\/f609fa847b5314f1c8b983342f34c798\"},\"headline\":\"\u201cPRECISAMOS CAPRICHAR MAIS NA \u00daLTIMA DECIS\u00c3O\u201d, DIZ RILDO SOBRE M\u00c1 FASE DO ATAQUE DO BAHIA\",\"datePublished\":\"2022-05-19T20:36:05+00:00\",\"mainEntityOfPage\":{\"@id\":\"https:\/\/brasilnoticias.org\/site\/precisamos-caprichar-mais-na-ultima-decisao-diz-rildo-sobre-ma-fase-do-ataque-do-bahia\/\"},\"wordCount\":248,\"commentCount\":0,\"publisher\":{\"@id\":\"https:\/\/brasilnoticias.org\/site\/#organization\"},\"image\":{\"@id\":\"https:\/\/brasilnoticias.org\/site\/precisamos-caprichar-mais-na-ultima-decisao-diz-rildo-sobre-ma-fase-do-ataque-do-bahia\/#primaryimage\"},\"thumbnailUrl\":\"https:\/\/brasilnoticias.org\/site\/wp-content\/uploads\/2022\/05\/whatsapp_image_2022-05-19_at_15.22.08_widelg-1.jpeg\",\"articleSection\":[\"Esporte\",\"\u00daltimas\"],\"inLanguage\":\"pt-PT\",\"potentialAction\":[{\"@type\":\"CommentAction\",\"name\":\"Comment\",\"target\":[\"https:\/\/brasilnoticias.org\/site\/precisamos-caprichar-mais-na-ultima-decisao-diz-rildo-sobre-ma-fase-do-ataque-do-bahia\/#respond\"]}]},{\"@type\":\"WebPage\",\"@id\":\"https:\/\/brasilnoticias.org\/site\/precisamos-caprichar-mais-na-ultima-decisao-diz-rildo-sobre-ma-fase-do-ataque-do-bahia\/\",\"url\":\"https:\/\/brasilnoticias.org\/site\/precisamos-caprichar-mais-na-ultima-decisao-diz-rildo-sobre-ma-fase-do-ataque-do-bahia\/\",\"name\":\"\u201cPRECISAMOS CAPRICHAR MAIS NA \u00daLTIMA DECIS\u00c3O\u201d, DIZ RILDO SOBRE M\u00c1 FASE DO ATAQUE DO BAHIA - Brasil not\u00edcias\",\"isPartOf\":{\"@id\":\"https:\/\/brasilnoticias.org\/site\/#website\"},\"primaryImageOfPage\":{\"@id\":\"https:\/\/brasilnoticias.org\/site\/precisamos-caprichar-mais-na-ultima-decisao-diz-rildo-sobre-ma-fase-do-ataque-do-bahia\/#primaryimage\"},\"image\":{\"@id\":\"https:\/\/brasilnoticias.org\/site\/precisamos-caprichar-mais-na-ultima-decisao-diz-rildo-sobre-ma-fase-do-ataque-do-bahia\/#primaryimage\"},\"thumbnailUrl\":\"https:\/\/brasilnoticias.org\/site\/wp-content\/uploads\/2022\/05\/whatsapp_image_2022-05-19_at_15.22.08_widelg-1.jpeg\",\"datePublished\":\"2022-05-19T20:36:05+00:00\",\"breadcrumb\":{\"@id\":\"https:\/\/brasilnoticias.org\/site\/precisamos-caprichar-mais-na-ultima-decisao-diz-rildo-sobre-ma-fase-do-ataque-do-bahia\/#breadcrumb\"},\"inLanguage\":\"pt-PT\",\"potentialAction\":[{\"@type\":\"ReadAction\",\"target\":[\"https:\/\/brasilnoticias.org\/site\/precisamos-caprichar-mais-na-ultima-decisao-diz-rildo-sobre-ma-fase-do-ataque-do-bahia\/\"]}]},{\"@type\":\"ImageObject\",\"inLanguage\":\"pt-PT\",\"@id\":\"https:\/\/brasilnoticias.org\/site\/precisamos-caprichar-mais-na-ultima-decisao-diz-rildo-sobre-ma-fase-do-ataque-do-bahia\/#primaryimage\",\"url\":\"https:\/\/brasilnoticias.org\/site\/wp-content\/uploads\/2022\/05\/whatsapp_image_2022-05-19_at_15.22.08_widelg-1.jpeg\",\"contentUrl\":\"https:\/\/brasilnoticias.org\/site\/wp-content\/uploads\/2022\/05\/whatsapp_image_2022-05-19_at_15.22.08_widelg-1.jpeg\",\"width\":800,\"height\":450},{\"@type\":\"BreadcrumbList\",\"@id\":\"https:\/\/brasilnoticias.org\/site\/precisamos-caprichar-mais-na-ultima-decisao-diz-rildo-sobre-ma-fase-do-ataque-do-bahia\/#breadcrumb\",\"itemListElement\":[{\"@type\":\"ListItem\",\"position\":1,\"name\":\"In\u00edcio\",\"item\":\"https:\/\/brasilnoticias.org\/site\/\"},{\"@type\":\"ListItem\",\"position\":2,\"name\":\"\u201cPRECISAMOS CAPRICHAR MAIS NA \u00daLTIMA DECIS\u00c3O\u201d, DIZ RILDO SOBRE M\u00c1 FASE DO ATAQUE DO BAHIA\"}]},{\"@type\":\"WebSite\",\"@id\":\"https:\/\/brasilnoticias.org\/site\/#website\",\"url\":\"https:\/\/brasilnoticias.org\/site\/\",\"name\":\"Brasil not\u00edcias\",\"description\":\"Brasil not\u00edcias\",\"publisher\":{\"@id\":\"https:\/\/brasilnoticias.org\/site\/#organization\"},\"potentialAction\":[{\"@type\":\"SearchAction\",\"target\":{\"@type\":\"EntryPoint\",\"urlTemplate\":\"https:\/\/brasilnoticias.org\/site\/?s={search_term_string}\"},\"query-input\":{\"@type\":\"PropertyValueSpecification\",\"valueRequired\":true,\"valueName\":\"search_term_string\"}}],\"inLanguage\":\"pt-PT\"},{\"@type\":\"Organization\",\"@id\":\"https:\/\/brasilnoticias.org\/site\/#organization\",\"name\":\"Brasil not\u00edcias\",\"url\":\"https:\/\/brasilnoticias.org\/site\/\",\"logo\":{\"@type\":\"ImageObject\",\"inLanguage\":\"pt-PT\",\"@id\":\"https:\/\/brasilnoticias.org\/site\/#\/schema\/logo\/image\/\",\"url\":\"https:\/\/brasilnoticias.org\/site\/wp-content\/uploads\/2022\/05\/cropped-brasilnoticias-mini.jpg\",\"contentUrl\":\"https:\/\/brasilnoticias.org\/site\/wp-content\/uploads\/2022\/05\/cropped-brasilnoticias-mini.jpg\",\"width\":314,\"height\":86,\"caption\":\"Brasil not\u00edcias\"},\"image\":{\"@id\":\"https:\/\/brasilnoticias.org\/site\/#\/schema\/logo\/image\/\"}},{\"@type\":\"Person\",\"@id\":\"https:\/\/brasilnoticias.org\/site\/#\/schema\/person\/f609fa847b5314f1c8b983342f34c798\",\"name\":\"Reda\u00e7\u00e3o\",\"image\":{\"@type\":\"ImageObject\",\"inLanguage\":\"pt-PT\",\"@id\":\"https:\/\/brasilnoticias.org\/site\/#\/schema\/person\/image\/\",\"url\":\"https:\/\/secure.gravatar.com\/avatar\/447284c06c1ad8b46465a36de9cd0d8326b73387a22799b8b1ffb1fbcff2ed0c?s=96&d=mm&r=g\",\"contentUrl\":\"https:\/\/secure.gravatar.com\/avatar\/447284c06c1ad8b46465a36de9cd0d8326b73387a22799b8b1ffb1fbcff2ed0c?s=96&d=mm&r=g\",\"caption\":\"Reda\u00e7\u00e3o\"},\"url\":\"https:\/\/brasilnoticias.org\/site\/author\/redacao\/\"}]}<\/script>\n<!-- \/ Yoast SEO plugin. -->","yoast_head_json":{"title":"\u201cPRECISAMOS CAPRICHAR MAIS NA \u00daLTIMA DECIS\u00c3O\u201d, DIZ RILDO SOBRE M\u00c1 FASE DO ATAQUE DO BAHIA - Brasil not\u00edcias","robots":{"index":"index","follow":"follow","max-snippet":"max-snippet:-1","max-image-preview":"max-image-preview:large","max-video-preview":"max-video-preview:-1"},"canonical":"https:\/\/brasilnoticias.org\/site\/precisamos-caprichar-mais-na-ultima-decisao-diz-rildo-sobre-ma-fase-do-ataque-do-bahia\/","og_locale":"pt_PT","og_type":"article","og_title":"\u201cPRECISAMOS CAPRICHAR MAIS NA \u00daLTIMA DECIS\u00c3O\u201d, DIZ RILDO SOBRE M\u00c1 FASE DO ATAQUE DO BAHIA - Brasil not\u00edcias","og_description":"O atacante do Bahia, Rildo, concedeu entrevista coletiva na tarde desta quinta-feira (19) na Cidade Tricolor e falou sobre a","og_url":"https:\/\/brasilnoticias.org\/site\/precisamos-caprichar-mais-na-ultima-decisao-diz-rildo-sobre-ma-fase-do-ataque-do-bahia\/","og_site_name":"Brasil not\u00edcias","article_published_time":"2022-05-19T20:36:05+00:00","og_image":[{"width":800,"height":450,"url":"https:\/\/brasilnoticias.org\/site\/wp-content\/uploads\/2022\/05\/whatsapp_image_2022-05-19_at_15.22.08_widelg-1.jpeg","type":"image\/jpeg"}],"author":"Reda\u00e7\u00e3o","twitter_card":"summary_large_image","twitter_misc":{"Escrito por":"Reda\u00e7\u00e3o","Tempo estimado de leitura":"1 minuto"},"schema":{"@context":"https:\/\/schema.org","@graph":[{"@type":"Article","@id":"https:\/\/brasilnoticias.org\/site\/precisamos-caprichar-mais-na-ultima-decisao-diz-rildo-sobre-ma-fase-do-ataque-do-bahia\/#article","isPartOf":{"@id":"https:\/\/brasilnoticias.org\/site\/precisamos-caprichar-mais-na-ultima-decisao-diz-rildo-sobre-ma-fase-do-ataque-do-bahia\/"},"author":{"name":"Reda\u00e7\u00e3o","@id":"https:\/\/brasilnoticias.org\/site\/#\/schema\/person\/f609fa847b5314f1c8b983342f34c798"},"headline":"\u201cPRECISAMOS CAPRICHAR MAIS NA \u00daLTIMA DECIS\u00c3O\u201d, DIZ RILDO SOBRE M\u00c1 FASE DO ATAQUE DO BAHIA","datePublished":"2022-05-19T20:36:05+00:00","mainEntityOfPage":{"@id":"https:\/\/brasilnoticias.org\/site\/precisamos-caprichar-mais-na-ultima-decisao-diz-rildo-sobre-ma-fase-do-ataque-do-bahia\/"},"wordCount":248,"commentCount":0,"publisher":{"@id":"https:\/\/brasilnoticias.org\/site\/#organization"},"image":{"@id":"https:\/\/brasilnoticias.org\/site\/precisamos-caprichar-mais-na-ultima-decisao-diz-rildo-sobre-ma-fase-do-ataque-do-bahia\/#primaryimage"},"thumbnailUrl":"https:\/\/brasilnoticias.org\/site\/wp-content\/uploads\/2022\/05\/whatsapp_image_2022-05-19_at_15.22.08_widelg-1.jpeg","articleSection":["Esporte","\u00daltimas"],"inLanguage":"pt-PT","potentialAction":[{"@type":"CommentAction","name":"Comment","target":["https:\/\/brasilnoticias.org\/site\/precisamos-caprichar-mais-na-ultima-decisao-diz-rildo-sobre-ma-fase-do-ataque-do-bahia\/#respond"]}]},{"@type":"WebPage","@id":"https:\/\/brasilnoticias.org\/site\/precisamos-caprichar-mais-na-ultima-decisao-diz-rildo-sobre-ma-fase-do-ataque-do-bahia\/","url":"https:\/\/brasilnoticias.org\/site\/precisamos-caprichar-mais-na-ultima-decisao-diz-rildo-sobre-ma-fase-do-ataque-do-bahia\/","name":"\u201cPRECISAMOS CAPRICHAR MAIS NA \u00daLTIMA DECIS\u00c3O\u201d, DIZ RILDO SOBRE M\u00c1 FASE DO ATAQUE DO BAHIA - Brasil not\u00edcias","isPartOf":{"@id":"https:\/\/brasilnoticias.org\/site\/#website"},"primaryImageOfPage":{"@id":"https:\/\/brasilnoticias.org\/site\/precisamos-caprichar-mais-na-ultima-decisao-diz-rildo-sobre-ma-fase-do-ataque-do-bahia\/#primaryimage"},"image":{"@id":"https:\/\/brasilnoticias.org\/site\/precisamos-caprichar-mais-na-ultima-decisao-diz-rildo-sobre-ma-fase-do-ataque-do-bahia\/#primaryimage"},"thumbnailUrl":"https:\/\/brasilnoticias.org\/site\/wp-content\/uploads\/2022\/05\/whatsapp_image_2022-05-19_at_15.22.08_widelg-1.jpeg","datePublished":"2022-05-19T20:36:05+00:00","breadcrumb":{"@id":"https:\/\/brasilnoticias.org\/site\/precisamos-caprichar-mais-na-ultima-decisao-diz-rildo-sobre-ma-fase-do-ataque-do-bahia\/#breadcrumb"},"inLanguage":"pt-PT","potentialAction":[{"@type":"ReadAction","target":["https:\/\/brasilnoticias.org\/site\/precisamos-caprichar-mais-na-ultima-decisao-diz-rildo-sobre-ma-fase-do-ataque-do-bahia\/"]}]},{"@type":"ImageObject","inLanguage":"pt-PT","@id":"https:\/\/brasilnoticias.org\/site\/precisamos-caprichar-mais-na-ultima-decisao-diz-rildo-sobre-ma-fase-do-ataque-do-bahia\/#primaryimage","url":"https:\/\/brasilnoticias.org\/site\/wp-content\/uploads\/2022\/05\/whatsapp_image_2022-05-19_at_15.22.08_widelg-1.jpeg","contentUrl":"https:\/\/brasilnoticias.org\/site\/wp-content\/uploads\/2022\/05\/whatsapp_image_2022-05-19_at_15.22.08_widelg-1.jpeg","width":800,"height":450},{"@type":"BreadcrumbList","@id":"https:\/\/brasilnoticias.org\/site\/precisamos-caprichar-mais-na-ultima-decisao-diz-rildo-sobre-ma-fase-do-ataque-do-bahia\/#breadcrumb","itemListElement":[{"@type":"ListItem","position":1,"name":"In\u00edcio","item":"https:\/\/brasilnoticias.org\/site\/"},{"@type":"ListItem","position":2,"name":"\u201cPRECISAMOS CAPRICHAR MAIS NA \u00daLTIMA DECIS\u00c3O\u201d, DIZ RILDO SOBRE M\u00c1 FASE DO ATAQUE DO BAHIA"}]},{"@type":"WebSite","@id":"https:\/\/brasilnoticias.org\/site\/#website","url":"https:\/\/brasilnoticias.org\/site\/","name":"Brasil not\u00edcias","description":"Brasil not\u00edcias","publisher":{"@id":"https:\/\/brasilnoticias.org\/site\/#organization"},"potentialAction":[{"@type":"SearchAction","target":{"@type":"EntryPoint","urlTemplate":"https:\/\/brasilnoticias.org\/site\/?s={search_term_string}"},"query-input":{"@type":"PropertyValueSpecification","valueRequired":true,"valueName":"search_term_string"}}],"inLanguage":"pt-PT"},{"@type":"Organization","@id":"https:\/\/brasilnoticias.org\/site\/#organization","name":"Brasil not\u00edcias","url":"https:\/\/brasilnoticias.org\/site\/","logo":{"@type":"ImageObject","inLanguage":"pt-PT","@id":"https:\/\/brasilnoticias.org\/site\/#\/schema\/logo\/image\/","url":"https:\/\/brasilnoticias.org\/site\/wp-content\/uploads\/2022\/05\/cropped-brasilnoticias-mini.jpg","contentUrl":"https:\/\/brasilnoticias.org\/site\/wp-content\/uploads\/2022\/05\/cropped-brasilnoticias-mini.jpg","width":314,"height":86,"caption":"Brasil not\u00edcias"},"image":{"@id":"https:\/\/brasilnoticias.org\/site\/#\/schema\/logo\/image\/"}},{"@type":"Person","@id":"https:\/\/brasilnoticias.org\/site\/#\/schema\/person\/f609fa847b5314f1c8b983342f34c798","name":"Reda\u00e7\u00e3o","image":{"@type":"ImageObject","inLanguage":"pt-PT","@id":"https:\/\/brasilnoticias.org\/site\/#\/schema\/person\/image\/","url":"https:\/\/secure.gravatar.com\/avatar\/447284c06c1ad8b46465a36de9cd0d8326b73387a22799b8b1ffb1fbcff2ed0c?s=96&d=mm&r=g","contentUrl":"https:\/\/secure.gravatar.com\/avatar\/447284c06c1ad8b46465a36de9cd0d8326b73387a22799b8b1ffb1fbcff2ed0c?s=96&d=mm&r=g","caption":"Reda\u00e7\u00e3o"},"url":"https:\/\/brasilnoticias.org\/site\/author\/redacao\/"}]}},"_links":{"self":[{"href":"https:\/\/brasilnoticias.org\/site\/wp-json\/wp\/v2\/posts\/352","targetHints":{"allow":["GET"]}}],"collection":[{"href":"https:\/\/brasilnoticias.org\/site\/wp-json\/wp\/v2\/posts"}],"about":[{"href":"https:\/\/brasilnoticias.org\/site\/wp-json\/wp\/v2\/types\/post"}],"author":[{"embeddable":true,"href":"https:\/\/brasilnoticias.org\/site\/wp-json\/wp\/v2\/users\/2"}],"replies":[{"embeddable":true,"href":"https:\/\/brasilnoticias.org\/site\/wp-json\/wp\/v2\/comments?post=352"}],"version-history":[{"count":1,"href":"https:\/\/brasilnoticias.org\/site\/wp-json\/wp\/v2\/posts\/352\/revisions"}],"predecessor-version":[{"id":354,"href":"https:\/\/brasilnoticias.org\/site\/wp-json\/wp\/v2\/posts\/352\/revisions\/354"}],"wp:featuredmedia":[{"embeddable":true,"href":"https:\/\/brasilnoticias.org\/site\/wp-json\/wp\/v2\/media\/353"}],"wp:attachment":[{"href":"https:\/\/brasilnoticias.org\/site\/wp-json\/wp\/v2\/media?parent=352"}],"wp:term":[{"taxonomy":"category","embeddable":true,"href":"https:\/\/brasilnoticias.org\/site\/wp-json\/wp\/v2\/categories?post=352"},{"taxonomy":"post_tag","embeddable":true,"href":"https:\/\/brasilnoticias.org\/site\/wp-json\/wp\/v2\/tags?post=352"}],"curies":[{"name":"wp","href":"https:\/\/api.w.org\/{rel}","templated":true}]}}