{"id":3527,"date":"2023-01-26T07:30:23","date_gmt":"2023-01-26T10:30:23","guid":{"rendered":"https:\/\/brasilnoticias.org\/site\/?p=3527"},"modified":"2023-01-25T18:26:53","modified_gmt":"2023-01-25T21:26:53","slug":"policia-quebra-esquema-de-suspeitos-de-traficar-e-cometer-homicidios-com-carros-de-laranjas","status":"publish","type":"post","link":"https:\/\/brasilnoticias.org\/site\/policia-quebra-esquema-de-suspeitos-de-traficar-e-cometer-homicidios-com-carros-de-laranjas\/","title":{"rendered":"Pol\u00edcia quebra esquema de suspeitos de traficar e cometer homic\u00eddios com carros de \u2018laranjas\u2019"},"content":{"rendered":"<p>Suspeitos de traficar drogas e cometer homic\u00eddios na regi\u00e3o do Cariri, localizado no estado do Cear\u00e1, uma quadrilha, envolvendo dois homens e uma mulher, foi presa nesta ter\u00e7a-feira (24), enquanto utilizavam carros alugados por \u2018laranjas\u2019, para despistar a pol\u00edcia. A opera\u00e7\u00e3o tamb\u00e9m apreendeu tr\u00eas pistolas, muni\u00e7\u00e3o, drogas, al\u00e9m de tr\u00eas ve\u00edculos. O trio foi capturado no munic\u00edpio de Juazeiro do Norte.<\/p>\n<p>Identificados como Jo\u00e3o Levi Morais Alves, de 22 anos, Francisca Nayara Teixeira Silva, 23, e Anderson Fernando de Souza, de 20 anos, os suspeitos agiam em conjunto. O primeiro inclusive j\u00e1 responde por tr\u00e1fico de drogas e posse irregular de arma de fogo. <\/p>\n<p>Suspeitos de traficar drogas e cometer homic\u00eddios na regi\u00e3o do Cariri, localizado no estado do Cear\u00e1, uma quadrilha, envolvendo dois homens e uma mulher, foi presa nesta ter\u00e7a-feira (24), enquanto utilizavam carros alugados por \u2018laranjas\u2019, para despistar a pol\u00edcia. A opera\u00e7\u00e3o tamb\u00e9m apreendeu tr\u00eas pistolas, muni\u00e7\u00e3o, drogas, al\u00e9m de tr\u00eas ve\u00edculos. O trio foi capturado no munic\u00edpio de Juazeiro do Norte.<\/p>\n<p>Identificados como Jo\u00e3o Levi Morais Alves, de 22 anos, Francisca Nayara Teixeira Silva, 23, e Anderson Fernando de Souza, de 20 anos, os suspeitos agiam em conjunto. O primeiro inclusive j\u00e1 responde por tr\u00e1fico de drogas e posse irregular de arma de fogo. <\/p>\n<p><img loading=\"lazy\" decoding=\"async\" src=\"https:\/\/brasilnoticias.org\/site\/wp-content\/uploads\/2023\/01\/esquema.webp\" alt=\"\" width=\"800\" height=\"545\" class=\"alignnone size-full wp-image-3528\" srcset=\"https:\/\/brasilnoticias.org\/site\/wp-content\/uploads\/2023\/01\/esquema.webp 800w, https:\/\/brasilnoticias.org\/site\/wp-content\/uploads\/2023\/01\/esquema-500x341.webp 500w, https:\/\/brasilnoticias.org\/site\/wp-content\/uploads\/2023\/01\/esquema-768x523.webp 768w, https:\/\/brasilnoticias.org\/site\/wp-content\/uploads\/2023\/01\/esquema-130x90.webp 130w\" sizes=\"auto, (max-width: 800px) 100vw, 800px\" \/><\/p>\n<p>Posteriormente, a Secretaria da Seguran\u00e7a P\u00fablica e Defesa Social (SSPDS) informou que os ve\u00edculos com queixa ser\u00e3o restitu\u00eddos aos propriet\u00e1rios. J\u00e1 as investiga\u00e7\u00f5es sobre o caso permanecem no sentido de identificar outros envolvidos no esquema criminoso. Essa a\u00e7\u00e3o corresponde a uma anterior ocorrida em novembro do ano passado. <\/p>\n<p>Na ocasi\u00e3o, foi preso Pedro Lima Leandro, de 20 anos, que j\u00e1 respondia por tr\u00e1fico de drogas. Ele transportava drogas provenientes de S\u00e3o Paulo quando foi interceptado por policiais civis. Por causa da pris\u00e3o, os policiais passaram a investigar para quem o homem entregaria a droga no Cariri. <\/p>\n<p>Somente com o aprofundamento das investiga\u00e7\u00f5es, os investigadores conseguiram identificar o esquema criminoso que se apropriou de carros alugados em locadoras, em nome de \u2018laranjas\u2019, para a pr\u00e1tica dos crimes de tr\u00e1fico de drogas e homic\u00eddios. <\/p>\n<p>Agora, o Poder Judici\u00e1rio recebeu dos policiais sete mandados, onde um corresponde a pris\u00e3o e outros seis de busca e apreens\u00e3o que foram cumpridos nesta ter\u00e7a. Nesse sentido, a opera\u00e7\u00e3o foi realizada pela Pol\u00edcia Civil do Cear\u00e1 (PC-CE), atrav\u00e9s do N\u00facleo de Combate ao Tr\u00e1fico de Drogas (NCTD), com o apoio da Coordenadoria de Intelig\u00eancia (Coin) da Secretaria da Seguran\u00e7a P\u00fablica e Defesa Social (SSPDS).<\/p>\n<p>Foto SSP\/Reprodu\u00e7\u00e3o<br \/>\nBnews<\/p>\n","protected":false},"excerpt":{"rendered":"<p>Suspeitos de traficar drogas e cometer homic\u00eddios na regi\u00e3o do Cariri, localizado no estado do Cear\u00e1, uma quadrilha, envolvendo dois<\/p>\n","protected":false},"author":1,"featured_media":3529,"comment_status":"open","ping_status":"open","sticky":false,"template":"","format":"standard","meta":{"colormag_page_container_layout":"default_layout","colormag_page_sidebar_layout":"default_layout","_FSMCFIC_featured_image_caption":"","_FSMCFIC_featured_image_nocaption":"","_FSMCFIC_featured_image_hide":"","footnotes":""},"categories":[3,1],"tags":[],"class_list":["post-3527","post","type-post","status-publish","format-standard","has-post-thumbnail","hentry","category-policia","category-ultimas"],"yoast_head":"<!-- This site is optimized with the Yoast SEO plugin v27.1.1 - https:\/\/yoast.com\/product\/yoast-seo-wordpress\/ -->\n<title>Pol\u00edcia quebra esquema de suspeitos de traficar e cometer homic\u00eddios com carros de \u2018laranjas\u2019 - Brasil not\u00edcias<\/title>\n<meta name=\"robots\" content=\"index, follow, max-snippet:-1, max-image-preview:large, max-video-preview:-1\" \/>\n<link rel=\"canonical\" href=\"https:\/\/brasilnoticias.org\/site\/policia-quebra-esquema-de-suspeitos-de-traficar-e-cometer-homicidios-com-carros-de-laranjas\/\" \/>\n<meta property=\"og:locale\" content=\"pt_PT\" \/>\n<meta property=\"og:type\" content=\"article\" \/>\n<meta property=\"og:title\" content=\"Pol\u00edcia quebra esquema de suspeitos de traficar e cometer homic\u00eddios com carros de \u2018laranjas\u2019 - Brasil not\u00edcias\" \/>\n<meta property=\"og:description\" content=\"Suspeitos de traficar drogas e cometer homic\u00eddios na regi\u00e3o do Cariri, localizado no estado do Cear\u00e1, uma quadrilha, envolvendo dois\" \/>\n<meta property=\"og:url\" content=\"https:\/\/brasilnoticias.org\/site\/policia-quebra-esquema-de-suspeitos-de-traficar-e-cometer-homicidios-com-carros-de-laranjas\/\" \/>\n<meta property=\"og:site_name\" content=\"Brasil not\u00edcias\" \/>\n<meta property=\"article:published_time\" content=\"2023-01-26T10:30:23+00:00\" \/>\n<meta property=\"og:image\" content=\"https:\/\/brasilnoticias.org\/site\/wp-content\/uploads\/2023\/01\/trio-prisao_widelg.jpg\" \/>\n\t<meta property=\"og:image:width\" content=\"800\" \/>\n\t<meta property=\"og:image:height\" content=\"450\" \/>\n\t<meta property=\"og:image:type\" content=\"image\/jpeg\" \/>\n<meta name=\"author\" content=\"Reda\u00e7\u00e3o\" \/>\n<meta name=\"twitter:card\" content=\"summary_large_image\" \/>\n<meta name=\"twitter:label1\" content=\"Escrito por\" \/>\n\t<meta name=\"twitter:data1\" content=\"Reda\u00e7\u00e3o\" \/>\n\t<meta name=\"twitter:label2\" content=\"Tempo estimado de leitura\" \/>\n\t<meta name=\"twitter:data2\" content=\"2 minutos\" \/>\n<script type=\"application\/ld+json\" class=\"yoast-schema-graph\">{\"@context\":\"https:\/\/schema.org\",\"@graph\":[{\"@type\":\"Article\",\"@id\":\"https:\/\/brasilnoticias.org\/site\/policia-quebra-esquema-de-suspeitos-de-traficar-e-cometer-homicidios-com-carros-de-laranjas\/#article\",\"isPartOf\":{\"@id\":\"https:\/\/brasilnoticias.org\/site\/policia-quebra-esquema-de-suspeitos-de-traficar-e-cometer-homicidios-com-carros-de-laranjas\/\"},\"author\":{\"name\":\"Reda\u00e7\u00e3o\",\"@id\":\"https:\/\/brasilnoticias.org\/site\/#\/schema\/person\/a0e05b973ec4d15c658d51911e53507b\"},\"headline\":\"Pol\u00edcia quebra esquema de suspeitos de traficar e cometer homic\u00eddios com carros de \u2018laranjas\u2019\",\"datePublished\":\"2023-01-26T10:30:23+00:00\",\"mainEntityOfPage\":{\"@id\":\"https:\/\/brasilnoticias.org\/site\/policia-quebra-esquema-de-suspeitos-de-traficar-e-cometer-homicidios-com-carros-de-laranjas\/\"},\"wordCount\":473,\"commentCount\":0,\"publisher\":{\"@id\":\"https:\/\/brasilnoticias.org\/site\/#organization\"},\"image\":{\"@id\":\"https:\/\/brasilnoticias.org\/site\/policia-quebra-esquema-de-suspeitos-de-traficar-e-cometer-homicidios-com-carros-de-laranjas\/#primaryimage\"},\"thumbnailUrl\":\"https:\/\/brasilnoticias.org\/site\/wp-content\/uploads\/2023\/01\/trio-prisao_widelg.jpg\",\"articleSection\":[\"Pol\u00edcia\",\"\u00daltimas\"],\"inLanguage\":\"pt-PT\",\"potentialAction\":[{\"@type\":\"CommentAction\",\"name\":\"Comment\",\"target\":[\"https:\/\/brasilnoticias.org\/site\/policia-quebra-esquema-de-suspeitos-de-traficar-e-cometer-homicidios-com-carros-de-laranjas\/#respond\"]}]},{\"@type\":\"WebPage\",\"@id\":\"https:\/\/brasilnoticias.org\/site\/policia-quebra-esquema-de-suspeitos-de-traficar-e-cometer-homicidios-com-carros-de-laranjas\/\",\"url\":\"https:\/\/brasilnoticias.org\/site\/policia-quebra-esquema-de-suspeitos-de-traficar-e-cometer-homicidios-com-carros-de-laranjas\/\",\"name\":\"Pol\u00edcia quebra esquema de suspeitos de traficar e cometer homic\u00eddios com carros de \u2018laranjas\u2019 - Brasil not\u00edcias\",\"isPartOf\":{\"@id\":\"https:\/\/brasilnoticias.org\/site\/#website\"},\"primaryImageOfPage\":{\"@id\":\"https:\/\/brasilnoticias.org\/site\/policia-quebra-esquema-de-suspeitos-de-traficar-e-cometer-homicidios-com-carros-de-laranjas\/#primaryimage\"},\"image\":{\"@id\":\"https:\/\/brasilnoticias.org\/site\/policia-quebra-esquema-de-suspeitos-de-traficar-e-cometer-homicidios-com-carros-de-laranjas\/#primaryimage\"},\"thumbnailUrl\":\"https:\/\/brasilnoticias.org\/site\/wp-content\/uploads\/2023\/01\/trio-prisao_widelg.jpg\",\"datePublished\":\"2023-01-26T10:30:23+00:00\",\"breadcrumb\":{\"@id\":\"https:\/\/brasilnoticias.org\/site\/policia-quebra-esquema-de-suspeitos-de-traficar-e-cometer-homicidios-com-carros-de-laranjas\/#breadcrumb\"},\"inLanguage\":\"pt-PT\",\"potentialAction\":[{\"@type\":\"ReadAction\",\"target\":[\"https:\/\/brasilnoticias.org\/site\/policia-quebra-esquema-de-suspeitos-de-traficar-e-cometer-homicidios-com-carros-de-laranjas\/\"]}]},{\"@type\":\"ImageObject\",\"inLanguage\":\"pt-PT\",\"@id\":\"https:\/\/brasilnoticias.org\/site\/policia-quebra-esquema-de-suspeitos-de-traficar-e-cometer-homicidios-com-carros-de-laranjas\/#primaryimage\",\"url\":\"https:\/\/brasilnoticias.org\/site\/wp-content\/uploads\/2023\/01\/trio-prisao_widelg.jpg\",\"contentUrl\":\"https:\/\/brasilnoticias.org\/site\/wp-content\/uploads\/2023\/01\/trio-prisao_widelg.jpg\",\"width\":800,\"height\":450},{\"@type\":\"BreadcrumbList\",\"@id\":\"https:\/\/brasilnoticias.org\/site\/policia-quebra-esquema-de-suspeitos-de-traficar-e-cometer-homicidios-com-carros-de-laranjas\/#breadcrumb\",\"itemListElement\":[{\"@type\":\"ListItem\",\"position\":1,\"name\":\"In\u00edcio\",\"item\":\"https:\/\/brasilnoticias.org\/site\/\"},{\"@type\":\"ListItem\",\"position\":2,\"name\":\"Pol\u00edcia quebra esquema de suspeitos de traficar e cometer homic\u00eddios com carros de \u2018laranjas\u2019\"}]},{\"@type\":\"WebSite\",\"@id\":\"https:\/\/brasilnoticias.org\/site\/#website\",\"url\":\"https:\/\/brasilnoticias.org\/site\/\",\"name\":\"Brasil not\u00edcias\",\"description\":\"Brasil not\u00edcias\",\"publisher\":{\"@id\":\"https:\/\/brasilnoticias.org\/site\/#organization\"},\"potentialAction\":[{\"@type\":\"SearchAction\",\"target\":{\"@type\":\"EntryPoint\",\"urlTemplate\":\"https:\/\/brasilnoticias.org\/site\/?s={search_term_string}\"},\"query-input\":{\"@type\":\"PropertyValueSpecification\",\"valueRequired\":true,\"valueName\":\"search_term_string\"}}],\"inLanguage\":\"pt-PT\"},{\"@type\":\"Organization\",\"@id\":\"https:\/\/brasilnoticias.org\/site\/#organization\",\"name\":\"Brasil not\u00edcias\",\"url\":\"https:\/\/brasilnoticias.org\/site\/\",\"logo\":{\"@type\":\"ImageObject\",\"inLanguage\":\"pt-PT\",\"@id\":\"https:\/\/brasilnoticias.org\/site\/#\/schema\/logo\/image\/\",\"url\":\"https:\/\/brasilnoticias.org\/site\/wp-content\/uploads\/2022\/05\/cropped-brasilnoticias-mini.jpg\",\"contentUrl\":\"https:\/\/brasilnoticias.org\/site\/wp-content\/uploads\/2022\/05\/cropped-brasilnoticias-mini.jpg\",\"width\":314,\"height\":86,\"caption\":\"Brasil not\u00edcias\"},\"image\":{\"@id\":\"https:\/\/brasilnoticias.org\/site\/#\/schema\/logo\/image\/\"}},{\"@type\":\"Person\",\"@id\":\"https:\/\/brasilnoticias.org\/site\/#\/schema\/person\/a0e05b973ec4d15c658d51911e53507b\",\"name\":\"Reda\u00e7\u00e3o\",\"image\":{\"@type\":\"ImageObject\",\"inLanguage\":\"pt-PT\",\"@id\":\"https:\/\/brasilnoticias.org\/site\/#\/schema\/person\/image\/\",\"url\":\"https:\/\/secure.gravatar.com\/avatar\/75d8b050df2de108b08ae78dfb8e374892df24a383c67db9c46a9c604f6aee9c?s=96&d=mm&r=g\",\"contentUrl\":\"https:\/\/secure.gravatar.com\/avatar\/75d8b050df2de108b08ae78dfb8e374892df24a383c67db9c46a9c604f6aee9c?s=96&d=mm&r=g\",\"caption\":\"Reda\u00e7\u00e3o\"},\"sameAs\":[\"https:\/\/brasilnoticias.org\/site\"],\"url\":\"https:\/\/brasilnoticias.org\/site\/author\/fernandozsngmail-com\/\"}]}<\/script>\n<!-- \/ Yoast SEO plugin. -->","yoast_head_json":{"title":"Pol\u00edcia quebra esquema de suspeitos de traficar e cometer homic\u00eddios com carros de \u2018laranjas\u2019 - Brasil not\u00edcias","robots":{"index":"index","follow":"follow","max-snippet":"max-snippet:-1","max-image-preview":"max-image-preview:large","max-video-preview":"max-video-preview:-1"},"canonical":"https:\/\/brasilnoticias.org\/site\/policia-quebra-esquema-de-suspeitos-de-traficar-e-cometer-homicidios-com-carros-de-laranjas\/","og_locale":"pt_PT","og_type":"article","og_title":"Pol\u00edcia quebra esquema de suspeitos de traficar e cometer homic\u00eddios com carros de \u2018laranjas\u2019 - Brasil not\u00edcias","og_description":"Suspeitos de traficar drogas e cometer homic\u00eddios na regi\u00e3o do Cariri, localizado no estado do Cear\u00e1, uma quadrilha, envolvendo dois","og_url":"https:\/\/brasilnoticias.org\/site\/policia-quebra-esquema-de-suspeitos-de-traficar-e-cometer-homicidios-com-carros-de-laranjas\/","og_site_name":"Brasil not\u00edcias","article_published_time":"2023-01-26T10:30:23+00:00","og_image":[{"width":800,"height":450,"url":"https:\/\/brasilnoticias.org\/site\/wp-content\/uploads\/2023\/01\/trio-prisao_widelg.jpg","type":"image\/jpeg"}],"author":"Reda\u00e7\u00e3o","twitter_card":"summary_large_image","twitter_misc":{"Escrito por":"Reda\u00e7\u00e3o","Tempo estimado de leitura":"2 minutos"},"schema":{"@context":"https:\/\/schema.org","@graph":[{"@type":"Article","@id":"https:\/\/brasilnoticias.org\/site\/policia-quebra-esquema-de-suspeitos-de-traficar-e-cometer-homicidios-com-carros-de-laranjas\/#article","isPartOf":{"@id":"https:\/\/brasilnoticias.org\/site\/policia-quebra-esquema-de-suspeitos-de-traficar-e-cometer-homicidios-com-carros-de-laranjas\/"},"author":{"name":"Reda\u00e7\u00e3o","@id":"https:\/\/brasilnoticias.org\/site\/#\/schema\/person\/a0e05b973ec4d15c658d51911e53507b"},"headline":"Pol\u00edcia quebra esquema de suspeitos de traficar e cometer homic\u00eddios com carros de \u2018laranjas\u2019","datePublished":"2023-01-26T10:30:23+00:00","mainEntityOfPage":{"@id":"https:\/\/brasilnoticias.org\/site\/policia-quebra-esquema-de-suspeitos-de-traficar-e-cometer-homicidios-com-carros-de-laranjas\/"},"wordCount":473,"commentCount":0,"publisher":{"@id":"https:\/\/brasilnoticias.org\/site\/#organization"},"image":{"@id":"https:\/\/brasilnoticias.org\/site\/policia-quebra-esquema-de-suspeitos-de-traficar-e-cometer-homicidios-com-carros-de-laranjas\/#primaryimage"},"thumbnailUrl":"https:\/\/brasilnoticias.org\/site\/wp-content\/uploads\/2023\/01\/trio-prisao_widelg.jpg","articleSection":["Pol\u00edcia","\u00daltimas"],"inLanguage":"pt-PT","potentialAction":[{"@type":"CommentAction","name":"Comment","target":["https:\/\/brasilnoticias.org\/site\/policia-quebra-esquema-de-suspeitos-de-traficar-e-cometer-homicidios-com-carros-de-laranjas\/#respond"]}]},{"@type":"WebPage","@id":"https:\/\/brasilnoticias.org\/site\/policia-quebra-esquema-de-suspeitos-de-traficar-e-cometer-homicidios-com-carros-de-laranjas\/","url":"https:\/\/brasilnoticias.org\/site\/policia-quebra-esquema-de-suspeitos-de-traficar-e-cometer-homicidios-com-carros-de-laranjas\/","name":"Pol\u00edcia quebra esquema de suspeitos de traficar e cometer homic\u00eddios com carros de \u2018laranjas\u2019 - Brasil not\u00edcias","isPartOf":{"@id":"https:\/\/brasilnoticias.org\/site\/#website"},"primaryImageOfPage":{"@id":"https:\/\/brasilnoticias.org\/site\/policia-quebra-esquema-de-suspeitos-de-traficar-e-cometer-homicidios-com-carros-de-laranjas\/#primaryimage"},"image":{"@id":"https:\/\/brasilnoticias.org\/site\/policia-quebra-esquema-de-suspeitos-de-traficar-e-cometer-homicidios-com-carros-de-laranjas\/#primaryimage"},"thumbnailUrl":"https:\/\/brasilnoticias.org\/site\/wp-content\/uploads\/2023\/01\/trio-prisao_widelg.jpg","datePublished":"2023-01-26T10:30:23+00:00","breadcrumb":{"@id":"https:\/\/brasilnoticias.org\/site\/policia-quebra-esquema-de-suspeitos-de-traficar-e-cometer-homicidios-com-carros-de-laranjas\/#breadcrumb"},"inLanguage":"pt-PT","potentialAction":[{"@type":"ReadAction","target":["https:\/\/brasilnoticias.org\/site\/policia-quebra-esquema-de-suspeitos-de-traficar-e-cometer-homicidios-com-carros-de-laranjas\/"]}]},{"@type":"ImageObject","inLanguage":"pt-PT","@id":"https:\/\/brasilnoticias.org\/site\/policia-quebra-esquema-de-suspeitos-de-traficar-e-cometer-homicidios-com-carros-de-laranjas\/#primaryimage","url":"https:\/\/brasilnoticias.org\/site\/wp-content\/uploads\/2023\/01\/trio-prisao_widelg.jpg","contentUrl":"https:\/\/brasilnoticias.org\/site\/wp-content\/uploads\/2023\/01\/trio-prisao_widelg.jpg","width":800,"height":450},{"@type":"BreadcrumbList","@id":"https:\/\/brasilnoticias.org\/site\/policia-quebra-esquema-de-suspeitos-de-traficar-e-cometer-homicidios-com-carros-de-laranjas\/#breadcrumb","itemListElement":[{"@type":"ListItem","position":1,"name":"In\u00edcio","item":"https:\/\/brasilnoticias.org\/site\/"},{"@type":"ListItem","position":2,"name":"Pol\u00edcia quebra esquema de suspeitos de traficar e cometer homic\u00eddios com carros de \u2018laranjas\u2019"}]},{"@type":"WebSite","@id":"https:\/\/brasilnoticias.org\/site\/#website","url":"https:\/\/brasilnoticias.org\/site\/","name":"Brasil not\u00edcias","description":"Brasil not\u00edcias","publisher":{"@id":"https:\/\/brasilnoticias.org\/site\/#organization"},"potentialAction":[{"@type":"SearchAction","target":{"@type":"EntryPoint","urlTemplate":"https:\/\/brasilnoticias.org\/site\/?s={search_term_string}"},"query-input":{"@type":"PropertyValueSpecification","valueRequired":true,"valueName":"search_term_string"}}],"inLanguage":"pt-PT"},{"@type":"Organization","@id":"https:\/\/brasilnoticias.org\/site\/#organization","name":"Brasil not\u00edcias","url":"https:\/\/brasilnoticias.org\/site\/","logo":{"@type":"ImageObject","inLanguage":"pt-PT","@id":"https:\/\/brasilnoticias.org\/site\/#\/schema\/logo\/image\/","url":"https:\/\/brasilnoticias.org\/site\/wp-content\/uploads\/2022\/05\/cropped-brasilnoticias-mini.jpg","contentUrl":"https:\/\/brasilnoticias.org\/site\/wp-content\/uploads\/2022\/05\/cropped-brasilnoticias-mini.jpg","width":314,"height":86,"caption":"Brasil not\u00edcias"},"image":{"@id":"https:\/\/brasilnoticias.org\/site\/#\/schema\/logo\/image\/"}},{"@type":"Person","@id":"https:\/\/brasilnoticias.org\/site\/#\/schema\/person\/a0e05b973ec4d15c658d51911e53507b","name":"Reda\u00e7\u00e3o","image":{"@type":"ImageObject","inLanguage":"pt-PT","@id":"https:\/\/brasilnoticias.org\/site\/#\/schema\/person\/image\/","url":"https:\/\/secure.gravatar.com\/avatar\/75d8b050df2de108b08ae78dfb8e374892df24a383c67db9c46a9c604f6aee9c?s=96&d=mm&r=g","contentUrl":"https:\/\/secure.gravatar.com\/avatar\/75d8b050df2de108b08ae78dfb8e374892df24a383c67db9c46a9c604f6aee9c?s=96&d=mm&r=g","caption":"Reda\u00e7\u00e3o"},"sameAs":["https:\/\/brasilnoticias.org\/site"],"url":"https:\/\/brasilnoticias.org\/site\/author\/fernandozsngmail-com\/"}]}},"_links":{"self":[{"href":"https:\/\/brasilnoticias.org\/site\/wp-json\/wp\/v2\/posts\/3527","targetHints":{"allow":["GET"]}}],"collection":[{"href":"https:\/\/brasilnoticias.org\/site\/wp-json\/wp\/v2\/posts"}],"about":[{"href":"https:\/\/brasilnoticias.org\/site\/wp-json\/wp\/v2\/types\/post"}],"author":[{"embeddable":true,"href":"https:\/\/brasilnoticias.org\/site\/wp-json\/wp\/v2\/users\/1"}],"replies":[{"embeddable":true,"href":"https:\/\/brasilnoticias.org\/site\/wp-json\/wp\/v2\/comments?post=3527"}],"version-history":[{"count":2,"href":"https:\/\/brasilnoticias.org\/site\/wp-json\/wp\/v2\/posts\/3527\/revisions"}],"predecessor-version":[{"id":3531,"href":"https:\/\/brasilnoticias.org\/site\/wp-json\/wp\/v2\/posts\/3527\/revisions\/3531"}],"wp:featuredmedia":[{"embeddable":true,"href":"https:\/\/brasilnoticias.org\/site\/wp-json\/wp\/v2\/media\/3529"}],"wp:attachment":[{"href":"https:\/\/brasilnoticias.org\/site\/wp-json\/wp\/v2\/media?parent=3527"}],"wp:term":[{"taxonomy":"category","embeddable":true,"href":"https:\/\/brasilnoticias.org\/site\/wp-json\/wp\/v2\/categories?post=3527"},{"taxonomy":"post_tag","embeddable":true,"href":"https:\/\/brasilnoticias.org\/site\/wp-json\/wp\/v2\/tags?post=3527"}],"curies":[{"name":"wp","href":"https:\/\/api.w.org\/{rel}","templated":true}]}}