{"id":3536,"date":"2023-01-26T17:02:43","date_gmt":"2023-01-26T20:02:43","guid":{"rendered":"https:\/\/brasilnoticias.org\/site\/?p=3536"},"modified":"2023-01-26T17:02:43","modified_gmt":"2023-01-26T20:02:43","slug":"capitao-alden-toma-posse-de-deputado-federal-na-proxima-quarta-feira-em-brasilia","status":"publish","type":"post","link":"https:\/\/brasilnoticias.org\/site\/capitao-alden-toma-posse-de-deputado-federal-na-proxima-quarta-feira-em-brasilia\/","title":{"rendered":"Capit\u00e3o Alden toma posse de deputado federal na pr\u00f3xima quarta-feira em Bras\u00edlia"},"content":{"rendered":"<p>Paramentar deixar\u00e1 a Assembleia Legislativa para assumir cargo na C\u00e2mara Federal<\/p>\n<p>Na pr\u00f3xima quarta-feira (1\u00ba), o Brasil contar\u00e1 com a nova legislatura dos parlamentares eleitos em outubro de 2022. Neste dia, o Capit\u00e3o Alden (PL) tomar\u00e1 posse como deputado federal e entrar\u00e1 para a hist\u00f3ria da Bahia como o primeiro representante baiano na C\u00e2mara Federal que re\u00fane as seguintes caracter\u00edsticas: militar; conservador; IAT &#8211; Instrutor de Armamento Tiro; CAC &#8211; Ca\u00e7ador, Atirador e Colecionador; bolsonarista; e crist\u00e3o.<\/p>\n<p>Ap\u00f3s cumprir quatro anos de mandato de deputado estadual na Assembleia Legislativa da Bahia (Alba), Alden deixa um legado de 426 proposi\u00e7\u00f5es: projetos de lei, projetos de indica\u00e7\u00e3o, mo\u00e7\u00f5es e requerimentos. Al\u00e9m disso, o pol\u00edtico foi agraciado com o pr\u00eamio \u201cDestaque Parlamentar de 2021\u201d na Alba, em reconhecimento a sua atua\u00e7\u00e3o exemplar. Por \u00faltimo, mas n\u00e3o menos importante, o deputado foi autor do projeto de lei que foi aprovado e sancionado como lei estadual que institui de maneira in\u00e9dita no Brasil, o dia 9 de junho como Dia de Conscientiza\u00e7\u00e3o, Combate \u00e0 Intoler\u00e2ncia e \u00e0 Vitimiza\u00e7\u00e3o Policial na Bahia, tendo como nome de refer\u00eancia, in memoriam, Cabo PM Gonzaga.<\/p>\n<p>Para esse novo momento de sua carreira, Capit\u00e3o Alden pretende continuar firme na defesa das bandeiras que sempre apoiou: Deus, P\u00e1tria, Fam\u00edlia, Liberdade e Leg\u00edtima Defesa. Al\u00e9m tamb\u00e9m da busca constante de melhores condi\u00e7\u00f5es de trabalho para agentes de Seguran\u00e7a P\u00fablica e profissionais da Seguran\u00e7a Privada.<\/p>\n<p>\u201cN\u00e3o vou decepcionar os 95.151 mil cidad\u00e3os que me depositaram voto de confian\u00e7a. Esse nosso novo mandato ser\u00e1 tamb\u00e9m para aqueles baianos que n\u00e3o votaram em mim. O parlamentar deve desenvolver um trabalho pensando na coletividade. A Bahia agora tem um Capit\u00e3o da PM na C\u00e2mara Federal representando nosso estado\u201d, afirma Alden.<\/p>\n","protected":false},"excerpt":{"rendered":"<p>Paramentar deixar\u00e1 a Assembleia Legislativa para assumir cargo na C\u00e2mara Federal Na pr\u00f3xima quarta-feira (1\u00ba), o Brasil contar\u00e1 com a<\/p>\n","protected":false},"author":1,"featured_media":3537,"comment_status":"open","ping_status":"open","sticky":false,"template":"","format":"standard","meta":{"colormag_page_container_layout":"default_layout","colormag_page_sidebar_layout":"default_layout","_FSMCFIC_featured_image_caption":"","_FSMCFIC_featured_image_nocaption":"","_FSMCFIC_featured_image_hide":"","footnotes":""},"categories":[5,1],"tags":[],"class_list":["post-3536","post","type-post","status-publish","format-standard","has-post-thumbnail","hentry","category-politica","category-ultimas"],"yoast_head":"<!-- This site is optimized with the Yoast SEO plugin v27.1.1 - https:\/\/yoast.com\/product\/yoast-seo-wordpress\/ -->\n<title>Capit\u00e3o Alden toma posse de deputado federal na pr\u00f3xima quarta-feira em Bras\u00edlia - Brasil not\u00edcias<\/title>\n<meta name=\"robots\" content=\"index, follow, max-snippet:-1, max-image-preview:large, max-video-preview:-1\" \/>\n<link rel=\"canonical\" href=\"https:\/\/brasilnoticias.org\/site\/capitao-alden-toma-posse-de-deputado-federal-na-proxima-quarta-feira-em-brasilia\/\" \/>\n<meta property=\"og:locale\" content=\"pt_PT\" \/>\n<meta property=\"og:type\" content=\"article\" \/>\n<meta property=\"og:title\" content=\"Capit\u00e3o Alden toma posse de deputado federal na pr\u00f3xima quarta-feira em Bras\u00edlia - Brasil not\u00edcias\" \/>\n<meta property=\"og:description\" content=\"Paramentar deixar\u00e1 a Assembleia Legislativa para assumir cargo na C\u00e2mara Federal Na pr\u00f3xima quarta-feira (1\u00ba), o Brasil contar\u00e1 com a\" \/>\n<meta property=\"og:url\" content=\"https:\/\/brasilnoticias.org\/site\/capitao-alden-toma-posse-de-deputado-federal-na-proxima-quarta-feira-em-brasilia\/\" \/>\n<meta property=\"og:site_name\" content=\"Brasil not\u00edcias\" \/>\n<meta property=\"article:published_time\" content=\"2023-01-26T20:02:43+00:00\" \/>\n<meta property=\"og:image\" content=\"https:\/\/brasilnoticias.org\/site\/wp-content\/uploads\/2023\/01\/WhatsApp-Image-2023-01-26-at-16.55.27.jpeg\" \/>\n\t<meta property=\"og:image:width\" content=\"957\" \/>\n\t<meta property=\"og:image:height\" content=\"778\" \/>\n\t<meta property=\"og:image:type\" content=\"image\/jpeg\" \/>\n<meta name=\"author\" content=\"Reda\u00e7\u00e3o\" \/>\n<meta name=\"twitter:card\" content=\"summary_large_image\" \/>\n<meta name=\"twitter:label1\" content=\"Escrito por\" \/>\n\t<meta name=\"twitter:data1\" content=\"Reda\u00e7\u00e3o\" \/>\n\t<meta name=\"twitter:label2\" content=\"Tempo estimado de leitura\" \/>\n\t<meta name=\"twitter:data2\" content=\"2 minutos\" \/>\n<script type=\"application\/ld+json\" class=\"yoast-schema-graph\">{\"@context\":\"https:\/\/schema.org\",\"@graph\":[{\"@type\":\"Article\",\"@id\":\"https:\/\/brasilnoticias.org\/site\/capitao-alden-toma-posse-de-deputado-federal-na-proxima-quarta-feira-em-brasilia\/#article\",\"isPartOf\":{\"@id\":\"https:\/\/brasilnoticias.org\/site\/capitao-alden-toma-posse-de-deputado-federal-na-proxima-quarta-feira-em-brasilia\/\"},\"author\":{\"name\":\"Reda\u00e7\u00e3o\",\"@id\":\"https:\/\/brasilnoticias.org\/site\/#\/schema\/person\/a0e05b973ec4d15c658d51911e53507b\"},\"headline\":\"Capit\u00e3o Alden toma posse de deputado federal na pr\u00f3xima quarta-feira em Bras\u00edlia\",\"datePublished\":\"2023-01-26T20:02:43+00:00\",\"mainEntityOfPage\":{\"@id\":\"https:\/\/brasilnoticias.org\/site\/capitao-alden-toma-posse-de-deputado-federal-na-proxima-quarta-feira-em-brasilia\/\"},\"wordCount\":331,\"commentCount\":0,\"publisher\":{\"@id\":\"https:\/\/brasilnoticias.org\/site\/#organization\"},\"image\":{\"@id\":\"https:\/\/brasilnoticias.org\/site\/capitao-alden-toma-posse-de-deputado-federal-na-proxima-quarta-feira-em-brasilia\/#primaryimage\"},\"thumbnailUrl\":\"https:\/\/brasilnoticias.org\/site\/wp-content\/uploads\/2023\/01\/WhatsApp-Image-2023-01-26-at-16.55.27.jpeg\",\"articleSection\":[\"Pol\u00edtica\",\"\u00daltimas\"],\"inLanguage\":\"pt-PT\",\"potentialAction\":[{\"@type\":\"CommentAction\",\"name\":\"Comment\",\"target\":[\"https:\/\/brasilnoticias.org\/site\/capitao-alden-toma-posse-de-deputado-federal-na-proxima-quarta-feira-em-brasilia\/#respond\"]}]},{\"@type\":\"WebPage\",\"@id\":\"https:\/\/brasilnoticias.org\/site\/capitao-alden-toma-posse-de-deputado-federal-na-proxima-quarta-feira-em-brasilia\/\",\"url\":\"https:\/\/brasilnoticias.org\/site\/capitao-alden-toma-posse-de-deputado-federal-na-proxima-quarta-feira-em-brasilia\/\",\"name\":\"Capit\u00e3o Alden toma posse de deputado federal na pr\u00f3xima quarta-feira em Bras\u00edlia - Brasil not\u00edcias\",\"isPartOf\":{\"@id\":\"https:\/\/brasilnoticias.org\/site\/#website\"},\"primaryImageOfPage\":{\"@id\":\"https:\/\/brasilnoticias.org\/site\/capitao-alden-toma-posse-de-deputado-federal-na-proxima-quarta-feira-em-brasilia\/#primaryimage\"},\"image\":{\"@id\":\"https:\/\/brasilnoticias.org\/site\/capitao-alden-toma-posse-de-deputado-federal-na-proxima-quarta-feira-em-brasilia\/#primaryimage\"},\"thumbnailUrl\":\"https:\/\/brasilnoticias.org\/site\/wp-content\/uploads\/2023\/01\/WhatsApp-Image-2023-01-26-at-16.55.27.jpeg\",\"datePublished\":\"2023-01-26T20:02:43+00:00\",\"breadcrumb\":{\"@id\":\"https:\/\/brasilnoticias.org\/site\/capitao-alden-toma-posse-de-deputado-federal-na-proxima-quarta-feira-em-brasilia\/#breadcrumb\"},\"inLanguage\":\"pt-PT\",\"potentialAction\":[{\"@type\":\"ReadAction\",\"target\":[\"https:\/\/brasilnoticias.org\/site\/capitao-alden-toma-posse-de-deputado-federal-na-proxima-quarta-feira-em-brasilia\/\"]}]},{\"@type\":\"ImageObject\",\"inLanguage\":\"pt-PT\",\"@id\":\"https:\/\/brasilnoticias.org\/site\/capitao-alden-toma-posse-de-deputado-federal-na-proxima-quarta-feira-em-brasilia\/#primaryimage\",\"url\":\"https:\/\/brasilnoticias.org\/site\/wp-content\/uploads\/2023\/01\/WhatsApp-Image-2023-01-26-at-16.55.27.jpeg\",\"contentUrl\":\"https:\/\/brasilnoticias.org\/site\/wp-content\/uploads\/2023\/01\/WhatsApp-Image-2023-01-26-at-16.55.27.jpeg\",\"width\":957,\"height\":778},{\"@type\":\"BreadcrumbList\",\"@id\":\"https:\/\/brasilnoticias.org\/site\/capitao-alden-toma-posse-de-deputado-federal-na-proxima-quarta-feira-em-brasilia\/#breadcrumb\",\"itemListElement\":[{\"@type\":\"ListItem\",\"position\":1,\"name\":\"In\u00edcio\",\"item\":\"https:\/\/brasilnoticias.org\/site\/\"},{\"@type\":\"ListItem\",\"position\":2,\"name\":\"Capit\u00e3o Alden toma posse de deputado federal na pr\u00f3xima quarta-feira em Bras\u00edlia\"}]},{\"@type\":\"WebSite\",\"@id\":\"https:\/\/brasilnoticias.org\/site\/#website\",\"url\":\"https:\/\/brasilnoticias.org\/site\/\",\"name\":\"Brasil not\u00edcias\",\"description\":\"Brasil not\u00edcias\",\"publisher\":{\"@id\":\"https:\/\/brasilnoticias.org\/site\/#organization\"},\"potentialAction\":[{\"@type\":\"SearchAction\",\"target\":{\"@type\":\"EntryPoint\",\"urlTemplate\":\"https:\/\/brasilnoticias.org\/site\/?s={search_term_string}\"},\"query-input\":{\"@type\":\"PropertyValueSpecification\",\"valueRequired\":true,\"valueName\":\"search_term_string\"}}],\"inLanguage\":\"pt-PT\"},{\"@type\":\"Organization\",\"@id\":\"https:\/\/brasilnoticias.org\/site\/#organization\",\"name\":\"Brasil not\u00edcias\",\"url\":\"https:\/\/brasilnoticias.org\/site\/\",\"logo\":{\"@type\":\"ImageObject\",\"inLanguage\":\"pt-PT\",\"@id\":\"https:\/\/brasilnoticias.org\/site\/#\/schema\/logo\/image\/\",\"url\":\"https:\/\/brasilnoticias.org\/site\/wp-content\/uploads\/2022\/05\/cropped-brasilnoticias-mini.jpg\",\"contentUrl\":\"https:\/\/brasilnoticias.org\/site\/wp-content\/uploads\/2022\/05\/cropped-brasilnoticias-mini.jpg\",\"width\":314,\"height\":86,\"caption\":\"Brasil not\u00edcias\"},\"image\":{\"@id\":\"https:\/\/brasilnoticias.org\/site\/#\/schema\/logo\/image\/\"}},{\"@type\":\"Person\",\"@id\":\"https:\/\/brasilnoticias.org\/site\/#\/schema\/person\/a0e05b973ec4d15c658d51911e53507b\",\"name\":\"Reda\u00e7\u00e3o\",\"image\":{\"@type\":\"ImageObject\",\"inLanguage\":\"pt-PT\",\"@id\":\"https:\/\/brasilnoticias.org\/site\/#\/schema\/person\/image\/\",\"url\":\"https:\/\/secure.gravatar.com\/avatar\/75d8b050df2de108b08ae78dfb8e374892df24a383c67db9c46a9c604f6aee9c?s=96&d=mm&r=g\",\"contentUrl\":\"https:\/\/secure.gravatar.com\/avatar\/75d8b050df2de108b08ae78dfb8e374892df24a383c67db9c46a9c604f6aee9c?s=96&d=mm&r=g\",\"caption\":\"Reda\u00e7\u00e3o\"},\"sameAs\":[\"https:\/\/brasilnoticias.org\/site\"],\"url\":\"https:\/\/brasilnoticias.org\/site\/author\/fernandozsngmail-com\/\"}]}<\/script>\n<!-- \/ Yoast SEO plugin. -->","yoast_head_json":{"title":"Capit\u00e3o Alden toma posse de deputado federal na pr\u00f3xima quarta-feira em Bras\u00edlia - Brasil not\u00edcias","robots":{"index":"index","follow":"follow","max-snippet":"max-snippet:-1","max-image-preview":"max-image-preview:large","max-video-preview":"max-video-preview:-1"},"canonical":"https:\/\/brasilnoticias.org\/site\/capitao-alden-toma-posse-de-deputado-federal-na-proxima-quarta-feira-em-brasilia\/","og_locale":"pt_PT","og_type":"article","og_title":"Capit\u00e3o Alden toma posse de deputado federal na pr\u00f3xima quarta-feira em Bras\u00edlia - Brasil not\u00edcias","og_description":"Paramentar deixar\u00e1 a Assembleia Legislativa para assumir cargo na C\u00e2mara Federal Na pr\u00f3xima quarta-feira (1\u00ba), o Brasil contar\u00e1 com a","og_url":"https:\/\/brasilnoticias.org\/site\/capitao-alden-toma-posse-de-deputado-federal-na-proxima-quarta-feira-em-brasilia\/","og_site_name":"Brasil not\u00edcias","article_published_time":"2023-01-26T20:02:43+00:00","og_image":[{"width":957,"height":778,"url":"https:\/\/brasilnoticias.org\/site\/wp-content\/uploads\/2023\/01\/WhatsApp-Image-2023-01-26-at-16.55.27.jpeg","type":"image\/jpeg"}],"author":"Reda\u00e7\u00e3o","twitter_card":"summary_large_image","twitter_misc":{"Escrito por":"Reda\u00e7\u00e3o","Tempo estimado de leitura":"2 minutos"},"schema":{"@context":"https:\/\/schema.org","@graph":[{"@type":"Article","@id":"https:\/\/brasilnoticias.org\/site\/capitao-alden-toma-posse-de-deputado-federal-na-proxima-quarta-feira-em-brasilia\/#article","isPartOf":{"@id":"https:\/\/brasilnoticias.org\/site\/capitao-alden-toma-posse-de-deputado-federal-na-proxima-quarta-feira-em-brasilia\/"},"author":{"name":"Reda\u00e7\u00e3o","@id":"https:\/\/brasilnoticias.org\/site\/#\/schema\/person\/a0e05b973ec4d15c658d51911e53507b"},"headline":"Capit\u00e3o Alden toma posse de deputado federal na pr\u00f3xima quarta-feira em Bras\u00edlia","datePublished":"2023-01-26T20:02:43+00:00","mainEntityOfPage":{"@id":"https:\/\/brasilnoticias.org\/site\/capitao-alden-toma-posse-de-deputado-federal-na-proxima-quarta-feira-em-brasilia\/"},"wordCount":331,"commentCount":0,"publisher":{"@id":"https:\/\/brasilnoticias.org\/site\/#organization"},"image":{"@id":"https:\/\/brasilnoticias.org\/site\/capitao-alden-toma-posse-de-deputado-federal-na-proxima-quarta-feira-em-brasilia\/#primaryimage"},"thumbnailUrl":"https:\/\/brasilnoticias.org\/site\/wp-content\/uploads\/2023\/01\/WhatsApp-Image-2023-01-26-at-16.55.27.jpeg","articleSection":["Pol\u00edtica","\u00daltimas"],"inLanguage":"pt-PT","potentialAction":[{"@type":"CommentAction","name":"Comment","target":["https:\/\/brasilnoticias.org\/site\/capitao-alden-toma-posse-de-deputado-federal-na-proxima-quarta-feira-em-brasilia\/#respond"]}]},{"@type":"WebPage","@id":"https:\/\/brasilnoticias.org\/site\/capitao-alden-toma-posse-de-deputado-federal-na-proxima-quarta-feira-em-brasilia\/","url":"https:\/\/brasilnoticias.org\/site\/capitao-alden-toma-posse-de-deputado-federal-na-proxima-quarta-feira-em-brasilia\/","name":"Capit\u00e3o Alden toma posse de deputado federal na pr\u00f3xima quarta-feira em Bras\u00edlia - Brasil not\u00edcias","isPartOf":{"@id":"https:\/\/brasilnoticias.org\/site\/#website"},"primaryImageOfPage":{"@id":"https:\/\/brasilnoticias.org\/site\/capitao-alden-toma-posse-de-deputado-federal-na-proxima-quarta-feira-em-brasilia\/#primaryimage"},"image":{"@id":"https:\/\/brasilnoticias.org\/site\/capitao-alden-toma-posse-de-deputado-federal-na-proxima-quarta-feira-em-brasilia\/#primaryimage"},"thumbnailUrl":"https:\/\/brasilnoticias.org\/site\/wp-content\/uploads\/2023\/01\/WhatsApp-Image-2023-01-26-at-16.55.27.jpeg","datePublished":"2023-01-26T20:02:43+00:00","breadcrumb":{"@id":"https:\/\/brasilnoticias.org\/site\/capitao-alden-toma-posse-de-deputado-federal-na-proxima-quarta-feira-em-brasilia\/#breadcrumb"},"inLanguage":"pt-PT","potentialAction":[{"@type":"ReadAction","target":["https:\/\/brasilnoticias.org\/site\/capitao-alden-toma-posse-de-deputado-federal-na-proxima-quarta-feira-em-brasilia\/"]}]},{"@type":"ImageObject","inLanguage":"pt-PT","@id":"https:\/\/brasilnoticias.org\/site\/capitao-alden-toma-posse-de-deputado-federal-na-proxima-quarta-feira-em-brasilia\/#primaryimage","url":"https:\/\/brasilnoticias.org\/site\/wp-content\/uploads\/2023\/01\/WhatsApp-Image-2023-01-26-at-16.55.27.jpeg","contentUrl":"https:\/\/brasilnoticias.org\/site\/wp-content\/uploads\/2023\/01\/WhatsApp-Image-2023-01-26-at-16.55.27.jpeg","width":957,"height":778},{"@type":"BreadcrumbList","@id":"https:\/\/brasilnoticias.org\/site\/capitao-alden-toma-posse-de-deputado-federal-na-proxima-quarta-feira-em-brasilia\/#breadcrumb","itemListElement":[{"@type":"ListItem","position":1,"name":"In\u00edcio","item":"https:\/\/brasilnoticias.org\/site\/"},{"@type":"ListItem","position":2,"name":"Capit\u00e3o Alden toma posse de deputado federal na pr\u00f3xima quarta-feira em Bras\u00edlia"}]},{"@type":"WebSite","@id":"https:\/\/brasilnoticias.org\/site\/#website","url":"https:\/\/brasilnoticias.org\/site\/","name":"Brasil not\u00edcias","description":"Brasil not\u00edcias","publisher":{"@id":"https:\/\/brasilnoticias.org\/site\/#organization"},"potentialAction":[{"@type":"SearchAction","target":{"@type":"EntryPoint","urlTemplate":"https:\/\/brasilnoticias.org\/site\/?s={search_term_string}"},"query-input":{"@type":"PropertyValueSpecification","valueRequired":true,"valueName":"search_term_string"}}],"inLanguage":"pt-PT"},{"@type":"Organization","@id":"https:\/\/brasilnoticias.org\/site\/#organization","name":"Brasil not\u00edcias","url":"https:\/\/brasilnoticias.org\/site\/","logo":{"@type":"ImageObject","inLanguage":"pt-PT","@id":"https:\/\/brasilnoticias.org\/site\/#\/schema\/logo\/image\/","url":"https:\/\/brasilnoticias.org\/site\/wp-content\/uploads\/2022\/05\/cropped-brasilnoticias-mini.jpg","contentUrl":"https:\/\/brasilnoticias.org\/site\/wp-content\/uploads\/2022\/05\/cropped-brasilnoticias-mini.jpg","width":314,"height":86,"caption":"Brasil not\u00edcias"},"image":{"@id":"https:\/\/brasilnoticias.org\/site\/#\/schema\/logo\/image\/"}},{"@type":"Person","@id":"https:\/\/brasilnoticias.org\/site\/#\/schema\/person\/a0e05b973ec4d15c658d51911e53507b","name":"Reda\u00e7\u00e3o","image":{"@type":"ImageObject","inLanguage":"pt-PT","@id":"https:\/\/brasilnoticias.org\/site\/#\/schema\/person\/image\/","url":"https:\/\/secure.gravatar.com\/avatar\/75d8b050df2de108b08ae78dfb8e374892df24a383c67db9c46a9c604f6aee9c?s=96&d=mm&r=g","contentUrl":"https:\/\/secure.gravatar.com\/avatar\/75d8b050df2de108b08ae78dfb8e374892df24a383c67db9c46a9c604f6aee9c?s=96&d=mm&r=g","caption":"Reda\u00e7\u00e3o"},"sameAs":["https:\/\/brasilnoticias.org\/site"],"url":"https:\/\/brasilnoticias.org\/site\/author\/fernandozsngmail-com\/"}]}},"_links":{"self":[{"href":"https:\/\/brasilnoticias.org\/site\/wp-json\/wp\/v2\/posts\/3536","targetHints":{"allow":["GET"]}}],"collection":[{"href":"https:\/\/brasilnoticias.org\/site\/wp-json\/wp\/v2\/posts"}],"about":[{"href":"https:\/\/brasilnoticias.org\/site\/wp-json\/wp\/v2\/types\/post"}],"author":[{"embeddable":true,"href":"https:\/\/brasilnoticias.org\/site\/wp-json\/wp\/v2\/users\/1"}],"replies":[{"embeddable":true,"href":"https:\/\/brasilnoticias.org\/site\/wp-json\/wp\/v2\/comments?post=3536"}],"version-history":[{"count":1,"href":"https:\/\/brasilnoticias.org\/site\/wp-json\/wp\/v2\/posts\/3536\/revisions"}],"predecessor-version":[{"id":3538,"href":"https:\/\/brasilnoticias.org\/site\/wp-json\/wp\/v2\/posts\/3536\/revisions\/3538"}],"wp:featuredmedia":[{"embeddable":true,"href":"https:\/\/brasilnoticias.org\/site\/wp-json\/wp\/v2\/media\/3537"}],"wp:attachment":[{"href":"https:\/\/brasilnoticias.org\/site\/wp-json\/wp\/v2\/media?parent=3536"}],"wp:term":[{"taxonomy":"category","embeddable":true,"href":"https:\/\/brasilnoticias.org\/site\/wp-json\/wp\/v2\/categories?post=3536"},{"taxonomy":"post_tag","embeddable":true,"href":"https:\/\/brasilnoticias.org\/site\/wp-json\/wp\/v2\/tags?post=3536"}],"curies":[{"name":"wp","href":"https:\/\/api.w.org\/{rel}","templated":true}]}}