{"id":3548,"date":"2023-01-26T18:30:08","date_gmt":"2023-01-26T21:30:08","guid":{"rendered":"https:\/\/brasilnoticias.org\/site\/?p=3548"},"modified":"2023-01-26T17:47:25","modified_gmt":"2023-01-26T20:47:25","slug":"festival-de-verao-tera-operacao-especial-de-transporte","status":"publish","type":"post","link":"https:\/\/brasilnoticias.org\/site\/festival-de-verao-tera-operacao-especial-de-transporte\/","title":{"rendered":"Festival de Ver\u00e3o ter\u00e1 opera\u00e7\u00e3o especial de transporte"},"content":{"rendered":"<p>Com o objetivo de atender o p\u00fablico que vai curtir os shows do Festival de Ver\u00e3o, que acontece no pr\u00f3ximo s\u00e1bado (28) e domingo (29), no Parque de Exposi\u00e7\u00f5es, na Paralela, em Salvador, a Secretaria Municipal de Mobilidade (Semob) preparou uma opera\u00e7\u00e3o especial. A a\u00e7\u00e3o visa garantir o atendimento para quem optar por utilizar o transporte p\u00fablico, principalmente na volta pra casa. A abertura dos port\u00f5es ser\u00e1 \u00e0s 15h e encerramento \u00e0s 2h30.<\/p>\n<p>Segundo a prefeitura, a opera\u00e7\u00e3o ocorrer\u00e1 normalmente durante o per\u00edodo de chegada para os shows. Para a sa\u00edda, o hor\u00e1rio de atendimento ser\u00e1 ampliado, com \u00f4nibus saindo at\u00e9 as 3h30 das esta\u00e7\u00f5es de transbordo em dire\u00e7\u00e3o aos principais corredores da cidade.<\/p>\n<p>Ainda de acordo com as informa\u00e7\u00f5es da prefeitura, a partir das 21h30, cerca de 30 ve\u00edculos de frota reguladora ser\u00e3o disponibilizados e ser\u00e3o distribu\u00eddos entre as esta\u00e7\u00f5es Mussurunga, Piraj\u00e1 e Terminal Acesso Norte. Al\u00e9m disso, o metr\u00f4 tem a \u00faltima sa\u00edda da Esta\u00e7\u00e3o Mussurunga prevista para as 2h30.<\/p>\n<p>Os \u00f4nibus reguladores alocados na Esta\u00e7\u00e3o Mussurunga dar\u00e3o atendimento \u00e0s regi\u00f5es de Cajazeiras, avenidas Aliomar Baleeiro, Lu\u00eds Viana (Paralela), S\u00e3o Rafael e tamb\u00e9m \u00e0 orla. J\u00e1 os ve\u00edculos na Esta\u00e7\u00e3o Piraj\u00e1 passar\u00e3o pela avenida Barros Reis, Rua C\u00f4nego Pereira, avenida Afr\u00e2nio Peixoto (Suburbana), Val\u00e9ria e Estrada de Campinas.<\/p>\n<p>J\u00e1 os ve\u00edculos reguladores do terminal Acesso Norte dar\u00e3o atendimento \u00e0 rua Silveira Martins, Estrada da Liberdade, Avenida San Martin e Caminho de Areia. Os \u00f4nibus da frota reguladora ficar\u00e3o \u00e0 disposi\u00e7\u00e3o da equipe de fiscaliza\u00e7\u00e3o da Semob e ser\u00e3o utilizados de acordo com a demanda.<\/p>\n<p>Para aqueles que optarem por utilizar servi\u00e7os de t\u00e1xi, motot\u00e1xi e ve\u00edculos por aplicativo, assim como dos operadores deste tipo de transporte, a Semob instalou pontos provis\u00f3rios em frente ao Parque de Exposi\u00e7\u00f5es. A via marginal em frente \u00e0 entrada do evento ser\u00e1 de acesso exclusivo de t\u00e1xis, motot\u00e1xis e \u00f4nibus.<\/p>\n<p>Os ve\u00edculos particulares e por aplicativo dever\u00e3o utilizar como embarque e desembarque a faixa \u00e0 direita da via principal, ao lado do canteiro que a separa da marginal. Os \u00f4nibus que atendem o local far\u00e3o o embarque e desembarque de passageiros no ponto logo ap\u00f3s a passarela. Agentes de tr\u00e2nsito e transporte estar\u00e3o nas esta\u00e7\u00f5es para orientar os usu\u00e1rios sobre a opera\u00e7\u00e3o no evento.<\/p>\n<p>&nbsp;<\/p>\n<p>Foto Bruno Concha\/Secom<br \/>\nBnews<\/p>\n","protected":false},"excerpt":{"rendered":"<p>Com o objetivo de atender o p\u00fablico que vai curtir os shows do Festival de Ver\u00e3o, que acontece no pr\u00f3ximo<\/p>\n","protected":false},"author":1,"featured_media":3549,"comment_status":"open","ping_status":"open","sticky":false,"template":"","format":"standard","meta":{"colormag_page_container_layout":"default_layout","colormag_page_sidebar_layout":"default_layout","_FSMCFIC_featured_image_caption":"","_FSMCFIC_featured_image_nocaption":"","_FSMCFIC_featured_image_hide":"","footnotes":""},"categories":[2,1],"tags":[],"class_list":["post-3548","post","type-post","status-publish","format-standard","has-post-thumbnail","hentry","category-noticias","category-ultimas"],"yoast_head":"<!-- This site is optimized with the Yoast SEO plugin v27.1.1 - https:\/\/yoast.com\/product\/yoast-seo-wordpress\/ -->\n<title>Festival de Ver\u00e3o ter\u00e1 opera\u00e7\u00e3o especial de transporte - Brasil not\u00edcias<\/title>\n<meta name=\"robots\" content=\"index, follow, max-snippet:-1, max-image-preview:large, max-video-preview:-1\" \/>\n<link rel=\"canonical\" href=\"https:\/\/brasilnoticias.org\/site\/festival-de-verao-tera-operacao-especial-de-transporte\/\" \/>\n<meta property=\"og:locale\" content=\"pt_PT\" \/>\n<meta property=\"og:type\" content=\"article\" \/>\n<meta property=\"og:title\" content=\"Festival de Ver\u00e3o ter\u00e1 opera\u00e7\u00e3o especial de transporte - Brasil not\u00edcias\" \/>\n<meta property=\"og:description\" content=\"Com o objetivo de atender o p\u00fablico que vai curtir os shows do Festival de Ver\u00e3o, que acontece no pr\u00f3ximo\" \/>\n<meta property=\"og:url\" content=\"https:\/\/brasilnoticias.org\/site\/festival-de-verao-tera-operacao-especial-de-transporte\/\" \/>\n<meta property=\"og:site_name\" content=\"Brasil not\u00edcias\" \/>\n<meta property=\"article:published_time\" content=\"2023-01-26T21:30:08+00:00\" \/>\n<meta property=\"og:image\" content=\"https:\/\/brasilnoticias.org\/site\/wp-content\/uploads\/2023\/01\/dfsd_widelg-1.jpg\" \/>\n\t<meta property=\"og:image:width\" content=\"788\" \/>\n\t<meta property=\"og:image:height\" content=\"442\" \/>\n\t<meta property=\"og:image:type\" content=\"image\/jpeg\" \/>\n<meta name=\"author\" content=\"Reda\u00e7\u00e3o\" \/>\n<meta name=\"twitter:card\" content=\"summary_large_image\" \/>\n<meta name=\"twitter:label1\" content=\"Escrito por\" \/>\n\t<meta name=\"twitter:data1\" content=\"Reda\u00e7\u00e3o\" \/>\n\t<meta name=\"twitter:label2\" content=\"Tempo estimado de leitura\" \/>\n\t<meta name=\"twitter:data2\" content=\"2 minutos\" \/>\n<script type=\"application\/ld+json\" class=\"yoast-schema-graph\">{\"@context\":\"https:\/\/schema.org\",\"@graph\":[{\"@type\":\"Article\",\"@id\":\"https:\/\/brasilnoticias.org\/site\/festival-de-verao-tera-operacao-especial-de-transporte\/#article\",\"isPartOf\":{\"@id\":\"https:\/\/brasilnoticias.org\/site\/festival-de-verao-tera-operacao-especial-de-transporte\/\"},\"author\":{\"name\":\"Reda\u00e7\u00e3o\",\"@id\":\"https:\/\/brasilnoticias.org\/site\/#\/schema\/person\/a0e05b973ec4d15c658d51911e53507b\"},\"headline\":\"Festival de Ver\u00e3o ter\u00e1 opera\u00e7\u00e3o especial de transporte\",\"datePublished\":\"2023-01-26T21:30:08+00:00\",\"mainEntityOfPage\":{\"@id\":\"https:\/\/brasilnoticias.org\/site\/festival-de-verao-tera-operacao-especial-de-transporte\/\"},\"wordCount\":438,\"commentCount\":0,\"publisher\":{\"@id\":\"https:\/\/brasilnoticias.org\/site\/#organization\"},\"image\":{\"@id\":\"https:\/\/brasilnoticias.org\/site\/festival-de-verao-tera-operacao-especial-de-transporte\/#primaryimage\"},\"thumbnailUrl\":\"https:\/\/brasilnoticias.org\/site\/wp-content\/uploads\/2023\/01\/dfsd_widelg-1.jpg\",\"articleSection\":[\"Not\u00edcias\",\"\u00daltimas\"],\"inLanguage\":\"pt-PT\",\"potentialAction\":[{\"@type\":\"CommentAction\",\"name\":\"Comment\",\"target\":[\"https:\/\/brasilnoticias.org\/site\/festival-de-verao-tera-operacao-especial-de-transporte\/#respond\"]}]},{\"@type\":\"WebPage\",\"@id\":\"https:\/\/brasilnoticias.org\/site\/festival-de-verao-tera-operacao-especial-de-transporte\/\",\"url\":\"https:\/\/brasilnoticias.org\/site\/festival-de-verao-tera-operacao-especial-de-transporte\/\",\"name\":\"Festival de Ver\u00e3o ter\u00e1 opera\u00e7\u00e3o especial de transporte - Brasil not\u00edcias\",\"isPartOf\":{\"@id\":\"https:\/\/brasilnoticias.org\/site\/#website\"},\"primaryImageOfPage\":{\"@id\":\"https:\/\/brasilnoticias.org\/site\/festival-de-verao-tera-operacao-especial-de-transporte\/#primaryimage\"},\"image\":{\"@id\":\"https:\/\/brasilnoticias.org\/site\/festival-de-verao-tera-operacao-especial-de-transporte\/#primaryimage\"},\"thumbnailUrl\":\"https:\/\/brasilnoticias.org\/site\/wp-content\/uploads\/2023\/01\/dfsd_widelg-1.jpg\",\"datePublished\":\"2023-01-26T21:30:08+00:00\",\"breadcrumb\":{\"@id\":\"https:\/\/brasilnoticias.org\/site\/festival-de-verao-tera-operacao-especial-de-transporte\/#breadcrumb\"},\"inLanguage\":\"pt-PT\",\"potentialAction\":[{\"@type\":\"ReadAction\",\"target\":[\"https:\/\/brasilnoticias.org\/site\/festival-de-verao-tera-operacao-especial-de-transporte\/\"]}]},{\"@type\":\"ImageObject\",\"inLanguage\":\"pt-PT\",\"@id\":\"https:\/\/brasilnoticias.org\/site\/festival-de-verao-tera-operacao-especial-de-transporte\/#primaryimage\",\"url\":\"https:\/\/brasilnoticias.org\/site\/wp-content\/uploads\/2023\/01\/dfsd_widelg-1.jpg\",\"contentUrl\":\"https:\/\/brasilnoticias.org\/site\/wp-content\/uploads\/2023\/01\/dfsd_widelg-1.jpg\",\"width\":788,\"height\":442},{\"@type\":\"BreadcrumbList\",\"@id\":\"https:\/\/brasilnoticias.org\/site\/festival-de-verao-tera-operacao-especial-de-transporte\/#breadcrumb\",\"itemListElement\":[{\"@type\":\"ListItem\",\"position\":1,\"name\":\"In\u00edcio\",\"item\":\"https:\/\/brasilnoticias.org\/site\/\"},{\"@type\":\"ListItem\",\"position\":2,\"name\":\"Festival de Ver\u00e3o ter\u00e1 opera\u00e7\u00e3o especial de transporte\"}]},{\"@type\":\"WebSite\",\"@id\":\"https:\/\/brasilnoticias.org\/site\/#website\",\"url\":\"https:\/\/brasilnoticias.org\/site\/\",\"name\":\"Brasil not\u00edcias\",\"description\":\"Brasil not\u00edcias\",\"publisher\":{\"@id\":\"https:\/\/brasilnoticias.org\/site\/#organization\"},\"potentialAction\":[{\"@type\":\"SearchAction\",\"target\":{\"@type\":\"EntryPoint\",\"urlTemplate\":\"https:\/\/brasilnoticias.org\/site\/?s={search_term_string}\"},\"query-input\":{\"@type\":\"PropertyValueSpecification\",\"valueRequired\":true,\"valueName\":\"search_term_string\"}}],\"inLanguage\":\"pt-PT\"},{\"@type\":\"Organization\",\"@id\":\"https:\/\/brasilnoticias.org\/site\/#organization\",\"name\":\"Brasil not\u00edcias\",\"url\":\"https:\/\/brasilnoticias.org\/site\/\",\"logo\":{\"@type\":\"ImageObject\",\"inLanguage\":\"pt-PT\",\"@id\":\"https:\/\/brasilnoticias.org\/site\/#\/schema\/logo\/image\/\",\"url\":\"https:\/\/brasilnoticias.org\/site\/wp-content\/uploads\/2022\/05\/cropped-brasilnoticias-mini.jpg\",\"contentUrl\":\"https:\/\/brasilnoticias.org\/site\/wp-content\/uploads\/2022\/05\/cropped-brasilnoticias-mini.jpg\",\"width\":314,\"height\":86,\"caption\":\"Brasil not\u00edcias\"},\"image\":{\"@id\":\"https:\/\/brasilnoticias.org\/site\/#\/schema\/logo\/image\/\"}},{\"@type\":\"Person\",\"@id\":\"https:\/\/brasilnoticias.org\/site\/#\/schema\/person\/a0e05b973ec4d15c658d51911e53507b\",\"name\":\"Reda\u00e7\u00e3o\",\"image\":{\"@type\":\"ImageObject\",\"inLanguage\":\"pt-PT\",\"@id\":\"https:\/\/brasilnoticias.org\/site\/#\/schema\/person\/image\/\",\"url\":\"https:\/\/secure.gravatar.com\/avatar\/75d8b050df2de108b08ae78dfb8e374892df24a383c67db9c46a9c604f6aee9c?s=96&d=mm&r=g\",\"contentUrl\":\"https:\/\/secure.gravatar.com\/avatar\/75d8b050df2de108b08ae78dfb8e374892df24a383c67db9c46a9c604f6aee9c?s=96&d=mm&r=g\",\"caption\":\"Reda\u00e7\u00e3o\"},\"sameAs\":[\"https:\/\/brasilnoticias.org\/site\"],\"url\":\"https:\/\/brasilnoticias.org\/site\/author\/fernandozsngmail-com\/\"}]}<\/script>\n<!-- \/ Yoast SEO plugin. -->","yoast_head_json":{"title":"Festival de Ver\u00e3o ter\u00e1 opera\u00e7\u00e3o especial de transporte - Brasil not\u00edcias","robots":{"index":"index","follow":"follow","max-snippet":"max-snippet:-1","max-image-preview":"max-image-preview:large","max-video-preview":"max-video-preview:-1"},"canonical":"https:\/\/brasilnoticias.org\/site\/festival-de-verao-tera-operacao-especial-de-transporte\/","og_locale":"pt_PT","og_type":"article","og_title":"Festival de Ver\u00e3o ter\u00e1 opera\u00e7\u00e3o especial de transporte - Brasil not\u00edcias","og_description":"Com o objetivo de atender o p\u00fablico que vai curtir os shows do Festival de Ver\u00e3o, que acontece no pr\u00f3ximo","og_url":"https:\/\/brasilnoticias.org\/site\/festival-de-verao-tera-operacao-especial-de-transporte\/","og_site_name":"Brasil not\u00edcias","article_published_time":"2023-01-26T21:30:08+00:00","og_image":[{"width":788,"height":442,"url":"https:\/\/brasilnoticias.org\/site\/wp-content\/uploads\/2023\/01\/dfsd_widelg-1.jpg","type":"image\/jpeg"}],"author":"Reda\u00e7\u00e3o","twitter_card":"summary_large_image","twitter_misc":{"Escrito por":"Reda\u00e7\u00e3o","Tempo estimado de leitura":"2 minutos"},"schema":{"@context":"https:\/\/schema.org","@graph":[{"@type":"Article","@id":"https:\/\/brasilnoticias.org\/site\/festival-de-verao-tera-operacao-especial-de-transporte\/#article","isPartOf":{"@id":"https:\/\/brasilnoticias.org\/site\/festival-de-verao-tera-operacao-especial-de-transporte\/"},"author":{"name":"Reda\u00e7\u00e3o","@id":"https:\/\/brasilnoticias.org\/site\/#\/schema\/person\/a0e05b973ec4d15c658d51911e53507b"},"headline":"Festival de Ver\u00e3o ter\u00e1 opera\u00e7\u00e3o especial de transporte","datePublished":"2023-01-26T21:30:08+00:00","mainEntityOfPage":{"@id":"https:\/\/brasilnoticias.org\/site\/festival-de-verao-tera-operacao-especial-de-transporte\/"},"wordCount":438,"commentCount":0,"publisher":{"@id":"https:\/\/brasilnoticias.org\/site\/#organization"},"image":{"@id":"https:\/\/brasilnoticias.org\/site\/festival-de-verao-tera-operacao-especial-de-transporte\/#primaryimage"},"thumbnailUrl":"https:\/\/brasilnoticias.org\/site\/wp-content\/uploads\/2023\/01\/dfsd_widelg-1.jpg","articleSection":["Not\u00edcias","\u00daltimas"],"inLanguage":"pt-PT","potentialAction":[{"@type":"CommentAction","name":"Comment","target":["https:\/\/brasilnoticias.org\/site\/festival-de-verao-tera-operacao-especial-de-transporte\/#respond"]}]},{"@type":"WebPage","@id":"https:\/\/brasilnoticias.org\/site\/festival-de-verao-tera-operacao-especial-de-transporte\/","url":"https:\/\/brasilnoticias.org\/site\/festival-de-verao-tera-operacao-especial-de-transporte\/","name":"Festival de Ver\u00e3o ter\u00e1 opera\u00e7\u00e3o especial de transporte - Brasil not\u00edcias","isPartOf":{"@id":"https:\/\/brasilnoticias.org\/site\/#website"},"primaryImageOfPage":{"@id":"https:\/\/brasilnoticias.org\/site\/festival-de-verao-tera-operacao-especial-de-transporte\/#primaryimage"},"image":{"@id":"https:\/\/brasilnoticias.org\/site\/festival-de-verao-tera-operacao-especial-de-transporte\/#primaryimage"},"thumbnailUrl":"https:\/\/brasilnoticias.org\/site\/wp-content\/uploads\/2023\/01\/dfsd_widelg-1.jpg","datePublished":"2023-01-26T21:30:08+00:00","breadcrumb":{"@id":"https:\/\/brasilnoticias.org\/site\/festival-de-verao-tera-operacao-especial-de-transporte\/#breadcrumb"},"inLanguage":"pt-PT","potentialAction":[{"@type":"ReadAction","target":["https:\/\/brasilnoticias.org\/site\/festival-de-verao-tera-operacao-especial-de-transporte\/"]}]},{"@type":"ImageObject","inLanguage":"pt-PT","@id":"https:\/\/brasilnoticias.org\/site\/festival-de-verao-tera-operacao-especial-de-transporte\/#primaryimage","url":"https:\/\/brasilnoticias.org\/site\/wp-content\/uploads\/2023\/01\/dfsd_widelg-1.jpg","contentUrl":"https:\/\/brasilnoticias.org\/site\/wp-content\/uploads\/2023\/01\/dfsd_widelg-1.jpg","width":788,"height":442},{"@type":"BreadcrumbList","@id":"https:\/\/brasilnoticias.org\/site\/festival-de-verao-tera-operacao-especial-de-transporte\/#breadcrumb","itemListElement":[{"@type":"ListItem","position":1,"name":"In\u00edcio","item":"https:\/\/brasilnoticias.org\/site\/"},{"@type":"ListItem","position":2,"name":"Festival de Ver\u00e3o ter\u00e1 opera\u00e7\u00e3o especial de transporte"}]},{"@type":"WebSite","@id":"https:\/\/brasilnoticias.org\/site\/#website","url":"https:\/\/brasilnoticias.org\/site\/","name":"Brasil not\u00edcias","description":"Brasil not\u00edcias","publisher":{"@id":"https:\/\/brasilnoticias.org\/site\/#organization"},"potentialAction":[{"@type":"SearchAction","target":{"@type":"EntryPoint","urlTemplate":"https:\/\/brasilnoticias.org\/site\/?s={search_term_string}"},"query-input":{"@type":"PropertyValueSpecification","valueRequired":true,"valueName":"search_term_string"}}],"inLanguage":"pt-PT"},{"@type":"Organization","@id":"https:\/\/brasilnoticias.org\/site\/#organization","name":"Brasil not\u00edcias","url":"https:\/\/brasilnoticias.org\/site\/","logo":{"@type":"ImageObject","inLanguage":"pt-PT","@id":"https:\/\/brasilnoticias.org\/site\/#\/schema\/logo\/image\/","url":"https:\/\/brasilnoticias.org\/site\/wp-content\/uploads\/2022\/05\/cropped-brasilnoticias-mini.jpg","contentUrl":"https:\/\/brasilnoticias.org\/site\/wp-content\/uploads\/2022\/05\/cropped-brasilnoticias-mini.jpg","width":314,"height":86,"caption":"Brasil not\u00edcias"},"image":{"@id":"https:\/\/brasilnoticias.org\/site\/#\/schema\/logo\/image\/"}},{"@type":"Person","@id":"https:\/\/brasilnoticias.org\/site\/#\/schema\/person\/a0e05b973ec4d15c658d51911e53507b","name":"Reda\u00e7\u00e3o","image":{"@type":"ImageObject","inLanguage":"pt-PT","@id":"https:\/\/brasilnoticias.org\/site\/#\/schema\/person\/image\/","url":"https:\/\/secure.gravatar.com\/avatar\/75d8b050df2de108b08ae78dfb8e374892df24a383c67db9c46a9c604f6aee9c?s=96&d=mm&r=g","contentUrl":"https:\/\/secure.gravatar.com\/avatar\/75d8b050df2de108b08ae78dfb8e374892df24a383c67db9c46a9c604f6aee9c?s=96&d=mm&r=g","caption":"Reda\u00e7\u00e3o"},"sameAs":["https:\/\/brasilnoticias.org\/site"],"url":"https:\/\/brasilnoticias.org\/site\/author\/fernandozsngmail-com\/"}]}},"_links":{"self":[{"href":"https:\/\/brasilnoticias.org\/site\/wp-json\/wp\/v2\/posts\/3548","targetHints":{"allow":["GET"]}}],"collection":[{"href":"https:\/\/brasilnoticias.org\/site\/wp-json\/wp\/v2\/posts"}],"about":[{"href":"https:\/\/brasilnoticias.org\/site\/wp-json\/wp\/v2\/types\/post"}],"author":[{"embeddable":true,"href":"https:\/\/brasilnoticias.org\/site\/wp-json\/wp\/v2\/users\/1"}],"replies":[{"embeddable":true,"href":"https:\/\/brasilnoticias.org\/site\/wp-json\/wp\/v2\/comments?post=3548"}],"version-history":[{"count":2,"href":"https:\/\/brasilnoticias.org\/site\/wp-json\/wp\/v2\/posts\/3548\/revisions"}],"predecessor-version":[{"id":3551,"href":"https:\/\/brasilnoticias.org\/site\/wp-json\/wp\/v2\/posts\/3548\/revisions\/3551"}],"wp:featuredmedia":[{"embeddable":true,"href":"https:\/\/brasilnoticias.org\/site\/wp-json\/wp\/v2\/media\/3549"}],"wp:attachment":[{"href":"https:\/\/brasilnoticias.org\/site\/wp-json\/wp\/v2\/media?parent=3548"}],"wp:term":[{"taxonomy":"category","embeddable":true,"href":"https:\/\/brasilnoticias.org\/site\/wp-json\/wp\/v2\/categories?post=3548"},{"taxonomy":"post_tag","embeddable":true,"href":"https:\/\/brasilnoticias.org\/site\/wp-json\/wp\/v2\/tags?post=3548"}],"curies":[{"name":"wp","href":"https:\/\/api.w.org\/{rel}","templated":true}]}}