{"id":356,"date":"2022-05-19T17:37:47","date_gmt":"2022-05-19T20:37:47","guid":{"rendered":"https:\/\/brasilnoticias.org\/site\/?p=356"},"modified":"2022-05-19T17:37:47","modified_gmt":"2022-05-19T20:37:47","slug":"ford-anuncia-venda-da-fabrica-de-taubate-em-sao-paulo","status":"publish","type":"post","link":"https:\/\/brasilnoticias.org\/site\/ford-anuncia-venda-da-fabrica-de-taubate-em-sao-paulo\/","title":{"rendered":"FORD ANUNCIA VENDA DA F\u00c1BRICA DE TAUBAT\u00c9, EM S\u00c3O PAULO"},"content":{"rendered":"<p>A\u00a0<a href=\"https:\/\/www.bnews.com.br\/tags\/ford\" target=\"_blank\" rel=\"noopener\">Ford<\/a>\u00a0anunciou nesta ter\u00e7a-feira (18) que assinou contrato de venda da f\u00e1brica de Taubat\u00e9 (SP) para a S\u00e3o Jos\u00e9 Desenvolvimento Imobili\u00e1rio. A concretiza\u00e7\u00e3o do neg\u00f3cio, no entanto, ainda depende da aprova\u00e7\u00e3o do Conselho Administrativo de Defesa Econ\u00f4mica (Cade).<\/p>\n<p>De acordo com a montadora, todo o processo de venda dever\u00e1 ser conclu\u00eddo no prazo de 60 a 90 dias.<\/p>\n<p>A\u00a0<a href=\"https:\/\/www.bnews.com.br\/noticias\/economia-e-mercado\/311287-de-saida-do-pais-ford-vai-indenizar-a-bahia-em-r-25-bilhoes-pelo-fim-das-atividades-em-camacari.html\" target=\"_blank\" rel=\"noopener\">Ford anunciou no in\u00edcio de 2021 o encerramento das suas atividades no Brasil<\/a>, ap\u00f3s mais de 100 anos montando ve\u00edculos no pa\u00eds.<\/p>\n<p>Em nota \u00e0 \u00e9poca do an\u00fancio, a empresa citou, entre outros fatores, os impactos provocados pela\u00a0<a href=\"https:\/\/www.bnews.com.br\/tags\/pandemia\" target=\"_blank\" rel=\"noopener\">pandemia do novo coronav\u00edrus (covid-19)<\/a>\u00a0que \u201camplia a persistente capacidade ociosa da ind\u00fastria e a redu\u00e7\u00e3o das vendas, resultando em anos de perdas significativas\u201d.<\/p>\n<p>Em fevereiro de 2021, a Funda\u00e7\u00e3o Procon de S\u00e3o Paulo e a Ford fecharam um acordo em que a empresa se comprometeu a manter a assist\u00eancia ao consumidor no pa\u00eds, com opera\u00e7\u00f5es de vendas, servi\u00e7os, assist\u00eancia t\u00e9cnica, pe\u00e7as de reposi\u00e7\u00e3o e garantia.<\/p>\n<p>&nbsp;<\/p>\n<p>&nbsp;<\/p>\n<p>Bnews<\/p>\n","protected":false},"excerpt":{"rendered":"<p>A\u00a0Ford\u00a0anunciou nesta ter\u00e7a-feira (18) que assinou contrato de venda da f\u00e1brica de Taubat\u00e9 (SP) para a S\u00e3o Jos\u00e9 Desenvolvimento Imobili\u00e1rio.<\/p>\n","protected":false},"author":2,"featured_media":357,"comment_status":"open","ping_status":"open","sticky":false,"template":"","format":"standard","meta":{"colormag_page_container_layout":"default_layout","colormag_page_sidebar_layout":"default_layout","_FSMCFIC_featured_image_caption":"","_FSMCFIC_featured_image_nocaption":"","_FSMCFIC_featured_image_hide":"","footnotes":""},"categories":[2],"tags":[],"class_list":["post-356","post","type-post","status-publish","format-standard","has-post-thumbnail","hentry","category-noticias"],"yoast_head":"<!-- This site is optimized with the Yoast SEO plugin v27.1.1 - https:\/\/yoast.com\/product\/yoast-seo-wordpress\/ -->\n<title>FORD ANUNCIA VENDA DA F\u00c1BRICA DE TAUBAT\u00c9, EM S\u00c3O PAULO - Brasil not\u00edcias<\/title>\n<meta name=\"robots\" content=\"index, follow, max-snippet:-1, max-image-preview:large, max-video-preview:-1\" \/>\n<link rel=\"canonical\" href=\"https:\/\/brasilnoticias.org\/site\/ford-anuncia-venda-da-fabrica-de-taubate-em-sao-paulo\/\" \/>\n<meta property=\"og:locale\" content=\"pt_PT\" \/>\n<meta property=\"og:type\" content=\"article\" \/>\n<meta property=\"og:title\" content=\"FORD ANUNCIA VENDA DA F\u00c1BRICA DE TAUBAT\u00c9, EM S\u00c3O PAULO - Brasil not\u00edcias\" \/>\n<meta property=\"og:description\" content=\"A\u00a0Ford\u00a0anunciou nesta ter\u00e7a-feira (18) que assinou contrato de venda da f\u00e1brica de Taubat\u00e9 (SP) para a S\u00e3o Jos\u00e9 Desenvolvimento Imobili\u00e1rio.\" \/>\n<meta property=\"og:url\" content=\"https:\/\/brasilnoticias.org\/site\/ford-anuncia-venda-da-fabrica-de-taubate-em-sao-paulo\/\" \/>\n<meta property=\"og:site_name\" content=\"Brasil not\u00edcias\" \/>\n<meta property=\"article:published_time\" content=\"2022-05-19T20:37:47+00:00\" \/>\n<meta property=\"og:image\" content=\"https:\/\/brasilnoticias.org\/site\/wp-content\/uploads\/2022\/05\/ford_anuncia_venda_da_fabrica_de_taubate_em_sao_paulo_widelg.jpg\" \/>\n\t<meta property=\"og:image:width\" content=\"800\" \/>\n\t<meta property=\"og:image:height\" content=\"450\" \/>\n\t<meta property=\"og:image:type\" content=\"image\/jpeg\" \/>\n<meta name=\"author\" content=\"Reda\u00e7\u00e3o\" \/>\n<meta name=\"twitter:card\" content=\"summary_large_image\" \/>\n<meta name=\"twitter:label1\" content=\"Escrito por\" \/>\n\t<meta name=\"twitter:data1\" content=\"Reda\u00e7\u00e3o\" \/>\n\t<meta name=\"twitter:label2\" content=\"Tempo estimado de leitura\" \/>\n\t<meta name=\"twitter:data2\" content=\"1 minuto\" \/>\n<script type=\"application\/ld+json\" class=\"yoast-schema-graph\">{\"@context\":\"https:\/\/schema.org\",\"@graph\":[{\"@type\":\"Article\",\"@id\":\"https:\/\/brasilnoticias.org\/site\/ford-anuncia-venda-da-fabrica-de-taubate-em-sao-paulo\/#article\",\"isPartOf\":{\"@id\":\"https:\/\/brasilnoticias.org\/site\/ford-anuncia-venda-da-fabrica-de-taubate-em-sao-paulo\/\"},\"author\":{\"name\":\"Reda\u00e7\u00e3o\",\"@id\":\"https:\/\/brasilnoticias.org\/site\/#\/schema\/person\/f609fa847b5314f1c8b983342f34c798\"},\"headline\":\"FORD ANUNCIA VENDA DA F\u00c1BRICA DE TAUBAT\u00c9, EM S\u00c3O PAULO\",\"datePublished\":\"2022-05-19T20:37:47+00:00\",\"mainEntityOfPage\":{\"@id\":\"https:\/\/brasilnoticias.org\/site\/ford-anuncia-venda-da-fabrica-de-taubate-em-sao-paulo\/\"},\"wordCount\":199,\"commentCount\":0,\"publisher\":{\"@id\":\"https:\/\/brasilnoticias.org\/site\/#organization\"},\"image\":{\"@id\":\"https:\/\/brasilnoticias.org\/site\/ford-anuncia-venda-da-fabrica-de-taubate-em-sao-paulo\/#primaryimage\"},\"thumbnailUrl\":\"https:\/\/brasilnoticias.org\/site\/wp-content\/uploads\/2022\/05\/ford_anuncia_venda_da_fabrica_de_taubate_em_sao_paulo_widelg.jpg\",\"articleSection\":[\"Not\u00edcias\"],\"inLanguage\":\"pt-PT\",\"potentialAction\":[{\"@type\":\"CommentAction\",\"name\":\"Comment\",\"target\":[\"https:\/\/brasilnoticias.org\/site\/ford-anuncia-venda-da-fabrica-de-taubate-em-sao-paulo\/#respond\"]}]},{\"@type\":\"WebPage\",\"@id\":\"https:\/\/brasilnoticias.org\/site\/ford-anuncia-venda-da-fabrica-de-taubate-em-sao-paulo\/\",\"url\":\"https:\/\/brasilnoticias.org\/site\/ford-anuncia-venda-da-fabrica-de-taubate-em-sao-paulo\/\",\"name\":\"FORD ANUNCIA VENDA DA F\u00c1BRICA DE TAUBAT\u00c9, EM S\u00c3O PAULO - Brasil not\u00edcias\",\"isPartOf\":{\"@id\":\"https:\/\/brasilnoticias.org\/site\/#website\"},\"primaryImageOfPage\":{\"@id\":\"https:\/\/brasilnoticias.org\/site\/ford-anuncia-venda-da-fabrica-de-taubate-em-sao-paulo\/#primaryimage\"},\"image\":{\"@id\":\"https:\/\/brasilnoticias.org\/site\/ford-anuncia-venda-da-fabrica-de-taubate-em-sao-paulo\/#primaryimage\"},\"thumbnailUrl\":\"https:\/\/brasilnoticias.org\/site\/wp-content\/uploads\/2022\/05\/ford_anuncia_venda_da_fabrica_de_taubate_em_sao_paulo_widelg.jpg\",\"datePublished\":\"2022-05-19T20:37:47+00:00\",\"breadcrumb\":{\"@id\":\"https:\/\/brasilnoticias.org\/site\/ford-anuncia-venda-da-fabrica-de-taubate-em-sao-paulo\/#breadcrumb\"},\"inLanguage\":\"pt-PT\",\"potentialAction\":[{\"@type\":\"ReadAction\",\"target\":[\"https:\/\/brasilnoticias.org\/site\/ford-anuncia-venda-da-fabrica-de-taubate-em-sao-paulo\/\"]}]},{\"@type\":\"ImageObject\",\"inLanguage\":\"pt-PT\",\"@id\":\"https:\/\/brasilnoticias.org\/site\/ford-anuncia-venda-da-fabrica-de-taubate-em-sao-paulo\/#primaryimage\",\"url\":\"https:\/\/brasilnoticias.org\/site\/wp-content\/uploads\/2022\/05\/ford_anuncia_venda_da_fabrica_de_taubate_em_sao_paulo_widelg.jpg\",\"contentUrl\":\"https:\/\/brasilnoticias.org\/site\/wp-content\/uploads\/2022\/05\/ford_anuncia_venda_da_fabrica_de_taubate_em_sao_paulo_widelg.jpg\",\"width\":800,\"height\":450},{\"@type\":\"BreadcrumbList\",\"@id\":\"https:\/\/brasilnoticias.org\/site\/ford-anuncia-venda-da-fabrica-de-taubate-em-sao-paulo\/#breadcrumb\",\"itemListElement\":[{\"@type\":\"ListItem\",\"position\":1,\"name\":\"In\u00edcio\",\"item\":\"https:\/\/brasilnoticias.org\/site\/\"},{\"@type\":\"ListItem\",\"position\":2,\"name\":\"FORD ANUNCIA VENDA DA F\u00c1BRICA DE TAUBAT\u00c9, EM S\u00c3O PAULO\"}]},{\"@type\":\"WebSite\",\"@id\":\"https:\/\/brasilnoticias.org\/site\/#website\",\"url\":\"https:\/\/brasilnoticias.org\/site\/\",\"name\":\"Brasil not\u00edcias\",\"description\":\"Brasil not\u00edcias\",\"publisher\":{\"@id\":\"https:\/\/brasilnoticias.org\/site\/#organization\"},\"potentialAction\":[{\"@type\":\"SearchAction\",\"target\":{\"@type\":\"EntryPoint\",\"urlTemplate\":\"https:\/\/brasilnoticias.org\/site\/?s={search_term_string}\"},\"query-input\":{\"@type\":\"PropertyValueSpecification\",\"valueRequired\":true,\"valueName\":\"search_term_string\"}}],\"inLanguage\":\"pt-PT\"},{\"@type\":\"Organization\",\"@id\":\"https:\/\/brasilnoticias.org\/site\/#organization\",\"name\":\"Brasil not\u00edcias\",\"url\":\"https:\/\/brasilnoticias.org\/site\/\",\"logo\":{\"@type\":\"ImageObject\",\"inLanguage\":\"pt-PT\",\"@id\":\"https:\/\/brasilnoticias.org\/site\/#\/schema\/logo\/image\/\",\"url\":\"https:\/\/brasilnoticias.org\/site\/wp-content\/uploads\/2022\/05\/cropped-brasilnoticias-mini.jpg\",\"contentUrl\":\"https:\/\/brasilnoticias.org\/site\/wp-content\/uploads\/2022\/05\/cropped-brasilnoticias-mini.jpg\",\"width\":314,\"height\":86,\"caption\":\"Brasil not\u00edcias\"},\"image\":{\"@id\":\"https:\/\/brasilnoticias.org\/site\/#\/schema\/logo\/image\/\"}},{\"@type\":\"Person\",\"@id\":\"https:\/\/brasilnoticias.org\/site\/#\/schema\/person\/f609fa847b5314f1c8b983342f34c798\",\"name\":\"Reda\u00e7\u00e3o\",\"image\":{\"@type\":\"ImageObject\",\"inLanguage\":\"pt-PT\",\"@id\":\"https:\/\/brasilnoticias.org\/site\/#\/schema\/person\/image\/\",\"url\":\"https:\/\/secure.gravatar.com\/avatar\/447284c06c1ad8b46465a36de9cd0d8326b73387a22799b8b1ffb1fbcff2ed0c?s=96&d=mm&r=g\",\"contentUrl\":\"https:\/\/secure.gravatar.com\/avatar\/447284c06c1ad8b46465a36de9cd0d8326b73387a22799b8b1ffb1fbcff2ed0c?s=96&d=mm&r=g\",\"caption\":\"Reda\u00e7\u00e3o\"},\"url\":\"https:\/\/brasilnoticias.org\/site\/author\/redacao\/\"}]}<\/script>\n<!-- \/ Yoast SEO plugin. -->","yoast_head_json":{"title":"FORD ANUNCIA VENDA DA F\u00c1BRICA DE TAUBAT\u00c9, EM S\u00c3O PAULO - Brasil not\u00edcias","robots":{"index":"index","follow":"follow","max-snippet":"max-snippet:-1","max-image-preview":"max-image-preview:large","max-video-preview":"max-video-preview:-1"},"canonical":"https:\/\/brasilnoticias.org\/site\/ford-anuncia-venda-da-fabrica-de-taubate-em-sao-paulo\/","og_locale":"pt_PT","og_type":"article","og_title":"FORD ANUNCIA VENDA DA F\u00c1BRICA DE TAUBAT\u00c9, EM S\u00c3O PAULO - Brasil not\u00edcias","og_description":"A\u00a0Ford\u00a0anunciou nesta ter\u00e7a-feira (18) que assinou contrato de venda da f\u00e1brica de Taubat\u00e9 (SP) para a S\u00e3o Jos\u00e9 Desenvolvimento Imobili\u00e1rio.","og_url":"https:\/\/brasilnoticias.org\/site\/ford-anuncia-venda-da-fabrica-de-taubate-em-sao-paulo\/","og_site_name":"Brasil not\u00edcias","article_published_time":"2022-05-19T20:37:47+00:00","og_image":[{"width":800,"height":450,"url":"https:\/\/brasilnoticias.org\/site\/wp-content\/uploads\/2022\/05\/ford_anuncia_venda_da_fabrica_de_taubate_em_sao_paulo_widelg.jpg","type":"image\/jpeg"}],"author":"Reda\u00e7\u00e3o","twitter_card":"summary_large_image","twitter_misc":{"Escrito por":"Reda\u00e7\u00e3o","Tempo estimado de leitura":"1 minuto"},"schema":{"@context":"https:\/\/schema.org","@graph":[{"@type":"Article","@id":"https:\/\/brasilnoticias.org\/site\/ford-anuncia-venda-da-fabrica-de-taubate-em-sao-paulo\/#article","isPartOf":{"@id":"https:\/\/brasilnoticias.org\/site\/ford-anuncia-venda-da-fabrica-de-taubate-em-sao-paulo\/"},"author":{"name":"Reda\u00e7\u00e3o","@id":"https:\/\/brasilnoticias.org\/site\/#\/schema\/person\/f609fa847b5314f1c8b983342f34c798"},"headline":"FORD ANUNCIA VENDA DA F\u00c1BRICA DE TAUBAT\u00c9, EM S\u00c3O PAULO","datePublished":"2022-05-19T20:37:47+00:00","mainEntityOfPage":{"@id":"https:\/\/brasilnoticias.org\/site\/ford-anuncia-venda-da-fabrica-de-taubate-em-sao-paulo\/"},"wordCount":199,"commentCount":0,"publisher":{"@id":"https:\/\/brasilnoticias.org\/site\/#organization"},"image":{"@id":"https:\/\/brasilnoticias.org\/site\/ford-anuncia-venda-da-fabrica-de-taubate-em-sao-paulo\/#primaryimage"},"thumbnailUrl":"https:\/\/brasilnoticias.org\/site\/wp-content\/uploads\/2022\/05\/ford_anuncia_venda_da_fabrica_de_taubate_em_sao_paulo_widelg.jpg","articleSection":["Not\u00edcias"],"inLanguage":"pt-PT","potentialAction":[{"@type":"CommentAction","name":"Comment","target":["https:\/\/brasilnoticias.org\/site\/ford-anuncia-venda-da-fabrica-de-taubate-em-sao-paulo\/#respond"]}]},{"@type":"WebPage","@id":"https:\/\/brasilnoticias.org\/site\/ford-anuncia-venda-da-fabrica-de-taubate-em-sao-paulo\/","url":"https:\/\/brasilnoticias.org\/site\/ford-anuncia-venda-da-fabrica-de-taubate-em-sao-paulo\/","name":"FORD ANUNCIA VENDA DA F\u00c1BRICA DE TAUBAT\u00c9, EM S\u00c3O PAULO - Brasil not\u00edcias","isPartOf":{"@id":"https:\/\/brasilnoticias.org\/site\/#website"},"primaryImageOfPage":{"@id":"https:\/\/brasilnoticias.org\/site\/ford-anuncia-venda-da-fabrica-de-taubate-em-sao-paulo\/#primaryimage"},"image":{"@id":"https:\/\/brasilnoticias.org\/site\/ford-anuncia-venda-da-fabrica-de-taubate-em-sao-paulo\/#primaryimage"},"thumbnailUrl":"https:\/\/brasilnoticias.org\/site\/wp-content\/uploads\/2022\/05\/ford_anuncia_venda_da_fabrica_de_taubate_em_sao_paulo_widelg.jpg","datePublished":"2022-05-19T20:37:47+00:00","breadcrumb":{"@id":"https:\/\/brasilnoticias.org\/site\/ford-anuncia-venda-da-fabrica-de-taubate-em-sao-paulo\/#breadcrumb"},"inLanguage":"pt-PT","potentialAction":[{"@type":"ReadAction","target":["https:\/\/brasilnoticias.org\/site\/ford-anuncia-venda-da-fabrica-de-taubate-em-sao-paulo\/"]}]},{"@type":"ImageObject","inLanguage":"pt-PT","@id":"https:\/\/brasilnoticias.org\/site\/ford-anuncia-venda-da-fabrica-de-taubate-em-sao-paulo\/#primaryimage","url":"https:\/\/brasilnoticias.org\/site\/wp-content\/uploads\/2022\/05\/ford_anuncia_venda_da_fabrica_de_taubate_em_sao_paulo_widelg.jpg","contentUrl":"https:\/\/brasilnoticias.org\/site\/wp-content\/uploads\/2022\/05\/ford_anuncia_venda_da_fabrica_de_taubate_em_sao_paulo_widelg.jpg","width":800,"height":450},{"@type":"BreadcrumbList","@id":"https:\/\/brasilnoticias.org\/site\/ford-anuncia-venda-da-fabrica-de-taubate-em-sao-paulo\/#breadcrumb","itemListElement":[{"@type":"ListItem","position":1,"name":"In\u00edcio","item":"https:\/\/brasilnoticias.org\/site\/"},{"@type":"ListItem","position":2,"name":"FORD ANUNCIA VENDA DA F\u00c1BRICA DE TAUBAT\u00c9, EM S\u00c3O PAULO"}]},{"@type":"WebSite","@id":"https:\/\/brasilnoticias.org\/site\/#website","url":"https:\/\/brasilnoticias.org\/site\/","name":"Brasil not\u00edcias","description":"Brasil not\u00edcias","publisher":{"@id":"https:\/\/brasilnoticias.org\/site\/#organization"},"potentialAction":[{"@type":"SearchAction","target":{"@type":"EntryPoint","urlTemplate":"https:\/\/brasilnoticias.org\/site\/?s={search_term_string}"},"query-input":{"@type":"PropertyValueSpecification","valueRequired":true,"valueName":"search_term_string"}}],"inLanguage":"pt-PT"},{"@type":"Organization","@id":"https:\/\/brasilnoticias.org\/site\/#organization","name":"Brasil not\u00edcias","url":"https:\/\/brasilnoticias.org\/site\/","logo":{"@type":"ImageObject","inLanguage":"pt-PT","@id":"https:\/\/brasilnoticias.org\/site\/#\/schema\/logo\/image\/","url":"https:\/\/brasilnoticias.org\/site\/wp-content\/uploads\/2022\/05\/cropped-brasilnoticias-mini.jpg","contentUrl":"https:\/\/brasilnoticias.org\/site\/wp-content\/uploads\/2022\/05\/cropped-brasilnoticias-mini.jpg","width":314,"height":86,"caption":"Brasil not\u00edcias"},"image":{"@id":"https:\/\/brasilnoticias.org\/site\/#\/schema\/logo\/image\/"}},{"@type":"Person","@id":"https:\/\/brasilnoticias.org\/site\/#\/schema\/person\/f609fa847b5314f1c8b983342f34c798","name":"Reda\u00e7\u00e3o","image":{"@type":"ImageObject","inLanguage":"pt-PT","@id":"https:\/\/brasilnoticias.org\/site\/#\/schema\/person\/image\/","url":"https:\/\/secure.gravatar.com\/avatar\/447284c06c1ad8b46465a36de9cd0d8326b73387a22799b8b1ffb1fbcff2ed0c?s=96&d=mm&r=g","contentUrl":"https:\/\/secure.gravatar.com\/avatar\/447284c06c1ad8b46465a36de9cd0d8326b73387a22799b8b1ffb1fbcff2ed0c?s=96&d=mm&r=g","caption":"Reda\u00e7\u00e3o"},"url":"https:\/\/brasilnoticias.org\/site\/author\/redacao\/"}]}},"_links":{"self":[{"href":"https:\/\/brasilnoticias.org\/site\/wp-json\/wp\/v2\/posts\/356","targetHints":{"allow":["GET"]}}],"collection":[{"href":"https:\/\/brasilnoticias.org\/site\/wp-json\/wp\/v2\/posts"}],"about":[{"href":"https:\/\/brasilnoticias.org\/site\/wp-json\/wp\/v2\/types\/post"}],"author":[{"embeddable":true,"href":"https:\/\/brasilnoticias.org\/site\/wp-json\/wp\/v2\/users\/2"}],"replies":[{"embeddable":true,"href":"https:\/\/brasilnoticias.org\/site\/wp-json\/wp\/v2\/comments?post=356"}],"version-history":[{"count":1,"href":"https:\/\/brasilnoticias.org\/site\/wp-json\/wp\/v2\/posts\/356\/revisions"}],"predecessor-version":[{"id":358,"href":"https:\/\/brasilnoticias.org\/site\/wp-json\/wp\/v2\/posts\/356\/revisions\/358"}],"wp:featuredmedia":[{"embeddable":true,"href":"https:\/\/brasilnoticias.org\/site\/wp-json\/wp\/v2\/media\/357"}],"wp:attachment":[{"href":"https:\/\/brasilnoticias.org\/site\/wp-json\/wp\/v2\/media?parent=356"}],"wp:term":[{"taxonomy":"category","embeddable":true,"href":"https:\/\/brasilnoticias.org\/site\/wp-json\/wp\/v2\/categories?post=356"},{"taxonomy":"post_tag","embeddable":true,"href":"https:\/\/brasilnoticias.org\/site\/wp-json\/wp\/v2\/tags?post=356"}],"curies":[{"name":"wp","href":"https:\/\/api.w.org\/{rel}","templated":true}]}}