{"id":3575,"date":"2023-01-27T07:03:10","date_gmt":"2023-01-27T10:03:10","guid":{"rendered":"https:\/\/brasilnoticias.org\/site\/?p=3575"},"modified":"2023-01-27T07:03:10","modified_gmt":"2023-01-27T10:03:10","slug":"ser-sentir-e-fazer-ja-ouviu-falar-de-healing","status":"publish","type":"post","link":"https:\/\/brasilnoticias.org\/site\/ser-sentir-e-fazer-ja-ouviu-falar-de-healing\/","title":{"rendered":"SER, SENTIR E FAZER: J\u00c1 OUVIU FALAR DE HEALING?"},"content":{"rendered":"<p>Saiba mais sobre a t\u00e9cnica de medita\u00e7\u00e3o que move bloqueios, promove autoconhecimento e aumenta conex\u00e3o com a energia vital<\/p>\n<p>Somos seres de m\u00faltiplas dimens\u00f5es. E, como tal, podemos ser trabalhados na totalidade, de forma integral. Psic\u00f3logos, terapeutas, m\u00e9dicos e pesquisadores cient\u00edficos na \u00e1rea das Terapias Integrativas est\u00e3o cada vez mais convictos dos benef\u00edcios da medita\u00e7\u00e3o. O Healing \u00e9 uma delas e tem metodologia baseada em na circula\u00e7\u00e3o de energia com o objetivo de desenvolver a consci\u00eancia. \u201cMuitas vezes n\u00e3o entendemos o porqu\u00ea de n\u00e3o deslanchar em aspectos que consideramos importantes. Nem sempre percebemos que nossas a\u00e7\u00f5es no mundo precisam estar alinhadas como nosso ser essencial\u201d, pontua a psic\u00f3loga Renata S\u00e1 Barreto, facilitadora em Healing e Constela\u00e7\u00e3o Familiar.<\/p>\n<p>A medita\u00e7\u00e3o e o autoconhecimento deveriam fazer parte da nossa rotina di\u00e1ria. O Healing vai al\u00e9m do f\u00edsico e movimenta a energia ps\u00edquica dos praticantes contribuindo para melhor funcionamento energ\u00e9tico. A metodologia do Healing foi criada pelo Irland\u00eas Bob Moore e trazida para o Brasil por \u00cdsis Pristed, que reside aqui na Bahia. \u201cExistem muitos tipos de medita\u00e7\u00e3o. A grande maioria pede que o praticante esvazie a mente e foque na respira\u00e7\u00e3o. O Healing prop\u00f5e foco em pontos de energia do pr\u00f3prio corpo, f\u00edsico e n\u00e3o-f\u00edsico. Atrav\u00e9s da visualiza\u00e7\u00e3o de cores, s\u00edmbolos, mantras e vibra\u00e7\u00f5es de sons, \u00e9 poss\u00edvel acalmar a mente tarefeira de n\u00f3s ocidentais, promover a circula\u00e7\u00e3o energ\u00e9tica e observar os efeitos\u201d, explica Barreto.<\/p>\n<p>A psic\u00f3loga Renata S\u00e1 Barreto trabalha com a t\u00e9cnica h\u00e1 mais de duas d\u00e9cadas. Nos \u00faltimos tr\u00eas anos, conduz grupos focados na pr\u00e1tica e tem resultados comprovados de que o Healing acelera o processo de cura, especialmente aspectos &#8211; que s\u00f3 com a terapia &#8211; s\u00e3o mais dif\u00edceis de serem movidos. \u201cOs chacras s\u00e3o fluxos de consci\u00eancia. Quando a gente trabalha com a energia dos chacras, a gente est\u00e1 trabalhando conte\u00fados internos da nossa pr\u00f3pria vida\u201d.<\/p>\n<p><img loading=\"lazy\" decoding=\"async\" class=\"alignnone size-full wp-image-3577\" src=\"https:\/\/brasilnoticias.org\/site\/wp-content\/uploads\/2023\/01\/WhatsApp-Image-2023-01-19-at-15.20.54.jpeg\" alt=\"\" width=\"750\" height=\"1000\" srcset=\"https:\/\/brasilnoticias.org\/site\/wp-content\/uploads\/2023\/01\/WhatsApp-Image-2023-01-19-at-15.20.54.jpeg 750w, https:\/\/brasilnoticias.org\/site\/wp-content\/uploads\/2023\/01\/WhatsApp-Image-2023-01-19-at-15.20.54-375x500.jpeg 375w\" sizes=\"auto, (max-width: 750px) 100vw, 750px\" \/><\/p>\n<p>A especialista garante que, a partir do momento que a gente respira e olha para dentro, ganha-se em autoconhecimento, controle da impulsividade e paci\u00eancia. Esses s\u00e3o s\u00f3 alguns dos benef\u00edcios do ato de meditar. Quem adota como pr\u00e1tica regular respirar e olhar para a pr\u00f3pria vida usando a metodologia do Healing garante que consegue mover dificuldades, inclusive subjetivas.<\/p>\n<p>A psic\u00f3loga Juliana Mesquita, 28 anos, avalia que 2022, gra\u00e7as ao trabalho com o Healing, foi o ano com que mais chegou pr\u00f3ximo da sua ess\u00eancia. \u201cO Healing ajudou a tirar \u201ccascas\u201d ou \u201cpoeiras\u201d de mim para que eu pudesse ser mais eu e isso foi muito potente. Ficava animada para cada encontro e curiosa para ver na pr\u00e1tica os efeitos. Eles s\u00e3o reais. Definitivamente, foi a minha melhor escolha de 2022. E continuar\u00e1 sendo a minha escolha em 2023\u201d, garante.<\/p>\n<p>Para quem se interessa no convite para este mergulho interno, acompanhado por uma profisisonal sens\u00edvel e experiente no assunto, existem dois tipos de trabalhos. Workshops com dura\u00e7\u00e3o de 12 horas, que acontecem aos finais de semana, no m\u00e1ximo duas vezes por ano. E grupos cont\u00ednuos semanais com dura\u00e7\u00e3o de duas horas, realizados de mar\u00e7o a dezembro. Como os encontros s\u00e3o on-line, pessoas de outros estados e pa\u00edses participam da medita\u00e7\u00e3o coletiva, circula\u00e7\u00e3o de energia e partilhas.<\/p>\n<p>\u201cO workshop \u00e9 uma oportunidade para quem quer conhecer. \u00c9 um grande input energ\u00e9tico. \u00c9 um mergulho intenso capaz de acelerar processos. Enquanto os grupos regulares s\u00e3o espa\u00e7os de aprofundamento e ricas trocas\u201d, acrescenta Barreto, lembrando que n\u00e3o h\u00e1 contraindica\u00e7\u00e3o para a pr\u00e1tica. \u201cO Healing \u00e9 altamente respeitoso. \u00c9 um trabalho de dentro para fora, que n\u00e3o usa subst\u00e2ncia qu\u00edmica. A condu\u00e7\u00e3o externa \u00e9 apenas para sugest\u00e3o do exerc\u00edcio. Quem move o processo \u00e9 a pr\u00f3pria individualidade \u2013 a inst\u00e2ncia de cada ser\u201d, conclui.<\/p>\n<p>&nbsp;<\/p>\n<p>&nbsp;<\/p>\n<p>&nbsp;<\/p>\n<p>&nbsp;<\/p>\n<table width=\"98%\">\n<tbody>\n<tr>\n<td width=\"100%\"><strong>HEALING<\/strong><\/p>\n<p><strong>\u00a0<\/strong><\/p>\n<p><strong>O qu\u00ea: <\/strong>Workshop de Healing: Ser, Sentir e Fazer<\/p>\n<p><strong>Quem:<\/strong> <strong>\u00a0Facilitadora Renata S\u00e1 Barreto <\/strong><\/p>\n<p><strong>Quando: <\/strong>21 e 22 de Janeiro<\/p>\n<p><strong>Onde: <\/strong>Encontro On-line atrav\u00e9s da plataforma Zoom Meeting<\/p>\n<p><strong>Informa\u00e7\u00f5es: <\/strong>(71) 98112-4626<\/p>\n<p>Os grupos regulares come\u00e7am em mar\u00e7o. \u00a0Encontros on-line, segunda, \u00e0s 20h15, e, \u00e0s sextas, \u00e0s 18h30.<\/td>\n<\/tr>\n<\/tbody>\n<\/table>\n<p>&nbsp;<\/p>\n<p>&nbsp;<\/p>\n","protected":false},"excerpt":{"rendered":"<p>Saiba mais sobre a t\u00e9cnica de medita\u00e7\u00e3o que move bloqueios, promove autoconhecimento e aumenta conex\u00e3o com a energia vital Somos<\/p>\n","protected":false},"author":1,"featured_media":3578,"comment_status":"open","ping_status":"open","sticky":false,"template":"","format":"standard","meta":{"colormag_page_container_layout":"default_layout","colormag_page_sidebar_layout":"default_layout","_FSMCFIC_featured_image_caption":"","_FSMCFIC_featured_image_nocaption":"","_FSMCFIC_featured_image_hide":"","footnotes":""},"categories":[2],"tags":[],"class_list":["post-3575","post","type-post","status-publish","format-standard","has-post-thumbnail","hentry","category-noticias"],"yoast_head":"<!-- This site is optimized with the Yoast SEO plugin v27.1.1 - https:\/\/yoast.com\/product\/yoast-seo-wordpress\/ -->\n<title>SER, SENTIR E FAZER: J\u00c1 OUVIU FALAR DE HEALING? - Brasil not\u00edcias<\/title>\n<meta name=\"robots\" content=\"index, follow, max-snippet:-1, max-image-preview:large, max-video-preview:-1\" \/>\n<link rel=\"canonical\" href=\"https:\/\/brasilnoticias.org\/site\/ser-sentir-e-fazer-ja-ouviu-falar-de-healing\/\" \/>\n<meta property=\"og:locale\" content=\"pt_PT\" \/>\n<meta property=\"og:type\" content=\"article\" \/>\n<meta property=\"og:title\" content=\"SER, SENTIR E FAZER: J\u00c1 OUVIU FALAR DE HEALING? - Brasil not\u00edcias\" \/>\n<meta property=\"og:description\" content=\"Saiba mais sobre a t\u00e9cnica de medita\u00e7\u00e3o que move bloqueios, promove autoconhecimento e aumenta conex\u00e3o com a energia vital Somos\" \/>\n<meta property=\"og:url\" content=\"https:\/\/brasilnoticias.org\/site\/ser-sentir-e-fazer-ja-ouviu-falar-de-healing\/\" \/>\n<meta property=\"og:site_name\" content=\"Brasil not\u00edcias\" \/>\n<meta property=\"article:published_time\" content=\"2023-01-27T10:03:10+00:00\" \/>\n<meta property=\"og:image\" content=\"https:\/\/brasilnoticias.org\/site\/wp-content\/uploads\/2023\/01\/WhatsApp-Image-2023-01-19-at-15.20.46.jpeg\" \/>\n\t<meta property=\"og:image:width\" content=\"561\" \/>\n\t<meta property=\"og:image:height\" content=\"561\" \/>\n\t<meta property=\"og:image:type\" content=\"image\/jpeg\" \/>\n<meta name=\"author\" content=\"Reda\u00e7\u00e3o\" \/>\n<meta name=\"twitter:card\" content=\"summary_large_image\" \/>\n<meta name=\"twitter:label1\" content=\"Escrito por\" \/>\n\t<meta name=\"twitter:data1\" content=\"Reda\u00e7\u00e3o\" \/>\n\t<meta name=\"twitter:label2\" content=\"Tempo estimado de leitura\" \/>\n\t<meta name=\"twitter:data2\" content=\"4 minutos\" \/>\n<script type=\"application\/ld+json\" class=\"yoast-schema-graph\">{\"@context\":\"https:\/\/schema.org\",\"@graph\":[{\"@type\":\"Article\",\"@id\":\"https:\/\/brasilnoticias.org\/site\/ser-sentir-e-fazer-ja-ouviu-falar-de-healing\/#article\",\"isPartOf\":{\"@id\":\"https:\/\/brasilnoticias.org\/site\/ser-sentir-e-fazer-ja-ouviu-falar-de-healing\/\"},\"author\":{\"name\":\"Reda\u00e7\u00e3o\",\"@id\":\"https:\/\/brasilnoticias.org\/site\/#\/schema\/person\/a0e05b973ec4d15c658d51911e53507b\"},\"headline\":\"SER, SENTIR E FAZER: J\u00c1 OUVIU FALAR DE HEALING?\",\"datePublished\":\"2023-01-27T10:03:10+00:00\",\"mainEntityOfPage\":{\"@id\":\"https:\/\/brasilnoticias.org\/site\/ser-sentir-e-fazer-ja-ouviu-falar-de-healing\/\"},\"wordCount\":743,\"commentCount\":0,\"publisher\":{\"@id\":\"https:\/\/brasilnoticias.org\/site\/#organization\"},\"image\":{\"@id\":\"https:\/\/brasilnoticias.org\/site\/ser-sentir-e-fazer-ja-ouviu-falar-de-healing\/#primaryimage\"},\"thumbnailUrl\":\"https:\/\/brasilnoticias.org\/site\/wp-content\/uploads\/2023\/01\/WhatsApp-Image-2023-01-19-at-15.20.46.jpeg\",\"articleSection\":[\"Not\u00edcias\"],\"inLanguage\":\"pt-PT\",\"potentialAction\":[{\"@type\":\"CommentAction\",\"name\":\"Comment\",\"target\":[\"https:\/\/brasilnoticias.org\/site\/ser-sentir-e-fazer-ja-ouviu-falar-de-healing\/#respond\"]}]},{\"@type\":\"WebPage\",\"@id\":\"https:\/\/brasilnoticias.org\/site\/ser-sentir-e-fazer-ja-ouviu-falar-de-healing\/\",\"url\":\"https:\/\/brasilnoticias.org\/site\/ser-sentir-e-fazer-ja-ouviu-falar-de-healing\/\",\"name\":\"SER, SENTIR E FAZER: J\u00c1 OUVIU FALAR DE HEALING? - Brasil not\u00edcias\",\"isPartOf\":{\"@id\":\"https:\/\/brasilnoticias.org\/site\/#website\"},\"primaryImageOfPage\":{\"@id\":\"https:\/\/brasilnoticias.org\/site\/ser-sentir-e-fazer-ja-ouviu-falar-de-healing\/#primaryimage\"},\"image\":{\"@id\":\"https:\/\/brasilnoticias.org\/site\/ser-sentir-e-fazer-ja-ouviu-falar-de-healing\/#primaryimage\"},\"thumbnailUrl\":\"https:\/\/brasilnoticias.org\/site\/wp-content\/uploads\/2023\/01\/WhatsApp-Image-2023-01-19-at-15.20.46.jpeg\",\"datePublished\":\"2023-01-27T10:03:10+00:00\",\"breadcrumb\":{\"@id\":\"https:\/\/brasilnoticias.org\/site\/ser-sentir-e-fazer-ja-ouviu-falar-de-healing\/#breadcrumb\"},\"inLanguage\":\"pt-PT\",\"potentialAction\":[{\"@type\":\"ReadAction\",\"target\":[\"https:\/\/brasilnoticias.org\/site\/ser-sentir-e-fazer-ja-ouviu-falar-de-healing\/\"]}]},{\"@type\":\"ImageObject\",\"inLanguage\":\"pt-PT\",\"@id\":\"https:\/\/brasilnoticias.org\/site\/ser-sentir-e-fazer-ja-ouviu-falar-de-healing\/#primaryimage\",\"url\":\"https:\/\/brasilnoticias.org\/site\/wp-content\/uploads\/2023\/01\/WhatsApp-Image-2023-01-19-at-15.20.46.jpeg\",\"contentUrl\":\"https:\/\/brasilnoticias.org\/site\/wp-content\/uploads\/2023\/01\/WhatsApp-Image-2023-01-19-at-15.20.46.jpeg\",\"width\":561,\"height\":561},{\"@type\":\"BreadcrumbList\",\"@id\":\"https:\/\/brasilnoticias.org\/site\/ser-sentir-e-fazer-ja-ouviu-falar-de-healing\/#breadcrumb\",\"itemListElement\":[{\"@type\":\"ListItem\",\"position\":1,\"name\":\"In\u00edcio\",\"item\":\"https:\/\/brasilnoticias.org\/site\/\"},{\"@type\":\"ListItem\",\"position\":2,\"name\":\"SER, SENTIR E FAZER: J\u00c1 OUVIU FALAR DE HEALING?\"}]},{\"@type\":\"WebSite\",\"@id\":\"https:\/\/brasilnoticias.org\/site\/#website\",\"url\":\"https:\/\/brasilnoticias.org\/site\/\",\"name\":\"Brasil not\u00edcias\",\"description\":\"Brasil not\u00edcias\",\"publisher\":{\"@id\":\"https:\/\/brasilnoticias.org\/site\/#organization\"},\"potentialAction\":[{\"@type\":\"SearchAction\",\"target\":{\"@type\":\"EntryPoint\",\"urlTemplate\":\"https:\/\/brasilnoticias.org\/site\/?s={search_term_string}\"},\"query-input\":{\"@type\":\"PropertyValueSpecification\",\"valueRequired\":true,\"valueName\":\"search_term_string\"}}],\"inLanguage\":\"pt-PT\"},{\"@type\":\"Organization\",\"@id\":\"https:\/\/brasilnoticias.org\/site\/#organization\",\"name\":\"Brasil not\u00edcias\",\"url\":\"https:\/\/brasilnoticias.org\/site\/\",\"logo\":{\"@type\":\"ImageObject\",\"inLanguage\":\"pt-PT\",\"@id\":\"https:\/\/brasilnoticias.org\/site\/#\/schema\/logo\/image\/\",\"url\":\"https:\/\/brasilnoticias.org\/site\/wp-content\/uploads\/2022\/05\/cropped-brasilnoticias-mini.jpg\",\"contentUrl\":\"https:\/\/brasilnoticias.org\/site\/wp-content\/uploads\/2022\/05\/cropped-brasilnoticias-mini.jpg\",\"width\":314,\"height\":86,\"caption\":\"Brasil not\u00edcias\"},\"image\":{\"@id\":\"https:\/\/brasilnoticias.org\/site\/#\/schema\/logo\/image\/\"}},{\"@type\":\"Person\",\"@id\":\"https:\/\/brasilnoticias.org\/site\/#\/schema\/person\/a0e05b973ec4d15c658d51911e53507b\",\"name\":\"Reda\u00e7\u00e3o\",\"image\":{\"@type\":\"ImageObject\",\"inLanguage\":\"pt-PT\",\"@id\":\"https:\/\/brasilnoticias.org\/site\/#\/schema\/person\/image\/\",\"url\":\"https:\/\/secure.gravatar.com\/avatar\/75d8b050df2de108b08ae78dfb8e374892df24a383c67db9c46a9c604f6aee9c?s=96&d=mm&r=g\",\"contentUrl\":\"https:\/\/secure.gravatar.com\/avatar\/75d8b050df2de108b08ae78dfb8e374892df24a383c67db9c46a9c604f6aee9c?s=96&d=mm&r=g\",\"caption\":\"Reda\u00e7\u00e3o\"},\"sameAs\":[\"https:\/\/brasilnoticias.org\/site\"],\"url\":\"https:\/\/brasilnoticias.org\/site\/author\/fernandozsngmail-com\/\"}]}<\/script>\n<!-- \/ Yoast SEO plugin. -->","yoast_head_json":{"title":"SER, SENTIR E FAZER: J\u00c1 OUVIU FALAR DE HEALING? - Brasil not\u00edcias","robots":{"index":"index","follow":"follow","max-snippet":"max-snippet:-1","max-image-preview":"max-image-preview:large","max-video-preview":"max-video-preview:-1"},"canonical":"https:\/\/brasilnoticias.org\/site\/ser-sentir-e-fazer-ja-ouviu-falar-de-healing\/","og_locale":"pt_PT","og_type":"article","og_title":"SER, SENTIR E FAZER: J\u00c1 OUVIU FALAR DE HEALING? - Brasil not\u00edcias","og_description":"Saiba mais sobre a t\u00e9cnica de medita\u00e7\u00e3o que move bloqueios, promove autoconhecimento e aumenta conex\u00e3o com a energia vital Somos","og_url":"https:\/\/brasilnoticias.org\/site\/ser-sentir-e-fazer-ja-ouviu-falar-de-healing\/","og_site_name":"Brasil not\u00edcias","article_published_time":"2023-01-27T10:03:10+00:00","og_image":[{"width":561,"height":561,"url":"https:\/\/brasilnoticias.org\/site\/wp-content\/uploads\/2023\/01\/WhatsApp-Image-2023-01-19-at-15.20.46.jpeg","type":"image\/jpeg"}],"author":"Reda\u00e7\u00e3o","twitter_card":"summary_large_image","twitter_misc":{"Escrito por":"Reda\u00e7\u00e3o","Tempo estimado de leitura":"4 minutos"},"schema":{"@context":"https:\/\/schema.org","@graph":[{"@type":"Article","@id":"https:\/\/brasilnoticias.org\/site\/ser-sentir-e-fazer-ja-ouviu-falar-de-healing\/#article","isPartOf":{"@id":"https:\/\/brasilnoticias.org\/site\/ser-sentir-e-fazer-ja-ouviu-falar-de-healing\/"},"author":{"name":"Reda\u00e7\u00e3o","@id":"https:\/\/brasilnoticias.org\/site\/#\/schema\/person\/a0e05b973ec4d15c658d51911e53507b"},"headline":"SER, SENTIR E FAZER: J\u00c1 OUVIU FALAR DE HEALING?","datePublished":"2023-01-27T10:03:10+00:00","mainEntityOfPage":{"@id":"https:\/\/brasilnoticias.org\/site\/ser-sentir-e-fazer-ja-ouviu-falar-de-healing\/"},"wordCount":743,"commentCount":0,"publisher":{"@id":"https:\/\/brasilnoticias.org\/site\/#organization"},"image":{"@id":"https:\/\/brasilnoticias.org\/site\/ser-sentir-e-fazer-ja-ouviu-falar-de-healing\/#primaryimage"},"thumbnailUrl":"https:\/\/brasilnoticias.org\/site\/wp-content\/uploads\/2023\/01\/WhatsApp-Image-2023-01-19-at-15.20.46.jpeg","articleSection":["Not\u00edcias"],"inLanguage":"pt-PT","potentialAction":[{"@type":"CommentAction","name":"Comment","target":["https:\/\/brasilnoticias.org\/site\/ser-sentir-e-fazer-ja-ouviu-falar-de-healing\/#respond"]}]},{"@type":"WebPage","@id":"https:\/\/brasilnoticias.org\/site\/ser-sentir-e-fazer-ja-ouviu-falar-de-healing\/","url":"https:\/\/brasilnoticias.org\/site\/ser-sentir-e-fazer-ja-ouviu-falar-de-healing\/","name":"SER, SENTIR E FAZER: J\u00c1 OUVIU FALAR DE HEALING? - Brasil not\u00edcias","isPartOf":{"@id":"https:\/\/brasilnoticias.org\/site\/#website"},"primaryImageOfPage":{"@id":"https:\/\/brasilnoticias.org\/site\/ser-sentir-e-fazer-ja-ouviu-falar-de-healing\/#primaryimage"},"image":{"@id":"https:\/\/brasilnoticias.org\/site\/ser-sentir-e-fazer-ja-ouviu-falar-de-healing\/#primaryimage"},"thumbnailUrl":"https:\/\/brasilnoticias.org\/site\/wp-content\/uploads\/2023\/01\/WhatsApp-Image-2023-01-19-at-15.20.46.jpeg","datePublished":"2023-01-27T10:03:10+00:00","breadcrumb":{"@id":"https:\/\/brasilnoticias.org\/site\/ser-sentir-e-fazer-ja-ouviu-falar-de-healing\/#breadcrumb"},"inLanguage":"pt-PT","potentialAction":[{"@type":"ReadAction","target":["https:\/\/brasilnoticias.org\/site\/ser-sentir-e-fazer-ja-ouviu-falar-de-healing\/"]}]},{"@type":"ImageObject","inLanguage":"pt-PT","@id":"https:\/\/brasilnoticias.org\/site\/ser-sentir-e-fazer-ja-ouviu-falar-de-healing\/#primaryimage","url":"https:\/\/brasilnoticias.org\/site\/wp-content\/uploads\/2023\/01\/WhatsApp-Image-2023-01-19-at-15.20.46.jpeg","contentUrl":"https:\/\/brasilnoticias.org\/site\/wp-content\/uploads\/2023\/01\/WhatsApp-Image-2023-01-19-at-15.20.46.jpeg","width":561,"height":561},{"@type":"BreadcrumbList","@id":"https:\/\/brasilnoticias.org\/site\/ser-sentir-e-fazer-ja-ouviu-falar-de-healing\/#breadcrumb","itemListElement":[{"@type":"ListItem","position":1,"name":"In\u00edcio","item":"https:\/\/brasilnoticias.org\/site\/"},{"@type":"ListItem","position":2,"name":"SER, SENTIR E FAZER: J\u00c1 OUVIU FALAR DE HEALING?"}]},{"@type":"WebSite","@id":"https:\/\/brasilnoticias.org\/site\/#website","url":"https:\/\/brasilnoticias.org\/site\/","name":"Brasil not\u00edcias","description":"Brasil not\u00edcias","publisher":{"@id":"https:\/\/brasilnoticias.org\/site\/#organization"},"potentialAction":[{"@type":"SearchAction","target":{"@type":"EntryPoint","urlTemplate":"https:\/\/brasilnoticias.org\/site\/?s={search_term_string}"},"query-input":{"@type":"PropertyValueSpecification","valueRequired":true,"valueName":"search_term_string"}}],"inLanguage":"pt-PT"},{"@type":"Organization","@id":"https:\/\/brasilnoticias.org\/site\/#organization","name":"Brasil not\u00edcias","url":"https:\/\/brasilnoticias.org\/site\/","logo":{"@type":"ImageObject","inLanguage":"pt-PT","@id":"https:\/\/brasilnoticias.org\/site\/#\/schema\/logo\/image\/","url":"https:\/\/brasilnoticias.org\/site\/wp-content\/uploads\/2022\/05\/cropped-brasilnoticias-mini.jpg","contentUrl":"https:\/\/brasilnoticias.org\/site\/wp-content\/uploads\/2022\/05\/cropped-brasilnoticias-mini.jpg","width":314,"height":86,"caption":"Brasil not\u00edcias"},"image":{"@id":"https:\/\/brasilnoticias.org\/site\/#\/schema\/logo\/image\/"}},{"@type":"Person","@id":"https:\/\/brasilnoticias.org\/site\/#\/schema\/person\/a0e05b973ec4d15c658d51911e53507b","name":"Reda\u00e7\u00e3o","image":{"@type":"ImageObject","inLanguage":"pt-PT","@id":"https:\/\/brasilnoticias.org\/site\/#\/schema\/person\/image\/","url":"https:\/\/secure.gravatar.com\/avatar\/75d8b050df2de108b08ae78dfb8e374892df24a383c67db9c46a9c604f6aee9c?s=96&d=mm&r=g","contentUrl":"https:\/\/secure.gravatar.com\/avatar\/75d8b050df2de108b08ae78dfb8e374892df24a383c67db9c46a9c604f6aee9c?s=96&d=mm&r=g","caption":"Reda\u00e7\u00e3o"},"sameAs":["https:\/\/brasilnoticias.org\/site"],"url":"https:\/\/brasilnoticias.org\/site\/author\/fernandozsngmail-com\/"}]}},"_links":{"self":[{"href":"https:\/\/brasilnoticias.org\/site\/wp-json\/wp\/v2\/posts\/3575","targetHints":{"allow":["GET"]}}],"collection":[{"href":"https:\/\/brasilnoticias.org\/site\/wp-json\/wp\/v2\/posts"}],"about":[{"href":"https:\/\/brasilnoticias.org\/site\/wp-json\/wp\/v2\/types\/post"}],"author":[{"embeddable":true,"href":"https:\/\/brasilnoticias.org\/site\/wp-json\/wp\/v2\/users\/1"}],"replies":[{"embeddable":true,"href":"https:\/\/brasilnoticias.org\/site\/wp-json\/wp\/v2\/comments?post=3575"}],"version-history":[{"count":1,"href":"https:\/\/brasilnoticias.org\/site\/wp-json\/wp\/v2\/posts\/3575\/revisions"}],"predecessor-version":[{"id":3579,"href":"https:\/\/brasilnoticias.org\/site\/wp-json\/wp\/v2\/posts\/3575\/revisions\/3579"}],"wp:featuredmedia":[{"embeddable":true,"href":"https:\/\/brasilnoticias.org\/site\/wp-json\/wp\/v2\/media\/3578"}],"wp:attachment":[{"href":"https:\/\/brasilnoticias.org\/site\/wp-json\/wp\/v2\/media?parent=3575"}],"wp:term":[{"taxonomy":"category","embeddable":true,"href":"https:\/\/brasilnoticias.org\/site\/wp-json\/wp\/v2\/categories?post=3575"},{"taxonomy":"post_tag","embeddable":true,"href":"https:\/\/brasilnoticias.org\/site\/wp-json\/wp\/v2\/tags?post=3575"}],"curies":[{"name":"wp","href":"https:\/\/api.w.org\/{rel}","templated":true}]}}