{"id":3583,"date":"2023-01-31T18:10:22","date_gmt":"2023-01-31T21:10:22","guid":{"rendered":"https:\/\/brasilnoticias.org\/site\/?p=3583"},"modified":"2023-01-31T11:00:38","modified_gmt":"2023-01-31T14:00:38","slug":"onibus-de-time-de-futebol-cai-em-minas-corpos-sao-liberados-para-familias","status":"publish","type":"post","link":"https:\/\/brasilnoticias.org\/site\/onibus-de-time-de-futebol-cai-em-minas-corpos-sao-liberados-para-familias\/","title":{"rendered":"\u00d4nibus de time de futebol cai em Minas: corpos s\u00e3o liberados para fam\u00edlias"},"content":{"rendered":"<p>Os corpos dos quatro mortos em acidente de \u00f4nibus de um time de futebol na BR-116, em Al\u00e9m Para\u00edba, na Zona da Mata, foram liberados para as fam\u00edlias pelo Posto M\u00e9dico Legal de Juiz de Fora, no in\u00edcio da noite desta segunda-feira (30\/1). As v\u00edtimas s\u00e3o dois adolescentes de 15 anos, um de 13 anos e um adulto de 18 anos.<br \/>\nDe acordo com a Pol\u00edcia Civil de Minas Gerais (PCMG), os procedimentos de necropsia apontaram que as causas das mortes foram m\u00faltiplas les\u00f5es em fun\u00e7\u00e3o do trauma provocado pela batida.<\/p>\n<p>At\u00e9 o in\u00edcio da tarde de hoje, cinco pacientes internados no Hospital S\u00e3o Salvador, em Al\u00e9m Para\u00edba, haviam recebido alta. Outros tr\u00eas estavam em estado grave e 17 permaneciam est\u00e1veis e em observa\u00e7\u00e3o. As idades deles n\u00e3o foram informadas.<\/p>\n<p>No Hospital Casa de Caridade Leopoldinense, em Leopoldina, duas pessoas est\u00e3o em observa\u00e7\u00e3o no bloco p\u00f3s-cir\u00fargico, uma segue no pronto-socorro da unidade e outra foi transferida para o Hospital S\u00e3o Paulo, em Muria\u00e9.<\/p>\n<p>V\u00edtimas<br \/>\nUma das v\u00edtimas \u00e9 Kailon da Silva Paix\u00e3o, de 13 anos, morador de Mag\u00e9, no Rio de Janeiro, a 48 quil\u00f4metros de Duque de Caxias, sede do clube de futebol de base Vila Maria Helena. Uma professora do garoto, que pediu para n\u00e3o ser identificada, conversou brevemente com a reportagem do Estado de Minas.<\/p>\n<p>\u201cEle era um \u00f3timo aluno, carinhoso, com muitos sonhos e o maior deles ser jogador de futebol. Toda a escola e comunidade est\u00e3o de luto\u201d, disse a docente da Escola Municipal Dr. Ant\u00f4nio Rocha Paranhos, em Mag\u00e9, onde Kailon estudava.<\/p>\n<p>De acordo com a TV Integra\u00e7\u00e3o, os outros tr\u00eas mortos s\u00e3o Diogo Coutinho Chao Villar, de 18 anos (treinador); Andrei Viana da Costa Silva, 15 anos (atleta); e Thyago Ramos de Oliveira Dias, 15 anos (atleta). Todos residiam em Duque de Caxias, na Baixada Fluminense.<\/p>\n<p>Os jovens integravam o Esporte Clube Vila Maria Helena, que participou de um torneio de base em Ubaporanga, cidade de 12 mil habitantes na regi\u00e3o mineira do Vale do Rio Doce. A equipe voltava para casa ap\u00f3s conquistar t\u00edtulos nas categorias sub-16 e sub-18 ao superar advers\u00e1rios de Minas Gerais e Esp\u00edrito Santo.<\/p>\n<p>Acidente<br \/>\nNo in\u00edcio da madrugada desta segunda-feira (30), o \u00f4nibus despencou de uma altura de dez metros e parou com as rodas para cima, perto de um riacho. O Corpo de Bombeiros foi acionado para prestar resgate por volta de 1h45.<\/p>\n<p>No momento da queda, o autom\u00f3vel levava 33 pessoas, sendo o motorista, quatro adultos da comiss\u00e3o t\u00e9cnica e 28 adolescentes de 14 a 17 anos. O capotamento ocorreu no KM 792 da rodovia, a mais de 300 quil\u00f4metros do ponto de partida.<\/p>\n<p>Foto Corpo de Bombeiros<br \/>\nem.com.br<\/p>\n","protected":false},"excerpt":{"rendered":"<p>Os corpos dos quatro mortos em acidente de \u00f4nibus de um time de futebol na BR-116, em Al\u00e9m Para\u00edba, na<\/p>\n","protected":false},"author":1,"featured_media":3584,"comment_status":"open","ping_status":"open","sticky":false,"template":"","format":"standard","meta":{"colormag_page_container_layout":"default_layout","colormag_page_sidebar_layout":"default_layout","_FSMCFIC_featured_image_caption":"","_FSMCFIC_featured_image_nocaption":"","_FSMCFIC_featured_image_hide":"","footnotes":""},"categories":[2,1],"tags":[],"class_list":["post-3583","post","type-post","status-publish","format-standard","has-post-thumbnail","hentry","category-noticias","category-ultimas"],"yoast_head":"<!-- This site is optimized with the Yoast SEO plugin v27.1.1 - https:\/\/yoast.com\/product\/yoast-seo-wordpress\/ -->\n<title>\u00d4nibus de time de futebol cai em Minas: corpos s\u00e3o liberados para fam\u00edlias - Brasil not\u00edcias<\/title>\n<meta name=\"robots\" content=\"index, follow, max-snippet:-1, max-image-preview:large, max-video-preview:-1\" \/>\n<link rel=\"canonical\" href=\"https:\/\/brasilnoticias.org\/site\/onibus-de-time-de-futebol-cai-em-minas-corpos-sao-liberados-para-familias\/\" \/>\n<meta property=\"og:locale\" content=\"pt_PT\" \/>\n<meta property=\"og:type\" content=\"article\" \/>\n<meta property=\"og:title\" content=\"\u00d4nibus de time de futebol cai em Minas: corpos s\u00e3o liberados para fam\u00edlias - Brasil not\u00edcias\" \/>\n<meta property=\"og:description\" content=\"Os corpos dos quatro mortos em acidente de \u00f4nibus de um time de futebol na BR-116, em Al\u00e9m Para\u00edba, na\" \/>\n<meta property=\"og:url\" content=\"https:\/\/brasilnoticias.org\/site\/onibus-de-time-de-futebol-cai-em-minas-corpos-sao-liberados-para-familias\/\" \/>\n<meta property=\"og:site_name\" content=\"Brasil not\u00edcias\" \/>\n<meta property=\"article:published_time\" content=\"2023-01-31T21:10:22+00:00\" \/>\n<meta property=\"og:image\" content=\"https:\/\/brasilnoticias.org\/site\/wp-content\/uploads\/2023\/01\/onibus.jpg\" \/>\n\t<meta property=\"og:image:width\" content=\"1800\" \/>\n\t<meta property=\"og:image:height\" content=\"1080\" \/>\n\t<meta property=\"og:image:type\" content=\"image\/jpeg\" \/>\n<meta name=\"author\" content=\"Reda\u00e7\u00e3o\" \/>\n<meta name=\"twitter:card\" content=\"summary_large_image\" \/>\n<meta name=\"twitter:label1\" content=\"Escrito por\" \/>\n\t<meta name=\"twitter:data1\" content=\"Reda\u00e7\u00e3o\" \/>\n\t<meta name=\"twitter:label2\" content=\"Tempo estimado de leitura\" \/>\n\t<meta name=\"twitter:data2\" content=\"2 minutos\" \/>\n<script type=\"application\/ld+json\" class=\"yoast-schema-graph\">{\"@context\":\"https:\/\/schema.org\",\"@graph\":[{\"@type\":\"Article\",\"@id\":\"https:\/\/brasilnoticias.org\/site\/onibus-de-time-de-futebol-cai-em-minas-corpos-sao-liberados-para-familias\/#article\",\"isPartOf\":{\"@id\":\"https:\/\/brasilnoticias.org\/site\/onibus-de-time-de-futebol-cai-em-minas-corpos-sao-liberados-para-familias\/\"},\"author\":{\"name\":\"Reda\u00e7\u00e3o\",\"@id\":\"https:\/\/brasilnoticias.org\/site\/#\/schema\/person\/a0e05b973ec4d15c658d51911e53507b\"},\"headline\":\"\u00d4nibus de time de futebol cai em Minas: corpos s\u00e3o liberados para fam\u00edlias\",\"datePublished\":\"2023-01-31T21:10:22+00:00\",\"mainEntityOfPage\":{\"@id\":\"https:\/\/brasilnoticias.org\/site\/onibus-de-time-de-futebol-cai-em-minas-corpos-sao-liberados-para-familias\/\"},\"wordCount\":486,\"commentCount\":0,\"publisher\":{\"@id\":\"https:\/\/brasilnoticias.org\/site\/#organization\"},\"image\":{\"@id\":\"https:\/\/brasilnoticias.org\/site\/onibus-de-time-de-futebol-cai-em-minas-corpos-sao-liberados-para-familias\/#primaryimage\"},\"thumbnailUrl\":\"https:\/\/brasilnoticias.org\/site\/wp-content\/uploads\/2023\/01\/onibus.jpg\",\"articleSection\":[\"Not\u00edcias\",\"\u00daltimas\"],\"inLanguage\":\"pt-PT\",\"potentialAction\":[{\"@type\":\"CommentAction\",\"name\":\"Comment\",\"target\":[\"https:\/\/brasilnoticias.org\/site\/onibus-de-time-de-futebol-cai-em-minas-corpos-sao-liberados-para-familias\/#respond\"]}]},{\"@type\":\"WebPage\",\"@id\":\"https:\/\/brasilnoticias.org\/site\/onibus-de-time-de-futebol-cai-em-minas-corpos-sao-liberados-para-familias\/\",\"url\":\"https:\/\/brasilnoticias.org\/site\/onibus-de-time-de-futebol-cai-em-minas-corpos-sao-liberados-para-familias\/\",\"name\":\"\u00d4nibus de time de futebol cai em Minas: corpos s\u00e3o liberados para fam\u00edlias - Brasil not\u00edcias\",\"isPartOf\":{\"@id\":\"https:\/\/brasilnoticias.org\/site\/#website\"},\"primaryImageOfPage\":{\"@id\":\"https:\/\/brasilnoticias.org\/site\/onibus-de-time-de-futebol-cai-em-minas-corpos-sao-liberados-para-familias\/#primaryimage\"},\"image\":{\"@id\":\"https:\/\/brasilnoticias.org\/site\/onibus-de-time-de-futebol-cai-em-minas-corpos-sao-liberados-para-familias\/#primaryimage\"},\"thumbnailUrl\":\"https:\/\/brasilnoticias.org\/site\/wp-content\/uploads\/2023\/01\/onibus.jpg\",\"datePublished\":\"2023-01-31T21:10:22+00:00\",\"breadcrumb\":{\"@id\":\"https:\/\/brasilnoticias.org\/site\/onibus-de-time-de-futebol-cai-em-minas-corpos-sao-liberados-para-familias\/#breadcrumb\"},\"inLanguage\":\"pt-PT\",\"potentialAction\":[{\"@type\":\"ReadAction\",\"target\":[\"https:\/\/brasilnoticias.org\/site\/onibus-de-time-de-futebol-cai-em-minas-corpos-sao-liberados-para-familias\/\"]}]},{\"@type\":\"ImageObject\",\"inLanguage\":\"pt-PT\",\"@id\":\"https:\/\/brasilnoticias.org\/site\/onibus-de-time-de-futebol-cai-em-minas-corpos-sao-liberados-para-familias\/#primaryimage\",\"url\":\"https:\/\/brasilnoticias.org\/site\/wp-content\/uploads\/2023\/01\/onibus.jpg\",\"contentUrl\":\"https:\/\/brasilnoticias.org\/site\/wp-content\/uploads\/2023\/01\/onibus.jpg\",\"width\":1800,\"height\":1080},{\"@type\":\"BreadcrumbList\",\"@id\":\"https:\/\/brasilnoticias.org\/site\/onibus-de-time-de-futebol-cai-em-minas-corpos-sao-liberados-para-familias\/#breadcrumb\",\"itemListElement\":[{\"@type\":\"ListItem\",\"position\":1,\"name\":\"In\u00edcio\",\"item\":\"https:\/\/brasilnoticias.org\/site\/\"},{\"@type\":\"ListItem\",\"position\":2,\"name\":\"\u00d4nibus de time de futebol cai em Minas: corpos s\u00e3o liberados para fam\u00edlias\"}]},{\"@type\":\"WebSite\",\"@id\":\"https:\/\/brasilnoticias.org\/site\/#website\",\"url\":\"https:\/\/brasilnoticias.org\/site\/\",\"name\":\"Brasil not\u00edcias\",\"description\":\"Brasil not\u00edcias\",\"publisher\":{\"@id\":\"https:\/\/brasilnoticias.org\/site\/#organization\"},\"potentialAction\":[{\"@type\":\"SearchAction\",\"target\":{\"@type\":\"EntryPoint\",\"urlTemplate\":\"https:\/\/brasilnoticias.org\/site\/?s={search_term_string}\"},\"query-input\":{\"@type\":\"PropertyValueSpecification\",\"valueRequired\":true,\"valueName\":\"search_term_string\"}}],\"inLanguage\":\"pt-PT\"},{\"@type\":\"Organization\",\"@id\":\"https:\/\/brasilnoticias.org\/site\/#organization\",\"name\":\"Brasil not\u00edcias\",\"url\":\"https:\/\/brasilnoticias.org\/site\/\",\"logo\":{\"@type\":\"ImageObject\",\"inLanguage\":\"pt-PT\",\"@id\":\"https:\/\/brasilnoticias.org\/site\/#\/schema\/logo\/image\/\",\"url\":\"https:\/\/brasilnoticias.org\/site\/wp-content\/uploads\/2022\/05\/cropped-brasilnoticias-mini.jpg\",\"contentUrl\":\"https:\/\/brasilnoticias.org\/site\/wp-content\/uploads\/2022\/05\/cropped-brasilnoticias-mini.jpg\",\"width\":314,\"height\":86,\"caption\":\"Brasil not\u00edcias\"},\"image\":{\"@id\":\"https:\/\/brasilnoticias.org\/site\/#\/schema\/logo\/image\/\"}},{\"@type\":\"Person\",\"@id\":\"https:\/\/brasilnoticias.org\/site\/#\/schema\/person\/a0e05b973ec4d15c658d51911e53507b\",\"name\":\"Reda\u00e7\u00e3o\",\"image\":{\"@type\":\"ImageObject\",\"inLanguage\":\"pt-PT\",\"@id\":\"https:\/\/brasilnoticias.org\/site\/#\/schema\/person\/image\/\",\"url\":\"https:\/\/secure.gravatar.com\/avatar\/75d8b050df2de108b08ae78dfb8e374892df24a383c67db9c46a9c604f6aee9c?s=96&d=mm&r=g\",\"contentUrl\":\"https:\/\/secure.gravatar.com\/avatar\/75d8b050df2de108b08ae78dfb8e374892df24a383c67db9c46a9c604f6aee9c?s=96&d=mm&r=g\",\"caption\":\"Reda\u00e7\u00e3o\"},\"sameAs\":[\"https:\/\/brasilnoticias.org\/site\"],\"url\":\"https:\/\/brasilnoticias.org\/site\/author\/fernandozsngmail-com\/\"}]}<\/script>\n<!-- \/ Yoast SEO plugin. -->","yoast_head_json":{"title":"\u00d4nibus de time de futebol cai em Minas: corpos s\u00e3o liberados para fam\u00edlias - Brasil not\u00edcias","robots":{"index":"index","follow":"follow","max-snippet":"max-snippet:-1","max-image-preview":"max-image-preview:large","max-video-preview":"max-video-preview:-1"},"canonical":"https:\/\/brasilnoticias.org\/site\/onibus-de-time-de-futebol-cai-em-minas-corpos-sao-liberados-para-familias\/","og_locale":"pt_PT","og_type":"article","og_title":"\u00d4nibus de time de futebol cai em Minas: corpos s\u00e3o liberados para fam\u00edlias - Brasil not\u00edcias","og_description":"Os corpos dos quatro mortos em acidente de \u00f4nibus de um time de futebol na BR-116, em Al\u00e9m Para\u00edba, na","og_url":"https:\/\/brasilnoticias.org\/site\/onibus-de-time-de-futebol-cai-em-minas-corpos-sao-liberados-para-familias\/","og_site_name":"Brasil not\u00edcias","article_published_time":"2023-01-31T21:10:22+00:00","og_image":[{"width":1800,"height":1080,"url":"https:\/\/brasilnoticias.org\/site\/wp-content\/uploads\/2023\/01\/onibus.jpg","type":"image\/jpeg"}],"author":"Reda\u00e7\u00e3o","twitter_card":"summary_large_image","twitter_misc":{"Escrito por":"Reda\u00e7\u00e3o","Tempo estimado de leitura":"2 minutos"},"schema":{"@context":"https:\/\/schema.org","@graph":[{"@type":"Article","@id":"https:\/\/brasilnoticias.org\/site\/onibus-de-time-de-futebol-cai-em-minas-corpos-sao-liberados-para-familias\/#article","isPartOf":{"@id":"https:\/\/brasilnoticias.org\/site\/onibus-de-time-de-futebol-cai-em-minas-corpos-sao-liberados-para-familias\/"},"author":{"name":"Reda\u00e7\u00e3o","@id":"https:\/\/brasilnoticias.org\/site\/#\/schema\/person\/a0e05b973ec4d15c658d51911e53507b"},"headline":"\u00d4nibus de time de futebol cai em Minas: corpos s\u00e3o liberados para fam\u00edlias","datePublished":"2023-01-31T21:10:22+00:00","mainEntityOfPage":{"@id":"https:\/\/brasilnoticias.org\/site\/onibus-de-time-de-futebol-cai-em-minas-corpos-sao-liberados-para-familias\/"},"wordCount":486,"commentCount":0,"publisher":{"@id":"https:\/\/brasilnoticias.org\/site\/#organization"},"image":{"@id":"https:\/\/brasilnoticias.org\/site\/onibus-de-time-de-futebol-cai-em-minas-corpos-sao-liberados-para-familias\/#primaryimage"},"thumbnailUrl":"https:\/\/brasilnoticias.org\/site\/wp-content\/uploads\/2023\/01\/onibus.jpg","articleSection":["Not\u00edcias","\u00daltimas"],"inLanguage":"pt-PT","potentialAction":[{"@type":"CommentAction","name":"Comment","target":["https:\/\/brasilnoticias.org\/site\/onibus-de-time-de-futebol-cai-em-minas-corpos-sao-liberados-para-familias\/#respond"]}]},{"@type":"WebPage","@id":"https:\/\/brasilnoticias.org\/site\/onibus-de-time-de-futebol-cai-em-minas-corpos-sao-liberados-para-familias\/","url":"https:\/\/brasilnoticias.org\/site\/onibus-de-time-de-futebol-cai-em-minas-corpos-sao-liberados-para-familias\/","name":"\u00d4nibus de time de futebol cai em Minas: corpos s\u00e3o liberados para fam\u00edlias - Brasil not\u00edcias","isPartOf":{"@id":"https:\/\/brasilnoticias.org\/site\/#website"},"primaryImageOfPage":{"@id":"https:\/\/brasilnoticias.org\/site\/onibus-de-time-de-futebol-cai-em-minas-corpos-sao-liberados-para-familias\/#primaryimage"},"image":{"@id":"https:\/\/brasilnoticias.org\/site\/onibus-de-time-de-futebol-cai-em-minas-corpos-sao-liberados-para-familias\/#primaryimage"},"thumbnailUrl":"https:\/\/brasilnoticias.org\/site\/wp-content\/uploads\/2023\/01\/onibus.jpg","datePublished":"2023-01-31T21:10:22+00:00","breadcrumb":{"@id":"https:\/\/brasilnoticias.org\/site\/onibus-de-time-de-futebol-cai-em-minas-corpos-sao-liberados-para-familias\/#breadcrumb"},"inLanguage":"pt-PT","potentialAction":[{"@type":"ReadAction","target":["https:\/\/brasilnoticias.org\/site\/onibus-de-time-de-futebol-cai-em-minas-corpos-sao-liberados-para-familias\/"]}]},{"@type":"ImageObject","inLanguage":"pt-PT","@id":"https:\/\/brasilnoticias.org\/site\/onibus-de-time-de-futebol-cai-em-minas-corpos-sao-liberados-para-familias\/#primaryimage","url":"https:\/\/brasilnoticias.org\/site\/wp-content\/uploads\/2023\/01\/onibus.jpg","contentUrl":"https:\/\/brasilnoticias.org\/site\/wp-content\/uploads\/2023\/01\/onibus.jpg","width":1800,"height":1080},{"@type":"BreadcrumbList","@id":"https:\/\/brasilnoticias.org\/site\/onibus-de-time-de-futebol-cai-em-minas-corpos-sao-liberados-para-familias\/#breadcrumb","itemListElement":[{"@type":"ListItem","position":1,"name":"In\u00edcio","item":"https:\/\/brasilnoticias.org\/site\/"},{"@type":"ListItem","position":2,"name":"\u00d4nibus de time de futebol cai em Minas: corpos s\u00e3o liberados para fam\u00edlias"}]},{"@type":"WebSite","@id":"https:\/\/brasilnoticias.org\/site\/#website","url":"https:\/\/brasilnoticias.org\/site\/","name":"Brasil not\u00edcias","description":"Brasil not\u00edcias","publisher":{"@id":"https:\/\/brasilnoticias.org\/site\/#organization"},"potentialAction":[{"@type":"SearchAction","target":{"@type":"EntryPoint","urlTemplate":"https:\/\/brasilnoticias.org\/site\/?s={search_term_string}"},"query-input":{"@type":"PropertyValueSpecification","valueRequired":true,"valueName":"search_term_string"}}],"inLanguage":"pt-PT"},{"@type":"Organization","@id":"https:\/\/brasilnoticias.org\/site\/#organization","name":"Brasil not\u00edcias","url":"https:\/\/brasilnoticias.org\/site\/","logo":{"@type":"ImageObject","inLanguage":"pt-PT","@id":"https:\/\/brasilnoticias.org\/site\/#\/schema\/logo\/image\/","url":"https:\/\/brasilnoticias.org\/site\/wp-content\/uploads\/2022\/05\/cropped-brasilnoticias-mini.jpg","contentUrl":"https:\/\/brasilnoticias.org\/site\/wp-content\/uploads\/2022\/05\/cropped-brasilnoticias-mini.jpg","width":314,"height":86,"caption":"Brasil not\u00edcias"},"image":{"@id":"https:\/\/brasilnoticias.org\/site\/#\/schema\/logo\/image\/"}},{"@type":"Person","@id":"https:\/\/brasilnoticias.org\/site\/#\/schema\/person\/a0e05b973ec4d15c658d51911e53507b","name":"Reda\u00e7\u00e3o","image":{"@type":"ImageObject","inLanguage":"pt-PT","@id":"https:\/\/brasilnoticias.org\/site\/#\/schema\/person\/image\/","url":"https:\/\/secure.gravatar.com\/avatar\/75d8b050df2de108b08ae78dfb8e374892df24a383c67db9c46a9c604f6aee9c?s=96&d=mm&r=g","contentUrl":"https:\/\/secure.gravatar.com\/avatar\/75d8b050df2de108b08ae78dfb8e374892df24a383c67db9c46a9c604f6aee9c?s=96&d=mm&r=g","caption":"Reda\u00e7\u00e3o"},"sameAs":["https:\/\/brasilnoticias.org\/site"],"url":"https:\/\/brasilnoticias.org\/site\/author\/fernandozsngmail-com\/"}]}},"_links":{"self":[{"href":"https:\/\/brasilnoticias.org\/site\/wp-json\/wp\/v2\/posts\/3583","targetHints":{"allow":["GET"]}}],"collection":[{"href":"https:\/\/brasilnoticias.org\/site\/wp-json\/wp\/v2\/posts"}],"about":[{"href":"https:\/\/brasilnoticias.org\/site\/wp-json\/wp\/v2\/types\/post"}],"author":[{"embeddable":true,"href":"https:\/\/brasilnoticias.org\/site\/wp-json\/wp\/v2\/users\/1"}],"replies":[{"embeddable":true,"href":"https:\/\/brasilnoticias.org\/site\/wp-json\/wp\/v2\/comments?post=3583"}],"version-history":[{"count":1,"href":"https:\/\/brasilnoticias.org\/site\/wp-json\/wp\/v2\/posts\/3583\/revisions"}],"predecessor-version":[{"id":3585,"href":"https:\/\/brasilnoticias.org\/site\/wp-json\/wp\/v2\/posts\/3583\/revisions\/3585"}],"wp:featuredmedia":[{"embeddable":true,"href":"https:\/\/brasilnoticias.org\/site\/wp-json\/wp\/v2\/media\/3584"}],"wp:attachment":[{"href":"https:\/\/brasilnoticias.org\/site\/wp-json\/wp\/v2\/media?parent=3583"}],"wp:term":[{"taxonomy":"category","embeddable":true,"href":"https:\/\/brasilnoticias.org\/site\/wp-json\/wp\/v2\/categories?post=3583"},{"taxonomy":"post_tag","embeddable":true,"href":"https:\/\/brasilnoticias.org\/site\/wp-json\/wp\/v2\/tags?post=3583"}],"curies":[{"name":"wp","href":"https:\/\/api.w.org\/{rel}","templated":true}]}}