{"id":3592,"date":"2023-02-01T09:44:04","date_gmt":"2023-02-01T12:44:04","guid":{"rendered":"https:\/\/brasilnoticias.org\/site\/?p=3592"},"modified":"2023-02-01T09:44:04","modified_gmt":"2023-02-01T12:44:04","slug":"colisao-entre-carro-e-moto-resulta-em-uma-morte-em-feira-de-santana","status":"publish","type":"post","link":"https:\/\/brasilnoticias.org\/site\/colisao-entre-carro-e-moto-resulta-em-uma-morte-em-feira-de-santana\/","title":{"rendered":"Colis\u00e3o entre carro e moto resulta em uma morte em Feira de Santana"},"content":{"rendered":"<p>Uma colis\u00e3o entre um carro e uma moto no km 530 da BR-324, no munic\u00edpio baiano de Feira de Santana, nesta ter\u00e7a-feira (31), resultou na morte de uma pessoa.<\/p>\n<p>Segundo a Pol\u00edcia Rodovi\u00e1ria Federal (PRF), a v\u00edtima fatal foi identificada como o motociclista Nadilson Arag\u00e3o da Silva, de 43 anos.\u00a0<\/p>\n<p>Ainda de acordo com a PRF, ap\u00f3s bater contra o fundo do carro, o condutor da moto\u00a0n\u00e3o resistiu aos ferimentos e faleceu no local do acidente.<\/p>\n<p>Por conta da colis\u00e3o, o tr\u00e2nsito na regi\u00e3o ficou intenso, j\u00e1 que a pista precisou ser interditada com um desvio para outra pista nas proximidades do acostamento. No momento, a situa\u00e7\u00e3o j\u00e1 foi normalizada.<\/p>\n<p>Foto:\u00a0Reprodu\u00e7\u00e3o\/Pol\u00edcia Rodovi\u00e1ria Federal<\/p>\n<p>Por:\u00a0Metro1<\/p>\n","protected":false},"excerpt":{"rendered":"<p>Uma colis\u00e3o entre um carro e uma moto no km 530 da BR-324, no munic\u00edpio baiano de Feira de Santana,<\/p>\n","protected":false},"author":1,"featured_media":3593,"comment_status":"open","ping_status":"open","sticky":false,"template":"","format":"standard","meta":{"colormag_page_container_layout":"default_layout","colormag_page_sidebar_layout":"default_layout","_FSMCFIC_featured_image_caption":"","_FSMCFIC_featured_image_nocaption":"","_FSMCFIC_featured_image_hide":"","footnotes":""},"categories":[2,1],"tags":[],"class_list":["post-3592","post","type-post","status-publish","format-standard","has-post-thumbnail","hentry","category-noticias","category-ultimas"],"yoast_head":"<!-- This site is optimized with the Yoast SEO plugin v27.1.1 - https:\/\/yoast.com\/product\/yoast-seo-wordpress\/ -->\n<title>Colis\u00e3o entre carro e moto resulta em uma morte em Feira de Santana - Brasil not\u00edcias<\/title>\n<meta name=\"robots\" content=\"index, follow, max-snippet:-1, max-image-preview:large, max-video-preview:-1\" \/>\n<link rel=\"canonical\" href=\"https:\/\/brasilnoticias.org\/site\/colisao-entre-carro-e-moto-resulta-em-uma-morte-em-feira-de-santana\/\" \/>\n<meta property=\"og:locale\" content=\"pt_PT\" \/>\n<meta property=\"og:type\" content=\"article\" \/>\n<meta property=\"og:title\" content=\"Colis\u00e3o entre carro e moto resulta em uma morte em Feira de Santana - Brasil not\u00edcias\" \/>\n<meta property=\"og:description\" content=\"Uma colis\u00e3o entre um carro e uma moto no km 530 da BR-324, no munic\u00edpio baiano de Feira de Santana,\" \/>\n<meta property=\"og:url\" content=\"https:\/\/brasilnoticias.org\/site\/colisao-entre-carro-e-moto-resulta-em-uma-morte-em-feira-de-santana\/\" \/>\n<meta property=\"og:site_name\" content=\"Brasil not\u00edcias\" \/>\n<meta property=\"article:published_time\" content=\"2023-02-01T12:44:04+00:00\" \/>\n<meta property=\"og:image\" content=\"https:\/\/brasilnoticias.org\/site\/wp-content\/uploads\/2023\/02\/132873colisao-entre-carro-e-moto-resulta-em-uma-morte-em-feira-de-santana-3.jpg\" \/>\n\t<meta property=\"og:image:width\" content=\"1600\" \/>\n\t<meta property=\"og:image:height\" content=\"752\" \/>\n\t<meta property=\"og:image:type\" content=\"image\/jpeg\" \/>\n<meta name=\"author\" content=\"Reda\u00e7\u00e3o\" \/>\n<meta name=\"twitter:card\" content=\"summary_large_image\" \/>\n<meta name=\"twitter:label1\" content=\"Escrito por\" \/>\n\t<meta name=\"twitter:data1\" content=\"Reda\u00e7\u00e3o\" \/>\n\t<meta name=\"twitter:label2\" content=\"Tempo estimado de leitura\" \/>\n\t<meta name=\"twitter:data2\" content=\"1 minuto\" \/>\n<script type=\"application\/ld+json\" class=\"yoast-schema-graph\">{\"@context\":\"https:\/\/schema.org\",\"@graph\":[{\"@type\":\"Article\",\"@id\":\"https:\/\/brasilnoticias.org\/site\/colisao-entre-carro-e-moto-resulta-em-uma-morte-em-feira-de-santana\/#article\",\"isPartOf\":{\"@id\":\"https:\/\/brasilnoticias.org\/site\/colisao-entre-carro-e-moto-resulta-em-uma-morte-em-feira-de-santana\/\"},\"author\":{\"name\":\"Reda\u00e7\u00e3o\",\"@id\":\"https:\/\/brasilnoticias.org\/site\/#\/schema\/person\/a0e05b973ec4d15c658d51911e53507b\"},\"headline\":\"Colis\u00e3o entre carro e moto resulta em uma morte em Feira de Santana\",\"datePublished\":\"2023-02-01T12:44:04+00:00\",\"mainEntityOfPage\":{\"@id\":\"https:\/\/brasilnoticias.org\/site\/colisao-entre-carro-e-moto-resulta-em-uma-morte-em-feira-de-santana\/\"},\"wordCount\":145,\"commentCount\":0,\"publisher\":{\"@id\":\"https:\/\/brasilnoticias.org\/site\/#organization\"},\"image\":{\"@id\":\"https:\/\/brasilnoticias.org\/site\/colisao-entre-carro-e-moto-resulta-em-uma-morte-em-feira-de-santana\/#primaryimage\"},\"thumbnailUrl\":\"https:\/\/brasilnoticias.org\/site\/wp-content\/uploads\/2023\/02\/132873colisao-entre-carro-e-moto-resulta-em-uma-morte-em-feira-de-santana-3.jpg\",\"articleSection\":[\"Not\u00edcias\",\"\u00daltimas\"],\"inLanguage\":\"pt-PT\",\"potentialAction\":[{\"@type\":\"CommentAction\",\"name\":\"Comment\",\"target\":[\"https:\/\/brasilnoticias.org\/site\/colisao-entre-carro-e-moto-resulta-em-uma-morte-em-feira-de-santana\/#respond\"]}]},{\"@type\":\"WebPage\",\"@id\":\"https:\/\/brasilnoticias.org\/site\/colisao-entre-carro-e-moto-resulta-em-uma-morte-em-feira-de-santana\/\",\"url\":\"https:\/\/brasilnoticias.org\/site\/colisao-entre-carro-e-moto-resulta-em-uma-morte-em-feira-de-santana\/\",\"name\":\"Colis\u00e3o entre carro e moto resulta em uma morte em Feira de Santana - Brasil not\u00edcias\",\"isPartOf\":{\"@id\":\"https:\/\/brasilnoticias.org\/site\/#website\"},\"primaryImageOfPage\":{\"@id\":\"https:\/\/brasilnoticias.org\/site\/colisao-entre-carro-e-moto-resulta-em-uma-morte-em-feira-de-santana\/#primaryimage\"},\"image\":{\"@id\":\"https:\/\/brasilnoticias.org\/site\/colisao-entre-carro-e-moto-resulta-em-uma-morte-em-feira-de-santana\/#primaryimage\"},\"thumbnailUrl\":\"https:\/\/brasilnoticias.org\/site\/wp-content\/uploads\/2023\/02\/132873colisao-entre-carro-e-moto-resulta-em-uma-morte-em-feira-de-santana-3.jpg\",\"datePublished\":\"2023-02-01T12:44:04+00:00\",\"breadcrumb\":{\"@id\":\"https:\/\/brasilnoticias.org\/site\/colisao-entre-carro-e-moto-resulta-em-uma-morte-em-feira-de-santana\/#breadcrumb\"},\"inLanguage\":\"pt-PT\",\"potentialAction\":[{\"@type\":\"ReadAction\",\"target\":[\"https:\/\/brasilnoticias.org\/site\/colisao-entre-carro-e-moto-resulta-em-uma-morte-em-feira-de-santana\/\"]}]},{\"@type\":\"ImageObject\",\"inLanguage\":\"pt-PT\",\"@id\":\"https:\/\/brasilnoticias.org\/site\/colisao-entre-carro-e-moto-resulta-em-uma-morte-em-feira-de-santana\/#primaryimage\",\"url\":\"https:\/\/brasilnoticias.org\/site\/wp-content\/uploads\/2023\/02\/132873colisao-entre-carro-e-moto-resulta-em-uma-morte-em-feira-de-santana-3.jpg\",\"contentUrl\":\"https:\/\/brasilnoticias.org\/site\/wp-content\/uploads\/2023\/02\/132873colisao-entre-carro-e-moto-resulta-em-uma-morte-em-feira-de-santana-3.jpg\",\"width\":1600,\"height\":752},{\"@type\":\"BreadcrumbList\",\"@id\":\"https:\/\/brasilnoticias.org\/site\/colisao-entre-carro-e-moto-resulta-em-uma-morte-em-feira-de-santana\/#breadcrumb\",\"itemListElement\":[{\"@type\":\"ListItem\",\"position\":1,\"name\":\"In\u00edcio\",\"item\":\"https:\/\/brasilnoticias.org\/site\/\"},{\"@type\":\"ListItem\",\"position\":2,\"name\":\"Colis\u00e3o entre carro e moto resulta em uma morte em Feira de Santana\"}]},{\"@type\":\"WebSite\",\"@id\":\"https:\/\/brasilnoticias.org\/site\/#website\",\"url\":\"https:\/\/brasilnoticias.org\/site\/\",\"name\":\"Brasil not\u00edcias\",\"description\":\"Brasil not\u00edcias\",\"publisher\":{\"@id\":\"https:\/\/brasilnoticias.org\/site\/#organization\"},\"potentialAction\":[{\"@type\":\"SearchAction\",\"target\":{\"@type\":\"EntryPoint\",\"urlTemplate\":\"https:\/\/brasilnoticias.org\/site\/?s={search_term_string}\"},\"query-input\":{\"@type\":\"PropertyValueSpecification\",\"valueRequired\":true,\"valueName\":\"search_term_string\"}}],\"inLanguage\":\"pt-PT\"},{\"@type\":\"Organization\",\"@id\":\"https:\/\/brasilnoticias.org\/site\/#organization\",\"name\":\"Brasil not\u00edcias\",\"url\":\"https:\/\/brasilnoticias.org\/site\/\",\"logo\":{\"@type\":\"ImageObject\",\"inLanguage\":\"pt-PT\",\"@id\":\"https:\/\/brasilnoticias.org\/site\/#\/schema\/logo\/image\/\",\"url\":\"https:\/\/brasilnoticias.org\/site\/wp-content\/uploads\/2022\/05\/cropped-brasilnoticias-mini.jpg\",\"contentUrl\":\"https:\/\/brasilnoticias.org\/site\/wp-content\/uploads\/2022\/05\/cropped-brasilnoticias-mini.jpg\",\"width\":314,\"height\":86,\"caption\":\"Brasil not\u00edcias\"},\"image\":{\"@id\":\"https:\/\/brasilnoticias.org\/site\/#\/schema\/logo\/image\/\"}},{\"@type\":\"Person\",\"@id\":\"https:\/\/brasilnoticias.org\/site\/#\/schema\/person\/a0e05b973ec4d15c658d51911e53507b\",\"name\":\"Reda\u00e7\u00e3o\",\"image\":{\"@type\":\"ImageObject\",\"inLanguage\":\"pt-PT\",\"@id\":\"https:\/\/brasilnoticias.org\/site\/#\/schema\/person\/image\/\",\"url\":\"https:\/\/secure.gravatar.com\/avatar\/75d8b050df2de108b08ae78dfb8e374892df24a383c67db9c46a9c604f6aee9c?s=96&d=mm&r=g\",\"contentUrl\":\"https:\/\/secure.gravatar.com\/avatar\/75d8b050df2de108b08ae78dfb8e374892df24a383c67db9c46a9c604f6aee9c?s=96&d=mm&r=g\",\"caption\":\"Reda\u00e7\u00e3o\"},\"sameAs\":[\"https:\/\/brasilnoticias.org\/site\"],\"url\":\"https:\/\/brasilnoticias.org\/site\/author\/fernandozsngmail-com\/\"}]}<\/script>\n<!-- \/ Yoast SEO plugin. -->","yoast_head_json":{"title":"Colis\u00e3o entre carro e moto resulta em uma morte em Feira de Santana - Brasil not\u00edcias","robots":{"index":"index","follow":"follow","max-snippet":"max-snippet:-1","max-image-preview":"max-image-preview:large","max-video-preview":"max-video-preview:-1"},"canonical":"https:\/\/brasilnoticias.org\/site\/colisao-entre-carro-e-moto-resulta-em-uma-morte-em-feira-de-santana\/","og_locale":"pt_PT","og_type":"article","og_title":"Colis\u00e3o entre carro e moto resulta em uma morte em Feira de Santana - Brasil not\u00edcias","og_description":"Uma colis\u00e3o entre um carro e uma moto no km 530 da BR-324, no munic\u00edpio baiano de Feira de Santana,","og_url":"https:\/\/brasilnoticias.org\/site\/colisao-entre-carro-e-moto-resulta-em-uma-morte-em-feira-de-santana\/","og_site_name":"Brasil not\u00edcias","article_published_time":"2023-02-01T12:44:04+00:00","og_image":[{"width":1600,"height":752,"url":"https:\/\/brasilnoticias.org\/site\/wp-content\/uploads\/2023\/02\/132873colisao-entre-carro-e-moto-resulta-em-uma-morte-em-feira-de-santana-3.jpg","type":"image\/jpeg"}],"author":"Reda\u00e7\u00e3o","twitter_card":"summary_large_image","twitter_misc":{"Escrito por":"Reda\u00e7\u00e3o","Tempo estimado de leitura":"1 minuto"},"schema":{"@context":"https:\/\/schema.org","@graph":[{"@type":"Article","@id":"https:\/\/brasilnoticias.org\/site\/colisao-entre-carro-e-moto-resulta-em-uma-morte-em-feira-de-santana\/#article","isPartOf":{"@id":"https:\/\/brasilnoticias.org\/site\/colisao-entre-carro-e-moto-resulta-em-uma-morte-em-feira-de-santana\/"},"author":{"name":"Reda\u00e7\u00e3o","@id":"https:\/\/brasilnoticias.org\/site\/#\/schema\/person\/a0e05b973ec4d15c658d51911e53507b"},"headline":"Colis\u00e3o entre carro e moto resulta em uma morte em Feira de Santana","datePublished":"2023-02-01T12:44:04+00:00","mainEntityOfPage":{"@id":"https:\/\/brasilnoticias.org\/site\/colisao-entre-carro-e-moto-resulta-em-uma-morte-em-feira-de-santana\/"},"wordCount":145,"commentCount":0,"publisher":{"@id":"https:\/\/brasilnoticias.org\/site\/#organization"},"image":{"@id":"https:\/\/brasilnoticias.org\/site\/colisao-entre-carro-e-moto-resulta-em-uma-morte-em-feira-de-santana\/#primaryimage"},"thumbnailUrl":"https:\/\/brasilnoticias.org\/site\/wp-content\/uploads\/2023\/02\/132873colisao-entre-carro-e-moto-resulta-em-uma-morte-em-feira-de-santana-3.jpg","articleSection":["Not\u00edcias","\u00daltimas"],"inLanguage":"pt-PT","potentialAction":[{"@type":"CommentAction","name":"Comment","target":["https:\/\/brasilnoticias.org\/site\/colisao-entre-carro-e-moto-resulta-em-uma-morte-em-feira-de-santana\/#respond"]}]},{"@type":"WebPage","@id":"https:\/\/brasilnoticias.org\/site\/colisao-entre-carro-e-moto-resulta-em-uma-morte-em-feira-de-santana\/","url":"https:\/\/brasilnoticias.org\/site\/colisao-entre-carro-e-moto-resulta-em-uma-morte-em-feira-de-santana\/","name":"Colis\u00e3o entre carro e moto resulta em uma morte em Feira de Santana - Brasil not\u00edcias","isPartOf":{"@id":"https:\/\/brasilnoticias.org\/site\/#website"},"primaryImageOfPage":{"@id":"https:\/\/brasilnoticias.org\/site\/colisao-entre-carro-e-moto-resulta-em-uma-morte-em-feira-de-santana\/#primaryimage"},"image":{"@id":"https:\/\/brasilnoticias.org\/site\/colisao-entre-carro-e-moto-resulta-em-uma-morte-em-feira-de-santana\/#primaryimage"},"thumbnailUrl":"https:\/\/brasilnoticias.org\/site\/wp-content\/uploads\/2023\/02\/132873colisao-entre-carro-e-moto-resulta-em-uma-morte-em-feira-de-santana-3.jpg","datePublished":"2023-02-01T12:44:04+00:00","breadcrumb":{"@id":"https:\/\/brasilnoticias.org\/site\/colisao-entre-carro-e-moto-resulta-em-uma-morte-em-feira-de-santana\/#breadcrumb"},"inLanguage":"pt-PT","potentialAction":[{"@type":"ReadAction","target":["https:\/\/brasilnoticias.org\/site\/colisao-entre-carro-e-moto-resulta-em-uma-morte-em-feira-de-santana\/"]}]},{"@type":"ImageObject","inLanguage":"pt-PT","@id":"https:\/\/brasilnoticias.org\/site\/colisao-entre-carro-e-moto-resulta-em-uma-morte-em-feira-de-santana\/#primaryimage","url":"https:\/\/brasilnoticias.org\/site\/wp-content\/uploads\/2023\/02\/132873colisao-entre-carro-e-moto-resulta-em-uma-morte-em-feira-de-santana-3.jpg","contentUrl":"https:\/\/brasilnoticias.org\/site\/wp-content\/uploads\/2023\/02\/132873colisao-entre-carro-e-moto-resulta-em-uma-morte-em-feira-de-santana-3.jpg","width":1600,"height":752},{"@type":"BreadcrumbList","@id":"https:\/\/brasilnoticias.org\/site\/colisao-entre-carro-e-moto-resulta-em-uma-morte-em-feira-de-santana\/#breadcrumb","itemListElement":[{"@type":"ListItem","position":1,"name":"In\u00edcio","item":"https:\/\/brasilnoticias.org\/site\/"},{"@type":"ListItem","position":2,"name":"Colis\u00e3o entre carro e moto resulta em uma morte em Feira de Santana"}]},{"@type":"WebSite","@id":"https:\/\/brasilnoticias.org\/site\/#website","url":"https:\/\/brasilnoticias.org\/site\/","name":"Brasil not\u00edcias","description":"Brasil not\u00edcias","publisher":{"@id":"https:\/\/brasilnoticias.org\/site\/#organization"},"potentialAction":[{"@type":"SearchAction","target":{"@type":"EntryPoint","urlTemplate":"https:\/\/brasilnoticias.org\/site\/?s={search_term_string}"},"query-input":{"@type":"PropertyValueSpecification","valueRequired":true,"valueName":"search_term_string"}}],"inLanguage":"pt-PT"},{"@type":"Organization","@id":"https:\/\/brasilnoticias.org\/site\/#organization","name":"Brasil not\u00edcias","url":"https:\/\/brasilnoticias.org\/site\/","logo":{"@type":"ImageObject","inLanguage":"pt-PT","@id":"https:\/\/brasilnoticias.org\/site\/#\/schema\/logo\/image\/","url":"https:\/\/brasilnoticias.org\/site\/wp-content\/uploads\/2022\/05\/cropped-brasilnoticias-mini.jpg","contentUrl":"https:\/\/brasilnoticias.org\/site\/wp-content\/uploads\/2022\/05\/cropped-brasilnoticias-mini.jpg","width":314,"height":86,"caption":"Brasil not\u00edcias"},"image":{"@id":"https:\/\/brasilnoticias.org\/site\/#\/schema\/logo\/image\/"}},{"@type":"Person","@id":"https:\/\/brasilnoticias.org\/site\/#\/schema\/person\/a0e05b973ec4d15c658d51911e53507b","name":"Reda\u00e7\u00e3o","image":{"@type":"ImageObject","inLanguage":"pt-PT","@id":"https:\/\/brasilnoticias.org\/site\/#\/schema\/person\/image\/","url":"https:\/\/secure.gravatar.com\/avatar\/75d8b050df2de108b08ae78dfb8e374892df24a383c67db9c46a9c604f6aee9c?s=96&d=mm&r=g","contentUrl":"https:\/\/secure.gravatar.com\/avatar\/75d8b050df2de108b08ae78dfb8e374892df24a383c67db9c46a9c604f6aee9c?s=96&d=mm&r=g","caption":"Reda\u00e7\u00e3o"},"sameAs":["https:\/\/brasilnoticias.org\/site"],"url":"https:\/\/brasilnoticias.org\/site\/author\/fernandozsngmail-com\/"}]}},"_links":{"self":[{"href":"https:\/\/brasilnoticias.org\/site\/wp-json\/wp\/v2\/posts\/3592","targetHints":{"allow":["GET"]}}],"collection":[{"href":"https:\/\/brasilnoticias.org\/site\/wp-json\/wp\/v2\/posts"}],"about":[{"href":"https:\/\/brasilnoticias.org\/site\/wp-json\/wp\/v2\/types\/post"}],"author":[{"embeddable":true,"href":"https:\/\/brasilnoticias.org\/site\/wp-json\/wp\/v2\/users\/1"}],"replies":[{"embeddable":true,"href":"https:\/\/brasilnoticias.org\/site\/wp-json\/wp\/v2\/comments?post=3592"}],"version-history":[{"count":1,"href":"https:\/\/brasilnoticias.org\/site\/wp-json\/wp\/v2\/posts\/3592\/revisions"}],"predecessor-version":[{"id":3594,"href":"https:\/\/brasilnoticias.org\/site\/wp-json\/wp\/v2\/posts\/3592\/revisions\/3594"}],"wp:featuredmedia":[{"embeddable":true,"href":"https:\/\/brasilnoticias.org\/site\/wp-json\/wp\/v2\/media\/3593"}],"wp:attachment":[{"href":"https:\/\/brasilnoticias.org\/site\/wp-json\/wp\/v2\/media?parent=3592"}],"wp:term":[{"taxonomy":"category","embeddable":true,"href":"https:\/\/brasilnoticias.org\/site\/wp-json\/wp\/v2\/categories?post=3592"},{"taxonomy":"post_tag","embeddable":true,"href":"https:\/\/brasilnoticias.org\/site\/wp-json\/wp\/v2\/tags?post=3592"}],"curies":[{"name":"wp","href":"https:\/\/api.w.org\/{rel}","templated":true}]}}