{"id":3595,"date":"2023-02-01T09:45:29","date_gmt":"2023-02-01T12:45:29","guid":{"rendered":"https:\/\/brasilnoticias.org\/site\/?p=3595"},"modified":"2023-02-01T09:45:29","modified_gmt":"2023-02-01T12:45:29","slug":"mpt-ba-processa-correios-por-assedio-moral-organizacional","status":"publish","type":"post","link":"https:\/\/brasilnoticias.org\/site\/mpt-ba-processa-correios-por-assedio-moral-organizacional\/","title":{"rendered":"MPT-BA processa Correios por ass\u00e9dio moral organizacional"},"content":{"rendered":"<p>Ap\u00f3s den\u00fancias de ass\u00e9dio moral organizacional, o Minist\u00e9rio P\u00fablico do Trabalho na Bahia (MPT-BA), nesta ter\u00e7a-feira (31), comunicou que processou os Correios. Atualmente, a a\u00e7\u00e3o civil p\u00fablica tramita na 16\u00aa Vara do Trabalho de Salvador, com amplitude nacional.<\/p>\n<p>De acordo com o MPT-BA, desde 2014 casos de abuso de poder disciplinar s\u00e3o denunciados por funcion\u00e1rios. No entanto, uma a\u00e7\u00e3o judicial foi oficialmente por parte do \u00f3rg\u00e3o foi apresentada apenas em 2020.<\/p>\n<p>Entre os relatos, foram expostos altos \u00edndices de adoecimentos e afastamentos previdenci\u00e1rios, assim como a cria\u00e7\u00e3o de um local de trabalho marcado por diversos conflitos entre colaboradores, principalmente por parte de cargos mais altos.<\/p>\n<p>O chefe do setor judici\u00e1rio foi acusado de praticar condutas assediadoras, perseguir colegas, dividir de forma desigual o trabalho e pressionar excessivamente os demais funcion\u00e1rios.<\/p>\n<p>O procurador respons\u00e1vel pelo caso, Ilan Fonseca, com o intuito de entrar em um acordo entre a empresa e os trabalhadores, pediu a ajuda de institui\u00e7\u00f5es como a Associa\u00e7\u00e3o dos Procuradores dos Correios (APECT), o Conselho Regional de Medicina do Estado da Bahia (Cremeb), o Centro De Referencia Em Saude Do Trabalhador (Cerest) Salvador e a Ordem dos Advogados do Brasil (OAB). Enretanto, o conflito ainda n\u00e3o foi resolvido.<\/p>\n<p>At\u00e9 o momento, nenhum posicionamento oficial foi emitido pelos Correios, mas a empresa afirma que em breve se manifestar\u00e1 em ju\u00edzo a respeito da a\u00e7\u00e3o civil p\u00fablica.<\/p>\n<p>Foto: Reprodu\u00e7\u00e3o\/Marcelo Camargo\/Ag\u00eancia Brasil<br \/>\nPor: Metro1<\/p>\n","protected":false},"excerpt":{"rendered":"<p>Ap\u00f3s den\u00fancias de ass\u00e9dio moral organizacional, o Minist\u00e9rio P\u00fablico do Trabalho na Bahia (MPT-BA), nesta ter\u00e7a-feira (31), comunicou que processou<\/p>\n","protected":false},"author":1,"featured_media":3596,"comment_status":"open","ping_status":"open","sticky":false,"template":"","format":"standard","meta":{"colormag_page_container_layout":"default_layout","colormag_page_sidebar_layout":"default_layout","_FSMCFIC_featured_image_caption":"","_FSMCFIC_featured_image_nocaption":"","_FSMCFIC_featured_image_hide":"","footnotes":""},"categories":[2,1],"tags":[],"class_list":["post-3595","post","type-post","status-publish","format-standard","has-post-thumbnail","hentry","category-noticias","category-ultimas"],"yoast_head":"<!-- This site is optimized with the Yoast SEO plugin v27.1.1 - https:\/\/yoast.com\/product\/yoast-seo-wordpress\/ -->\n<title>MPT-BA processa Correios por ass\u00e9dio moral organizacional - Brasil not\u00edcias<\/title>\n<meta name=\"robots\" content=\"index, follow, max-snippet:-1, max-image-preview:large, max-video-preview:-1\" \/>\n<link rel=\"canonical\" href=\"https:\/\/brasilnoticias.org\/site\/mpt-ba-processa-correios-por-assedio-moral-organizacional\/\" \/>\n<meta property=\"og:locale\" content=\"pt_PT\" \/>\n<meta property=\"og:type\" content=\"article\" \/>\n<meta property=\"og:title\" content=\"MPT-BA processa Correios por ass\u00e9dio moral organizacional - Brasil not\u00edcias\" \/>\n<meta property=\"og:description\" content=\"Ap\u00f3s den\u00fancias de ass\u00e9dio moral organizacional, o Minist\u00e9rio P\u00fablico do Trabalho na Bahia (MPT-BA), nesta ter\u00e7a-feira (31), comunicou que processou\" \/>\n<meta property=\"og:url\" content=\"https:\/\/brasilnoticias.org\/site\/mpt-ba-processa-correios-por-assedio-moral-organizacional\/\" \/>\n<meta property=\"og:site_name\" content=\"Brasil not\u00edcias\" \/>\n<meta property=\"article:published_time\" content=\"2023-02-01T12:45:29+00:00\" \/>\n<meta property=\"og:image\" content=\"https:\/\/brasilnoticias.org\/site\/wp-content\/uploads\/2023\/02\/132874mpt-ba-processa-correios-por-assedio-moral-organizacional-3.jpg\" \/>\n\t<meta property=\"og:image:width\" content=\"1600\" \/>\n\t<meta property=\"og:image:height\" content=\"752\" \/>\n\t<meta property=\"og:image:type\" content=\"image\/jpeg\" \/>\n<meta name=\"author\" content=\"Reda\u00e7\u00e3o\" \/>\n<meta name=\"twitter:card\" content=\"summary_large_image\" \/>\n<meta name=\"twitter:label1\" content=\"Escrito por\" \/>\n\t<meta name=\"twitter:data1\" content=\"Reda\u00e7\u00e3o\" \/>\n\t<meta name=\"twitter:label2\" content=\"Tempo estimado de leitura\" \/>\n\t<meta name=\"twitter:data2\" content=\"1 minuto\" \/>\n<script type=\"application\/ld+json\" class=\"yoast-schema-graph\">{\"@context\":\"https:\/\/schema.org\",\"@graph\":[{\"@type\":\"Article\",\"@id\":\"https:\/\/brasilnoticias.org\/site\/mpt-ba-processa-correios-por-assedio-moral-organizacional\/#article\",\"isPartOf\":{\"@id\":\"https:\/\/brasilnoticias.org\/site\/mpt-ba-processa-correios-por-assedio-moral-organizacional\/\"},\"author\":{\"name\":\"Reda\u00e7\u00e3o\",\"@id\":\"https:\/\/brasilnoticias.org\/site\/#\/schema\/person\/a0e05b973ec4d15c658d51911e53507b\"},\"headline\":\"MPT-BA processa Correios por ass\u00e9dio moral organizacional\",\"datePublished\":\"2023-02-01T12:45:29+00:00\",\"mainEntityOfPage\":{\"@id\":\"https:\/\/brasilnoticias.org\/site\/mpt-ba-processa-correios-por-assedio-moral-organizacional\/\"},\"wordCount\":263,\"commentCount\":0,\"publisher\":{\"@id\":\"https:\/\/brasilnoticias.org\/site\/#organization\"},\"image\":{\"@id\":\"https:\/\/brasilnoticias.org\/site\/mpt-ba-processa-correios-por-assedio-moral-organizacional\/#primaryimage\"},\"thumbnailUrl\":\"https:\/\/brasilnoticias.org\/site\/wp-content\/uploads\/2023\/02\/132874mpt-ba-processa-correios-por-assedio-moral-organizacional-3.jpg\",\"articleSection\":[\"Not\u00edcias\",\"\u00daltimas\"],\"inLanguage\":\"pt-PT\",\"potentialAction\":[{\"@type\":\"CommentAction\",\"name\":\"Comment\",\"target\":[\"https:\/\/brasilnoticias.org\/site\/mpt-ba-processa-correios-por-assedio-moral-organizacional\/#respond\"]}]},{\"@type\":\"WebPage\",\"@id\":\"https:\/\/brasilnoticias.org\/site\/mpt-ba-processa-correios-por-assedio-moral-organizacional\/\",\"url\":\"https:\/\/brasilnoticias.org\/site\/mpt-ba-processa-correios-por-assedio-moral-organizacional\/\",\"name\":\"MPT-BA processa Correios por ass\u00e9dio moral organizacional - Brasil not\u00edcias\",\"isPartOf\":{\"@id\":\"https:\/\/brasilnoticias.org\/site\/#website\"},\"primaryImageOfPage\":{\"@id\":\"https:\/\/brasilnoticias.org\/site\/mpt-ba-processa-correios-por-assedio-moral-organizacional\/#primaryimage\"},\"image\":{\"@id\":\"https:\/\/brasilnoticias.org\/site\/mpt-ba-processa-correios-por-assedio-moral-organizacional\/#primaryimage\"},\"thumbnailUrl\":\"https:\/\/brasilnoticias.org\/site\/wp-content\/uploads\/2023\/02\/132874mpt-ba-processa-correios-por-assedio-moral-organizacional-3.jpg\",\"datePublished\":\"2023-02-01T12:45:29+00:00\",\"breadcrumb\":{\"@id\":\"https:\/\/brasilnoticias.org\/site\/mpt-ba-processa-correios-por-assedio-moral-organizacional\/#breadcrumb\"},\"inLanguage\":\"pt-PT\",\"potentialAction\":[{\"@type\":\"ReadAction\",\"target\":[\"https:\/\/brasilnoticias.org\/site\/mpt-ba-processa-correios-por-assedio-moral-organizacional\/\"]}]},{\"@type\":\"ImageObject\",\"inLanguage\":\"pt-PT\",\"@id\":\"https:\/\/brasilnoticias.org\/site\/mpt-ba-processa-correios-por-assedio-moral-organizacional\/#primaryimage\",\"url\":\"https:\/\/brasilnoticias.org\/site\/wp-content\/uploads\/2023\/02\/132874mpt-ba-processa-correios-por-assedio-moral-organizacional-3.jpg\",\"contentUrl\":\"https:\/\/brasilnoticias.org\/site\/wp-content\/uploads\/2023\/02\/132874mpt-ba-processa-correios-por-assedio-moral-organizacional-3.jpg\",\"width\":1600,\"height\":752},{\"@type\":\"BreadcrumbList\",\"@id\":\"https:\/\/brasilnoticias.org\/site\/mpt-ba-processa-correios-por-assedio-moral-organizacional\/#breadcrumb\",\"itemListElement\":[{\"@type\":\"ListItem\",\"position\":1,\"name\":\"In\u00edcio\",\"item\":\"https:\/\/brasilnoticias.org\/site\/\"},{\"@type\":\"ListItem\",\"position\":2,\"name\":\"MPT-BA processa Correios por ass\u00e9dio moral organizacional\"}]},{\"@type\":\"WebSite\",\"@id\":\"https:\/\/brasilnoticias.org\/site\/#website\",\"url\":\"https:\/\/brasilnoticias.org\/site\/\",\"name\":\"Brasil not\u00edcias\",\"description\":\"Brasil not\u00edcias\",\"publisher\":{\"@id\":\"https:\/\/brasilnoticias.org\/site\/#organization\"},\"potentialAction\":[{\"@type\":\"SearchAction\",\"target\":{\"@type\":\"EntryPoint\",\"urlTemplate\":\"https:\/\/brasilnoticias.org\/site\/?s={search_term_string}\"},\"query-input\":{\"@type\":\"PropertyValueSpecification\",\"valueRequired\":true,\"valueName\":\"search_term_string\"}}],\"inLanguage\":\"pt-PT\"},{\"@type\":\"Organization\",\"@id\":\"https:\/\/brasilnoticias.org\/site\/#organization\",\"name\":\"Brasil not\u00edcias\",\"url\":\"https:\/\/brasilnoticias.org\/site\/\",\"logo\":{\"@type\":\"ImageObject\",\"inLanguage\":\"pt-PT\",\"@id\":\"https:\/\/brasilnoticias.org\/site\/#\/schema\/logo\/image\/\",\"url\":\"https:\/\/brasilnoticias.org\/site\/wp-content\/uploads\/2022\/05\/cropped-brasilnoticias-mini.jpg\",\"contentUrl\":\"https:\/\/brasilnoticias.org\/site\/wp-content\/uploads\/2022\/05\/cropped-brasilnoticias-mini.jpg\",\"width\":314,\"height\":86,\"caption\":\"Brasil not\u00edcias\"},\"image\":{\"@id\":\"https:\/\/brasilnoticias.org\/site\/#\/schema\/logo\/image\/\"}},{\"@type\":\"Person\",\"@id\":\"https:\/\/brasilnoticias.org\/site\/#\/schema\/person\/a0e05b973ec4d15c658d51911e53507b\",\"name\":\"Reda\u00e7\u00e3o\",\"image\":{\"@type\":\"ImageObject\",\"inLanguage\":\"pt-PT\",\"@id\":\"https:\/\/brasilnoticias.org\/site\/#\/schema\/person\/image\/\",\"url\":\"https:\/\/secure.gravatar.com\/avatar\/75d8b050df2de108b08ae78dfb8e374892df24a383c67db9c46a9c604f6aee9c?s=96&d=mm&r=g\",\"contentUrl\":\"https:\/\/secure.gravatar.com\/avatar\/75d8b050df2de108b08ae78dfb8e374892df24a383c67db9c46a9c604f6aee9c?s=96&d=mm&r=g\",\"caption\":\"Reda\u00e7\u00e3o\"},\"sameAs\":[\"https:\/\/brasilnoticias.org\/site\"],\"url\":\"https:\/\/brasilnoticias.org\/site\/author\/fernandozsngmail-com\/\"}]}<\/script>\n<!-- \/ Yoast SEO plugin. -->","yoast_head_json":{"title":"MPT-BA processa Correios por ass\u00e9dio moral organizacional - Brasil not\u00edcias","robots":{"index":"index","follow":"follow","max-snippet":"max-snippet:-1","max-image-preview":"max-image-preview:large","max-video-preview":"max-video-preview:-1"},"canonical":"https:\/\/brasilnoticias.org\/site\/mpt-ba-processa-correios-por-assedio-moral-organizacional\/","og_locale":"pt_PT","og_type":"article","og_title":"MPT-BA processa Correios por ass\u00e9dio moral organizacional - Brasil not\u00edcias","og_description":"Ap\u00f3s den\u00fancias de ass\u00e9dio moral organizacional, o Minist\u00e9rio P\u00fablico do Trabalho na Bahia (MPT-BA), nesta ter\u00e7a-feira (31), comunicou que processou","og_url":"https:\/\/brasilnoticias.org\/site\/mpt-ba-processa-correios-por-assedio-moral-organizacional\/","og_site_name":"Brasil not\u00edcias","article_published_time":"2023-02-01T12:45:29+00:00","og_image":[{"width":1600,"height":752,"url":"https:\/\/brasilnoticias.org\/site\/wp-content\/uploads\/2023\/02\/132874mpt-ba-processa-correios-por-assedio-moral-organizacional-3.jpg","type":"image\/jpeg"}],"author":"Reda\u00e7\u00e3o","twitter_card":"summary_large_image","twitter_misc":{"Escrito por":"Reda\u00e7\u00e3o","Tempo estimado de leitura":"1 minuto"},"schema":{"@context":"https:\/\/schema.org","@graph":[{"@type":"Article","@id":"https:\/\/brasilnoticias.org\/site\/mpt-ba-processa-correios-por-assedio-moral-organizacional\/#article","isPartOf":{"@id":"https:\/\/brasilnoticias.org\/site\/mpt-ba-processa-correios-por-assedio-moral-organizacional\/"},"author":{"name":"Reda\u00e7\u00e3o","@id":"https:\/\/brasilnoticias.org\/site\/#\/schema\/person\/a0e05b973ec4d15c658d51911e53507b"},"headline":"MPT-BA processa Correios por ass\u00e9dio moral organizacional","datePublished":"2023-02-01T12:45:29+00:00","mainEntityOfPage":{"@id":"https:\/\/brasilnoticias.org\/site\/mpt-ba-processa-correios-por-assedio-moral-organizacional\/"},"wordCount":263,"commentCount":0,"publisher":{"@id":"https:\/\/brasilnoticias.org\/site\/#organization"},"image":{"@id":"https:\/\/brasilnoticias.org\/site\/mpt-ba-processa-correios-por-assedio-moral-organizacional\/#primaryimage"},"thumbnailUrl":"https:\/\/brasilnoticias.org\/site\/wp-content\/uploads\/2023\/02\/132874mpt-ba-processa-correios-por-assedio-moral-organizacional-3.jpg","articleSection":["Not\u00edcias","\u00daltimas"],"inLanguage":"pt-PT","potentialAction":[{"@type":"CommentAction","name":"Comment","target":["https:\/\/brasilnoticias.org\/site\/mpt-ba-processa-correios-por-assedio-moral-organizacional\/#respond"]}]},{"@type":"WebPage","@id":"https:\/\/brasilnoticias.org\/site\/mpt-ba-processa-correios-por-assedio-moral-organizacional\/","url":"https:\/\/brasilnoticias.org\/site\/mpt-ba-processa-correios-por-assedio-moral-organizacional\/","name":"MPT-BA processa Correios por ass\u00e9dio moral organizacional - Brasil not\u00edcias","isPartOf":{"@id":"https:\/\/brasilnoticias.org\/site\/#website"},"primaryImageOfPage":{"@id":"https:\/\/brasilnoticias.org\/site\/mpt-ba-processa-correios-por-assedio-moral-organizacional\/#primaryimage"},"image":{"@id":"https:\/\/brasilnoticias.org\/site\/mpt-ba-processa-correios-por-assedio-moral-organizacional\/#primaryimage"},"thumbnailUrl":"https:\/\/brasilnoticias.org\/site\/wp-content\/uploads\/2023\/02\/132874mpt-ba-processa-correios-por-assedio-moral-organizacional-3.jpg","datePublished":"2023-02-01T12:45:29+00:00","breadcrumb":{"@id":"https:\/\/brasilnoticias.org\/site\/mpt-ba-processa-correios-por-assedio-moral-organizacional\/#breadcrumb"},"inLanguage":"pt-PT","potentialAction":[{"@type":"ReadAction","target":["https:\/\/brasilnoticias.org\/site\/mpt-ba-processa-correios-por-assedio-moral-organizacional\/"]}]},{"@type":"ImageObject","inLanguage":"pt-PT","@id":"https:\/\/brasilnoticias.org\/site\/mpt-ba-processa-correios-por-assedio-moral-organizacional\/#primaryimage","url":"https:\/\/brasilnoticias.org\/site\/wp-content\/uploads\/2023\/02\/132874mpt-ba-processa-correios-por-assedio-moral-organizacional-3.jpg","contentUrl":"https:\/\/brasilnoticias.org\/site\/wp-content\/uploads\/2023\/02\/132874mpt-ba-processa-correios-por-assedio-moral-organizacional-3.jpg","width":1600,"height":752},{"@type":"BreadcrumbList","@id":"https:\/\/brasilnoticias.org\/site\/mpt-ba-processa-correios-por-assedio-moral-organizacional\/#breadcrumb","itemListElement":[{"@type":"ListItem","position":1,"name":"In\u00edcio","item":"https:\/\/brasilnoticias.org\/site\/"},{"@type":"ListItem","position":2,"name":"MPT-BA processa Correios por ass\u00e9dio moral organizacional"}]},{"@type":"WebSite","@id":"https:\/\/brasilnoticias.org\/site\/#website","url":"https:\/\/brasilnoticias.org\/site\/","name":"Brasil not\u00edcias","description":"Brasil not\u00edcias","publisher":{"@id":"https:\/\/brasilnoticias.org\/site\/#organization"},"potentialAction":[{"@type":"SearchAction","target":{"@type":"EntryPoint","urlTemplate":"https:\/\/brasilnoticias.org\/site\/?s={search_term_string}"},"query-input":{"@type":"PropertyValueSpecification","valueRequired":true,"valueName":"search_term_string"}}],"inLanguage":"pt-PT"},{"@type":"Organization","@id":"https:\/\/brasilnoticias.org\/site\/#organization","name":"Brasil not\u00edcias","url":"https:\/\/brasilnoticias.org\/site\/","logo":{"@type":"ImageObject","inLanguage":"pt-PT","@id":"https:\/\/brasilnoticias.org\/site\/#\/schema\/logo\/image\/","url":"https:\/\/brasilnoticias.org\/site\/wp-content\/uploads\/2022\/05\/cropped-brasilnoticias-mini.jpg","contentUrl":"https:\/\/brasilnoticias.org\/site\/wp-content\/uploads\/2022\/05\/cropped-brasilnoticias-mini.jpg","width":314,"height":86,"caption":"Brasil not\u00edcias"},"image":{"@id":"https:\/\/brasilnoticias.org\/site\/#\/schema\/logo\/image\/"}},{"@type":"Person","@id":"https:\/\/brasilnoticias.org\/site\/#\/schema\/person\/a0e05b973ec4d15c658d51911e53507b","name":"Reda\u00e7\u00e3o","image":{"@type":"ImageObject","inLanguage":"pt-PT","@id":"https:\/\/brasilnoticias.org\/site\/#\/schema\/person\/image\/","url":"https:\/\/secure.gravatar.com\/avatar\/75d8b050df2de108b08ae78dfb8e374892df24a383c67db9c46a9c604f6aee9c?s=96&d=mm&r=g","contentUrl":"https:\/\/secure.gravatar.com\/avatar\/75d8b050df2de108b08ae78dfb8e374892df24a383c67db9c46a9c604f6aee9c?s=96&d=mm&r=g","caption":"Reda\u00e7\u00e3o"},"sameAs":["https:\/\/brasilnoticias.org\/site"],"url":"https:\/\/brasilnoticias.org\/site\/author\/fernandozsngmail-com\/"}]}},"_links":{"self":[{"href":"https:\/\/brasilnoticias.org\/site\/wp-json\/wp\/v2\/posts\/3595","targetHints":{"allow":["GET"]}}],"collection":[{"href":"https:\/\/brasilnoticias.org\/site\/wp-json\/wp\/v2\/posts"}],"about":[{"href":"https:\/\/brasilnoticias.org\/site\/wp-json\/wp\/v2\/types\/post"}],"author":[{"embeddable":true,"href":"https:\/\/brasilnoticias.org\/site\/wp-json\/wp\/v2\/users\/1"}],"replies":[{"embeddable":true,"href":"https:\/\/brasilnoticias.org\/site\/wp-json\/wp\/v2\/comments?post=3595"}],"version-history":[{"count":1,"href":"https:\/\/brasilnoticias.org\/site\/wp-json\/wp\/v2\/posts\/3595\/revisions"}],"predecessor-version":[{"id":3597,"href":"https:\/\/brasilnoticias.org\/site\/wp-json\/wp\/v2\/posts\/3595\/revisions\/3597"}],"wp:featuredmedia":[{"embeddable":true,"href":"https:\/\/brasilnoticias.org\/site\/wp-json\/wp\/v2\/media\/3596"}],"wp:attachment":[{"href":"https:\/\/brasilnoticias.org\/site\/wp-json\/wp\/v2\/media?parent=3595"}],"wp:term":[{"taxonomy":"category","embeddable":true,"href":"https:\/\/brasilnoticias.org\/site\/wp-json\/wp\/v2\/categories?post=3595"},{"taxonomy":"post_tag","embeddable":true,"href":"https:\/\/brasilnoticias.org\/site\/wp-json\/wp\/v2\/tags?post=3595"}],"curies":[{"name":"wp","href":"https:\/\/api.w.org\/{rel}","templated":true}]}}