{"id":3598,"date":"2023-02-01T09:46:30","date_gmt":"2023-02-01T12:46:30","guid":{"rendered":"https:\/\/brasilnoticias.org\/site\/?p=3598"},"modified":"2023-02-01T09:46:30","modified_gmt":"2023-02-01T12:46:30","slug":"ssp-deflagra-operacao-com-200-policiais-em-jequie-para-prender-envolvidos-em-homicidios-e-trafico","status":"publish","type":"post","link":"https:\/\/brasilnoticias.org\/site\/ssp-deflagra-operacao-com-200-policiais-em-jequie-para-prender-envolvidos-em-homicidios-e-trafico\/","title":{"rendered":"SSP deflagra opera\u00e7\u00e3o com 200 policiais em Jequi\u00e9 para prender envolvidos em homic\u00eddios e tr\u00e1fico"},"content":{"rendered":"<p>Mais de 200 policiais civis e militares iniciaram, na manh\u00e3 desta quarta-feira (1\u00ba), uma grande opera\u00e7\u00e3o no munic\u00edpio de Jequi\u00e9, no sudoeste da Bahia. Segundo a Secretaria de Seguran\u00e7a P\u00fablica (SSP), a a\u00e7\u00e3o, apelidada de Opera\u00e7\u00e3o Caatinga, tem o objetivo de prender os principais alvos da pasta, suspeitos de integrar grupos criminosos envolvidos com homic\u00eddios, crimes contra o patrim\u00f4nio e o tr\u00e1fico de drogas.<\/p>\n<p>A SSP informou que est\u00e3o sendo cumpridos mandados e medidas cautelares nesta manh\u00e3, mas n\u00e3o deu mais detalhes sobre este trabalho. \u201cEstas a\u00e7\u00f5es est\u00e3o  alinhadas entre todas as unidades territoriais e especializadas da nossa regi\u00e3o, com o objetivo de fechar o cerco contra estes criminosos e n\u00e3o temos data para encerrar\u201d, afirmou o coordenador da 9\u00aa Coorpin\/Jequi\u00e9, delegado Rodrigo Fernando. <\/p>\n<p>Al\u00e9m do cumprimento de mandados, o policiamento nas ruas do munic\u00edpio foi refor\u00e7ado pela Pol\u00edcia Militar. O secret\u00e1rio da Seguran\u00e7a P\u00fablica, Marcelo Werner, o comandante-geral da Pol\u00edcia  Militar, coronel Paulo Coutinho, e a delegada-geral da Pol\u00edcia Civil, Heloisa  Brito, acompanhar\u00e3o o resultado  das a\u00e7\u00f5es no munic\u00edpio, com chegada prevista para as 8h30, no Terminal Aerovi\u00e1rio Vicente Grilo.<\/p>\n<p>Diretora do Depin, a delegada Rog\u00e9ria Ara\u00fajo informou que as atividades est\u00e3o sendo guiadas por levantamentos das equipes de investiga\u00e7\u00e3o aliados \u00e0s atividades de intelig\u00eancia policial, al\u00e9m da colabora\u00e7\u00e3o dos cidad\u00e3os com informa\u00e7\u00f5es repassadas pelo n\u00famero 181.<\/p>\n<p>Foto: Divulga\u00e7\u00e3o\/SSP-BA<br \/>\nPor: Metro1 <\/p>\n","protected":false},"excerpt":{"rendered":"<p>Mais de 200 policiais civis e militares iniciaram, na manh\u00e3 desta quarta-feira (1\u00ba), uma grande opera\u00e7\u00e3o no munic\u00edpio de Jequi\u00e9,<\/p>\n","protected":false},"author":1,"featured_media":3599,"comment_status":"open","ping_status":"open","sticky":false,"template":"","format":"standard","meta":{"colormag_page_container_layout":"default_layout","colormag_page_sidebar_layout":"default_layout","_FSMCFIC_featured_image_caption":"","_FSMCFIC_featured_image_nocaption":"","_FSMCFIC_featured_image_hide":"","footnotes":""},"categories":[3,1],"tags":[],"class_list":["post-3598","post","type-post","status-publish","format-standard","has-post-thumbnail","hentry","category-policia","category-ultimas"],"yoast_head":"<!-- This site is optimized with the Yoast SEO plugin v27.1.1 - https:\/\/yoast.com\/product\/yoast-seo-wordpress\/ -->\n<title>SSP deflagra opera\u00e7\u00e3o com 200 policiais em Jequi\u00e9 para prender envolvidos em homic\u00eddios e tr\u00e1fico - Brasil not\u00edcias<\/title>\n<meta name=\"robots\" content=\"index, follow, max-snippet:-1, max-image-preview:large, max-video-preview:-1\" \/>\n<link rel=\"canonical\" href=\"https:\/\/brasilnoticias.org\/site\/ssp-deflagra-operacao-com-200-policiais-em-jequie-para-prender-envolvidos-em-homicidios-e-trafico\/\" \/>\n<meta property=\"og:locale\" content=\"pt_PT\" \/>\n<meta property=\"og:type\" content=\"article\" \/>\n<meta property=\"og:title\" content=\"SSP deflagra opera\u00e7\u00e3o com 200 policiais em Jequi\u00e9 para prender envolvidos em homic\u00eddios e tr\u00e1fico - Brasil not\u00edcias\" \/>\n<meta property=\"og:description\" content=\"Mais de 200 policiais civis e militares iniciaram, na manh\u00e3 desta quarta-feira (1\u00ba), uma grande opera\u00e7\u00e3o no munic\u00edpio de Jequi\u00e9,\" \/>\n<meta property=\"og:url\" content=\"https:\/\/brasilnoticias.org\/site\/ssp-deflagra-operacao-com-200-policiais-em-jequie-para-prender-envolvidos-em-homicidios-e-trafico\/\" \/>\n<meta property=\"og:site_name\" content=\"Brasil not\u00edcias\" \/>\n<meta property=\"article:published_time\" content=\"2023-02-01T12:46:30+00:00\" \/>\n<meta property=\"og:image\" content=\"https:\/\/brasilnoticias.org\/site\/wp-content\/uploads\/2023\/02\/132875ssp-deflagra-operacao-com-200-policiais-em-jequie-para-prender-envolvidos-em-homicidios-e-trafico-3.jpg\" \/>\n\t<meta property=\"og:image:width\" content=\"1600\" \/>\n\t<meta property=\"og:image:height\" content=\"752\" \/>\n\t<meta property=\"og:image:type\" content=\"image\/jpeg\" \/>\n<meta name=\"author\" content=\"Reda\u00e7\u00e3o\" \/>\n<meta name=\"twitter:card\" content=\"summary_large_image\" \/>\n<meta name=\"twitter:label1\" content=\"Escrito por\" \/>\n\t<meta name=\"twitter:data1\" content=\"Reda\u00e7\u00e3o\" \/>\n\t<meta name=\"twitter:label2\" content=\"Tempo estimado de leitura\" \/>\n\t<meta name=\"twitter:data2\" content=\"1 minuto\" \/>\n<script type=\"application\/ld+json\" class=\"yoast-schema-graph\">{\"@context\":\"https:\/\/schema.org\",\"@graph\":[{\"@type\":\"Article\",\"@id\":\"https:\/\/brasilnoticias.org\/site\/ssp-deflagra-operacao-com-200-policiais-em-jequie-para-prender-envolvidos-em-homicidios-e-trafico\/#article\",\"isPartOf\":{\"@id\":\"https:\/\/brasilnoticias.org\/site\/ssp-deflagra-operacao-com-200-policiais-em-jequie-para-prender-envolvidos-em-homicidios-e-trafico\/\"},\"author\":{\"name\":\"Reda\u00e7\u00e3o\",\"@id\":\"https:\/\/brasilnoticias.org\/site\/#\/schema\/person\/a0e05b973ec4d15c658d51911e53507b\"},\"headline\":\"SSP deflagra opera\u00e7\u00e3o com 200 policiais em Jequi\u00e9 para prender envolvidos em homic\u00eddios e tr\u00e1fico\",\"datePublished\":\"2023-02-01T12:46:30+00:00\",\"mainEntityOfPage\":{\"@id\":\"https:\/\/brasilnoticias.org\/site\/ssp-deflagra-operacao-com-200-policiais-em-jequie-para-prender-envolvidos-em-homicidios-e-trafico\/\"},\"wordCount\":276,\"commentCount\":0,\"publisher\":{\"@id\":\"https:\/\/brasilnoticias.org\/site\/#organization\"},\"image\":{\"@id\":\"https:\/\/brasilnoticias.org\/site\/ssp-deflagra-operacao-com-200-policiais-em-jequie-para-prender-envolvidos-em-homicidios-e-trafico\/#primaryimage\"},\"thumbnailUrl\":\"https:\/\/brasilnoticias.org\/site\/wp-content\/uploads\/2023\/02\/132875ssp-deflagra-operacao-com-200-policiais-em-jequie-para-prender-envolvidos-em-homicidios-e-trafico-3.jpg\",\"articleSection\":[\"Pol\u00edcia\",\"\u00daltimas\"],\"inLanguage\":\"pt-PT\",\"potentialAction\":[{\"@type\":\"CommentAction\",\"name\":\"Comment\",\"target\":[\"https:\/\/brasilnoticias.org\/site\/ssp-deflagra-operacao-com-200-policiais-em-jequie-para-prender-envolvidos-em-homicidios-e-trafico\/#respond\"]}]},{\"@type\":\"WebPage\",\"@id\":\"https:\/\/brasilnoticias.org\/site\/ssp-deflagra-operacao-com-200-policiais-em-jequie-para-prender-envolvidos-em-homicidios-e-trafico\/\",\"url\":\"https:\/\/brasilnoticias.org\/site\/ssp-deflagra-operacao-com-200-policiais-em-jequie-para-prender-envolvidos-em-homicidios-e-trafico\/\",\"name\":\"SSP deflagra opera\u00e7\u00e3o com 200 policiais em Jequi\u00e9 para prender envolvidos em homic\u00eddios e tr\u00e1fico - Brasil not\u00edcias\",\"isPartOf\":{\"@id\":\"https:\/\/brasilnoticias.org\/site\/#website\"},\"primaryImageOfPage\":{\"@id\":\"https:\/\/brasilnoticias.org\/site\/ssp-deflagra-operacao-com-200-policiais-em-jequie-para-prender-envolvidos-em-homicidios-e-trafico\/#primaryimage\"},\"image\":{\"@id\":\"https:\/\/brasilnoticias.org\/site\/ssp-deflagra-operacao-com-200-policiais-em-jequie-para-prender-envolvidos-em-homicidios-e-trafico\/#primaryimage\"},\"thumbnailUrl\":\"https:\/\/brasilnoticias.org\/site\/wp-content\/uploads\/2023\/02\/132875ssp-deflagra-operacao-com-200-policiais-em-jequie-para-prender-envolvidos-em-homicidios-e-trafico-3.jpg\",\"datePublished\":\"2023-02-01T12:46:30+00:00\",\"breadcrumb\":{\"@id\":\"https:\/\/brasilnoticias.org\/site\/ssp-deflagra-operacao-com-200-policiais-em-jequie-para-prender-envolvidos-em-homicidios-e-trafico\/#breadcrumb\"},\"inLanguage\":\"pt-PT\",\"potentialAction\":[{\"@type\":\"ReadAction\",\"target\":[\"https:\/\/brasilnoticias.org\/site\/ssp-deflagra-operacao-com-200-policiais-em-jequie-para-prender-envolvidos-em-homicidios-e-trafico\/\"]}]},{\"@type\":\"ImageObject\",\"inLanguage\":\"pt-PT\",\"@id\":\"https:\/\/brasilnoticias.org\/site\/ssp-deflagra-operacao-com-200-policiais-em-jequie-para-prender-envolvidos-em-homicidios-e-trafico\/#primaryimage\",\"url\":\"https:\/\/brasilnoticias.org\/site\/wp-content\/uploads\/2023\/02\/132875ssp-deflagra-operacao-com-200-policiais-em-jequie-para-prender-envolvidos-em-homicidios-e-trafico-3.jpg\",\"contentUrl\":\"https:\/\/brasilnoticias.org\/site\/wp-content\/uploads\/2023\/02\/132875ssp-deflagra-operacao-com-200-policiais-em-jequie-para-prender-envolvidos-em-homicidios-e-trafico-3.jpg\",\"width\":1600,\"height\":752},{\"@type\":\"BreadcrumbList\",\"@id\":\"https:\/\/brasilnoticias.org\/site\/ssp-deflagra-operacao-com-200-policiais-em-jequie-para-prender-envolvidos-em-homicidios-e-trafico\/#breadcrumb\",\"itemListElement\":[{\"@type\":\"ListItem\",\"position\":1,\"name\":\"In\u00edcio\",\"item\":\"https:\/\/brasilnoticias.org\/site\/\"},{\"@type\":\"ListItem\",\"position\":2,\"name\":\"SSP deflagra opera\u00e7\u00e3o com 200 policiais em Jequi\u00e9 para prender envolvidos em homic\u00eddios e tr\u00e1fico\"}]},{\"@type\":\"WebSite\",\"@id\":\"https:\/\/brasilnoticias.org\/site\/#website\",\"url\":\"https:\/\/brasilnoticias.org\/site\/\",\"name\":\"Brasil not\u00edcias\",\"description\":\"Brasil not\u00edcias\",\"publisher\":{\"@id\":\"https:\/\/brasilnoticias.org\/site\/#organization\"},\"potentialAction\":[{\"@type\":\"SearchAction\",\"target\":{\"@type\":\"EntryPoint\",\"urlTemplate\":\"https:\/\/brasilnoticias.org\/site\/?s={search_term_string}\"},\"query-input\":{\"@type\":\"PropertyValueSpecification\",\"valueRequired\":true,\"valueName\":\"search_term_string\"}}],\"inLanguage\":\"pt-PT\"},{\"@type\":\"Organization\",\"@id\":\"https:\/\/brasilnoticias.org\/site\/#organization\",\"name\":\"Brasil not\u00edcias\",\"url\":\"https:\/\/brasilnoticias.org\/site\/\",\"logo\":{\"@type\":\"ImageObject\",\"inLanguage\":\"pt-PT\",\"@id\":\"https:\/\/brasilnoticias.org\/site\/#\/schema\/logo\/image\/\",\"url\":\"https:\/\/brasilnoticias.org\/site\/wp-content\/uploads\/2022\/05\/cropped-brasilnoticias-mini.jpg\",\"contentUrl\":\"https:\/\/brasilnoticias.org\/site\/wp-content\/uploads\/2022\/05\/cropped-brasilnoticias-mini.jpg\",\"width\":314,\"height\":86,\"caption\":\"Brasil not\u00edcias\"},\"image\":{\"@id\":\"https:\/\/brasilnoticias.org\/site\/#\/schema\/logo\/image\/\"}},{\"@type\":\"Person\",\"@id\":\"https:\/\/brasilnoticias.org\/site\/#\/schema\/person\/a0e05b973ec4d15c658d51911e53507b\",\"name\":\"Reda\u00e7\u00e3o\",\"image\":{\"@type\":\"ImageObject\",\"inLanguage\":\"pt-PT\",\"@id\":\"https:\/\/brasilnoticias.org\/site\/#\/schema\/person\/image\/\",\"url\":\"https:\/\/secure.gravatar.com\/avatar\/75d8b050df2de108b08ae78dfb8e374892df24a383c67db9c46a9c604f6aee9c?s=96&d=mm&r=g\",\"contentUrl\":\"https:\/\/secure.gravatar.com\/avatar\/75d8b050df2de108b08ae78dfb8e374892df24a383c67db9c46a9c604f6aee9c?s=96&d=mm&r=g\",\"caption\":\"Reda\u00e7\u00e3o\"},\"sameAs\":[\"https:\/\/brasilnoticias.org\/site\"],\"url\":\"https:\/\/brasilnoticias.org\/site\/author\/fernandozsngmail-com\/\"}]}<\/script>\n<!-- \/ Yoast SEO plugin. -->","yoast_head_json":{"title":"SSP deflagra opera\u00e7\u00e3o com 200 policiais em Jequi\u00e9 para prender envolvidos em homic\u00eddios e tr\u00e1fico - Brasil not\u00edcias","robots":{"index":"index","follow":"follow","max-snippet":"max-snippet:-1","max-image-preview":"max-image-preview:large","max-video-preview":"max-video-preview:-1"},"canonical":"https:\/\/brasilnoticias.org\/site\/ssp-deflagra-operacao-com-200-policiais-em-jequie-para-prender-envolvidos-em-homicidios-e-trafico\/","og_locale":"pt_PT","og_type":"article","og_title":"SSP deflagra opera\u00e7\u00e3o com 200 policiais em Jequi\u00e9 para prender envolvidos em homic\u00eddios e tr\u00e1fico - Brasil not\u00edcias","og_description":"Mais de 200 policiais civis e militares iniciaram, na manh\u00e3 desta quarta-feira (1\u00ba), uma grande opera\u00e7\u00e3o no munic\u00edpio de Jequi\u00e9,","og_url":"https:\/\/brasilnoticias.org\/site\/ssp-deflagra-operacao-com-200-policiais-em-jequie-para-prender-envolvidos-em-homicidios-e-trafico\/","og_site_name":"Brasil not\u00edcias","article_published_time":"2023-02-01T12:46:30+00:00","og_image":[{"width":1600,"height":752,"url":"https:\/\/brasilnoticias.org\/site\/wp-content\/uploads\/2023\/02\/132875ssp-deflagra-operacao-com-200-policiais-em-jequie-para-prender-envolvidos-em-homicidios-e-trafico-3.jpg","type":"image\/jpeg"}],"author":"Reda\u00e7\u00e3o","twitter_card":"summary_large_image","twitter_misc":{"Escrito por":"Reda\u00e7\u00e3o","Tempo estimado de leitura":"1 minuto"},"schema":{"@context":"https:\/\/schema.org","@graph":[{"@type":"Article","@id":"https:\/\/brasilnoticias.org\/site\/ssp-deflagra-operacao-com-200-policiais-em-jequie-para-prender-envolvidos-em-homicidios-e-trafico\/#article","isPartOf":{"@id":"https:\/\/brasilnoticias.org\/site\/ssp-deflagra-operacao-com-200-policiais-em-jequie-para-prender-envolvidos-em-homicidios-e-trafico\/"},"author":{"name":"Reda\u00e7\u00e3o","@id":"https:\/\/brasilnoticias.org\/site\/#\/schema\/person\/a0e05b973ec4d15c658d51911e53507b"},"headline":"SSP deflagra opera\u00e7\u00e3o com 200 policiais em Jequi\u00e9 para prender envolvidos em homic\u00eddios e tr\u00e1fico","datePublished":"2023-02-01T12:46:30+00:00","mainEntityOfPage":{"@id":"https:\/\/brasilnoticias.org\/site\/ssp-deflagra-operacao-com-200-policiais-em-jequie-para-prender-envolvidos-em-homicidios-e-trafico\/"},"wordCount":276,"commentCount":0,"publisher":{"@id":"https:\/\/brasilnoticias.org\/site\/#organization"},"image":{"@id":"https:\/\/brasilnoticias.org\/site\/ssp-deflagra-operacao-com-200-policiais-em-jequie-para-prender-envolvidos-em-homicidios-e-trafico\/#primaryimage"},"thumbnailUrl":"https:\/\/brasilnoticias.org\/site\/wp-content\/uploads\/2023\/02\/132875ssp-deflagra-operacao-com-200-policiais-em-jequie-para-prender-envolvidos-em-homicidios-e-trafico-3.jpg","articleSection":["Pol\u00edcia","\u00daltimas"],"inLanguage":"pt-PT","potentialAction":[{"@type":"CommentAction","name":"Comment","target":["https:\/\/brasilnoticias.org\/site\/ssp-deflagra-operacao-com-200-policiais-em-jequie-para-prender-envolvidos-em-homicidios-e-trafico\/#respond"]}]},{"@type":"WebPage","@id":"https:\/\/brasilnoticias.org\/site\/ssp-deflagra-operacao-com-200-policiais-em-jequie-para-prender-envolvidos-em-homicidios-e-trafico\/","url":"https:\/\/brasilnoticias.org\/site\/ssp-deflagra-operacao-com-200-policiais-em-jequie-para-prender-envolvidos-em-homicidios-e-trafico\/","name":"SSP deflagra opera\u00e7\u00e3o com 200 policiais em Jequi\u00e9 para prender envolvidos em homic\u00eddios e tr\u00e1fico - Brasil not\u00edcias","isPartOf":{"@id":"https:\/\/brasilnoticias.org\/site\/#website"},"primaryImageOfPage":{"@id":"https:\/\/brasilnoticias.org\/site\/ssp-deflagra-operacao-com-200-policiais-em-jequie-para-prender-envolvidos-em-homicidios-e-trafico\/#primaryimage"},"image":{"@id":"https:\/\/brasilnoticias.org\/site\/ssp-deflagra-operacao-com-200-policiais-em-jequie-para-prender-envolvidos-em-homicidios-e-trafico\/#primaryimage"},"thumbnailUrl":"https:\/\/brasilnoticias.org\/site\/wp-content\/uploads\/2023\/02\/132875ssp-deflagra-operacao-com-200-policiais-em-jequie-para-prender-envolvidos-em-homicidios-e-trafico-3.jpg","datePublished":"2023-02-01T12:46:30+00:00","breadcrumb":{"@id":"https:\/\/brasilnoticias.org\/site\/ssp-deflagra-operacao-com-200-policiais-em-jequie-para-prender-envolvidos-em-homicidios-e-trafico\/#breadcrumb"},"inLanguage":"pt-PT","potentialAction":[{"@type":"ReadAction","target":["https:\/\/brasilnoticias.org\/site\/ssp-deflagra-operacao-com-200-policiais-em-jequie-para-prender-envolvidos-em-homicidios-e-trafico\/"]}]},{"@type":"ImageObject","inLanguage":"pt-PT","@id":"https:\/\/brasilnoticias.org\/site\/ssp-deflagra-operacao-com-200-policiais-em-jequie-para-prender-envolvidos-em-homicidios-e-trafico\/#primaryimage","url":"https:\/\/brasilnoticias.org\/site\/wp-content\/uploads\/2023\/02\/132875ssp-deflagra-operacao-com-200-policiais-em-jequie-para-prender-envolvidos-em-homicidios-e-trafico-3.jpg","contentUrl":"https:\/\/brasilnoticias.org\/site\/wp-content\/uploads\/2023\/02\/132875ssp-deflagra-operacao-com-200-policiais-em-jequie-para-prender-envolvidos-em-homicidios-e-trafico-3.jpg","width":1600,"height":752},{"@type":"BreadcrumbList","@id":"https:\/\/brasilnoticias.org\/site\/ssp-deflagra-operacao-com-200-policiais-em-jequie-para-prender-envolvidos-em-homicidios-e-trafico\/#breadcrumb","itemListElement":[{"@type":"ListItem","position":1,"name":"In\u00edcio","item":"https:\/\/brasilnoticias.org\/site\/"},{"@type":"ListItem","position":2,"name":"SSP deflagra opera\u00e7\u00e3o com 200 policiais em Jequi\u00e9 para prender envolvidos em homic\u00eddios e tr\u00e1fico"}]},{"@type":"WebSite","@id":"https:\/\/brasilnoticias.org\/site\/#website","url":"https:\/\/brasilnoticias.org\/site\/","name":"Brasil not\u00edcias","description":"Brasil not\u00edcias","publisher":{"@id":"https:\/\/brasilnoticias.org\/site\/#organization"},"potentialAction":[{"@type":"SearchAction","target":{"@type":"EntryPoint","urlTemplate":"https:\/\/brasilnoticias.org\/site\/?s={search_term_string}"},"query-input":{"@type":"PropertyValueSpecification","valueRequired":true,"valueName":"search_term_string"}}],"inLanguage":"pt-PT"},{"@type":"Organization","@id":"https:\/\/brasilnoticias.org\/site\/#organization","name":"Brasil not\u00edcias","url":"https:\/\/brasilnoticias.org\/site\/","logo":{"@type":"ImageObject","inLanguage":"pt-PT","@id":"https:\/\/brasilnoticias.org\/site\/#\/schema\/logo\/image\/","url":"https:\/\/brasilnoticias.org\/site\/wp-content\/uploads\/2022\/05\/cropped-brasilnoticias-mini.jpg","contentUrl":"https:\/\/brasilnoticias.org\/site\/wp-content\/uploads\/2022\/05\/cropped-brasilnoticias-mini.jpg","width":314,"height":86,"caption":"Brasil not\u00edcias"},"image":{"@id":"https:\/\/brasilnoticias.org\/site\/#\/schema\/logo\/image\/"}},{"@type":"Person","@id":"https:\/\/brasilnoticias.org\/site\/#\/schema\/person\/a0e05b973ec4d15c658d51911e53507b","name":"Reda\u00e7\u00e3o","image":{"@type":"ImageObject","inLanguage":"pt-PT","@id":"https:\/\/brasilnoticias.org\/site\/#\/schema\/person\/image\/","url":"https:\/\/secure.gravatar.com\/avatar\/75d8b050df2de108b08ae78dfb8e374892df24a383c67db9c46a9c604f6aee9c?s=96&d=mm&r=g","contentUrl":"https:\/\/secure.gravatar.com\/avatar\/75d8b050df2de108b08ae78dfb8e374892df24a383c67db9c46a9c604f6aee9c?s=96&d=mm&r=g","caption":"Reda\u00e7\u00e3o"},"sameAs":["https:\/\/brasilnoticias.org\/site"],"url":"https:\/\/brasilnoticias.org\/site\/author\/fernandozsngmail-com\/"}]}},"_links":{"self":[{"href":"https:\/\/brasilnoticias.org\/site\/wp-json\/wp\/v2\/posts\/3598","targetHints":{"allow":["GET"]}}],"collection":[{"href":"https:\/\/brasilnoticias.org\/site\/wp-json\/wp\/v2\/posts"}],"about":[{"href":"https:\/\/brasilnoticias.org\/site\/wp-json\/wp\/v2\/types\/post"}],"author":[{"embeddable":true,"href":"https:\/\/brasilnoticias.org\/site\/wp-json\/wp\/v2\/users\/1"}],"replies":[{"embeddable":true,"href":"https:\/\/brasilnoticias.org\/site\/wp-json\/wp\/v2\/comments?post=3598"}],"version-history":[{"count":1,"href":"https:\/\/brasilnoticias.org\/site\/wp-json\/wp\/v2\/posts\/3598\/revisions"}],"predecessor-version":[{"id":3600,"href":"https:\/\/brasilnoticias.org\/site\/wp-json\/wp\/v2\/posts\/3598\/revisions\/3600"}],"wp:featuredmedia":[{"embeddable":true,"href":"https:\/\/brasilnoticias.org\/site\/wp-json\/wp\/v2\/media\/3599"}],"wp:attachment":[{"href":"https:\/\/brasilnoticias.org\/site\/wp-json\/wp\/v2\/media?parent=3598"}],"wp:term":[{"taxonomy":"category","embeddable":true,"href":"https:\/\/brasilnoticias.org\/site\/wp-json\/wp\/v2\/categories?post=3598"},{"taxonomy":"post_tag","embeddable":true,"href":"https:\/\/brasilnoticias.org\/site\/wp-json\/wp\/v2\/tags?post=3598"}],"curies":[{"name":"wp","href":"https:\/\/api.w.org\/{rel}","templated":true}]}}