{"id":360,"date":"2022-05-19T17:39:59","date_gmt":"2022-05-19T20:39:59","guid":{"rendered":"https:\/\/brasilnoticias.org\/site\/?p=360"},"modified":"2022-05-19T17:39:59","modified_gmt":"2022-05-19T20:39:59","slug":"alega-que-estava-com-divida-diz-delegada-sobre-suspeito-de-matar-idosa-no-itaigara","status":"publish","type":"post","link":"https:\/\/brasilnoticias.org\/site\/alega-que-estava-com-divida-diz-delegada-sobre-suspeito-de-matar-idosa-no-itaigara\/","title":{"rendered":"\u201cAlega que estava com d\u00edvida&#8221;, diz delegada sobre suspeito de matar idosa no Itaigara"},"content":{"rendered":"<p>A delegada Andrea Ribeiro, diretora do Departamento de Homic\u00eddios e Prote\u00e7\u00e3o \u00e0 Pessoa (DHPP), disse que o\u00a0<a href=\"https:\/\/www.bnews.com.br\/noticias\/policia\/mulher-e-achada-morta-com-carregador-de-celular-enrolado-ao-pescoco-no-itaigara.html\" target=\"_blank\" rel=\"noopener\">homem suspeito de matar a idosa Rita Maria Britto Fragoso e Silva<\/a>, de 64 anos, conhecia o acesso e a rotina do pr\u00e9dio. O acusado usou a desculpa de \u201ctirar as medidas\u201d de um m\u00f3vel para entrar no im\u00f3vel da v\u00edtima. Como\u00a0<a href=\"https:\/\/www.bnews.com.br\/noticias\/policia\/homem-que-matou-idosa-no-itaigara-prestou-servico-dias-antes-do-crime-para-vitima.html\" target=\"_blank\" rel=\"noopener\">j\u00e1 tinha prestado servi\u00e7o na casa antes<\/a>, \u00a0Rita Maria deixou o autor do crime entrar.<\/p>\n<p>\u201cEle sabia que n\u00e3o tinha porteiro, sabia que n\u00e3o tinha funcion\u00e1rio controlando o acesso, conhecia o hor\u00e1rio no qual a v\u00edtima voltava para casa. Ele aproveitou o momento em que algu\u00e9m abriu o port\u00e3o do pr\u00e9dio para entrar\u201d, disse a delegada.<\/p>\n<p>A titular do DHPP ainda disse que o suspeito justificou a pratica do crime por causa de uma d\u00edvida. \u201cEle alega que estava com uma d\u00edvida e por isso cometeu o roubo. Mas diante da tentativa da v\u00edtima de gritar, partiu para estrangular a mesma. Ele primeiro a estrangulou, a\u00ed ela teve o desmaio. Quando percebeu que a v\u00edtima estava retomando a consci\u00eancia, deu as facas que resultou na morte dela\u201d, detalha Ribeiro.<\/p>\n<p>A delegada confirmou que o acusado roubou e vendeu objetos da resid\u00eancia de Rita Maria, a exemplo de um celular e notebook. \u201cEle ainda seguiu trabalhando normalmente, at\u00e9 a pris\u00e3o. Todas as vezes que prestou servi\u00e7o para a v\u00edtima, foi por meio do trabalho em uma empresa.<\/p>\n<p>&nbsp;<\/p>\n<p>&nbsp;<\/p>\n<p>&nbsp;<\/p>\n<p>Bnews<\/p>\n","protected":false},"excerpt":{"rendered":"<p>A delegada Andrea Ribeiro, diretora do Departamento de Homic\u00eddios e Prote\u00e7\u00e3o \u00e0 Pessoa (DHPP), disse que o\u00a0homem suspeito de matar<\/p>\n","protected":false},"author":2,"featured_media":361,"comment_status":"open","ping_status":"open","sticky":false,"template":"","format":"standard","meta":{"colormag_page_container_layout":"default_layout","colormag_page_sidebar_layout":"default_layout","_FSMCFIC_featured_image_caption":"","_FSMCFIC_featured_image_nocaption":"","_FSMCFIC_featured_image_hide":"","footnotes":""},"categories":[3,1],"tags":[],"class_list":["post-360","post","type-post","status-publish","format-standard","has-post-thumbnail","hentry","category-policia","category-ultimas"],"yoast_head":"<!-- This site is optimized with the Yoast SEO plugin v27.1.1 - https:\/\/yoast.com\/product\/yoast-seo-wordpress\/ -->\n<title>\u201cAlega que estava com d\u00edvida&quot;, diz delegada sobre suspeito de matar idosa no Itaigara - Brasil not\u00edcias<\/title>\n<meta name=\"robots\" content=\"index, follow, max-snippet:-1, max-image-preview:large, max-video-preview:-1\" \/>\n<link rel=\"canonical\" href=\"https:\/\/brasilnoticias.org\/site\/alega-que-estava-com-divida-diz-delegada-sobre-suspeito-de-matar-idosa-no-itaigara\/\" \/>\n<meta property=\"og:locale\" content=\"pt_PT\" \/>\n<meta property=\"og:type\" content=\"article\" \/>\n<meta property=\"og:title\" content=\"\u201cAlega que estava com d\u00edvida&quot;, diz delegada sobre suspeito de matar idosa no Itaigara - Brasil not\u00edcias\" \/>\n<meta property=\"og:description\" content=\"A delegada Andrea Ribeiro, diretora do Departamento de Homic\u00eddios e Prote\u00e7\u00e3o \u00e0 Pessoa (DHPP), disse que o\u00a0homem suspeito de matar\" \/>\n<meta property=\"og:url\" content=\"https:\/\/brasilnoticias.org\/site\/alega-que-estava-com-divida-diz-delegada-sobre-suspeito-de-matar-idosa-no-itaigara\/\" \/>\n<meta property=\"og:site_name\" content=\"Brasil not\u00edcias\" \/>\n<meta property=\"article:published_time\" content=\"2022-05-19T20:39:59+00:00\" \/>\n<meta property=\"og:image\" content=\"https:\/\/brasilnoticias.org\/site\/wp-content\/uploads\/2022\/05\/delgadadois_widelg.jpg\" \/>\n\t<meta property=\"og:image:width\" content=\"800\" \/>\n\t<meta property=\"og:image:height\" content=\"450\" \/>\n\t<meta property=\"og:image:type\" content=\"image\/jpeg\" \/>\n<meta name=\"author\" content=\"Reda\u00e7\u00e3o\" \/>\n<meta name=\"twitter:card\" content=\"summary_large_image\" \/>\n<meta name=\"twitter:label1\" content=\"Escrito por\" \/>\n\t<meta name=\"twitter:data1\" content=\"Reda\u00e7\u00e3o\" \/>\n\t<meta name=\"twitter:label2\" content=\"Tempo estimado de leitura\" \/>\n\t<meta name=\"twitter:data2\" content=\"1 minuto\" \/>\n<script type=\"application\/ld+json\" class=\"yoast-schema-graph\">{\"@context\":\"https:\/\/schema.org\",\"@graph\":[{\"@type\":\"Article\",\"@id\":\"https:\/\/brasilnoticias.org\/site\/alega-que-estava-com-divida-diz-delegada-sobre-suspeito-de-matar-idosa-no-itaigara\/#article\",\"isPartOf\":{\"@id\":\"https:\/\/brasilnoticias.org\/site\/alega-que-estava-com-divida-diz-delegada-sobre-suspeito-de-matar-idosa-no-itaigara\/\"},\"author\":{\"name\":\"Reda\u00e7\u00e3o\",\"@id\":\"https:\/\/brasilnoticias.org\/site\/#\/schema\/person\/f609fa847b5314f1c8b983342f34c798\"},\"headline\":\"\u201cAlega que estava com d\u00edvida&#8221;, diz delegada sobre suspeito de matar idosa no Itaigara\",\"datePublished\":\"2022-05-19T20:39:59+00:00\",\"mainEntityOfPage\":{\"@id\":\"https:\/\/brasilnoticias.org\/site\/alega-que-estava-com-divida-diz-delegada-sobre-suspeito-de-matar-idosa-no-itaigara\/\"},\"wordCount\":276,\"commentCount\":0,\"publisher\":{\"@id\":\"https:\/\/brasilnoticias.org\/site\/#organization\"},\"image\":{\"@id\":\"https:\/\/brasilnoticias.org\/site\/alega-que-estava-com-divida-diz-delegada-sobre-suspeito-de-matar-idosa-no-itaigara\/#primaryimage\"},\"thumbnailUrl\":\"https:\/\/brasilnoticias.org\/site\/wp-content\/uploads\/2022\/05\/delgadadois_widelg.jpg\",\"articleSection\":[\"Pol\u00edcia\",\"\u00daltimas\"],\"inLanguage\":\"pt-PT\",\"potentialAction\":[{\"@type\":\"CommentAction\",\"name\":\"Comment\",\"target\":[\"https:\/\/brasilnoticias.org\/site\/alega-que-estava-com-divida-diz-delegada-sobre-suspeito-de-matar-idosa-no-itaigara\/#respond\"]}]},{\"@type\":\"WebPage\",\"@id\":\"https:\/\/brasilnoticias.org\/site\/alega-que-estava-com-divida-diz-delegada-sobre-suspeito-de-matar-idosa-no-itaigara\/\",\"url\":\"https:\/\/brasilnoticias.org\/site\/alega-que-estava-com-divida-diz-delegada-sobre-suspeito-de-matar-idosa-no-itaigara\/\",\"name\":\"\u201cAlega que estava com d\u00edvida\\\", diz delegada sobre suspeito de matar idosa no Itaigara - Brasil not\u00edcias\",\"isPartOf\":{\"@id\":\"https:\/\/brasilnoticias.org\/site\/#website\"},\"primaryImageOfPage\":{\"@id\":\"https:\/\/brasilnoticias.org\/site\/alega-que-estava-com-divida-diz-delegada-sobre-suspeito-de-matar-idosa-no-itaigara\/#primaryimage\"},\"image\":{\"@id\":\"https:\/\/brasilnoticias.org\/site\/alega-que-estava-com-divida-diz-delegada-sobre-suspeito-de-matar-idosa-no-itaigara\/#primaryimage\"},\"thumbnailUrl\":\"https:\/\/brasilnoticias.org\/site\/wp-content\/uploads\/2022\/05\/delgadadois_widelg.jpg\",\"datePublished\":\"2022-05-19T20:39:59+00:00\",\"breadcrumb\":{\"@id\":\"https:\/\/brasilnoticias.org\/site\/alega-que-estava-com-divida-diz-delegada-sobre-suspeito-de-matar-idosa-no-itaigara\/#breadcrumb\"},\"inLanguage\":\"pt-PT\",\"potentialAction\":[{\"@type\":\"ReadAction\",\"target\":[\"https:\/\/brasilnoticias.org\/site\/alega-que-estava-com-divida-diz-delegada-sobre-suspeito-de-matar-idosa-no-itaigara\/\"]}]},{\"@type\":\"ImageObject\",\"inLanguage\":\"pt-PT\",\"@id\":\"https:\/\/brasilnoticias.org\/site\/alega-que-estava-com-divida-diz-delegada-sobre-suspeito-de-matar-idosa-no-itaigara\/#primaryimage\",\"url\":\"https:\/\/brasilnoticias.org\/site\/wp-content\/uploads\/2022\/05\/delgadadois_widelg.jpg\",\"contentUrl\":\"https:\/\/brasilnoticias.org\/site\/wp-content\/uploads\/2022\/05\/delgadadois_widelg.jpg\",\"width\":800,\"height\":450},{\"@type\":\"BreadcrumbList\",\"@id\":\"https:\/\/brasilnoticias.org\/site\/alega-que-estava-com-divida-diz-delegada-sobre-suspeito-de-matar-idosa-no-itaigara\/#breadcrumb\",\"itemListElement\":[{\"@type\":\"ListItem\",\"position\":1,\"name\":\"In\u00edcio\",\"item\":\"https:\/\/brasilnoticias.org\/site\/\"},{\"@type\":\"ListItem\",\"position\":2,\"name\":\"\u201cAlega que estava com d\u00edvida&#8221;, diz delegada sobre suspeito de matar idosa no Itaigara\"}]},{\"@type\":\"WebSite\",\"@id\":\"https:\/\/brasilnoticias.org\/site\/#website\",\"url\":\"https:\/\/brasilnoticias.org\/site\/\",\"name\":\"Brasil not\u00edcias\",\"description\":\"Brasil not\u00edcias\",\"publisher\":{\"@id\":\"https:\/\/brasilnoticias.org\/site\/#organization\"},\"potentialAction\":[{\"@type\":\"SearchAction\",\"target\":{\"@type\":\"EntryPoint\",\"urlTemplate\":\"https:\/\/brasilnoticias.org\/site\/?s={search_term_string}\"},\"query-input\":{\"@type\":\"PropertyValueSpecification\",\"valueRequired\":true,\"valueName\":\"search_term_string\"}}],\"inLanguage\":\"pt-PT\"},{\"@type\":\"Organization\",\"@id\":\"https:\/\/brasilnoticias.org\/site\/#organization\",\"name\":\"Brasil not\u00edcias\",\"url\":\"https:\/\/brasilnoticias.org\/site\/\",\"logo\":{\"@type\":\"ImageObject\",\"inLanguage\":\"pt-PT\",\"@id\":\"https:\/\/brasilnoticias.org\/site\/#\/schema\/logo\/image\/\",\"url\":\"https:\/\/brasilnoticias.org\/site\/wp-content\/uploads\/2022\/05\/cropped-brasilnoticias-mini.jpg\",\"contentUrl\":\"https:\/\/brasilnoticias.org\/site\/wp-content\/uploads\/2022\/05\/cropped-brasilnoticias-mini.jpg\",\"width\":314,\"height\":86,\"caption\":\"Brasil not\u00edcias\"},\"image\":{\"@id\":\"https:\/\/brasilnoticias.org\/site\/#\/schema\/logo\/image\/\"}},{\"@type\":\"Person\",\"@id\":\"https:\/\/brasilnoticias.org\/site\/#\/schema\/person\/f609fa847b5314f1c8b983342f34c798\",\"name\":\"Reda\u00e7\u00e3o\",\"image\":{\"@type\":\"ImageObject\",\"inLanguage\":\"pt-PT\",\"@id\":\"https:\/\/brasilnoticias.org\/site\/#\/schema\/person\/image\/\",\"url\":\"https:\/\/secure.gravatar.com\/avatar\/447284c06c1ad8b46465a36de9cd0d8326b73387a22799b8b1ffb1fbcff2ed0c?s=96&d=mm&r=g\",\"contentUrl\":\"https:\/\/secure.gravatar.com\/avatar\/447284c06c1ad8b46465a36de9cd0d8326b73387a22799b8b1ffb1fbcff2ed0c?s=96&d=mm&r=g\",\"caption\":\"Reda\u00e7\u00e3o\"},\"url\":\"https:\/\/brasilnoticias.org\/site\/author\/redacao\/\"}]}<\/script>\n<!-- \/ Yoast SEO plugin. -->","yoast_head_json":{"title":"\u201cAlega que estava com d\u00edvida\", diz delegada sobre suspeito de matar idosa no Itaigara - Brasil not\u00edcias","robots":{"index":"index","follow":"follow","max-snippet":"max-snippet:-1","max-image-preview":"max-image-preview:large","max-video-preview":"max-video-preview:-1"},"canonical":"https:\/\/brasilnoticias.org\/site\/alega-que-estava-com-divida-diz-delegada-sobre-suspeito-de-matar-idosa-no-itaigara\/","og_locale":"pt_PT","og_type":"article","og_title":"\u201cAlega que estava com d\u00edvida\", diz delegada sobre suspeito de matar idosa no Itaigara - Brasil not\u00edcias","og_description":"A delegada Andrea Ribeiro, diretora do Departamento de Homic\u00eddios e Prote\u00e7\u00e3o \u00e0 Pessoa (DHPP), disse que o\u00a0homem suspeito de matar","og_url":"https:\/\/brasilnoticias.org\/site\/alega-que-estava-com-divida-diz-delegada-sobre-suspeito-de-matar-idosa-no-itaigara\/","og_site_name":"Brasil not\u00edcias","article_published_time":"2022-05-19T20:39:59+00:00","og_image":[{"width":800,"height":450,"url":"https:\/\/brasilnoticias.org\/site\/wp-content\/uploads\/2022\/05\/delgadadois_widelg.jpg","type":"image\/jpeg"}],"author":"Reda\u00e7\u00e3o","twitter_card":"summary_large_image","twitter_misc":{"Escrito por":"Reda\u00e7\u00e3o","Tempo estimado de leitura":"1 minuto"},"schema":{"@context":"https:\/\/schema.org","@graph":[{"@type":"Article","@id":"https:\/\/brasilnoticias.org\/site\/alega-que-estava-com-divida-diz-delegada-sobre-suspeito-de-matar-idosa-no-itaigara\/#article","isPartOf":{"@id":"https:\/\/brasilnoticias.org\/site\/alega-que-estava-com-divida-diz-delegada-sobre-suspeito-de-matar-idosa-no-itaigara\/"},"author":{"name":"Reda\u00e7\u00e3o","@id":"https:\/\/brasilnoticias.org\/site\/#\/schema\/person\/f609fa847b5314f1c8b983342f34c798"},"headline":"\u201cAlega que estava com d\u00edvida&#8221;, diz delegada sobre suspeito de matar idosa no Itaigara","datePublished":"2022-05-19T20:39:59+00:00","mainEntityOfPage":{"@id":"https:\/\/brasilnoticias.org\/site\/alega-que-estava-com-divida-diz-delegada-sobre-suspeito-de-matar-idosa-no-itaigara\/"},"wordCount":276,"commentCount":0,"publisher":{"@id":"https:\/\/brasilnoticias.org\/site\/#organization"},"image":{"@id":"https:\/\/brasilnoticias.org\/site\/alega-que-estava-com-divida-diz-delegada-sobre-suspeito-de-matar-idosa-no-itaigara\/#primaryimage"},"thumbnailUrl":"https:\/\/brasilnoticias.org\/site\/wp-content\/uploads\/2022\/05\/delgadadois_widelg.jpg","articleSection":["Pol\u00edcia","\u00daltimas"],"inLanguage":"pt-PT","potentialAction":[{"@type":"CommentAction","name":"Comment","target":["https:\/\/brasilnoticias.org\/site\/alega-que-estava-com-divida-diz-delegada-sobre-suspeito-de-matar-idosa-no-itaigara\/#respond"]}]},{"@type":"WebPage","@id":"https:\/\/brasilnoticias.org\/site\/alega-que-estava-com-divida-diz-delegada-sobre-suspeito-de-matar-idosa-no-itaigara\/","url":"https:\/\/brasilnoticias.org\/site\/alega-que-estava-com-divida-diz-delegada-sobre-suspeito-de-matar-idosa-no-itaigara\/","name":"\u201cAlega que estava com d\u00edvida\", diz delegada sobre suspeito de matar idosa no Itaigara - Brasil not\u00edcias","isPartOf":{"@id":"https:\/\/brasilnoticias.org\/site\/#website"},"primaryImageOfPage":{"@id":"https:\/\/brasilnoticias.org\/site\/alega-que-estava-com-divida-diz-delegada-sobre-suspeito-de-matar-idosa-no-itaigara\/#primaryimage"},"image":{"@id":"https:\/\/brasilnoticias.org\/site\/alega-que-estava-com-divida-diz-delegada-sobre-suspeito-de-matar-idosa-no-itaigara\/#primaryimage"},"thumbnailUrl":"https:\/\/brasilnoticias.org\/site\/wp-content\/uploads\/2022\/05\/delgadadois_widelg.jpg","datePublished":"2022-05-19T20:39:59+00:00","breadcrumb":{"@id":"https:\/\/brasilnoticias.org\/site\/alega-que-estava-com-divida-diz-delegada-sobre-suspeito-de-matar-idosa-no-itaigara\/#breadcrumb"},"inLanguage":"pt-PT","potentialAction":[{"@type":"ReadAction","target":["https:\/\/brasilnoticias.org\/site\/alega-que-estava-com-divida-diz-delegada-sobre-suspeito-de-matar-idosa-no-itaigara\/"]}]},{"@type":"ImageObject","inLanguage":"pt-PT","@id":"https:\/\/brasilnoticias.org\/site\/alega-que-estava-com-divida-diz-delegada-sobre-suspeito-de-matar-idosa-no-itaigara\/#primaryimage","url":"https:\/\/brasilnoticias.org\/site\/wp-content\/uploads\/2022\/05\/delgadadois_widelg.jpg","contentUrl":"https:\/\/brasilnoticias.org\/site\/wp-content\/uploads\/2022\/05\/delgadadois_widelg.jpg","width":800,"height":450},{"@type":"BreadcrumbList","@id":"https:\/\/brasilnoticias.org\/site\/alega-que-estava-com-divida-diz-delegada-sobre-suspeito-de-matar-idosa-no-itaigara\/#breadcrumb","itemListElement":[{"@type":"ListItem","position":1,"name":"In\u00edcio","item":"https:\/\/brasilnoticias.org\/site\/"},{"@type":"ListItem","position":2,"name":"\u201cAlega que estava com d\u00edvida&#8221;, diz delegada sobre suspeito de matar idosa no Itaigara"}]},{"@type":"WebSite","@id":"https:\/\/brasilnoticias.org\/site\/#website","url":"https:\/\/brasilnoticias.org\/site\/","name":"Brasil not\u00edcias","description":"Brasil not\u00edcias","publisher":{"@id":"https:\/\/brasilnoticias.org\/site\/#organization"},"potentialAction":[{"@type":"SearchAction","target":{"@type":"EntryPoint","urlTemplate":"https:\/\/brasilnoticias.org\/site\/?s={search_term_string}"},"query-input":{"@type":"PropertyValueSpecification","valueRequired":true,"valueName":"search_term_string"}}],"inLanguage":"pt-PT"},{"@type":"Organization","@id":"https:\/\/brasilnoticias.org\/site\/#organization","name":"Brasil not\u00edcias","url":"https:\/\/brasilnoticias.org\/site\/","logo":{"@type":"ImageObject","inLanguage":"pt-PT","@id":"https:\/\/brasilnoticias.org\/site\/#\/schema\/logo\/image\/","url":"https:\/\/brasilnoticias.org\/site\/wp-content\/uploads\/2022\/05\/cropped-brasilnoticias-mini.jpg","contentUrl":"https:\/\/brasilnoticias.org\/site\/wp-content\/uploads\/2022\/05\/cropped-brasilnoticias-mini.jpg","width":314,"height":86,"caption":"Brasil not\u00edcias"},"image":{"@id":"https:\/\/brasilnoticias.org\/site\/#\/schema\/logo\/image\/"}},{"@type":"Person","@id":"https:\/\/brasilnoticias.org\/site\/#\/schema\/person\/f609fa847b5314f1c8b983342f34c798","name":"Reda\u00e7\u00e3o","image":{"@type":"ImageObject","inLanguage":"pt-PT","@id":"https:\/\/brasilnoticias.org\/site\/#\/schema\/person\/image\/","url":"https:\/\/secure.gravatar.com\/avatar\/447284c06c1ad8b46465a36de9cd0d8326b73387a22799b8b1ffb1fbcff2ed0c?s=96&d=mm&r=g","contentUrl":"https:\/\/secure.gravatar.com\/avatar\/447284c06c1ad8b46465a36de9cd0d8326b73387a22799b8b1ffb1fbcff2ed0c?s=96&d=mm&r=g","caption":"Reda\u00e7\u00e3o"},"url":"https:\/\/brasilnoticias.org\/site\/author\/redacao\/"}]}},"_links":{"self":[{"href":"https:\/\/brasilnoticias.org\/site\/wp-json\/wp\/v2\/posts\/360","targetHints":{"allow":["GET"]}}],"collection":[{"href":"https:\/\/brasilnoticias.org\/site\/wp-json\/wp\/v2\/posts"}],"about":[{"href":"https:\/\/brasilnoticias.org\/site\/wp-json\/wp\/v2\/types\/post"}],"author":[{"embeddable":true,"href":"https:\/\/brasilnoticias.org\/site\/wp-json\/wp\/v2\/users\/2"}],"replies":[{"embeddable":true,"href":"https:\/\/brasilnoticias.org\/site\/wp-json\/wp\/v2\/comments?post=360"}],"version-history":[{"count":1,"href":"https:\/\/brasilnoticias.org\/site\/wp-json\/wp\/v2\/posts\/360\/revisions"}],"predecessor-version":[{"id":362,"href":"https:\/\/brasilnoticias.org\/site\/wp-json\/wp\/v2\/posts\/360\/revisions\/362"}],"wp:featuredmedia":[{"embeddable":true,"href":"https:\/\/brasilnoticias.org\/site\/wp-json\/wp\/v2\/media\/361"}],"wp:attachment":[{"href":"https:\/\/brasilnoticias.org\/site\/wp-json\/wp\/v2\/media?parent=360"}],"wp:term":[{"taxonomy":"category","embeddable":true,"href":"https:\/\/brasilnoticias.org\/site\/wp-json\/wp\/v2\/categories?post=360"},{"taxonomy":"post_tag","embeddable":true,"href":"https:\/\/brasilnoticias.org\/site\/wp-json\/wp\/v2\/tags?post=360"}],"curies":[{"name":"wp","href":"https:\/\/api.w.org\/{rel}","templated":true}]}}