{"id":3602,"date":"2023-02-01T09:48:24","date_gmt":"2023-02-01T12:48:24","guid":{"rendered":"https:\/\/brasilnoticias.org\/site\/?p=3602"},"modified":"2023-02-01T09:48:24","modified_gmt":"2023-02-01T12:48:24","slug":"gas-de-cozinha-sofre-aumento-de-82-a-partir-desta-quarta-feira","status":"publish","type":"post","link":"https:\/\/brasilnoticias.org\/site\/gas-de-cozinha-sofre-aumento-de-82-a-partir-desta-quarta-feira\/","title":{"rendered":"G\u00e1s de cozinha sofre aumento de 8,2% a partir desta quarta-feira"},"content":{"rendered":"<p>A partir desta quarta-feira (1\u00b0), o pre\u00e7o do g\u00e1s de cozinha na Bahia vai sofrer um reajuste de 8,2%. O aumento vai deixar o botij\u00e3o em torno de R$ 5 a R$ 7 mais caro para o consumidor.<\/p>\n<p>O reajuste \u00e9 o primeiro do ano e foi confirmado em nota pela Acelen, empresa que administra a Refinaria Mataripe.<\/p>\n<p>De acordo com a Acelen, os pre\u00e7os dos combust\u00edveis produzidos na refinaria seguem crit\u00e9rios de mercado, levando em considera\u00e7\u00e3o vari\u00e1veis como custo do petr\u00f3leo, que \u00e9 adquirido a pre\u00e7os internacionais, d\u00f3lar e frete.<\/p>\n<p>Foto: Marcello Casal jr\/Ag\u00eancia Brasil<br \/>\nPor: Metro1 <\/p>\n","protected":false},"excerpt":{"rendered":"<p>A partir desta quarta-feira (1\u00b0), o pre\u00e7o do g\u00e1s de cozinha na Bahia vai sofrer um reajuste de 8,2%. O<\/p>\n","protected":false},"author":1,"featured_media":3603,"comment_status":"open","ping_status":"open","sticky":false,"template":"","format":"standard","meta":{"colormag_page_container_layout":"default_layout","colormag_page_sidebar_layout":"default_layout","_FSMCFIC_featured_image_caption":"","_FSMCFIC_featured_image_nocaption":"","_FSMCFIC_featured_image_hide":"","footnotes":""},"categories":[2,1],"tags":[],"class_list":["post-3602","post","type-post","status-publish","format-standard","has-post-thumbnail","hentry","category-noticias","category-ultimas"],"yoast_head":"<!-- This site is optimized with the Yoast SEO plugin v27.1.1 - https:\/\/yoast.com\/product\/yoast-seo-wordpress\/ -->\n<title>G\u00e1s de cozinha sofre aumento de 8,2% a partir desta quarta-feira - Brasil not\u00edcias<\/title>\n<meta name=\"robots\" content=\"index, follow, max-snippet:-1, max-image-preview:large, max-video-preview:-1\" \/>\n<link rel=\"canonical\" href=\"https:\/\/brasilnoticias.org\/site\/gas-de-cozinha-sofre-aumento-de-82-a-partir-desta-quarta-feira\/\" \/>\n<meta property=\"og:locale\" content=\"pt_PT\" \/>\n<meta property=\"og:type\" content=\"article\" \/>\n<meta property=\"og:title\" content=\"G\u00e1s de cozinha sofre aumento de 8,2% a partir desta quarta-feira - Brasil not\u00edcias\" \/>\n<meta property=\"og:description\" content=\"A partir desta quarta-feira (1\u00b0), o pre\u00e7o do g\u00e1s de cozinha na Bahia vai sofrer um reajuste de 8,2%. O\" \/>\n<meta property=\"og:url\" content=\"https:\/\/brasilnoticias.org\/site\/gas-de-cozinha-sofre-aumento-de-82-a-partir-desta-quarta-feira\/\" \/>\n<meta property=\"og:site_name\" content=\"Brasil not\u00edcias\" \/>\n<meta property=\"article:published_time\" content=\"2023-02-01T12:48:24+00:00\" \/>\n<meta property=\"og:image\" content=\"https:\/\/brasilnoticias.org\/site\/wp-content\/uploads\/2023\/02\/132877gas-de-cozinha-sofre-aumento-de-82-a-partir-desta-quarta-feira-3.jpg\" \/>\n\t<meta property=\"og:image:width\" content=\"1600\" \/>\n\t<meta property=\"og:image:height\" content=\"752\" \/>\n\t<meta property=\"og:image:type\" content=\"image\/jpeg\" \/>\n<meta name=\"author\" content=\"Reda\u00e7\u00e3o\" \/>\n<meta name=\"twitter:card\" content=\"summary_large_image\" \/>\n<meta name=\"twitter:label1\" content=\"Escrito por\" \/>\n\t<meta name=\"twitter:data1\" content=\"Reda\u00e7\u00e3o\" \/>\n\t<meta name=\"twitter:label2\" content=\"Tempo estimado de leitura\" \/>\n\t<meta name=\"twitter:data2\" content=\"1 minuto\" \/>\n<script type=\"application\/ld+json\" class=\"yoast-schema-graph\">{\"@context\":\"https:\/\/schema.org\",\"@graph\":[{\"@type\":\"Article\",\"@id\":\"https:\/\/brasilnoticias.org\/site\/gas-de-cozinha-sofre-aumento-de-82-a-partir-desta-quarta-feira\/#article\",\"isPartOf\":{\"@id\":\"https:\/\/brasilnoticias.org\/site\/gas-de-cozinha-sofre-aumento-de-82-a-partir-desta-quarta-feira\/\"},\"author\":{\"name\":\"Reda\u00e7\u00e3o\",\"@id\":\"https:\/\/brasilnoticias.org\/site\/#\/schema\/person\/a0e05b973ec4d15c658d51911e53507b\"},\"headline\":\"G\u00e1s de cozinha sofre aumento de 8,2% a partir desta quarta-feira\",\"datePublished\":\"2023-02-01T12:48:24+00:00\",\"mainEntityOfPage\":{\"@id\":\"https:\/\/brasilnoticias.org\/site\/gas-de-cozinha-sofre-aumento-de-82-a-partir-desta-quarta-feira\/\"},\"wordCount\":116,\"commentCount\":0,\"publisher\":{\"@id\":\"https:\/\/brasilnoticias.org\/site\/#organization\"},\"image\":{\"@id\":\"https:\/\/brasilnoticias.org\/site\/gas-de-cozinha-sofre-aumento-de-82-a-partir-desta-quarta-feira\/#primaryimage\"},\"thumbnailUrl\":\"https:\/\/brasilnoticias.org\/site\/wp-content\/uploads\/2023\/02\/132877gas-de-cozinha-sofre-aumento-de-82-a-partir-desta-quarta-feira-3.jpg\",\"articleSection\":[\"Not\u00edcias\",\"\u00daltimas\"],\"inLanguage\":\"pt-PT\",\"potentialAction\":[{\"@type\":\"CommentAction\",\"name\":\"Comment\",\"target\":[\"https:\/\/brasilnoticias.org\/site\/gas-de-cozinha-sofre-aumento-de-82-a-partir-desta-quarta-feira\/#respond\"]}]},{\"@type\":\"WebPage\",\"@id\":\"https:\/\/brasilnoticias.org\/site\/gas-de-cozinha-sofre-aumento-de-82-a-partir-desta-quarta-feira\/\",\"url\":\"https:\/\/brasilnoticias.org\/site\/gas-de-cozinha-sofre-aumento-de-82-a-partir-desta-quarta-feira\/\",\"name\":\"G\u00e1s de cozinha sofre aumento de 8,2% a partir desta quarta-feira - Brasil not\u00edcias\",\"isPartOf\":{\"@id\":\"https:\/\/brasilnoticias.org\/site\/#website\"},\"primaryImageOfPage\":{\"@id\":\"https:\/\/brasilnoticias.org\/site\/gas-de-cozinha-sofre-aumento-de-82-a-partir-desta-quarta-feira\/#primaryimage\"},\"image\":{\"@id\":\"https:\/\/brasilnoticias.org\/site\/gas-de-cozinha-sofre-aumento-de-82-a-partir-desta-quarta-feira\/#primaryimage\"},\"thumbnailUrl\":\"https:\/\/brasilnoticias.org\/site\/wp-content\/uploads\/2023\/02\/132877gas-de-cozinha-sofre-aumento-de-82-a-partir-desta-quarta-feira-3.jpg\",\"datePublished\":\"2023-02-01T12:48:24+00:00\",\"breadcrumb\":{\"@id\":\"https:\/\/brasilnoticias.org\/site\/gas-de-cozinha-sofre-aumento-de-82-a-partir-desta-quarta-feira\/#breadcrumb\"},\"inLanguage\":\"pt-PT\",\"potentialAction\":[{\"@type\":\"ReadAction\",\"target\":[\"https:\/\/brasilnoticias.org\/site\/gas-de-cozinha-sofre-aumento-de-82-a-partir-desta-quarta-feira\/\"]}]},{\"@type\":\"ImageObject\",\"inLanguage\":\"pt-PT\",\"@id\":\"https:\/\/brasilnoticias.org\/site\/gas-de-cozinha-sofre-aumento-de-82-a-partir-desta-quarta-feira\/#primaryimage\",\"url\":\"https:\/\/brasilnoticias.org\/site\/wp-content\/uploads\/2023\/02\/132877gas-de-cozinha-sofre-aumento-de-82-a-partir-desta-quarta-feira-3.jpg\",\"contentUrl\":\"https:\/\/brasilnoticias.org\/site\/wp-content\/uploads\/2023\/02\/132877gas-de-cozinha-sofre-aumento-de-82-a-partir-desta-quarta-feira-3.jpg\",\"width\":1600,\"height\":752},{\"@type\":\"BreadcrumbList\",\"@id\":\"https:\/\/brasilnoticias.org\/site\/gas-de-cozinha-sofre-aumento-de-82-a-partir-desta-quarta-feira\/#breadcrumb\",\"itemListElement\":[{\"@type\":\"ListItem\",\"position\":1,\"name\":\"In\u00edcio\",\"item\":\"https:\/\/brasilnoticias.org\/site\/\"},{\"@type\":\"ListItem\",\"position\":2,\"name\":\"G\u00e1s de cozinha sofre aumento de 8,2% a partir desta quarta-feira\"}]},{\"@type\":\"WebSite\",\"@id\":\"https:\/\/brasilnoticias.org\/site\/#website\",\"url\":\"https:\/\/brasilnoticias.org\/site\/\",\"name\":\"Brasil not\u00edcias\",\"description\":\"Brasil not\u00edcias\",\"publisher\":{\"@id\":\"https:\/\/brasilnoticias.org\/site\/#organization\"},\"potentialAction\":[{\"@type\":\"SearchAction\",\"target\":{\"@type\":\"EntryPoint\",\"urlTemplate\":\"https:\/\/brasilnoticias.org\/site\/?s={search_term_string}\"},\"query-input\":{\"@type\":\"PropertyValueSpecification\",\"valueRequired\":true,\"valueName\":\"search_term_string\"}}],\"inLanguage\":\"pt-PT\"},{\"@type\":\"Organization\",\"@id\":\"https:\/\/brasilnoticias.org\/site\/#organization\",\"name\":\"Brasil not\u00edcias\",\"url\":\"https:\/\/brasilnoticias.org\/site\/\",\"logo\":{\"@type\":\"ImageObject\",\"inLanguage\":\"pt-PT\",\"@id\":\"https:\/\/brasilnoticias.org\/site\/#\/schema\/logo\/image\/\",\"url\":\"https:\/\/brasilnoticias.org\/site\/wp-content\/uploads\/2022\/05\/cropped-brasilnoticias-mini.jpg\",\"contentUrl\":\"https:\/\/brasilnoticias.org\/site\/wp-content\/uploads\/2022\/05\/cropped-brasilnoticias-mini.jpg\",\"width\":314,\"height\":86,\"caption\":\"Brasil not\u00edcias\"},\"image\":{\"@id\":\"https:\/\/brasilnoticias.org\/site\/#\/schema\/logo\/image\/\"}},{\"@type\":\"Person\",\"@id\":\"https:\/\/brasilnoticias.org\/site\/#\/schema\/person\/a0e05b973ec4d15c658d51911e53507b\",\"name\":\"Reda\u00e7\u00e3o\",\"image\":{\"@type\":\"ImageObject\",\"inLanguage\":\"pt-PT\",\"@id\":\"https:\/\/brasilnoticias.org\/site\/#\/schema\/person\/image\/\",\"url\":\"https:\/\/secure.gravatar.com\/avatar\/75d8b050df2de108b08ae78dfb8e374892df24a383c67db9c46a9c604f6aee9c?s=96&d=mm&r=g\",\"contentUrl\":\"https:\/\/secure.gravatar.com\/avatar\/75d8b050df2de108b08ae78dfb8e374892df24a383c67db9c46a9c604f6aee9c?s=96&d=mm&r=g\",\"caption\":\"Reda\u00e7\u00e3o\"},\"sameAs\":[\"https:\/\/brasilnoticias.org\/site\"],\"url\":\"https:\/\/brasilnoticias.org\/site\/author\/fernandozsngmail-com\/\"}]}<\/script>\n<!-- \/ Yoast SEO plugin. -->","yoast_head_json":{"title":"G\u00e1s de cozinha sofre aumento de 8,2% a partir desta quarta-feira - Brasil not\u00edcias","robots":{"index":"index","follow":"follow","max-snippet":"max-snippet:-1","max-image-preview":"max-image-preview:large","max-video-preview":"max-video-preview:-1"},"canonical":"https:\/\/brasilnoticias.org\/site\/gas-de-cozinha-sofre-aumento-de-82-a-partir-desta-quarta-feira\/","og_locale":"pt_PT","og_type":"article","og_title":"G\u00e1s de cozinha sofre aumento de 8,2% a partir desta quarta-feira - Brasil not\u00edcias","og_description":"A partir desta quarta-feira (1\u00b0), o pre\u00e7o do g\u00e1s de cozinha na Bahia vai sofrer um reajuste de 8,2%. O","og_url":"https:\/\/brasilnoticias.org\/site\/gas-de-cozinha-sofre-aumento-de-82-a-partir-desta-quarta-feira\/","og_site_name":"Brasil not\u00edcias","article_published_time":"2023-02-01T12:48:24+00:00","og_image":[{"width":1600,"height":752,"url":"https:\/\/brasilnoticias.org\/site\/wp-content\/uploads\/2023\/02\/132877gas-de-cozinha-sofre-aumento-de-82-a-partir-desta-quarta-feira-3.jpg","type":"image\/jpeg"}],"author":"Reda\u00e7\u00e3o","twitter_card":"summary_large_image","twitter_misc":{"Escrito por":"Reda\u00e7\u00e3o","Tempo estimado de leitura":"1 minuto"},"schema":{"@context":"https:\/\/schema.org","@graph":[{"@type":"Article","@id":"https:\/\/brasilnoticias.org\/site\/gas-de-cozinha-sofre-aumento-de-82-a-partir-desta-quarta-feira\/#article","isPartOf":{"@id":"https:\/\/brasilnoticias.org\/site\/gas-de-cozinha-sofre-aumento-de-82-a-partir-desta-quarta-feira\/"},"author":{"name":"Reda\u00e7\u00e3o","@id":"https:\/\/brasilnoticias.org\/site\/#\/schema\/person\/a0e05b973ec4d15c658d51911e53507b"},"headline":"G\u00e1s de cozinha sofre aumento de 8,2% a partir desta quarta-feira","datePublished":"2023-02-01T12:48:24+00:00","mainEntityOfPage":{"@id":"https:\/\/brasilnoticias.org\/site\/gas-de-cozinha-sofre-aumento-de-82-a-partir-desta-quarta-feira\/"},"wordCount":116,"commentCount":0,"publisher":{"@id":"https:\/\/brasilnoticias.org\/site\/#organization"},"image":{"@id":"https:\/\/brasilnoticias.org\/site\/gas-de-cozinha-sofre-aumento-de-82-a-partir-desta-quarta-feira\/#primaryimage"},"thumbnailUrl":"https:\/\/brasilnoticias.org\/site\/wp-content\/uploads\/2023\/02\/132877gas-de-cozinha-sofre-aumento-de-82-a-partir-desta-quarta-feira-3.jpg","articleSection":["Not\u00edcias","\u00daltimas"],"inLanguage":"pt-PT","potentialAction":[{"@type":"CommentAction","name":"Comment","target":["https:\/\/brasilnoticias.org\/site\/gas-de-cozinha-sofre-aumento-de-82-a-partir-desta-quarta-feira\/#respond"]}]},{"@type":"WebPage","@id":"https:\/\/brasilnoticias.org\/site\/gas-de-cozinha-sofre-aumento-de-82-a-partir-desta-quarta-feira\/","url":"https:\/\/brasilnoticias.org\/site\/gas-de-cozinha-sofre-aumento-de-82-a-partir-desta-quarta-feira\/","name":"G\u00e1s de cozinha sofre aumento de 8,2% a partir desta quarta-feira - Brasil not\u00edcias","isPartOf":{"@id":"https:\/\/brasilnoticias.org\/site\/#website"},"primaryImageOfPage":{"@id":"https:\/\/brasilnoticias.org\/site\/gas-de-cozinha-sofre-aumento-de-82-a-partir-desta-quarta-feira\/#primaryimage"},"image":{"@id":"https:\/\/brasilnoticias.org\/site\/gas-de-cozinha-sofre-aumento-de-82-a-partir-desta-quarta-feira\/#primaryimage"},"thumbnailUrl":"https:\/\/brasilnoticias.org\/site\/wp-content\/uploads\/2023\/02\/132877gas-de-cozinha-sofre-aumento-de-82-a-partir-desta-quarta-feira-3.jpg","datePublished":"2023-02-01T12:48:24+00:00","breadcrumb":{"@id":"https:\/\/brasilnoticias.org\/site\/gas-de-cozinha-sofre-aumento-de-82-a-partir-desta-quarta-feira\/#breadcrumb"},"inLanguage":"pt-PT","potentialAction":[{"@type":"ReadAction","target":["https:\/\/brasilnoticias.org\/site\/gas-de-cozinha-sofre-aumento-de-82-a-partir-desta-quarta-feira\/"]}]},{"@type":"ImageObject","inLanguage":"pt-PT","@id":"https:\/\/brasilnoticias.org\/site\/gas-de-cozinha-sofre-aumento-de-82-a-partir-desta-quarta-feira\/#primaryimage","url":"https:\/\/brasilnoticias.org\/site\/wp-content\/uploads\/2023\/02\/132877gas-de-cozinha-sofre-aumento-de-82-a-partir-desta-quarta-feira-3.jpg","contentUrl":"https:\/\/brasilnoticias.org\/site\/wp-content\/uploads\/2023\/02\/132877gas-de-cozinha-sofre-aumento-de-82-a-partir-desta-quarta-feira-3.jpg","width":1600,"height":752},{"@type":"BreadcrumbList","@id":"https:\/\/brasilnoticias.org\/site\/gas-de-cozinha-sofre-aumento-de-82-a-partir-desta-quarta-feira\/#breadcrumb","itemListElement":[{"@type":"ListItem","position":1,"name":"In\u00edcio","item":"https:\/\/brasilnoticias.org\/site\/"},{"@type":"ListItem","position":2,"name":"G\u00e1s de cozinha sofre aumento de 8,2% a partir desta quarta-feira"}]},{"@type":"WebSite","@id":"https:\/\/brasilnoticias.org\/site\/#website","url":"https:\/\/brasilnoticias.org\/site\/","name":"Brasil not\u00edcias","description":"Brasil not\u00edcias","publisher":{"@id":"https:\/\/brasilnoticias.org\/site\/#organization"},"potentialAction":[{"@type":"SearchAction","target":{"@type":"EntryPoint","urlTemplate":"https:\/\/brasilnoticias.org\/site\/?s={search_term_string}"},"query-input":{"@type":"PropertyValueSpecification","valueRequired":true,"valueName":"search_term_string"}}],"inLanguage":"pt-PT"},{"@type":"Organization","@id":"https:\/\/brasilnoticias.org\/site\/#organization","name":"Brasil not\u00edcias","url":"https:\/\/brasilnoticias.org\/site\/","logo":{"@type":"ImageObject","inLanguage":"pt-PT","@id":"https:\/\/brasilnoticias.org\/site\/#\/schema\/logo\/image\/","url":"https:\/\/brasilnoticias.org\/site\/wp-content\/uploads\/2022\/05\/cropped-brasilnoticias-mini.jpg","contentUrl":"https:\/\/brasilnoticias.org\/site\/wp-content\/uploads\/2022\/05\/cropped-brasilnoticias-mini.jpg","width":314,"height":86,"caption":"Brasil not\u00edcias"},"image":{"@id":"https:\/\/brasilnoticias.org\/site\/#\/schema\/logo\/image\/"}},{"@type":"Person","@id":"https:\/\/brasilnoticias.org\/site\/#\/schema\/person\/a0e05b973ec4d15c658d51911e53507b","name":"Reda\u00e7\u00e3o","image":{"@type":"ImageObject","inLanguage":"pt-PT","@id":"https:\/\/brasilnoticias.org\/site\/#\/schema\/person\/image\/","url":"https:\/\/secure.gravatar.com\/avatar\/75d8b050df2de108b08ae78dfb8e374892df24a383c67db9c46a9c604f6aee9c?s=96&d=mm&r=g","contentUrl":"https:\/\/secure.gravatar.com\/avatar\/75d8b050df2de108b08ae78dfb8e374892df24a383c67db9c46a9c604f6aee9c?s=96&d=mm&r=g","caption":"Reda\u00e7\u00e3o"},"sameAs":["https:\/\/brasilnoticias.org\/site"],"url":"https:\/\/brasilnoticias.org\/site\/author\/fernandozsngmail-com\/"}]}},"_links":{"self":[{"href":"https:\/\/brasilnoticias.org\/site\/wp-json\/wp\/v2\/posts\/3602","targetHints":{"allow":["GET"]}}],"collection":[{"href":"https:\/\/brasilnoticias.org\/site\/wp-json\/wp\/v2\/posts"}],"about":[{"href":"https:\/\/brasilnoticias.org\/site\/wp-json\/wp\/v2\/types\/post"}],"author":[{"embeddable":true,"href":"https:\/\/brasilnoticias.org\/site\/wp-json\/wp\/v2\/users\/1"}],"replies":[{"embeddable":true,"href":"https:\/\/brasilnoticias.org\/site\/wp-json\/wp\/v2\/comments?post=3602"}],"version-history":[{"count":1,"href":"https:\/\/brasilnoticias.org\/site\/wp-json\/wp\/v2\/posts\/3602\/revisions"}],"predecessor-version":[{"id":3604,"href":"https:\/\/brasilnoticias.org\/site\/wp-json\/wp\/v2\/posts\/3602\/revisions\/3604"}],"wp:featuredmedia":[{"embeddable":true,"href":"https:\/\/brasilnoticias.org\/site\/wp-json\/wp\/v2\/media\/3603"}],"wp:attachment":[{"href":"https:\/\/brasilnoticias.org\/site\/wp-json\/wp\/v2\/media?parent=3602"}],"wp:term":[{"taxonomy":"category","embeddable":true,"href":"https:\/\/brasilnoticias.org\/site\/wp-json\/wp\/v2\/categories?post=3602"},{"taxonomy":"post_tag","embeddable":true,"href":"https:\/\/brasilnoticias.org\/site\/wp-json\/wp\/v2\/tags?post=3602"}],"curies":[{"name":"wp","href":"https:\/\/api.w.org\/{rel}","templated":true}]}}