{"id":3609,"date":"2023-02-01T18:10:40","date_gmt":"2023-02-01T21:10:40","guid":{"rendered":"https:\/\/brasilnoticias.org\/site\/?p=3609"},"modified":"2023-02-01T09:54:32","modified_gmt":"2023-02-01T12:54:32","slug":"morre-o-ator-ilya-sao-paulo-aos-59-anos","status":"publish","type":"post","link":"https:\/\/brasilnoticias.org\/site\/morre-o-ator-ilya-sao-paulo-aos-59-anos\/","title":{"rendered":"Morre o ator Ilya S\u00e3o Paulo aos 59 anos"},"content":{"rendered":"<p>Morreu nesta ter\u00e7a-feira, 31 de janeiro, o ator Ilya S\u00e3o Paulo aos 59 anos.<\/p>\n<p>A not\u00edcia foi divulgada pelo tamb\u00e9m ator Anselmo Vasconcelos.<\/p>\n<p>&#8220;O ator Ilya S\u00e3o Paulo faleceu hoje. Foi meu aluno na Martins Penna onde conheceu a atriz Claudia Provedel, com quem casou e tiveram uma linda filha. Filho do cineasta Olney S\u00e3o Paulo e irm\u00e3o do ator Irwing S\u00e3o Paulo. Claudia Provedel cuidou dele com amor e companheirismo. Acompanhei esses anos todos, desde a Escola, essa uni\u00e3o. Ajudei como pude suas dificuldades. Estou muito emocionado com tudo, com as hist\u00f3rias da vida e seus fins. \u00c9 triste&#8221;, escreveu.<\/p>\n<p>Questionado por uma seguidora sobre as causas da morte de Ilya, Anselmo Vasconcelos esclareceu: &#8220;Ele estava muito debilitado. Passou por um longo internamento no Miguel Couto para tratar um grave ferimento no ombro. Estava em casa e foi encontrado hoje pela manh\u00e3 no seu apartamento pela Cl\u00e1udia, j\u00e1 morto&#8221;.<\/p>\n<p>Ilya S\u00e3o Paulo destacou-se num dos pap\u00e9is principais da novela &#8216;Irm\u00e3os Coragem&#8217;, em 1995. Fez ainda parte de muitas outras tramas da Globo e TV Record, tais como &#8216;A Farsa&#8217;, &#8216;Ato Covarde&#8217;, &#8216;Os Maias&#8217;, &#8216;A Casa das Sete Mulheres&#8217;, &#8216;Kubanacan&#8217;, &#8216;Hoje \u00c9 Dia de Maria&#8217;, &#8216;Sete Pecados&#8217;, &#8216;A Lei e o Crime&#8217;, &#8216;Bela, a Feia&#8217; e &#8216;Ribeir\u00e3o do Tempo&#8217;.<\/p>\n<p>&#8216;Amor de M\u00e3e&#8217;, de 2020, foi o seu \u00faltimo trabalho na televis\u00e3o. <\/p>\n<p>Foto Reprodu\u00e7\u00e3o Facebook\/ Anselmo Vasconcellos<br \/>\nNot\u00edcias ao minuto<\/p>\n","protected":false},"excerpt":{"rendered":"<p>Morreu nesta ter\u00e7a-feira, 31 de janeiro, o ator Ilya S\u00e3o Paulo aos 59 anos. A not\u00edcia foi divulgada pelo tamb\u00e9m<\/p>\n","protected":false},"author":1,"featured_media":3610,"comment_status":"open","ping_status":"open","sticky":false,"template":"","format":"standard","meta":{"colormag_page_container_layout":"default_layout","colormag_page_sidebar_layout":"default_layout","_FSMCFIC_featured_image_caption":"","_FSMCFIC_featured_image_nocaption":"","_FSMCFIC_featured_image_hide":"","footnotes":""},"categories":[2,1],"tags":[],"class_list":["post-3609","post","type-post","status-publish","format-standard","has-post-thumbnail","hentry","category-noticias","category-ultimas"],"yoast_head":"<!-- This site is optimized with the Yoast SEO plugin v27.1.1 - https:\/\/yoast.com\/product\/yoast-seo-wordpress\/ -->\n<title>Morre o ator Ilya S\u00e3o Paulo aos 59 anos - Brasil not\u00edcias<\/title>\n<meta name=\"robots\" content=\"index, follow, max-snippet:-1, max-image-preview:large, max-video-preview:-1\" \/>\n<link rel=\"canonical\" href=\"https:\/\/brasilnoticias.org\/site\/morre-o-ator-ilya-sao-paulo-aos-59-anos\/\" \/>\n<meta property=\"og:locale\" content=\"pt_PT\" \/>\n<meta property=\"og:type\" content=\"article\" \/>\n<meta property=\"og:title\" content=\"Morre o ator Ilya S\u00e3o Paulo aos 59 anos - Brasil not\u00edcias\" \/>\n<meta property=\"og:description\" content=\"Morreu nesta ter\u00e7a-feira, 31 de janeiro, o ator Ilya S\u00e3o Paulo aos 59 anos. A not\u00edcia foi divulgada pelo tamb\u00e9m\" \/>\n<meta property=\"og:url\" content=\"https:\/\/brasilnoticias.org\/site\/morre-o-ator-ilya-sao-paulo-aos-59-anos\/\" \/>\n<meta property=\"og:site_name\" content=\"Brasil not\u00edcias\" \/>\n<meta property=\"article:published_time\" content=\"2023-02-01T21:10:40+00:00\" \/>\n<meta property=\"og:image\" content=\"https:\/\/brasilnoticias.org\/site\/wp-content\/uploads\/2023\/02\/naom_63d99136265f1.jpg\" \/>\n\t<meta property=\"og:image:width\" content=\"960\" \/>\n\t<meta property=\"og:image:height\" content=\"540\" \/>\n\t<meta property=\"og:image:type\" content=\"image\/jpeg\" \/>\n<meta name=\"author\" content=\"Reda\u00e7\u00e3o\" \/>\n<meta name=\"twitter:card\" content=\"summary_large_image\" \/>\n<meta name=\"twitter:label1\" content=\"Escrito por\" \/>\n\t<meta name=\"twitter:data1\" content=\"Reda\u00e7\u00e3o\" \/>\n\t<meta name=\"twitter:label2\" content=\"Tempo estimado de leitura\" \/>\n\t<meta name=\"twitter:data2\" content=\"1 minuto\" \/>\n<script type=\"application\/ld+json\" class=\"yoast-schema-graph\">{\"@context\":\"https:\/\/schema.org\",\"@graph\":[{\"@type\":\"Article\",\"@id\":\"https:\/\/brasilnoticias.org\/site\/morre-o-ator-ilya-sao-paulo-aos-59-anos\/#article\",\"isPartOf\":{\"@id\":\"https:\/\/brasilnoticias.org\/site\/morre-o-ator-ilya-sao-paulo-aos-59-anos\/\"},\"author\":{\"name\":\"Reda\u00e7\u00e3o\",\"@id\":\"https:\/\/brasilnoticias.org\/site\/#\/schema\/person\/a0e05b973ec4d15c658d51911e53507b\"},\"headline\":\"Morre o ator Ilya S\u00e3o Paulo aos 59 anos\",\"datePublished\":\"2023-02-01T21:10:40+00:00\",\"mainEntityOfPage\":{\"@id\":\"https:\/\/brasilnoticias.org\/site\/morre-o-ator-ilya-sao-paulo-aos-59-anos\/\"},\"wordCount\":251,\"commentCount\":0,\"publisher\":{\"@id\":\"https:\/\/brasilnoticias.org\/site\/#organization\"},\"image\":{\"@id\":\"https:\/\/brasilnoticias.org\/site\/morre-o-ator-ilya-sao-paulo-aos-59-anos\/#primaryimage\"},\"thumbnailUrl\":\"https:\/\/brasilnoticias.org\/site\/wp-content\/uploads\/2023\/02\/naom_63d99136265f1.jpg\",\"articleSection\":[\"Not\u00edcias\",\"\u00daltimas\"],\"inLanguage\":\"pt-PT\",\"potentialAction\":[{\"@type\":\"CommentAction\",\"name\":\"Comment\",\"target\":[\"https:\/\/brasilnoticias.org\/site\/morre-o-ator-ilya-sao-paulo-aos-59-anos\/#respond\"]}]},{\"@type\":\"WebPage\",\"@id\":\"https:\/\/brasilnoticias.org\/site\/morre-o-ator-ilya-sao-paulo-aos-59-anos\/\",\"url\":\"https:\/\/brasilnoticias.org\/site\/morre-o-ator-ilya-sao-paulo-aos-59-anos\/\",\"name\":\"Morre o ator Ilya S\u00e3o Paulo aos 59 anos - Brasil not\u00edcias\",\"isPartOf\":{\"@id\":\"https:\/\/brasilnoticias.org\/site\/#website\"},\"primaryImageOfPage\":{\"@id\":\"https:\/\/brasilnoticias.org\/site\/morre-o-ator-ilya-sao-paulo-aos-59-anos\/#primaryimage\"},\"image\":{\"@id\":\"https:\/\/brasilnoticias.org\/site\/morre-o-ator-ilya-sao-paulo-aos-59-anos\/#primaryimage\"},\"thumbnailUrl\":\"https:\/\/brasilnoticias.org\/site\/wp-content\/uploads\/2023\/02\/naom_63d99136265f1.jpg\",\"datePublished\":\"2023-02-01T21:10:40+00:00\",\"breadcrumb\":{\"@id\":\"https:\/\/brasilnoticias.org\/site\/morre-o-ator-ilya-sao-paulo-aos-59-anos\/#breadcrumb\"},\"inLanguage\":\"pt-PT\",\"potentialAction\":[{\"@type\":\"ReadAction\",\"target\":[\"https:\/\/brasilnoticias.org\/site\/morre-o-ator-ilya-sao-paulo-aos-59-anos\/\"]}]},{\"@type\":\"ImageObject\",\"inLanguage\":\"pt-PT\",\"@id\":\"https:\/\/brasilnoticias.org\/site\/morre-o-ator-ilya-sao-paulo-aos-59-anos\/#primaryimage\",\"url\":\"https:\/\/brasilnoticias.org\/site\/wp-content\/uploads\/2023\/02\/naom_63d99136265f1.jpg\",\"contentUrl\":\"https:\/\/brasilnoticias.org\/site\/wp-content\/uploads\/2023\/02\/naom_63d99136265f1.jpg\",\"width\":960,\"height\":540},{\"@type\":\"BreadcrumbList\",\"@id\":\"https:\/\/brasilnoticias.org\/site\/morre-o-ator-ilya-sao-paulo-aos-59-anos\/#breadcrumb\",\"itemListElement\":[{\"@type\":\"ListItem\",\"position\":1,\"name\":\"In\u00edcio\",\"item\":\"https:\/\/brasilnoticias.org\/site\/\"},{\"@type\":\"ListItem\",\"position\":2,\"name\":\"Morre o ator Ilya S\u00e3o Paulo aos 59 anos\"}]},{\"@type\":\"WebSite\",\"@id\":\"https:\/\/brasilnoticias.org\/site\/#website\",\"url\":\"https:\/\/brasilnoticias.org\/site\/\",\"name\":\"Brasil not\u00edcias\",\"description\":\"Brasil not\u00edcias\",\"publisher\":{\"@id\":\"https:\/\/brasilnoticias.org\/site\/#organization\"},\"potentialAction\":[{\"@type\":\"SearchAction\",\"target\":{\"@type\":\"EntryPoint\",\"urlTemplate\":\"https:\/\/brasilnoticias.org\/site\/?s={search_term_string}\"},\"query-input\":{\"@type\":\"PropertyValueSpecification\",\"valueRequired\":true,\"valueName\":\"search_term_string\"}}],\"inLanguage\":\"pt-PT\"},{\"@type\":\"Organization\",\"@id\":\"https:\/\/brasilnoticias.org\/site\/#organization\",\"name\":\"Brasil not\u00edcias\",\"url\":\"https:\/\/brasilnoticias.org\/site\/\",\"logo\":{\"@type\":\"ImageObject\",\"inLanguage\":\"pt-PT\",\"@id\":\"https:\/\/brasilnoticias.org\/site\/#\/schema\/logo\/image\/\",\"url\":\"https:\/\/brasilnoticias.org\/site\/wp-content\/uploads\/2022\/05\/cropped-brasilnoticias-mini.jpg\",\"contentUrl\":\"https:\/\/brasilnoticias.org\/site\/wp-content\/uploads\/2022\/05\/cropped-brasilnoticias-mini.jpg\",\"width\":314,\"height\":86,\"caption\":\"Brasil not\u00edcias\"},\"image\":{\"@id\":\"https:\/\/brasilnoticias.org\/site\/#\/schema\/logo\/image\/\"}},{\"@type\":\"Person\",\"@id\":\"https:\/\/brasilnoticias.org\/site\/#\/schema\/person\/a0e05b973ec4d15c658d51911e53507b\",\"name\":\"Reda\u00e7\u00e3o\",\"image\":{\"@type\":\"ImageObject\",\"inLanguage\":\"pt-PT\",\"@id\":\"https:\/\/brasilnoticias.org\/site\/#\/schema\/person\/image\/\",\"url\":\"https:\/\/secure.gravatar.com\/avatar\/75d8b050df2de108b08ae78dfb8e374892df24a383c67db9c46a9c604f6aee9c?s=96&d=mm&r=g\",\"contentUrl\":\"https:\/\/secure.gravatar.com\/avatar\/75d8b050df2de108b08ae78dfb8e374892df24a383c67db9c46a9c604f6aee9c?s=96&d=mm&r=g\",\"caption\":\"Reda\u00e7\u00e3o\"},\"sameAs\":[\"https:\/\/brasilnoticias.org\/site\"],\"url\":\"https:\/\/brasilnoticias.org\/site\/author\/fernandozsngmail-com\/\"}]}<\/script>\n<!-- \/ Yoast SEO plugin. -->","yoast_head_json":{"title":"Morre o ator Ilya S\u00e3o Paulo aos 59 anos - Brasil not\u00edcias","robots":{"index":"index","follow":"follow","max-snippet":"max-snippet:-1","max-image-preview":"max-image-preview:large","max-video-preview":"max-video-preview:-1"},"canonical":"https:\/\/brasilnoticias.org\/site\/morre-o-ator-ilya-sao-paulo-aos-59-anos\/","og_locale":"pt_PT","og_type":"article","og_title":"Morre o ator Ilya S\u00e3o Paulo aos 59 anos - Brasil not\u00edcias","og_description":"Morreu nesta ter\u00e7a-feira, 31 de janeiro, o ator Ilya S\u00e3o Paulo aos 59 anos. A not\u00edcia foi divulgada pelo tamb\u00e9m","og_url":"https:\/\/brasilnoticias.org\/site\/morre-o-ator-ilya-sao-paulo-aos-59-anos\/","og_site_name":"Brasil not\u00edcias","article_published_time":"2023-02-01T21:10:40+00:00","og_image":[{"width":960,"height":540,"url":"https:\/\/brasilnoticias.org\/site\/wp-content\/uploads\/2023\/02\/naom_63d99136265f1.jpg","type":"image\/jpeg"}],"author":"Reda\u00e7\u00e3o","twitter_card":"summary_large_image","twitter_misc":{"Escrito por":"Reda\u00e7\u00e3o","Tempo estimado de leitura":"1 minuto"},"schema":{"@context":"https:\/\/schema.org","@graph":[{"@type":"Article","@id":"https:\/\/brasilnoticias.org\/site\/morre-o-ator-ilya-sao-paulo-aos-59-anos\/#article","isPartOf":{"@id":"https:\/\/brasilnoticias.org\/site\/morre-o-ator-ilya-sao-paulo-aos-59-anos\/"},"author":{"name":"Reda\u00e7\u00e3o","@id":"https:\/\/brasilnoticias.org\/site\/#\/schema\/person\/a0e05b973ec4d15c658d51911e53507b"},"headline":"Morre o ator Ilya S\u00e3o Paulo aos 59 anos","datePublished":"2023-02-01T21:10:40+00:00","mainEntityOfPage":{"@id":"https:\/\/brasilnoticias.org\/site\/morre-o-ator-ilya-sao-paulo-aos-59-anos\/"},"wordCount":251,"commentCount":0,"publisher":{"@id":"https:\/\/brasilnoticias.org\/site\/#organization"},"image":{"@id":"https:\/\/brasilnoticias.org\/site\/morre-o-ator-ilya-sao-paulo-aos-59-anos\/#primaryimage"},"thumbnailUrl":"https:\/\/brasilnoticias.org\/site\/wp-content\/uploads\/2023\/02\/naom_63d99136265f1.jpg","articleSection":["Not\u00edcias","\u00daltimas"],"inLanguage":"pt-PT","potentialAction":[{"@type":"CommentAction","name":"Comment","target":["https:\/\/brasilnoticias.org\/site\/morre-o-ator-ilya-sao-paulo-aos-59-anos\/#respond"]}]},{"@type":"WebPage","@id":"https:\/\/brasilnoticias.org\/site\/morre-o-ator-ilya-sao-paulo-aos-59-anos\/","url":"https:\/\/brasilnoticias.org\/site\/morre-o-ator-ilya-sao-paulo-aos-59-anos\/","name":"Morre o ator Ilya S\u00e3o Paulo aos 59 anos - Brasil not\u00edcias","isPartOf":{"@id":"https:\/\/brasilnoticias.org\/site\/#website"},"primaryImageOfPage":{"@id":"https:\/\/brasilnoticias.org\/site\/morre-o-ator-ilya-sao-paulo-aos-59-anos\/#primaryimage"},"image":{"@id":"https:\/\/brasilnoticias.org\/site\/morre-o-ator-ilya-sao-paulo-aos-59-anos\/#primaryimage"},"thumbnailUrl":"https:\/\/brasilnoticias.org\/site\/wp-content\/uploads\/2023\/02\/naom_63d99136265f1.jpg","datePublished":"2023-02-01T21:10:40+00:00","breadcrumb":{"@id":"https:\/\/brasilnoticias.org\/site\/morre-o-ator-ilya-sao-paulo-aos-59-anos\/#breadcrumb"},"inLanguage":"pt-PT","potentialAction":[{"@type":"ReadAction","target":["https:\/\/brasilnoticias.org\/site\/morre-o-ator-ilya-sao-paulo-aos-59-anos\/"]}]},{"@type":"ImageObject","inLanguage":"pt-PT","@id":"https:\/\/brasilnoticias.org\/site\/morre-o-ator-ilya-sao-paulo-aos-59-anos\/#primaryimage","url":"https:\/\/brasilnoticias.org\/site\/wp-content\/uploads\/2023\/02\/naom_63d99136265f1.jpg","contentUrl":"https:\/\/brasilnoticias.org\/site\/wp-content\/uploads\/2023\/02\/naom_63d99136265f1.jpg","width":960,"height":540},{"@type":"BreadcrumbList","@id":"https:\/\/brasilnoticias.org\/site\/morre-o-ator-ilya-sao-paulo-aos-59-anos\/#breadcrumb","itemListElement":[{"@type":"ListItem","position":1,"name":"In\u00edcio","item":"https:\/\/brasilnoticias.org\/site\/"},{"@type":"ListItem","position":2,"name":"Morre o ator Ilya S\u00e3o Paulo aos 59 anos"}]},{"@type":"WebSite","@id":"https:\/\/brasilnoticias.org\/site\/#website","url":"https:\/\/brasilnoticias.org\/site\/","name":"Brasil not\u00edcias","description":"Brasil not\u00edcias","publisher":{"@id":"https:\/\/brasilnoticias.org\/site\/#organization"},"potentialAction":[{"@type":"SearchAction","target":{"@type":"EntryPoint","urlTemplate":"https:\/\/brasilnoticias.org\/site\/?s={search_term_string}"},"query-input":{"@type":"PropertyValueSpecification","valueRequired":true,"valueName":"search_term_string"}}],"inLanguage":"pt-PT"},{"@type":"Organization","@id":"https:\/\/brasilnoticias.org\/site\/#organization","name":"Brasil not\u00edcias","url":"https:\/\/brasilnoticias.org\/site\/","logo":{"@type":"ImageObject","inLanguage":"pt-PT","@id":"https:\/\/brasilnoticias.org\/site\/#\/schema\/logo\/image\/","url":"https:\/\/brasilnoticias.org\/site\/wp-content\/uploads\/2022\/05\/cropped-brasilnoticias-mini.jpg","contentUrl":"https:\/\/brasilnoticias.org\/site\/wp-content\/uploads\/2022\/05\/cropped-brasilnoticias-mini.jpg","width":314,"height":86,"caption":"Brasil not\u00edcias"},"image":{"@id":"https:\/\/brasilnoticias.org\/site\/#\/schema\/logo\/image\/"}},{"@type":"Person","@id":"https:\/\/brasilnoticias.org\/site\/#\/schema\/person\/a0e05b973ec4d15c658d51911e53507b","name":"Reda\u00e7\u00e3o","image":{"@type":"ImageObject","inLanguage":"pt-PT","@id":"https:\/\/brasilnoticias.org\/site\/#\/schema\/person\/image\/","url":"https:\/\/secure.gravatar.com\/avatar\/75d8b050df2de108b08ae78dfb8e374892df24a383c67db9c46a9c604f6aee9c?s=96&d=mm&r=g","contentUrl":"https:\/\/secure.gravatar.com\/avatar\/75d8b050df2de108b08ae78dfb8e374892df24a383c67db9c46a9c604f6aee9c?s=96&d=mm&r=g","caption":"Reda\u00e7\u00e3o"},"sameAs":["https:\/\/brasilnoticias.org\/site"],"url":"https:\/\/brasilnoticias.org\/site\/author\/fernandozsngmail-com\/"}]}},"_links":{"self":[{"href":"https:\/\/brasilnoticias.org\/site\/wp-json\/wp\/v2\/posts\/3609","targetHints":{"allow":["GET"]}}],"collection":[{"href":"https:\/\/brasilnoticias.org\/site\/wp-json\/wp\/v2\/posts"}],"about":[{"href":"https:\/\/brasilnoticias.org\/site\/wp-json\/wp\/v2\/types\/post"}],"author":[{"embeddable":true,"href":"https:\/\/brasilnoticias.org\/site\/wp-json\/wp\/v2\/users\/1"}],"replies":[{"embeddable":true,"href":"https:\/\/brasilnoticias.org\/site\/wp-json\/wp\/v2\/comments?post=3609"}],"version-history":[{"count":1,"href":"https:\/\/brasilnoticias.org\/site\/wp-json\/wp\/v2\/posts\/3609\/revisions"}],"predecessor-version":[{"id":3611,"href":"https:\/\/brasilnoticias.org\/site\/wp-json\/wp\/v2\/posts\/3609\/revisions\/3611"}],"wp:featuredmedia":[{"embeddable":true,"href":"https:\/\/brasilnoticias.org\/site\/wp-json\/wp\/v2\/media\/3610"}],"wp:attachment":[{"href":"https:\/\/brasilnoticias.org\/site\/wp-json\/wp\/v2\/media?parent=3609"}],"wp:term":[{"taxonomy":"category","embeddable":true,"href":"https:\/\/brasilnoticias.org\/site\/wp-json\/wp\/v2\/categories?post=3609"},{"taxonomy":"post_tag","embeddable":true,"href":"https:\/\/brasilnoticias.org\/site\/wp-json\/wp\/v2\/tags?post=3609"}],"curies":[{"name":"wp","href":"https:\/\/api.w.org\/{rel}","templated":true}]}}