{"id":3612,"date":"2023-02-01T18:20:37","date_gmt":"2023-02-01T21:20:37","guid":{"rendered":"https:\/\/brasilnoticias.org\/site\/?p=3612"},"modified":"2023-02-01T09:56:57","modified_gmt":"2023-02-01T12:56:57","slug":"isabela-scalabrini-deixa-a-globo-apos-44-anos","status":"publish","type":"post","link":"https:\/\/brasilnoticias.org\/site\/isabela-scalabrini-deixa-a-globo-apos-44-anos\/","title":{"rendered":"Isabela Scalabrini deixa a Globo ap\u00f3s 44 anos"},"content":{"rendered":"<p> A rep\u00f3rter Isabela Scalabrini, da Globo, est\u00e1 saindo da emissora ap\u00f3s 44 anos de casa. Ela e a emissora chegaram a um acordo depois que a profissional manifestou, em 2020, o desejo de encerrar as fun\u00e7\u00f5es para dedicar mais tempo \u00e0 vida pessoal. A sa\u00edda ficou marcada para janeiro deste ano.<\/p>\n<p>Dentro da televis\u00e3o, ela come\u00e7ou como estagi\u00e1ria, passou para a escuta de r\u00e1dios da pol\u00edcia e dos bombeiros at\u00e9 se tornar rep\u00f3rter esportiva, ainda na d\u00e9cada de 1980, sendo uma das primeiras mulheres no jornalismo esportivo nacional. Ela tamb\u00e9m j\u00e1 participou das coberturas das Olimp\u00edadas de Los Angeles e Jogos Ol\u00edmpicos de Seul.<\/p>\n<p>O diretor-geral de jornalismo da emissora, Ali Kamel, elogiou a jornalista em comunicado interno de praxe quando um profissional deixa a emissora. Ele falou que Scalabrini foi uma das mulheres pioneiras na cobertura do jornalismo esportivo -muitas vezes ela foi a \u00fanica do sexo feminino na cobertura em uma \u00e1rea dominada por homens.<\/p>\n<p>Kamel disse que desde 2020 a jornalista queria encerrar a carreira na Globo, mas ele conseguiu por meio de conversas adiar a decis\u00e3o. Ele disse que a tinha esperan\u00e7a que ela mudasse de ideia, mas no final do ano passado eles voltaram a conversar e marcaram a data de sa\u00edda da emissora. &#8220;Ela se sente plenamente realizada e diz que olha para tr\u00e1s e s\u00f3 sente orgulho. Ela tem raz\u00e3o&#8221;, disse Kamel.<\/p>\n<p>CONFIRA A \u00cdNTEGRA DA CARTA DE ALI KAMEL:<\/p>\n<p>&#8220;Em 2020, pouco antes da pandemia, Isabela Scalabrini me procurou dizendo que estava se preparando para encerrar sua colabora\u00e7\u00e3o com a Globo. Ela me explicou que queria mais tempo para si, depois de 44 anos na emissora. Combinamos de voltar a conversar, e o fizemos no ano seguinte, eu com uma pontinha de esperan\u00e7a de que ela tivesse mudado de ideia. Isabela ficou conosco ainda em 2021 e 2022, mas sinalizando que sairia. No final do ano passado, me procurou mais uma vez e marcou a sa\u00edda para esse final de janeiro. Eu entendi as raz\u00f5es dela e combinamos de fazer o an\u00fancio hoje.<br \/>\nNa conversa, ela me disse uma verdade que deve inspirar todos os que s\u00e3o apaixonados por jornalismo: ela se sente plenamente realizada e diz que olha para tr\u00e1s e s\u00f3 sente orgulho. Ela tem raz\u00e3o.<br \/>\nEm 1979, Isabela cursava a universidade \u00e0 noite e trabalhava de manh\u00e3 na R\u00e1dio Nacional, como rep\u00f3rter de rua. Foi aprovada no concurso de est\u00e1gio da Globo depois de fazer provas de conhecimentos gerais ao lado de centenas de candidatos (quase como um vestibular) e, depois, j\u00e1 num grupo menor, de passar por entrevistas seletivas com editores do JN. Foram aprovadas dez mulheres. O est\u00e1gio durou cerca de um ano e Isabela passou por todos os setores do jornalismo. O contrato foi assinado em janeiro de 1980.<br \/>\nA primeira miss\u00e3o depois de ser efetivada foi trabalhar na salinha da apura\u00e7\u00e3o da Editoria Rio. Conversava com bombeiros e policiais nas dezenas de rondas pelo telefone -era ali que um rep\u00f3rter aprendia a fazer perguntas. Fez a primeira reportagem para o JN naquele per\u00edodo. No tempo da pel\u00edcula, havia uma quantidade sempre muito pequena de filme na c\u00e2mera: mas ela fez uma &#8220;passagem&#8221; e uma entrevista sem errar (&#8220;de blusa azul&#8221;), ela me contou na nossa \u00faltima conversa. Em seis meses, surgiu uma vaga no departamento de esportes e ela foi transferida. Foi pioneira.<br \/>\nNa d\u00e9cada de 1980, havia pouqu\u00edssimas mulheres no jornalismo esportivo -s\u00f3 algumas em r\u00e1dio e jornal. Na Globo, a rep\u00f3rter M\u00f4nika Leit\u00e3o foi escalada para a Olimp\u00edada de Moscou (1980), mas logo depois pediu demiss\u00e3o. Isabela foi assim, por muitos anos, a \u00fanica mulher na nossa equipe esportiva. Nos est\u00e1dios, em dias de jogos, o p\u00fablico reagia com todo tipo de brincadeira preconceituosa quando ficava no campo. A pergunta que mais ouvia era: &#8220;Voc\u00ea entende de futebol?&#8221;. Ela n\u00e3o entrava no vesti\u00e1rio, claro. Eram os jogadores que iam at\u00e9 a porta para a grava\u00e7\u00e3o. Mas nunca deixou de noticiar algum fato e nem foi desrespeitada por jogadores ou treinadores. Nunca deixou de fazer reportagem esportiva por ser mulher. Ela lembra que foi Hedyl Valle J\u00fanior quem teve a ousadia de a escalar para coberturas internacionais.<br \/>\nEm 1986, na Copa do Mundo do M\u00e9xico, acompanhou a sele\u00e7\u00e3o da Argentina de Maradona. Era praticamente a \u00fanica rep\u00f3rter do sexo feminino no evento. L\u00e1, tamb\u00e9m ouviu muitas piadinhas de rep\u00f3rteres de v\u00e1rias nacionalidades. Mas foi a ela que Maradona deu uma entrevista, que come\u00e7ou exclusiva na concentra\u00e7\u00e3o da equipe argentina, mas que logo virou uma coletiva com a correria dos rep\u00f3rteres, surpresos, tentando alcan\u00e7\u00e1-la.<br \/>\nNa Olimp\u00edada de Los Angeles, acompanhou a chegada da maratona feminina dentro do Coliseu. Fez a reportagem sobre o esfor\u00e7o da su\u00ed\u00e7a Gabrielle Andersen para completar a prova: contorcendo-se em c\u00e2imbras, n\u00e3o permitiu que ningu\u00e9m a tocasse at\u00e9 cruzar a linha de chegada (para somente ent\u00e3o cair ao solo e ser atendida). A imagem \u00e9 considerada uma das mais importantes do esporte mundial.<br \/>\nE, nos Jogos Ol\u00edmpicos de Seul, fez a pol\u00eamica entrevista com o corredor Joaquim Cruz em que ele denunciou o uso de anabolizantes pelos atletas americanos depois da desclassifica\u00e7\u00e3o do canadense Ben Johnson, por doping. A entrevista teve repercuss\u00e3o no mundo inteiro. Joaquim treinava com eles nos EUA e, depois de ser muito criticado por acusar outros atletas de doping, abandonou a Olimp\u00edada. Ele tinha ganhado medalha de prata poucos dias antes, nos 800 metros, e desistiu de correr os 1.500 metros.<br \/>\nForam muitas hist\u00f3rias inesquec\u00edveis na cobertura esportiva. At\u00e9 recentemente era convocada para falar sobre esse pioneirismo no futebol. Depois de doze anos, foi convidada para trabalhar na Editoria Rio em 1993. Do per\u00edodo, destaco as coberturas que fez da chacina da Candel\u00e1ria e do assassinato de Daniela Perez.<br \/>\nEm tantas d\u00e9cadas, teve o privil\u00e9gio de entrevistar Ayrton Senna, Pel\u00e9, Tom Jobim, Luciano Pavarotti, Kurt Cobain e tantos outros. E de conhecer o mundo. Cobrir o carnaval carioca era uma das suas paix\u00f5es. Foram mais de trinta anos ao vivo na avenida! V\u00e1rias entrevistas feitas por Isabela est\u00e3o em document\u00e1rios recentes do GloboPlay, o que demonstra a relev\u00e2ncia e a qualidade delas -Pep\u00ea, Castor de Andrade e Garrincha. Vale conferir.<br \/>\nEm 1998, uma guinada. Mudou-se para Belo Horizonte, onde ficou por mais vinte e cinco anos. Apresentou o MGTV de 1998 a 2019 e, hoje, \u00e9 uma personalidade mineira, respeitada por todos, parada nas ruas, os espectadores reconhecem o profissionalismo dela. Dia sim, dia n\u00e3o, ainda em janeiro, estava no JN e nos locais de BH com seu talento. Uma profissional completa.<br \/>\nAo me despedir de Isabela com esse texto, destaco o meu respeito por ela. E, em nome da Globo, agrade\u00e7o o jornalismo que praticou aqui: pioneirismo aliado \u00e0 alta qualidade!&#8221;<\/p>\n<p>Not\u00edcias ao minuto<br \/>\nFoto Reprodu\u00e7\u00e3o\/TV Globo<\/p>\n","protected":false},"excerpt":{"rendered":"<p>A rep\u00f3rter Isabela Scalabrini, da Globo, est\u00e1 saindo da emissora ap\u00f3s 44 anos de casa. Ela e a emissora chegaram<\/p>\n","protected":false},"author":1,"featured_media":3613,"comment_status":"open","ping_status":"open","sticky":false,"template":"","format":"standard","meta":{"colormag_page_container_layout":"default_layout","colormag_page_sidebar_layout":"default_layout","_FSMCFIC_featured_image_caption":"","_FSMCFIC_featured_image_nocaption":"","_FSMCFIC_featured_image_hide":"","footnotes":""},"categories":[2,1],"tags":[],"class_list":["post-3612","post","type-post","status-publish","format-standard","has-post-thumbnail","hentry","category-noticias","category-ultimas"],"yoast_head":"<!-- This site is optimized with the Yoast SEO plugin v27.1.1 - https:\/\/yoast.com\/product\/yoast-seo-wordpress\/ -->\n<title>Isabela Scalabrini deixa a Globo ap\u00f3s 44 anos - Brasil not\u00edcias<\/title>\n<meta name=\"robots\" content=\"index, follow, max-snippet:-1, max-image-preview:large, max-video-preview:-1\" \/>\n<link rel=\"canonical\" href=\"https:\/\/brasilnoticias.org\/site\/isabela-scalabrini-deixa-a-globo-apos-44-anos\/\" \/>\n<meta property=\"og:locale\" content=\"pt_PT\" \/>\n<meta property=\"og:type\" content=\"article\" \/>\n<meta property=\"og:title\" content=\"Isabela Scalabrini deixa a Globo ap\u00f3s 44 anos - Brasil not\u00edcias\" \/>\n<meta property=\"og:description\" content=\"A rep\u00f3rter Isabela Scalabrini, da Globo, est\u00e1 saindo da emissora ap\u00f3s 44 anos de casa. Ela e a emissora chegaram\" \/>\n<meta property=\"og:url\" content=\"https:\/\/brasilnoticias.org\/site\/isabela-scalabrini-deixa-a-globo-apos-44-anos\/\" \/>\n<meta property=\"og:site_name\" content=\"Brasil not\u00edcias\" \/>\n<meta property=\"article:published_time\" content=\"2023-02-01T21:20:37+00:00\" \/>\n<meta property=\"og:image\" content=\"https:\/\/brasilnoticias.org\/site\/wp-content\/uploads\/2023\/02\/naom_5c584e075ca60.jpg\" \/>\n\t<meta property=\"og:image:width\" content=\"960\" \/>\n\t<meta property=\"og:image:height\" content=\"540\" \/>\n\t<meta property=\"og:image:type\" content=\"image\/jpeg\" \/>\n<meta name=\"author\" content=\"Reda\u00e7\u00e3o\" \/>\n<meta name=\"twitter:card\" content=\"summary_large_image\" \/>\n<meta name=\"twitter:label1\" content=\"Escrito por\" \/>\n\t<meta name=\"twitter:data1\" content=\"Reda\u00e7\u00e3o\" \/>\n\t<meta name=\"twitter:label2\" content=\"Tempo estimado de leitura\" \/>\n\t<meta name=\"twitter:data2\" content=\"6 minutos\" \/>\n<script type=\"application\/ld+json\" class=\"yoast-schema-graph\">{\"@context\":\"https:\/\/schema.org\",\"@graph\":[{\"@type\":\"Article\",\"@id\":\"https:\/\/brasilnoticias.org\/site\/isabela-scalabrini-deixa-a-globo-apos-44-anos\/#article\",\"isPartOf\":{\"@id\":\"https:\/\/brasilnoticias.org\/site\/isabela-scalabrini-deixa-a-globo-apos-44-anos\/\"},\"author\":{\"name\":\"Reda\u00e7\u00e3o\",\"@id\":\"https:\/\/brasilnoticias.org\/site\/#\/schema\/person\/a0e05b973ec4d15c658d51911e53507b\"},\"headline\":\"Isabela Scalabrini deixa a Globo ap\u00f3s 44 anos\",\"datePublished\":\"2023-02-01T21:20:37+00:00\",\"mainEntityOfPage\":{\"@id\":\"https:\/\/brasilnoticias.org\/site\/isabela-scalabrini-deixa-a-globo-apos-44-anos\/\"},\"wordCount\":1194,\"commentCount\":0,\"publisher\":{\"@id\":\"https:\/\/brasilnoticias.org\/site\/#organization\"},\"image\":{\"@id\":\"https:\/\/brasilnoticias.org\/site\/isabela-scalabrini-deixa-a-globo-apos-44-anos\/#primaryimage\"},\"thumbnailUrl\":\"https:\/\/brasilnoticias.org\/site\/wp-content\/uploads\/2023\/02\/naom_5c584e075ca60.jpg\",\"articleSection\":[\"Not\u00edcias\",\"\u00daltimas\"],\"inLanguage\":\"pt-PT\",\"potentialAction\":[{\"@type\":\"CommentAction\",\"name\":\"Comment\",\"target\":[\"https:\/\/brasilnoticias.org\/site\/isabela-scalabrini-deixa-a-globo-apos-44-anos\/#respond\"]}]},{\"@type\":\"WebPage\",\"@id\":\"https:\/\/brasilnoticias.org\/site\/isabela-scalabrini-deixa-a-globo-apos-44-anos\/\",\"url\":\"https:\/\/brasilnoticias.org\/site\/isabela-scalabrini-deixa-a-globo-apos-44-anos\/\",\"name\":\"Isabela Scalabrini deixa a Globo ap\u00f3s 44 anos - Brasil not\u00edcias\",\"isPartOf\":{\"@id\":\"https:\/\/brasilnoticias.org\/site\/#website\"},\"primaryImageOfPage\":{\"@id\":\"https:\/\/brasilnoticias.org\/site\/isabela-scalabrini-deixa-a-globo-apos-44-anos\/#primaryimage\"},\"image\":{\"@id\":\"https:\/\/brasilnoticias.org\/site\/isabela-scalabrini-deixa-a-globo-apos-44-anos\/#primaryimage\"},\"thumbnailUrl\":\"https:\/\/brasilnoticias.org\/site\/wp-content\/uploads\/2023\/02\/naom_5c584e075ca60.jpg\",\"datePublished\":\"2023-02-01T21:20:37+00:00\",\"breadcrumb\":{\"@id\":\"https:\/\/brasilnoticias.org\/site\/isabela-scalabrini-deixa-a-globo-apos-44-anos\/#breadcrumb\"},\"inLanguage\":\"pt-PT\",\"potentialAction\":[{\"@type\":\"ReadAction\",\"target\":[\"https:\/\/brasilnoticias.org\/site\/isabela-scalabrini-deixa-a-globo-apos-44-anos\/\"]}]},{\"@type\":\"ImageObject\",\"inLanguage\":\"pt-PT\",\"@id\":\"https:\/\/brasilnoticias.org\/site\/isabela-scalabrini-deixa-a-globo-apos-44-anos\/#primaryimage\",\"url\":\"https:\/\/brasilnoticias.org\/site\/wp-content\/uploads\/2023\/02\/naom_5c584e075ca60.jpg\",\"contentUrl\":\"https:\/\/brasilnoticias.org\/site\/wp-content\/uploads\/2023\/02\/naom_5c584e075ca60.jpg\",\"width\":960,\"height\":540},{\"@type\":\"BreadcrumbList\",\"@id\":\"https:\/\/brasilnoticias.org\/site\/isabela-scalabrini-deixa-a-globo-apos-44-anos\/#breadcrumb\",\"itemListElement\":[{\"@type\":\"ListItem\",\"position\":1,\"name\":\"In\u00edcio\",\"item\":\"https:\/\/brasilnoticias.org\/site\/\"},{\"@type\":\"ListItem\",\"position\":2,\"name\":\"Isabela Scalabrini deixa a Globo ap\u00f3s 44 anos\"}]},{\"@type\":\"WebSite\",\"@id\":\"https:\/\/brasilnoticias.org\/site\/#website\",\"url\":\"https:\/\/brasilnoticias.org\/site\/\",\"name\":\"Brasil not\u00edcias\",\"description\":\"Brasil not\u00edcias\",\"publisher\":{\"@id\":\"https:\/\/brasilnoticias.org\/site\/#organization\"},\"potentialAction\":[{\"@type\":\"SearchAction\",\"target\":{\"@type\":\"EntryPoint\",\"urlTemplate\":\"https:\/\/brasilnoticias.org\/site\/?s={search_term_string}\"},\"query-input\":{\"@type\":\"PropertyValueSpecification\",\"valueRequired\":true,\"valueName\":\"search_term_string\"}}],\"inLanguage\":\"pt-PT\"},{\"@type\":\"Organization\",\"@id\":\"https:\/\/brasilnoticias.org\/site\/#organization\",\"name\":\"Brasil not\u00edcias\",\"url\":\"https:\/\/brasilnoticias.org\/site\/\",\"logo\":{\"@type\":\"ImageObject\",\"inLanguage\":\"pt-PT\",\"@id\":\"https:\/\/brasilnoticias.org\/site\/#\/schema\/logo\/image\/\",\"url\":\"https:\/\/brasilnoticias.org\/site\/wp-content\/uploads\/2022\/05\/cropped-brasilnoticias-mini.jpg\",\"contentUrl\":\"https:\/\/brasilnoticias.org\/site\/wp-content\/uploads\/2022\/05\/cropped-brasilnoticias-mini.jpg\",\"width\":314,\"height\":86,\"caption\":\"Brasil not\u00edcias\"},\"image\":{\"@id\":\"https:\/\/brasilnoticias.org\/site\/#\/schema\/logo\/image\/\"}},{\"@type\":\"Person\",\"@id\":\"https:\/\/brasilnoticias.org\/site\/#\/schema\/person\/a0e05b973ec4d15c658d51911e53507b\",\"name\":\"Reda\u00e7\u00e3o\",\"image\":{\"@type\":\"ImageObject\",\"inLanguage\":\"pt-PT\",\"@id\":\"https:\/\/brasilnoticias.org\/site\/#\/schema\/person\/image\/\",\"url\":\"https:\/\/secure.gravatar.com\/avatar\/75d8b050df2de108b08ae78dfb8e374892df24a383c67db9c46a9c604f6aee9c?s=96&d=mm&r=g\",\"contentUrl\":\"https:\/\/secure.gravatar.com\/avatar\/75d8b050df2de108b08ae78dfb8e374892df24a383c67db9c46a9c604f6aee9c?s=96&d=mm&r=g\",\"caption\":\"Reda\u00e7\u00e3o\"},\"sameAs\":[\"https:\/\/brasilnoticias.org\/site\"],\"url\":\"https:\/\/brasilnoticias.org\/site\/author\/fernandozsngmail-com\/\"}]}<\/script>\n<!-- \/ Yoast SEO plugin. -->","yoast_head_json":{"title":"Isabela Scalabrini deixa a Globo ap\u00f3s 44 anos - Brasil not\u00edcias","robots":{"index":"index","follow":"follow","max-snippet":"max-snippet:-1","max-image-preview":"max-image-preview:large","max-video-preview":"max-video-preview:-1"},"canonical":"https:\/\/brasilnoticias.org\/site\/isabela-scalabrini-deixa-a-globo-apos-44-anos\/","og_locale":"pt_PT","og_type":"article","og_title":"Isabela Scalabrini deixa a Globo ap\u00f3s 44 anos - Brasil not\u00edcias","og_description":"A rep\u00f3rter Isabela Scalabrini, da Globo, est\u00e1 saindo da emissora ap\u00f3s 44 anos de casa. Ela e a emissora chegaram","og_url":"https:\/\/brasilnoticias.org\/site\/isabela-scalabrini-deixa-a-globo-apos-44-anos\/","og_site_name":"Brasil not\u00edcias","article_published_time":"2023-02-01T21:20:37+00:00","og_image":[{"width":960,"height":540,"url":"https:\/\/brasilnoticias.org\/site\/wp-content\/uploads\/2023\/02\/naom_5c584e075ca60.jpg","type":"image\/jpeg"}],"author":"Reda\u00e7\u00e3o","twitter_card":"summary_large_image","twitter_misc":{"Escrito por":"Reda\u00e7\u00e3o","Tempo estimado de leitura":"6 minutos"},"schema":{"@context":"https:\/\/schema.org","@graph":[{"@type":"Article","@id":"https:\/\/brasilnoticias.org\/site\/isabela-scalabrini-deixa-a-globo-apos-44-anos\/#article","isPartOf":{"@id":"https:\/\/brasilnoticias.org\/site\/isabela-scalabrini-deixa-a-globo-apos-44-anos\/"},"author":{"name":"Reda\u00e7\u00e3o","@id":"https:\/\/brasilnoticias.org\/site\/#\/schema\/person\/a0e05b973ec4d15c658d51911e53507b"},"headline":"Isabela Scalabrini deixa a Globo ap\u00f3s 44 anos","datePublished":"2023-02-01T21:20:37+00:00","mainEntityOfPage":{"@id":"https:\/\/brasilnoticias.org\/site\/isabela-scalabrini-deixa-a-globo-apos-44-anos\/"},"wordCount":1194,"commentCount":0,"publisher":{"@id":"https:\/\/brasilnoticias.org\/site\/#organization"},"image":{"@id":"https:\/\/brasilnoticias.org\/site\/isabela-scalabrini-deixa-a-globo-apos-44-anos\/#primaryimage"},"thumbnailUrl":"https:\/\/brasilnoticias.org\/site\/wp-content\/uploads\/2023\/02\/naom_5c584e075ca60.jpg","articleSection":["Not\u00edcias","\u00daltimas"],"inLanguage":"pt-PT","potentialAction":[{"@type":"CommentAction","name":"Comment","target":["https:\/\/brasilnoticias.org\/site\/isabela-scalabrini-deixa-a-globo-apos-44-anos\/#respond"]}]},{"@type":"WebPage","@id":"https:\/\/brasilnoticias.org\/site\/isabela-scalabrini-deixa-a-globo-apos-44-anos\/","url":"https:\/\/brasilnoticias.org\/site\/isabela-scalabrini-deixa-a-globo-apos-44-anos\/","name":"Isabela Scalabrini deixa a Globo ap\u00f3s 44 anos - Brasil not\u00edcias","isPartOf":{"@id":"https:\/\/brasilnoticias.org\/site\/#website"},"primaryImageOfPage":{"@id":"https:\/\/brasilnoticias.org\/site\/isabela-scalabrini-deixa-a-globo-apos-44-anos\/#primaryimage"},"image":{"@id":"https:\/\/brasilnoticias.org\/site\/isabela-scalabrini-deixa-a-globo-apos-44-anos\/#primaryimage"},"thumbnailUrl":"https:\/\/brasilnoticias.org\/site\/wp-content\/uploads\/2023\/02\/naom_5c584e075ca60.jpg","datePublished":"2023-02-01T21:20:37+00:00","breadcrumb":{"@id":"https:\/\/brasilnoticias.org\/site\/isabela-scalabrini-deixa-a-globo-apos-44-anos\/#breadcrumb"},"inLanguage":"pt-PT","potentialAction":[{"@type":"ReadAction","target":["https:\/\/brasilnoticias.org\/site\/isabela-scalabrini-deixa-a-globo-apos-44-anos\/"]}]},{"@type":"ImageObject","inLanguage":"pt-PT","@id":"https:\/\/brasilnoticias.org\/site\/isabela-scalabrini-deixa-a-globo-apos-44-anos\/#primaryimage","url":"https:\/\/brasilnoticias.org\/site\/wp-content\/uploads\/2023\/02\/naom_5c584e075ca60.jpg","contentUrl":"https:\/\/brasilnoticias.org\/site\/wp-content\/uploads\/2023\/02\/naom_5c584e075ca60.jpg","width":960,"height":540},{"@type":"BreadcrumbList","@id":"https:\/\/brasilnoticias.org\/site\/isabela-scalabrini-deixa-a-globo-apos-44-anos\/#breadcrumb","itemListElement":[{"@type":"ListItem","position":1,"name":"In\u00edcio","item":"https:\/\/brasilnoticias.org\/site\/"},{"@type":"ListItem","position":2,"name":"Isabela Scalabrini deixa a Globo ap\u00f3s 44 anos"}]},{"@type":"WebSite","@id":"https:\/\/brasilnoticias.org\/site\/#website","url":"https:\/\/brasilnoticias.org\/site\/","name":"Brasil not\u00edcias","description":"Brasil not\u00edcias","publisher":{"@id":"https:\/\/brasilnoticias.org\/site\/#organization"},"potentialAction":[{"@type":"SearchAction","target":{"@type":"EntryPoint","urlTemplate":"https:\/\/brasilnoticias.org\/site\/?s={search_term_string}"},"query-input":{"@type":"PropertyValueSpecification","valueRequired":true,"valueName":"search_term_string"}}],"inLanguage":"pt-PT"},{"@type":"Organization","@id":"https:\/\/brasilnoticias.org\/site\/#organization","name":"Brasil not\u00edcias","url":"https:\/\/brasilnoticias.org\/site\/","logo":{"@type":"ImageObject","inLanguage":"pt-PT","@id":"https:\/\/brasilnoticias.org\/site\/#\/schema\/logo\/image\/","url":"https:\/\/brasilnoticias.org\/site\/wp-content\/uploads\/2022\/05\/cropped-brasilnoticias-mini.jpg","contentUrl":"https:\/\/brasilnoticias.org\/site\/wp-content\/uploads\/2022\/05\/cropped-brasilnoticias-mini.jpg","width":314,"height":86,"caption":"Brasil not\u00edcias"},"image":{"@id":"https:\/\/brasilnoticias.org\/site\/#\/schema\/logo\/image\/"}},{"@type":"Person","@id":"https:\/\/brasilnoticias.org\/site\/#\/schema\/person\/a0e05b973ec4d15c658d51911e53507b","name":"Reda\u00e7\u00e3o","image":{"@type":"ImageObject","inLanguage":"pt-PT","@id":"https:\/\/brasilnoticias.org\/site\/#\/schema\/person\/image\/","url":"https:\/\/secure.gravatar.com\/avatar\/75d8b050df2de108b08ae78dfb8e374892df24a383c67db9c46a9c604f6aee9c?s=96&d=mm&r=g","contentUrl":"https:\/\/secure.gravatar.com\/avatar\/75d8b050df2de108b08ae78dfb8e374892df24a383c67db9c46a9c604f6aee9c?s=96&d=mm&r=g","caption":"Reda\u00e7\u00e3o"},"sameAs":["https:\/\/brasilnoticias.org\/site"],"url":"https:\/\/brasilnoticias.org\/site\/author\/fernandozsngmail-com\/"}]}},"_links":{"self":[{"href":"https:\/\/brasilnoticias.org\/site\/wp-json\/wp\/v2\/posts\/3612","targetHints":{"allow":["GET"]}}],"collection":[{"href":"https:\/\/brasilnoticias.org\/site\/wp-json\/wp\/v2\/posts"}],"about":[{"href":"https:\/\/brasilnoticias.org\/site\/wp-json\/wp\/v2\/types\/post"}],"author":[{"embeddable":true,"href":"https:\/\/brasilnoticias.org\/site\/wp-json\/wp\/v2\/users\/1"}],"replies":[{"embeddable":true,"href":"https:\/\/brasilnoticias.org\/site\/wp-json\/wp\/v2\/comments?post=3612"}],"version-history":[{"count":1,"href":"https:\/\/brasilnoticias.org\/site\/wp-json\/wp\/v2\/posts\/3612\/revisions"}],"predecessor-version":[{"id":3614,"href":"https:\/\/brasilnoticias.org\/site\/wp-json\/wp\/v2\/posts\/3612\/revisions\/3614"}],"wp:featuredmedia":[{"embeddable":true,"href":"https:\/\/brasilnoticias.org\/site\/wp-json\/wp\/v2\/media\/3613"}],"wp:attachment":[{"href":"https:\/\/brasilnoticias.org\/site\/wp-json\/wp\/v2\/media?parent=3612"}],"wp:term":[{"taxonomy":"category","embeddable":true,"href":"https:\/\/brasilnoticias.org\/site\/wp-json\/wp\/v2\/categories?post=3612"},{"taxonomy":"post_tag","embeddable":true,"href":"https:\/\/brasilnoticias.org\/site\/wp-json\/wp\/v2\/tags?post=3612"}],"curies":[{"name":"wp","href":"https:\/\/api.w.org\/{rel}","templated":true}]}}