{"id":3619,"date":"2023-02-02T07:00:58","date_gmt":"2023-02-02T10:00:58","guid":{"rendered":"https:\/\/brasilnoticias.org\/site\/?p=3619"},"modified":"2023-02-01T11:42:59","modified_gmt":"2023-02-01T14:42:59","slug":"duas-mil-pessoas-foram-baleadas-na-regiao-metropolitana-do-rio-em-2022","status":"publish","type":"post","link":"https:\/\/brasilnoticias.org\/site\/duas-mil-pessoas-foram-baleadas-na-regiao-metropolitana-do-rio-em-2022\/","title":{"rendered":"Duas mil pessoas foram baleadas na regi\u00e3o metropolitana do Rio em 2022"},"content":{"rendered":"<p>O relat\u00f3rio do Instituto Fogo Cruzado referente ao ano de 2022 apontou que a zona norte da capital fluminense concentrou 38% do total de tiroteios mapeados no ano na regi\u00e3o metropolitana do Rio de Janeiro. O levantamento, publicamente disponibilizado na \u00edntegra, apresenta diversas segmenta\u00e7\u00f5es dos dados. Revela, por exemplo, epis\u00f3dios envolvendo opera\u00e7\u00f5es policiais, bairros mais afetados, recortes das v\u00edtimas por faixa et\u00e1ria e n\u00fameros de ocorr\u00eancias envolvendo proximidades de unidades de ensino e de sa\u00fade.<\/p>\n<p>O Fogo Cruzado surgiu inicialmente como um aplicativo desenvolvido pela Anistia Internacional e lan\u00e7ado em 2016 para monitoramento de tiroteios e seus impactos em centros urbanos. Foi sendo aprimorado, convertendo-se em um plataforma capaz de reunir diversos indicadores sobre viol\u00eancia armada. Em 2018, o projeto passou a ter uma gest\u00e3o independente e aut\u00f4noma.<\/p>\n<p>Atualmente, o trabalho \u00e9 realizado em 49 munic\u00edpios de tr\u00eas regi\u00f5es metropolitanas: Rio de Janeiro, Recife e Salvador. Com o objetivo de fornecer informa\u00e7\u00f5es que possam auxiliar o planejamento de pol\u00edticas de seguran\u00e7a p\u00fablica eficazes, o relat\u00f3rio anual apresenta um panorama com detalhes do monitoramento.<\/p>\n<p>Os dados da regi\u00e3o metropolitana do Rio de Janeiro aparecem no relat\u00f3rio divididos por seis localidades. Quatro s\u00e3o delas se referem \u00e0 capital: zona norte, zona oeste, zona sul e centro. As outras duas s\u00e3o Baixada Fluminense \u2013 composta por 13 munic\u00edpios como Belford Roxo, Duque de Caxias, Nil\u00f3polis, Nova Igua\u00e7u e S\u00e3o Jo\u00e3o de Meriti \u2013 e Leste Metropolitano \u2013 que inclui Niter\u00f3i, S\u00e3o Gon\u00e7alo, Itabora\u00ed, Maric\u00e1 e outros.<\/p>\n<p>De acordo com o levantamento, houve 3.587 tiroteios na regi\u00e3o metropolitana do Rio de Janeiro em 2022, o que representa uma m\u00e9dia de dez por dia. Os dados apontam uma queda de 23% em rela\u00e7\u00e3o a 2021, quando houve uma m\u00e9dia de 13 registros di\u00e1rios.<\/p>\n<p>Resultaram em mortos ou feridos 45% dos tiroteios mapeados. Ao todo, 2 mil pessoas foram baleadas: 984 morreram e 1.016 ficaram feridas. Na m\u00e9dia, 166 pessoas foram baleadas por m\u00eas. Na compara\u00e7\u00e3o com 2021, houve uma queda de 9% no n\u00famero de mortos. A quantidade de feridos ficou est\u00e1vel.<\/p>\n<p>Tiroteios ocorridos durante a\u00e7\u00f5es ou opera\u00e7\u00f5es policiais em 2022 representaram 35% do total. Foi registrada a morte de 67 agentes de seguran\u00e7a p\u00fablica baleados em servi\u00e7o, e 44 ficaram feridos. Outros 52 \u00f3bitos e 33 v\u00edtimas feridas foram contabilizados envolvendo profissionais fora de servi\u00e7o, aposentados ou exonerados. Na compara\u00e7\u00e3o com 2021, houve queda de 18% no n\u00famero de agentes mortos.<\/p>\n<p>O mapeamento tamb\u00e9m contabilizou 109 atingidos por balas perdidas em 2022, dos quais 26 morreram. Em praticamente 60% dos epis\u00f3dios, as v\u00edtimas foram baleadas durante a\u00e7\u00f5es ou opera\u00e7\u00f5es policiais.<\/p>\n<p>Al\u00e9m de concentrar 38% do total de tiroteios, a zona norte do Rio registrou o maior n\u00famero de feridos. J\u00e1 a Baixada Fluminense respondeu pelo maior n\u00famero de mortes: foram 302, pouco mais de 30% do total mapeado.<\/p>\n<p>No recorte por bairros, os tr\u00eas mais afetados por tiroteios est\u00e3o na cidade do Rio de Janeiro: Pra\u00e7a Seca (73 ocorr\u00eancias), Mar\u00e9 (67) e Vila Kennedy (65). Em outros munic\u00edpios, o bairro Olavo Bilac, em Duque de Caxias, foi o que contabilizou mais epis\u00f3dios. Nos registros de mortes causadas por disparos de armas de fogo, despontam tr\u00eas bairros da capital: Penha (34), Mar\u00e9 (25) e Complexo do Alem\u00e3o (19).<\/p>\n<p>O relat\u00f3rio tamb\u00e9m traz informa\u00e7\u00f5es sobre munic\u00edpios de Pernambuco e Bahia. Na regi\u00e3o metropolitana do Recife, foram contabilizadas 1.307 mortes por disparos de arma de fogo, o maior n\u00famero j\u00e1 registrado desde que o Instituto Fogo Cruzado come\u00e7ou a operar no estado, em 2018. Na Bahia, os dados tamb\u00e9m revelaram uma alta letalidade. No segundo semestre de 2022, a regi\u00e3o metropolitana de Salvador contabilizou 499 \u00f3bitos causados por arma de fogo. Na m\u00e9dia, significa 83 ocorr\u00eancia por m\u00eas, quase tr\u00eas por dia.<\/p>\n<p>Foto iStock<br \/>\nNot\u00edcias ao minuto<\/p>\n","protected":false},"excerpt":{"rendered":"<p>O relat\u00f3rio do Instituto Fogo Cruzado referente ao ano de 2022 apontou que a zona norte da capital fluminense concentrou<\/p>\n","protected":false},"author":1,"featured_media":3620,"comment_status":"open","ping_status":"open","sticky":false,"template":"","format":"standard","meta":{"colormag_page_container_layout":"default_layout","colormag_page_sidebar_layout":"default_layout","_FSMCFIC_featured_image_caption":"","_FSMCFIC_featured_image_nocaption":"","_FSMCFIC_featured_image_hide":"","footnotes":""},"categories":[2,1],"tags":[],"class_list":["post-3619","post","type-post","status-publish","format-standard","has-post-thumbnail","hentry","category-noticias","category-ultimas"],"yoast_head":"<!-- This site is optimized with the Yoast SEO plugin v27.1.1 - https:\/\/yoast.com\/product\/yoast-seo-wordpress\/ -->\n<title>Duas mil pessoas foram baleadas na regi\u00e3o metropolitana do Rio em 2022 - Brasil not\u00edcias<\/title>\n<meta name=\"robots\" content=\"index, follow, max-snippet:-1, max-image-preview:large, max-video-preview:-1\" \/>\n<link rel=\"canonical\" href=\"https:\/\/brasilnoticias.org\/site\/duas-mil-pessoas-foram-baleadas-na-regiao-metropolitana-do-rio-em-2022\/\" \/>\n<meta property=\"og:locale\" content=\"pt_PT\" \/>\n<meta property=\"og:type\" content=\"article\" \/>\n<meta property=\"og:title\" content=\"Duas mil pessoas foram baleadas na regi\u00e3o metropolitana do Rio em 2022 - Brasil not\u00edcias\" \/>\n<meta property=\"og:description\" content=\"O relat\u00f3rio do Instituto Fogo Cruzado referente ao ano de 2022 apontou que a zona norte da capital fluminense concentrou\" \/>\n<meta property=\"og:url\" content=\"https:\/\/brasilnoticias.org\/site\/duas-mil-pessoas-foram-baleadas-na-regiao-metropolitana-do-rio-em-2022\/\" \/>\n<meta property=\"og:site_name\" content=\"Brasil not\u00edcias\" \/>\n<meta property=\"article:published_time\" content=\"2023-02-02T10:00:58+00:00\" \/>\n<meta property=\"og:image\" content=\"https:\/\/brasilnoticias.org\/site\/wp-content\/uploads\/2023\/02\/naom_59f240c5083cf.jpg\" \/>\n\t<meta property=\"og:image:width\" content=\"960\" \/>\n\t<meta property=\"og:image:height\" content=\"540\" \/>\n\t<meta property=\"og:image:type\" content=\"image\/jpeg\" \/>\n<meta name=\"author\" content=\"Reda\u00e7\u00e3o\" \/>\n<meta name=\"twitter:card\" content=\"summary_large_image\" \/>\n<meta name=\"twitter:label1\" content=\"Escrito por\" \/>\n\t<meta name=\"twitter:data1\" content=\"Reda\u00e7\u00e3o\" \/>\n\t<meta name=\"twitter:label2\" content=\"Tempo estimado de leitura\" \/>\n\t<meta name=\"twitter:data2\" content=\"3 minutos\" \/>\n<script type=\"application\/ld+json\" class=\"yoast-schema-graph\">{\"@context\":\"https:\/\/schema.org\",\"@graph\":[{\"@type\":\"Article\",\"@id\":\"https:\/\/brasilnoticias.org\/site\/duas-mil-pessoas-foram-baleadas-na-regiao-metropolitana-do-rio-em-2022\/#article\",\"isPartOf\":{\"@id\":\"https:\/\/brasilnoticias.org\/site\/duas-mil-pessoas-foram-baleadas-na-regiao-metropolitana-do-rio-em-2022\/\"},\"author\":{\"name\":\"Reda\u00e7\u00e3o\",\"@id\":\"https:\/\/brasilnoticias.org\/site\/#\/schema\/person\/a0e05b973ec4d15c658d51911e53507b\"},\"headline\":\"Duas mil pessoas foram baleadas na regi\u00e3o metropolitana do Rio em 2022\",\"datePublished\":\"2023-02-02T10:00:58+00:00\",\"mainEntityOfPage\":{\"@id\":\"https:\/\/brasilnoticias.org\/site\/duas-mil-pessoas-foram-baleadas-na-regiao-metropolitana-do-rio-em-2022\/\"},\"wordCount\":666,\"commentCount\":0,\"publisher\":{\"@id\":\"https:\/\/brasilnoticias.org\/site\/#organization\"},\"image\":{\"@id\":\"https:\/\/brasilnoticias.org\/site\/duas-mil-pessoas-foram-baleadas-na-regiao-metropolitana-do-rio-em-2022\/#primaryimage\"},\"thumbnailUrl\":\"https:\/\/brasilnoticias.org\/site\/wp-content\/uploads\/2023\/02\/naom_59f240c5083cf.jpg\",\"articleSection\":[\"Not\u00edcias\",\"\u00daltimas\"],\"inLanguage\":\"pt-PT\",\"potentialAction\":[{\"@type\":\"CommentAction\",\"name\":\"Comment\",\"target\":[\"https:\/\/brasilnoticias.org\/site\/duas-mil-pessoas-foram-baleadas-na-regiao-metropolitana-do-rio-em-2022\/#respond\"]}]},{\"@type\":\"WebPage\",\"@id\":\"https:\/\/brasilnoticias.org\/site\/duas-mil-pessoas-foram-baleadas-na-regiao-metropolitana-do-rio-em-2022\/\",\"url\":\"https:\/\/brasilnoticias.org\/site\/duas-mil-pessoas-foram-baleadas-na-regiao-metropolitana-do-rio-em-2022\/\",\"name\":\"Duas mil pessoas foram baleadas na regi\u00e3o metropolitana do Rio em 2022 - Brasil not\u00edcias\",\"isPartOf\":{\"@id\":\"https:\/\/brasilnoticias.org\/site\/#website\"},\"primaryImageOfPage\":{\"@id\":\"https:\/\/brasilnoticias.org\/site\/duas-mil-pessoas-foram-baleadas-na-regiao-metropolitana-do-rio-em-2022\/#primaryimage\"},\"image\":{\"@id\":\"https:\/\/brasilnoticias.org\/site\/duas-mil-pessoas-foram-baleadas-na-regiao-metropolitana-do-rio-em-2022\/#primaryimage\"},\"thumbnailUrl\":\"https:\/\/brasilnoticias.org\/site\/wp-content\/uploads\/2023\/02\/naom_59f240c5083cf.jpg\",\"datePublished\":\"2023-02-02T10:00:58+00:00\",\"breadcrumb\":{\"@id\":\"https:\/\/brasilnoticias.org\/site\/duas-mil-pessoas-foram-baleadas-na-regiao-metropolitana-do-rio-em-2022\/#breadcrumb\"},\"inLanguage\":\"pt-PT\",\"potentialAction\":[{\"@type\":\"ReadAction\",\"target\":[\"https:\/\/brasilnoticias.org\/site\/duas-mil-pessoas-foram-baleadas-na-regiao-metropolitana-do-rio-em-2022\/\"]}]},{\"@type\":\"ImageObject\",\"inLanguage\":\"pt-PT\",\"@id\":\"https:\/\/brasilnoticias.org\/site\/duas-mil-pessoas-foram-baleadas-na-regiao-metropolitana-do-rio-em-2022\/#primaryimage\",\"url\":\"https:\/\/brasilnoticias.org\/site\/wp-content\/uploads\/2023\/02\/naom_59f240c5083cf.jpg\",\"contentUrl\":\"https:\/\/brasilnoticias.org\/site\/wp-content\/uploads\/2023\/02\/naom_59f240c5083cf.jpg\",\"width\":960,\"height\":540},{\"@type\":\"BreadcrumbList\",\"@id\":\"https:\/\/brasilnoticias.org\/site\/duas-mil-pessoas-foram-baleadas-na-regiao-metropolitana-do-rio-em-2022\/#breadcrumb\",\"itemListElement\":[{\"@type\":\"ListItem\",\"position\":1,\"name\":\"In\u00edcio\",\"item\":\"https:\/\/brasilnoticias.org\/site\/\"},{\"@type\":\"ListItem\",\"position\":2,\"name\":\"Duas mil pessoas foram baleadas na regi\u00e3o metropolitana do Rio em 2022\"}]},{\"@type\":\"WebSite\",\"@id\":\"https:\/\/brasilnoticias.org\/site\/#website\",\"url\":\"https:\/\/brasilnoticias.org\/site\/\",\"name\":\"Brasil not\u00edcias\",\"description\":\"Brasil not\u00edcias\",\"publisher\":{\"@id\":\"https:\/\/brasilnoticias.org\/site\/#organization\"},\"potentialAction\":[{\"@type\":\"SearchAction\",\"target\":{\"@type\":\"EntryPoint\",\"urlTemplate\":\"https:\/\/brasilnoticias.org\/site\/?s={search_term_string}\"},\"query-input\":{\"@type\":\"PropertyValueSpecification\",\"valueRequired\":true,\"valueName\":\"search_term_string\"}}],\"inLanguage\":\"pt-PT\"},{\"@type\":\"Organization\",\"@id\":\"https:\/\/brasilnoticias.org\/site\/#organization\",\"name\":\"Brasil not\u00edcias\",\"url\":\"https:\/\/brasilnoticias.org\/site\/\",\"logo\":{\"@type\":\"ImageObject\",\"inLanguage\":\"pt-PT\",\"@id\":\"https:\/\/brasilnoticias.org\/site\/#\/schema\/logo\/image\/\",\"url\":\"https:\/\/brasilnoticias.org\/site\/wp-content\/uploads\/2022\/05\/cropped-brasilnoticias-mini.jpg\",\"contentUrl\":\"https:\/\/brasilnoticias.org\/site\/wp-content\/uploads\/2022\/05\/cropped-brasilnoticias-mini.jpg\",\"width\":314,\"height\":86,\"caption\":\"Brasil not\u00edcias\"},\"image\":{\"@id\":\"https:\/\/brasilnoticias.org\/site\/#\/schema\/logo\/image\/\"}},{\"@type\":\"Person\",\"@id\":\"https:\/\/brasilnoticias.org\/site\/#\/schema\/person\/a0e05b973ec4d15c658d51911e53507b\",\"name\":\"Reda\u00e7\u00e3o\",\"image\":{\"@type\":\"ImageObject\",\"inLanguage\":\"pt-PT\",\"@id\":\"https:\/\/brasilnoticias.org\/site\/#\/schema\/person\/image\/\",\"url\":\"https:\/\/secure.gravatar.com\/avatar\/75d8b050df2de108b08ae78dfb8e374892df24a383c67db9c46a9c604f6aee9c?s=96&d=mm&r=g\",\"contentUrl\":\"https:\/\/secure.gravatar.com\/avatar\/75d8b050df2de108b08ae78dfb8e374892df24a383c67db9c46a9c604f6aee9c?s=96&d=mm&r=g\",\"caption\":\"Reda\u00e7\u00e3o\"},\"sameAs\":[\"https:\/\/brasilnoticias.org\/site\"],\"url\":\"https:\/\/brasilnoticias.org\/site\/author\/fernandozsngmail-com\/\"}]}<\/script>\n<!-- \/ Yoast SEO plugin. -->","yoast_head_json":{"title":"Duas mil pessoas foram baleadas na regi\u00e3o metropolitana do Rio em 2022 - Brasil not\u00edcias","robots":{"index":"index","follow":"follow","max-snippet":"max-snippet:-1","max-image-preview":"max-image-preview:large","max-video-preview":"max-video-preview:-1"},"canonical":"https:\/\/brasilnoticias.org\/site\/duas-mil-pessoas-foram-baleadas-na-regiao-metropolitana-do-rio-em-2022\/","og_locale":"pt_PT","og_type":"article","og_title":"Duas mil pessoas foram baleadas na regi\u00e3o metropolitana do Rio em 2022 - Brasil not\u00edcias","og_description":"O relat\u00f3rio do Instituto Fogo Cruzado referente ao ano de 2022 apontou que a zona norte da capital fluminense concentrou","og_url":"https:\/\/brasilnoticias.org\/site\/duas-mil-pessoas-foram-baleadas-na-regiao-metropolitana-do-rio-em-2022\/","og_site_name":"Brasil not\u00edcias","article_published_time":"2023-02-02T10:00:58+00:00","og_image":[{"width":960,"height":540,"url":"https:\/\/brasilnoticias.org\/site\/wp-content\/uploads\/2023\/02\/naom_59f240c5083cf.jpg","type":"image\/jpeg"}],"author":"Reda\u00e7\u00e3o","twitter_card":"summary_large_image","twitter_misc":{"Escrito por":"Reda\u00e7\u00e3o","Tempo estimado de leitura":"3 minutos"},"schema":{"@context":"https:\/\/schema.org","@graph":[{"@type":"Article","@id":"https:\/\/brasilnoticias.org\/site\/duas-mil-pessoas-foram-baleadas-na-regiao-metropolitana-do-rio-em-2022\/#article","isPartOf":{"@id":"https:\/\/brasilnoticias.org\/site\/duas-mil-pessoas-foram-baleadas-na-regiao-metropolitana-do-rio-em-2022\/"},"author":{"name":"Reda\u00e7\u00e3o","@id":"https:\/\/brasilnoticias.org\/site\/#\/schema\/person\/a0e05b973ec4d15c658d51911e53507b"},"headline":"Duas mil pessoas foram baleadas na regi\u00e3o metropolitana do Rio em 2022","datePublished":"2023-02-02T10:00:58+00:00","mainEntityOfPage":{"@id":"https:\/\/brasilnoticias.org\/site\/duas-mil-pessoas-foram-baleadas-na-regiao-metropolitana-do-rio-em-2022\/"},"wordCount":666,"commentCount":0,"publisher":{"@id":"https:\/\/brasilnoticias.org\/site\/#organization"},"image":{"@id":"https:\/\/brasilnoticias.org\/site\/duas-mil-pessoas-foram-baleadas-na-regiao-metropolitana-do-rio-em-2022\/#primaryimage"},"thumbnailUrl":"https:\/\/brasilnoticias.org\/site\/wp-content\/uploads\/2023\/02\/naom_59f240c5083cf.jpg","articleSection":["Not\u00edcias","\u00daltimas"],"inLanguage":"pt-PT","potentialAction":[{"@type":"CommentAction","name":"Comment","target":["https:\/\/brasilnoticias.org\/site\/duas-mil-pessoas-foram-baleadas-na-regiao-metropolitana-do-rio-em-2022\/#respond"]}]},{"@type":"WebPage","@id":"https:\/\/brasilnoticias.org\/site\/duas-mil-pessoas-foram-baleadas-na-regiao-metropolitana-do-rio-em-2022\/","url":"https:\/\/brasilnoticias.org\/site\/duas-mil-pessoas-foram-baleadas-na-regiao-metropolitana-do-rio-em-2022\/","name":"Duas mil pessoas foram baleadas na regi\u00e3o metropolitana do Rio em 2022 - Brasil not\u00edcias","isPartOf":{"@id":"https:\/\/brasilnoticias.org\/site\/#website"},"primaryImageOfPage":{"@id":"https:\/\/brasilnoticias.org\/site\/duas-mil-pessoas-foram-baleadas-na-regiao-metropolitana-do-rio-em-2022\/#primaryimage"},"image":{"@id":"https:\/\/brasilnoticias.org\/site\/duas-mil-pessoas-foram-baleadas-na-regiao-metropolitana-do-rio-em-2022\/#primaryimage"},"thumbnailUrl":"https:\/\/brasilnoticias.org\/site\/wp-content\/uploads\/2023\/02\/naom_59f240c5083cf.jpg","datePublished":"2023-02-02T10:00:58+00:00","breadcrumb":{"@id":"https:\/\/brasilnoticias.org\/site\/duas-mil-pessoas-foram-baleadas-na-regiao-metropolitana-do-rio-em-2022\/#breadcrumb"},"inLanguage":"pt-PT","potentialAction":[{"@type":"ReadAction","target":["https:\/\/brasilnoticias.org\/site\/duas-mil-pessoas-foram-baleadas-na-regiao-metropolitana-do-rio-em-2022\/"]}]},{"@type":"ImageObject","inLanguage":"pt-PT","@id":"https:\/\/brasilnoticias.org\/site\/duas-mil-pessoas-foram-baleadas-na-regiao-metropolitana-do-rio-em-2022\/#primaryimage","url":"https:\/\/brasilnoticias.org\/site\/wp-content\/uploads\/2023\/02\/naom_59f240c5083cf.jpg","contentUrl":"https:\/\/brasilnoticias.org\/site\/wp-content\/uploads\/2023\/02\/naom_59f240c5083cf.jpg","width":960,"height":540},{"@type":"BreadcrumbList","@id":"https:\/\/brasilnoticias.org\/site\/duas-mil-pessoas-foram-baleadas-na-regiao-metropolitana-do-rio-em-2022\/#breadcrumb","itemListElement":[{"@type":"ListItem","position":1,"name":"In\u00edcio","item":"https:\/\/brasilnoticias.org\/site\/"},{"@type":"ListItem","position":2,"name":"Duas mil pessoas foram baleadas na regi\u00e3o metropolitana do Rio em 2022"}]},{"@type":"WebSite","@id":"https:\/\/brasilnoticias.org\/site\/#website","url":"https:\/\/brasilnoticias.org\/site\/","name":"Brasil not\u00edcias","description":"Brasil not\u00edcias","publisher":{"@id":"https:\/\/brasilnoticias.org\/site\/#organization"},"potentialAction":[{"@type":"SearchAction","target":{"@type":"EntryPoint","urlTemplate":"https:\/\/brasilnoticias.org\/site\/?s={search_term_string}"},"query-input":{"@type":"PropertyValueSpecification","valueRequired":true,"valueName":"search_term_string"}}],"inLanguage":"pt-PT"},{"@type":"Organization","@id":"https:\/\/brasilnoticias.org\/site\/#organization","name":"Brasil not\u00edcias","url":"https:\/\/brasilnoticias.org\/site\/","logo":{"@type":"ImageObject","inLanguage":"pt-PT","@id":"https:\/\/brasilnoticias.org\/site\/#\/schema\/logo\/image\/","url":"https:\/\/brasilnoticias.org\/site\/wp-content\/uploads\/2022\/05\/cropped-brasilnoticias-mini.jpg","contentUrl":"https:\/\/brasilnoticias.org\/site\/wp-content\/uploads\/2022\/05\/cropped-brasilnoticias-mini.jpg","width":314,"height":86,"caption":"Brasil not\u00edcias"},"image":{"@id":"https:\/\/brasilnoticias.org\/site\/#\/schema\/logo\/image\/"}},{"@type":"Person","@id":"https:\/\/brasilnoticias.org\/site\/#\/schema\/person\/a0e05b973ec4d15c658d51911e53507b","name":"Reda\u00e7\u00e3o","image":{"@type":"ImageObject","inLanguage":"pt-PT","@id":"https:\/\/brasilnoticias.org\/site\/#\/schema\/person\/image\/","url":"https:\/\/secure.gravatar.com\/avatar\/75d8b050df2de108b08ae78dfb8e374892df24a383c67db9c46a9c604f6aee9c?s=96&d=mm&r=g","contentUrl":"https:\/\/secure.gravatar.com\/avatar\/75d8b050df2de108b08ae78dfb8e374892df24a383c67db9c46a9c604f6aee9c?s=96&d=mm&r=g","caption":"Reda\u00e7\u00e3o"},"sameAs":["https:\/\/brasilnoticias.org\/site"],"url":"https:\/\/brasilnoticias.org\/site\/author\/fernandozsngmail-com\/"}]}},"_links":{"self":[{"href":"https:\/\/brasilnoticias.org\/site\/wp-json\/wp\/v2\/posts\/3619","targetHints":{"allow":["GET"]}}],"collection":[{"href":"https:\/\/brasilnoticias.org\/site\/wp-json\/wp\/v2\/posts"}],"about":[{"href":"https:\/\/brasilnoticias.org\/site\/wp-json\/wp\/v2\/types\/post"}],"author":[{"embeddable":true,"href":"https:\/\/brasilnoticias.org\/site\/wp-json\/wp\/v2\/users\/1"}],"replies":[{"embeddable":true,"href":"https:\/\/brasilnoticias.org\/site\/wp-json\/wp\/v2\/comments?post=3619"}],"version-history":[{"count":1,"href":"https:\/\/brasilnoticias.org\/site\/wp-json\/wp\/v2\/posts\/3619\/revisions"}],"predecessor-version":[{"id":3621,"href":"https:\/\/brasilnoticias.org\/site\/wp-json\/wp\/v2\/posts\/3619\/revisions\/3621"}],"wp:featuredmedia":[{"embeddable":true,"href":"https:\/\/brasilnoticias.org\/site\/wp-json\/wp\/v2\/media\/3620"}],"wp:attachment":[{"href":"https:\/\/brasilnoticias.org\/site\/wp-json\/wp\/v2\/media?parent=3619"}],"wp:term":[{"taxonomy":"category","embeddable":true,"href":"https:\/\/brasilnoticias.org\/site\/wp-json\/wp\/v2\/categories?post=3619"},{"taxonomy":"post_tag","embeddable":true,"href":"https:\/\/brasilnoticias.org\/site\/wp-json\/wp\/v2\/tags?post=3619"}],"curies":[{"name":"wp","href":"https:\/\/api.w.org\/{rel}","templated":true}]}}