{"id":3628,"date":"2023-02-02T07:30:37","date_gmt":"2023-02-02T10:30:37","guid":{"rendered":"https:\/\/brasilnoticias.org\/site\/?p=3628"},"modified":"2023-02-01T12:02:17","modified_gmt":"2023-02-01T15:02:17","slug":"xavier-se-despede-do-corinthians-apos-nao-ter-contrato-renovado","status":"publish","type":"post","link":"https:\/\/brasilnoticias.org\/site\/xavier-se-despede-do-corinthians-apos-nao-ter-contrato-renovado\/","title":{"rendered":"Xavier se despede do Corinthians ap\u00f3s n\u00e3o ter contrato renovado"},"content":{"rendered":"<p>O volante Xavier, de 22 anos, est\u00e1 livre no mercado ap\u00f3s o encerramento de seu contrato com o Corinthians, que venceu nesta ter\u00e7a-feira. Contratado junto \u00e0 Ponte Preta em 2019 para o time sub- 20 e promovido ao profissional em 2020, ele n\u00e3o foi procurado pela diretoria para renovar o v\u00ednculo e vinha treinando em hor\u00e1rios alternativos no CT Joaquim Grava.<br \/>\nXavier se destacou na base corintiana ap\u00f3s chamar aten\u00e7\u00e3o no time campineiro e n\u00e3o demorou para receber oportunidade no time profissional. Fez o primeiro jogo em setembro de 2020, quando Dyego Coelho ocupava o posto de interino ap\u00f3s a demiss\u00e3o de Tiago Nunes.<\/p>\n<p>Como havia sido treinador do sub-20, Coelho apostou na estreia de Xavier e Roni, j\u00e1 como titulares, em jogo contra o Bahia pelo Brasileir\u00e3o, e viu seu time vencer por 3 a 2. Roni marcou um dos gols da vit\u00f3ria, mas Xavier tamb\u00e9m chamou aten\u00e7\u00e3o por mostrar for\u00e7a f\u00edsica e tamb\u00e9m qualidade t\u00e9cnica.<\/p>\n<p>Depois disso, ambos receberam algumas oportunidades ao longo de 2020 e 2021, mas perderam espa\u00e7o no ano passado, principalmente Xavier, que fez s\u00f3 111 apari\u00e7\u00f5es. Roni, que j\u00e1 recebeu muitas cr\u00edticas de parte da torcida, passou a ser aproveitado por Fernando L\u00e1zaro na atual temporada e foi titular no cl\u00e1ssico com o S\u00e3o Paulo. Xavier, por sua vez, saiu dos planos de vez. O volante deixou o Corinthians ap\u00f3s 52 jogos.<\/p>\n<p>O atual elenco corintiano tem op\u00e7\u00f5es de diferentes caracter\u00edsticas para a conten\u00e7\u00e3o do meio de campo. Al\u00e9m de Roni, conta com Du Queiroz, que no meio do ano ir\u00e1 para o Zenit, Maycon, Cantillo, Fausto Vera e Paulinho.<\/p>\n<p>Foto RODRIGO COCA \/ AG. CORINTHIANS<br \/>\nNot\u00edcias ao minuto<\/p>\n","protected":false},"excerpt":{"rendered":"<p>O volante Xavier, de 22 anos, est\u00e1 livre no mercado ap\u00f3s o encerramento de seu contrato com o Corinthians, que<\/p>\n","protected":false},"author":1,"featured_media":3629,"comment_status":"open","ping_status":"open","sticky":false,"template":"","format":"standard","meta":{"colormag_page_container_layout":"default_layout","colormag_page_sidebar_layout":"default_layout","_FSMCFIC_featured_image_caption":"","_FSMCFIC_featured_image_nocaption":"","_FSMCFIC_featured_image_hide":"","footnotes":""},"categories":[4,1],"tags":[],"class_list":["post-3628","post","type-post","status-publish","format-standard","has-post-thumbnail","hentry","category-esporte","category-ultimas"],"yoast_head":"<!-- This site is optimized with the Yoast SEO plugin v27.1.1 - https:\/\/yoast.com\/product\/yoast-seo-wordpress\/ -->\n<title>Xavier se despede do Corinthians ap\u00f3s n\u00e3o ter contrato renovado - Brasil not\u00edcias<\/title>\n<meta name=\"robots\" content=\"index, follow, max-snippet:-1, max-image-preview:large, max-video-preview:-1\" \/>\n<link rel=\"canonical\" href=\"https:\/\/brasilnoticias.org\/site\/xavier-se-despede-do-corinthians-apos-nao-ter-contrato-renovado\/\" \/>\n<meta property=\"og:locale\" content=\"pt_PT\" \/>\n<meta property=\"og:type\" content=\"article\" \/>\n<meta property=\"og:title\" content=\"Xavier se despede do Corinthians ap\u00f3s n\u00e3o ter contrato renovado - Brasil not\u00edcias\" \/>\n<meta property=\"og:description\" content=\"O volante Xavier, de 22 anos, est\u00e1 livre no mercado ap\u00f3s o encerramento de seu contrato com o Corinthians, que\" \/>\n<meta property=\"og:url\" content=\"https:\/\/brasilnoticias.org\/site\/xavier-se-despede-do-corinthians-apos-nao-ter-contrato-renovado\/\" \/>\n<meta property=\"og:site_name\" content=\"Brasil not\u00edcias\" \/>\n<meta property=\"article:published_time\" content=\"2023-02-02T10:30:37+00:00\" \/>\n<meta property=\"og:image\" content=\"https:\/\/brasilnoticias.org\/site\/wp-content\/uploads\/2023\/02\/naom_63da64e577a51.jpg\" \/>\n\t<meta property=\"og:image:width\" content=\"960\" \/>\n\t<meta property=\"og:image:height\" content=\"540\" \/>\n\t<meta property=\"og:image:type\" content=\"image\/jpeg\" \/>\n<meta name=\"author\" content=\"Reda\u00e7\u00e3o\" \/>\n<meta name=\"twitter:card\" content=\"summary_large_image\" \/>\n<meta name=\"twitter:label1\" content=\"Escrito por\" \/>\n\t<meta name=\"twitter:data1\" content=\"Reda\u00e7\u00e3o\" \/>\n\t<meta name=\"twitter:label2\" content=\"Tempo estimado de leitura\" \/>\n\t<meta name=\"twitter:data2\" content=\"1 minuto\" \/>\n<script type=\"application\/ld+json\" class=\"yoast-schema-graph\">{\"@context\":\"https:\/\/schema.org\",\"@graph\":[{\"@type\":\"Article\",\"@id\":\"https:\/\/brasilnoticias.org\/site\/xavier-se-despede-do-corinthians-apos-nao-ter-contrato-renovado\/#article\",\"isPartOf\":{\"@id\":\"https:\/\/brasilnoticias.org\/site\/xavier-se-despede-do-corinthians-apos-nao-ter-contrato-renovado\/\"},\"author\":{\"name\":\"Reda\u00e7\u00e3o\",\"@id\":\"https:\/\/brasilnoticias.org\/site\/#\/schema\/person\/a0e05b973ec4d15c658d51911e53507b\"},\"headline\":\"Xavier se despede do Corinthians ap\u00f3s n\u00e3o ter contrato renovado\",\"datePublished\":\"2023-02-02T10:30:37+00:00\",\"mainEntityOfPage\":{\"@id\":\"https:\/\/brasilnoticias.org\/site\/xavier-se-despede-do-corinthians-apos-nao-ter-contrato-renovado\/\"},\"wordCount\":304,\"commentCount\":0,\"publisher\":{\"@id\":\"https:\/\/brasilnoticias.org\/site\/#organization\"},\"image\":{\"@id\":\"https:\/\/brasilnoticias.org\/site\/xavier-se-despede-do-corinthians-apos-nao-ter-contrato-renovado\/#primaryimage\"},\"thumbnailUrl\":\"https:\/\/brasilnoticias.org\/site\/wp-content\/uploads\/2023\/02\/naom_63da64e577a51.jpg\",\"articleSection\":[\"Esporte\",\"\u00daltimas\"],\"inLanguage\":\"pt-PT\",\"potentialAction\":[{\"@type\":\"CommentAction\",\"name\":\"Comment\",\"target\":[\"https:\/\/brasilnoticias.org\/site\/xavier-se-despede-do-corinthians-apos-nao-ter-contrato-renovado\/#respond\"]}]},{\"@type\":\"WebPage\",\"@id\":\"https:\/\/brasilnoticias.org\/site\/xavier-se-despede-do-corinthians-apos-nao-ter-contrato-renovado\/\",\"url\":\"https:\/\/brasilnoticias.org\/site\/xavier-se-despede-do-corinthians-apos-nao-ter-contrato-renovado\/\",\"name\":\"Xavier se despede do Corinthians ap\u00f3s n\u00e3o ter contrato renovado - Brasil not\u00edcias\",\"isPartOf\":{\"@id\":\"https:\/\/brasilnoticias.org\/site\/#website\"},\"primaryImageOfPage\":{\"@id\":\"https:\/\/brasilnoticias.org\/site\/xavier-se-despede-do-corinthians-apos-nao-ter-contrato-renovado\/#primaryimage\"},\"image\":{\"@id\":\"https:\/\/brasilnoticias.org\/site\/xavier-se-despede-do-corinthians-apos-nao-ter-contrato-renovado\/#primaryimage\"},\"thumbnailUrl\":\"https:\/\/brasilnoticias.org\/site\/wp-content\/uploads\/2023\/02\/naom_63da64e577a51.jpg\",\"datePublished\":\"2023-02-02T10:30:37+00:00\",\"breadcrumb\":{\"@id\":\"https:\/\/brasilnoticias.org\/site\/xavier-se-despede-do-corinthians-apos-nao-ter-contrato-renovado\/#breadcrumb\"},\"inLanguage\":\"pt-PT\",\"potentialAction\":[{\"@type\":\"ReadAction\",\"target\":[\"https:\/\/brasilnoticias.org\/site\/xavier-se-despede-do-corinthians-apos-nao-ter-contrato-renovado\/\"]}]},{\"@type\":\"ImageObject\",\"inLanguage\":\"pt-PT\",\"@id\":\"https:\/\/brasilnoticias.org\/site\/xavier-se-despede-do-corinthians-apos-nao-ter-contrato-renovado\/#primaryimage\",\"url\":\"https:\/\/brasilnoticias.org\/site\/wp-content\/uploads\/2023\/02\/naom_63da64e577a51.jpg\",\"contentUrl\":\"https:\/\/brasilnoticias.org\/site\/wp-content\/uploads\/2023\/02\/naom_63da64e577a51.jpg\",\"width\":960,\"height\":540},{\"@type\":\"BreadcrumbList\",\"@id\":\"https:\/\/brasilnoticias.org\/site\/xavier-se-despede-do-corinthians-apos-nao-ter-contrato-renovado\/#breadcrumb\",\"itemListElement\":[{\"@type\":\"ListItem\",\"position\":1,\"name\":\"In\u00edcio\",\"item\":\"https:\/\/brasilnoticias.org\/site\/\"},{\"@type\":\"ListItem\",\"position\":2,\"name\":\"Xavier se despede do Corinthians ap\u00f3s n\u00e3o ter contrato renovado\"}]},{\"@type\":\"WebSite\",\"@id\":\"https:\/\/brasilnoticias.org\/site\/#website\",\"url\":\"https:\/\/brasilnoticias.org\/site\/\",\"name\":\"Brasil not\u00edcias\",\"description\":\"Brasil not\u00edcias\",\"publisher\":{\"@id\":\"https:\/\/brasilnoticias.org\/site\/#organization\"},\"potentialAction\":[{\"@type\":\"SearchAction\",\"target\":{\"@type\":\"EntryPoint\",\"urlTemplate\":\"https:\/\/brasilnoticias.org\/site\/?s={search_term_string}\"},\"query-input\":{\"@type\":\"PropertyValueSpecification\",\"valueRequired\":true,\"valueName\":\"search_term_string\"}}],\"inLanguage\":\"pt-PT\"},{\"@type\":\"Organization\",\"@id\":\"https:\/\/brasilnoticias.org\/site\/#organization\",\"name\":\"Brasil not\u00edcias\",\"url\":\"https:\/\/brasilnoticias.org\/site\/\",\"logo\":{\"@type\":\"ImageObject\",\"inLanguage\":\"pt-PT\",\"@id\":\"https:\/\/brasilnoticias.org\/site\/#\/schema\/logo\/image\/\",\"url\":\"https:\/\/brasilnoticias.org\/site\/wp-content\/uploads\/2022\/05\/cropped-brasilnoticias-mini.jpg\",\"contentUrl\":\"https:\/\/brasilnoticias.org\/site\/wp-content\/uploads\/2022\/05\/cropped-brasilnoticias-mini.jpg\",\"width\":314,\"height\":86,\"caption\":\"Brasil not\u00edcias\"},\"image\":{\"@id\":\"https:\/\/brasilnoticias.org\/site\/#\/schema\/logo\/image\/\"}},{\"@type\":\"Person\",\"@id\":\"https:\/\/brasilnoticias.org\/site\/#\/schema\/person\/a0e05b973ec4d15c658d51911e53507b\",\"name\":\"Reda\u00e7\u00e3o\",\"image\":{\"@type\":\"ImageObject\",\"inLanguage\":\"pt-PT\",\"@id\":\"https:\/\/brasilnoticias.org\/site\/#\/schema\/person\/image\/\",\"url\":\"https:\/\/secure.gravatar.com\/avatar\/75d8b050df2de108b08ae78dfb8e374892df24a383c67db9c46a9c604f6aee9c?s=96&d=mm&r=g\",\"contentUrl\":\"https:\/\/secure.gravatar.com\/avatar\/75d8b050df2de108b08ae78dfb8e374892df24a383c67db9c46a9c604f6aee9c?s=96&d=mm&r=g\",\"caption\":\"Reda\u00e7\u00e3o\"},\"sameAs\":[\"https:\/\/brasilnoticias.org\/site\"],\"url\":\"https:\/\/brasilnoticias.org\/site\/author\/fernandozsngmail-com\/\"}]}<\/script>\n<!-- \/ Yoast SEO plugin. -->","yoast_head_json":{"title":"Xavier se despede do Corinthians ap\u00f3s n\u00e3o ter contrato renovado - Brasil not\u00edcias","robots":{"index":"index","follow":"follow","max-snippet":"max-snippet:-1","max-image-preview":"max-image-preview:large","max-video-preview":"max-video-preview:-1"},"canonical":"https:\/\/brasilnoticias.org\/site\/xavier-se-despede-do-corinthians-apos-nao-ter-contrato-renovado\/","og_locale":"pt_PT","og_type":"article","og_title":"Xavier se despede do Corinthians ap\u00f3s n\u00e3o ter contrato renovado - Brasil not\u00edcias","og_description":"O volante Xavier, de 22 anos, est\u00e1 livre no mercado ap\u00f3s o encerramento de seu contrato com o Corinthians, que","og_url":"https:\/\/brasilnoticias.org\/site\/xavier-se-despede-do-corinthians-apos-nao-ter-contrato-renovado\/","og_site_name":"Brasil not\u00edcias","article_published_time":"2023-02-02T10:30:37+00:00","og_image":[{"width":960,"height":540,"url":"https:\/\/brasilnoticias.org\/site\/wp-content\/uploads\/2023\/02\/naom_63da64e577a51.jpg","type":"image\/jpeg"}],"author":"Reda\u00e7\u00e3o","twitter_card":"summary_large_image","twitter_misc":{"Escrito por":"Reda\u00e7\u00e3o","Tempo estimado de leitura":"1 minuto"},"schema":{"@context":"https:\/\/schema.org","@graph":[{"@type":"Article","@id":"https:\/\/brasilnoticias.org\/site\/xavier-se-despede-do-corinthians-apos-nao-ter-contrato-renovado\/#article","isPartOf":{"@id":"https:\/\/brasilnoticias.org\/site\/xavier-se-despede-do-corinthians-apos-nao-ter-contrato-renovado\/"},"author":{"name":"Reda\u00e7\u00e3o","@id":"https:\/\/brasilnoticias.org\/site\/#\/schema\/person\/a0e05b973ec4d15c658d51911e53507b"},"headline":"Xavier se despede do Corinthians ap\u00f3s n\u00e3o ter contrato renovado","datePublished":"2023-02-02T10:30:37+00:00","mainEntityOfPage":{"@id":"https:\/\/brasilnoticias.org\/site\/xavier-se-despede-do-corinthians-apos-nao-ter-contrato-renovado\/"},"wordCount":304,"commentCount":0,"publisher":{"@id":"https:\/\/brasilnoticias.org\/site\/#organization"},"image":{"@id":"https:\/\/brasilnoticias.org\/site\/xavier-se-despede-do-corinthians-apos-nao-ter-contrato-renovado\/#primaryimage"},"thumbnailUrl":"https:\/\/brasilnoticias.org\/site\/wp-content\/uploads\/2023\/02\/naom_63da64e577a51.jpg","articleSection":["Esporte","\u00daltimas"],"inLanguage":"pt-PT","potentialAction":[{"@type":"CommentAction","name":"Comment","target":["https:\/\/brasilnoticias.org\/site\/xavier-se-despede-do-corinthians-apos-nao-ter-contrato-renovado\/#respond"]}]},{"@type":"WebPage","@id":"https:\/\/brasilnoticias.org\/site\/xavier-se-despede-do-corinthians-apos-nao-ter-contrato-renovado\/","url":"https:\/\/brasilnoticias.org\/site\/xavier-se-despede-do-corinthians-apos-nao-ter-contrato-renovado\/","name":"Xavier se despede do Corinthians ap\u00f3s n\u00e3o ter contrato renovado - Brasil not\u00edcias","isPartOf":{"@id":"https:\/\/brasilnoticias.org\/site\/#website"},"primaryImageOfPage":{"@id":"https:\/\/brasilnoticias.org\/site\/xavier-se-despede-do-corinthians-apos-nao-ter-contrato-renovado\/#primaryimage"},"image":{"@id":"https:\/\/brasilnoticias.org\/site\/xavier-se-despede-do-corinthians-apos-nao-ter-contrato-renovado\/#primaryimage"},"thumbnailUrl":"https:\/\/brasilnoticias.org\/site\/wp-content\/uploads\/2023\/02\/naom_63da64e577a51.jpg","datePublished":"2023-02-02T10:30:37+00:00","breadcrumb":{"@id":"https:\/\/brasilnoticias.org\/site\/xavier-se-despede-do-corinthians-apos-nao-ter-contrato-renovado\/#breadcrumb"},"inLanguage":"pt-PT","potentialAction":[{"@type":"ReadAction","target":["https:\/\/brasilnoticias.org\/site\/xavier-se-despede-do-corinthians-apos-nao-ter-contrato-renovado\/"]}]},{"@type":"ImageObject","inLanguage":"pt-PT","@id":"https:\/\/brasilnoticias.org\/site\/xavier-se-despede-do-corinthians-apos-nao-ter-contrato-renovado\/#primaryimage","url":"https:\/\/brasilnoticias.org\/site\/wp-content\/uploads\/2023\/02\/naom_63da64e577a51.jpg","contentUrl":"https:\/\/brasilnoticias.org\/site\/wp-content\/uploads\/2023\/02\/naom_63da64e577a51.jpg","width":960,"height":540},{"@type":"BreadcrumbList","@id":"https:\/\/brasilnoticias.org\/site\/xavier-se-despede-do-corinthians-apos-nao-ter-contrato-renovado\/#breadcrumb","itemListElement":[{"@type":"ListItem","position":1,"name":"In\u00edcio","item":"https:\/\/brasilnoticias.org\/site\/"},{"@type":"ListItem","position":2,"name":"Xavier se despede do Corinthians ap\u00f3s n\u00e3o ter contrato renovado"}]},{"@type":"WebSite","@id":"https:\/\/brasilnoticias.org\/site\/#website","url":"https:\/\/brasilnoticias.org\/site\/","name":"Brasil not\u00edcias","description":"Brasil not\u00edcias","publisher":{"@id":"https:\/\/brasilnoticias.org\/site\/#organization"},"potentialAction":[{"@type":"SearchAction","target":{"@type":"EntryPoint","urlTemplate":"https:\/\/brasilnoticias.org\/site\/?s={search_term_string}"},"query-input":{"@type":"PropertyValueSpecification","valueRequired":true,"valueName":"search_term_string"}}],"inLanguage":"pt-PT"},{"@type":"Organization","@id":"https:\/\/brasilnoticias.org\/site\/#organization","name":"Brasil not\u00edcias","url":"https:\/\/brasilnoticias.org\/site\/","logo":{"@type":"ImageObject","inLanguage":"pt-PT","@id":"https:\/\/brasilnoticias.org\/site\/#\/schema\/logo\/image\/","url":"https:\/\/brasilnoticias.org\/site\/wp-content\/uploads\/2022\/05\/cropped-brasilnoticias-mini.jpg","contentUrl":"https:\/\/brasilnoticias.org\/site\/wp-content\/uploads\/2022\/05\/cropped-brasilnoticias-mini.jpg","width":314,"height":86,"caption":"Brasil not\u00edcias"},"image":{"@id":"https:\/\/brasilnoticias.org\/site\/#\/schema\/logo\/image\/"}},{"@type":"Person","@id":"https:\/\/brasilnoticias.org\/site\/#\/schema\/person\/a0e05b973ec4d15c658d51911e53507b","name":"Reda\u00e7\u00e3o","image":{"@type":"ImageObject","inLanguage":"pt-PT","@id":"https:\/\/brasilnoticias.org\/site\/#\/schema\/person\/image\/","url":"https:\/\/secure.gravatar.com\/avatar\/75d8b050df2de108b08ae78dfb8e374892df24a383c67db9c46a9c604f6aee9c?s=96&d=mm&r=g","contentUrl":"https:\/\/secure.gravatar.com\/avatar\/75d8b050df2de108b08ae78dfb8e374892df24a383c67db9c46a9c604f6aee9c?s=96&d=mm&r=g","caption":"Reda\u00e7\u00e3o"},"sameAs":["https:\/\/brasilnoticias.org\/site"],"url":"https:\/\/brasilnoticias.org\/site\/author\/fernandozsngmail-com\/"}]}},"_links":{"self":[{"href":"https:\/\/brasilnoticias.org\/site\/wp-json\/wp\/v2\/posts\/3628","targetHints":{"allow":["GET"]}}],"collection":[{"href":"https:\/\/brasilnoticias.org\/site\/wp-json\/wp\/v2\/posts"}],"about":[{"href":"https:\/\/brasilnoticias.org\/site\/wp-json\/wp\/v2\/types\/post"}],"author":[{"embeddable":true,"href":"https:\/\/brasilnoticias.org\/site\/wp-json\/wp\/v2\/users\/1"}],"replies":[{"embeddable":true,"href":"https:\/\/brasilnoticias.org\/site\/wp-json\/wp\/v2\/comments?post=3628"}],"version-history":[{"count":1,"href":"https:\/\/brasilnoticias.org\/site\/wp-json\/wp\/v2\/posts\/3628\/revisions"}],"predecessor-version":[{"id":3630,"href":"https:\/\/brasilnoticias.org\/site\/wp-json\/wp\/v2\/posts\/3628\/revisions\/3630"}],"wp:featuredmedia":[{"embeddable":true,"href":"https:\/\/brasilnoticias.org\/site\/wp-json\/wp\/v2\/media\/3629"}],"wp:attachment":[{"href":"https:\/\/brasilnoticias.org\/site\/wp-json\/wp\/v2\/media?parent=3628"}],"wp:term":[{"taxonomy":"category","embeddable":true,"href":"https:\/\/brasilnoticias.org\/site\/wp-json\/wp\/v2\/categories?post=3628"},{"taxonomy":"post_tag","embeddable":true,"href":"https:\/\/brasilnoticias.org\/site\/wp-json\/wp\/v2\/tags?post=3628"}],"curies":[{"name":"wp","href":"https:\/\/api.w.org\/{rel}","templated":true}]}}