{"id":3631,"date":"2023-02-01T17:01:56","date_gmt":"2023-02-01T20:01:56","guid":{"rendered":"https:\/\/brasilnoticias.org\/site\/?p=3631"},"modified":"2023-02-01T17:01:56","modified_gmt":"2023-02-01T20:01:56","slug":"agora-e-federal-capitao-alden-toma-posse-na-camara-federal","status":"publish","type":"post","link":"https:\/\/brasilnoticias.org\/site\/agora-e-federal-capitao-alden-toma-posse-na-camara-federal\/","title":{"rendered":"Agora \u00e9 federal: Capit\u00e3o Alden toma posse na C\u00e2mara Federal"},"content":{"rendered":"<p>Deputado passa a compor a  57\u00aa legislatura em Bras\u00edlia<\/p>\n<p>A esperada Posse dos Deputados Federais da 57\u00aa legislatura foi protagonista desta quarta-feira (1\u00ba). A data marca um novo momento em que a Bahia, finalmente, passar\u00e1 a ter um representante de origem militar e defensor das bandeiras conservadoras  na C\u00e2mara Federal, o Capit\u00e3o Alden (PL).  <\/p>\n<p>Agora com o cargo de deputado federal, o Capit\u00e3o Alden ser\u00e1 a voz da Seguran\u00e7a P\u00fablica, Conservadorismo e da Leg\u00edtima Defesa no Congresso Nacional. Em um v\u00eddeo postado em suas redes sociais o pol\u00edtico mandou seu recado: \u201cAgrade\u00e7o os mais 95 mil votos dos baianos e independente dos que n\u00e3o votaram em mim, mas nosso mandato ser\u00e1 em prol de toda a Bahia\u201d, afirma Alden. <\/p>\n<p>Oposi\u00e7\u00e3o &#8211; Na C\u00e2mara Federal, o deputado federal Capit\u00e3o Alden ser\u00e1 oposi\u00e7\u00e3o forte \u00e0 gest\u00e3o do presidente da Rep\u00fablica, Lula, e travar\u00e1 embates com os partidos de Esquerda e de vi\u00e9s Comunista. O pol\u00edtico manter\u00e1 o mesmo perfil que teve na Assembleia Legislativa da Bahia (2019 &#8211; 2022) em que n\u00e3o deu sossego ao ent\u00e3o governador Rui Costa e aos grupos ligados ao referido gestor.   <\/p>\n<p>Vale lembrar que o Capit\u00e3o Alden foi o primeiro parlamentar estadual a protocolar den\u00fancias sobre as irregularidades envolvendo a compra dos respiradores que nunca chegaram em solo baiano.<\/p>\n","protected":false},"excerpt":{"rendered":"<p>Deputado passa a compor a 57\u00aa legislatura em Bras\u00edlia A esperada Posse dos Deputados Federais da 57\u00aa legislatura foi protagonista<\/p>\n","protected":false},"author":1,"featured_media":3632,"comment_status":"open","ping_status":"open","sticky":false,"template":"","format":"standard","meta":{"colormag_page_container_layout":"default_layout","colormag_page_sidebar_layout":"default_layout","_FSMCFIC_featured_image_caption":"","_FSMCFIC_featured_image_nocaption":"","_FSMCFIC_featured_image_hide":"","footnotes":""},"categories":[5,1],"tags":[],"class_list":["post-3631","post","type-post","status-publish","format-standard","has-post-thumbnail","hentry","category-politica","category-ultimas"],"yoast_head":"<!-- This site is optimized with the Yoast SEO plugin v27.1.1 - https:\/\/yoast.com\/product\/yoast-seo-wordpress\/ -->\n<title>Agora \u00e9 federal: Capit\u00e3o Alden toma posse na C\u00e2mara Federal - Brasil not\u00edcias<\/title>\n<meta name=\"robots\" content=\"index, follow, max-snippet:-1, max-image-preview:large, max-video-preview:-1\" \/>\n<link rel=\"canonical\" href=\"https:\/\/brasilnoticias.org\/site\/agora-e-federal-capitao-alden-toma-posse-na-camara-federal\/\" \/>\n<meta property=\"og:locale\" content=\"pt_PT\" \/>\n<meta property=\"og:type\" content=\"article\" \/>\n<meta property=\"og:title\" content=\"Agora \u00e9 federal: Capit\u00e3o Alden toma posse na C\u00e2mara Federal - Brasil not\u00edcias\" \/>\n<meta property=\"og:description\" content=\"Deputado passa a compor a 57\u00aa legislatura em Bras\u00edlia A esperada Posse dos Deputados Federais da 57\u00aa legislatura foi protagonista\" \/>\n<meta property=\"og:url\" content=\"https:\/\/brasilnoticias.org\/site\/agora-e-federal-capitao-alden-toma-posse-na-camara-federal\/\" \/>\n<meta property=\"og:site_name\" content=\"Brasil not\u00edcias\" \/>\n<meta property=\"article:published_time\" content=\"2023-02-01T20:01:56+00:00\" \/>\n<meta property=\"og:image\" content=\"https:\/\/brasilnoticias.org\/site\/wp-content\/uploads\/2023\/02\/WhatsApp-Image-2023-02-01-at-16.57.57.jpeg\" \/>\n\t<meta property=\"og:image:width\" content=\"1440\" \/>\n\t<meta property=\"og:image:height\" content=\"1083\" \/>\n\t<meta property=\"og:image:type\" content=\"image\/jpeg\" \/>\n<meta name=\"author\" content=\"Reda\u00e7\u00e3o\" \/>\n<meta name=\"twitter:card\" content=\"summary_large_image\" \/>\n<meta name=\"twitter:label1\" content=\"Escrito por\" \/>\n\t<meta name=\"twitter:data1\" content=\"Reda\u00e7\u00e3o\" \/>\n\t<meta name=\"twitter:label2\" content=\"Tempo estimado de leitura\" \/>\n\t<meta name=\"twitter:data2\" content=\"1 minuto\" \/>\n<script type=\"application\/ld+json\" class=\"yoast-schema-graph\">{\"@context\":\"https:\/\/schema.org\",\"@graph\":[{\"@type\":\"Article\",\"@id\":\"https:\/\/brasilnoticias.org\/site\/agora-e-federal-capitao-alden-toma-posse-na-camara-federal\/#article\",\"isPartOf\":{\"@id\":\"https:\/\/brasilnoticias.org\/site\/agora-e-federal-capitao-alden-toma-posse-na-camara-federal\/\"},\"author\":{\"name\":\"Reda\u00e7\u00e3o\",\"@id\":\"https:\/\/brasilnoticias.org\/site\/#\/schema\/person\/a0e05b973ec4d15c658d51911e53507b\"},\"headline\":\"Agora \u00e9 federal: Capit\u00e3o Alden toma posse na C\u00e2mara Federal\",\"datePublished\":\"2023-02-01T20:01:56+00:00\",\"mainEntityOfPage\":{\"@id\":\"https:\/\/brasilnoticias.org\/site\/agora-e-federal-capitao-alden-toma-posse-na-camara-federal\/\"},\"wordCount\":239,\"commentCount\":0,\"publisher\":{\"@id\":\"https:\/\/brasilnoticias.org\/site\/#organization\"},\"image\":{\"@id\":\"https:\/\/brasilnoticias.org\/site\/agora-e-federal-capitao-alden-toma-posse-na-camara-federal\/#primaryimage\"},\"thumbnailUrl\":\"https:\/\/brasilnoticias.org\/site\/wp-content\/uploads\/2023\/02\/WhatsApp-Image-2023-02-01-at-16.57.57.jpeg\",\"articleSection\":[\"Pol\u00edtica\",\"\u00daltimas\"],\"inLanguage\":\"pt-PT\",\"potentialAction\":[{\"@type\":\"CommentAction\",\"name\":\"Comment\",\"target\":[\"https:\/\/brasilnoticias.org\/site\/agora-e-federal-capitao-alden-toma-posse-na-camara-federal\/#respond\"]}]},{\"@type\":\"WebPage\",\"@id\":\"https:\/\/brasilnoticias.org\/site\/agora-e-federal-capitao-alden-toma-posse-na-camara-federal\/\",\"url\":\"https:\/\/brasilnoticias.org\/site\/agora-e-federal-capitao-alden-toma-posse-na-camara-federal\/\",\"name\":\"Agora \u00e9 federal: Capit\u00e3o Alden toma posse na C\u00e2mara Federal - Brasil not\u00edcias\",\"isPartOf\":{\"@id\":\"https:\/\/brasilnoticias.org\/site\/#website\"},\"primaryImageOfPage\":{\"@id\":\"https:\/\/brasilnoticias.org\/site\/agora-e-federal-capitao-alden-toma-posse-na-camara-federal\/#primaryimage\"},\"image\":{\"@id\":\"https:\/\/brasilnoticias.org\/site\/agora-e-federal-capitao-alden-toma-posse-na-camara-federal\/#primaryimage\"},\"thumbnailUrl\":\"https:\/\/brasilnoticias.org\/site\/wp-content\/uploads\/2023\/02\/WhatsApp-Image-2023-02-01-at-16.57.57.jpeg\",\"datePublished\":\"2023-02-01T20:01:56+00:00\",\"breadcrumb\":{\"@id\":\"https:\/\/brasilnoticias.org\/site\/agora-e-federal-capitao-alden-toma-posse-na-camara-federal\/#breadcrumb\"},\"inLanguage\":\"pt-PT\",\"potentialAction\":[{\"@type\":\"ReadAction\",\"target\":[\"https:\/\/brasilnoticias.org\/site\/agora-e-federal-capitao-alden-toma-posse-na-camara-federal\/\"]}]},{\"@type\":\"ImageObject\",\"inLanguage\":\"pt-PT\",\"@id\":\"https:\/\/brasilnoticias.org\/site\/agora-e-federal-capitao-alden-toma-posse-na-camara-federal\/#primaryimage\",\"url\":\"https:\/\/brasilnoticias.org\/site\/wp-content\/uploads\/2023\/02\/WhatsApp-Image-2023-02-01-at-16.57.57.jpeg\",\"contentUrl\":\"https:\/\/brasilnoticias.org\/site\/wp-content\/uploads\/2023\/02\/WhatsApp-Image-2023-02-01-at-16.57.57.jpeg\",\"width\":1440,\"height\":1083},{\"@type\":\"BreadcrumbList\",\"@id\":\"https:\/\/brasilnoticias.org\/site\/agora-e-federal-capitao-alden-toma-posse-na-camara-federal\/#breadcrumb\",\"itemListElement\":[{\"@type\":\"ListItem\",\"position\":1,\"name\":\"In\u00edcio\",\"item\":\"https:\/\/brasilnoticias.org\/site\/\"},{\"@type\":\"ListItem\",\"position\":2,\"name\":\"Agora \u00e9 federal: Capit\u00e3o Alden toma posse na C\u00e2mara Federal\"}]},{\"@type\":\"WebSite\",\"@id\":\"https:\/\/brasilnoticias.org\/site\/#website\",\"url\":\"https:\/\/brasilnoticias.org\/site\/\",\"name\":\"Brasil not\u00edcias\",\"description\":\"Brasil not\u00edcias\",\"publisher\":{\"@id\":\"https:\/\/brasilnoticias.org\/site\/#organization\"},\"potentialAction\":[{\"@type\":\"SearchAction\",\"target\":{\"@type\":\"EntryPoint\",\"urlTemplate\":\"https:\/\/brasilnoticias.org\/site\/?s={search_term_string}\"},\"query-input\":{\"@type\":\"PropertyValueSpecification\",\"valueRequired\":true,\"valueName\":\"search_term_string\"}}],\"inLanguage\":\"pt-PT\"},{\"@type\":\"Organization\",\"@id\":\"https:\/\/brasilnoticias.org\/site\/#organization\",\"name\":\"Brasil not\u00edcias\",\"url\":\"https:\/\/brasilnoticias.org\/site\/\",\"logo\":{\"@type\":\"ImageObject\",\"inLanguage\":\"pt-PT\",\"@id\":\"https:\/\/brasilnoticias.org\/site\/#\/schema\/logo\/image\/\",\"url\":\"https:\/\/brasilnoticias.org\/site\/wp-content\/uploads\/2022\/05\/cropped-brasilnoticias-mini.jpg\",\"contentUrl\":\"https:\/\/brasilnoticias.org\/site\/wp-content\/uploads\/2022\/05\/cropped-brasilnoticias-mini.jpg\",\"width\":314,\"height\":86,\"caption\":\"Brasil not\u00edcias\"},\"image\":{\"@id\":\"https:\/\/brasilnoticias.org\/site\/#\/schema\/logo\/image\/\"}},{\"@type\":\"Person\",\"@id\":\"https:\/\/brasilnoticias.org\/site\/#\/schema\/person\/a0e05b973ec4d15c658d51911e53507b\",\"name\":\"Reda\u00e7\u00e3o\",\"image\":{\"@type\":\"ImageObject\",\"inLanguage\":\"pt-PT\",\"@id\":\"https:\/\/brasilnoticias.org\/site\/#\/schema\/person\/image\/\",\"url\":\"https:\/\/secure.gravatar.com\/avatar\/75d8b050df2de108b08ae78dfb8e374892df24a383c67db9c46a9c604f6aee9c?s=96&d=mm&r=g\",\"contentUrl\":\"https:\/\/secure.gravatar.com\/avatar\/75d8b050df2de108b08ae78dfb8e374892df24a383c67db9c46a9c604f6aee9c?s=96&d=mm&r=g\",\"caption\":\"Reda\u00e7\u00e3o\"},\"sameAs\":[\"https:\/\/brasilnoticias.org\/site\"],\"url\":\"https:\/\/brasilnoticias.org\/site\/author\/fernandozsngmail-com\/\"}]}<\/script>\n<!-- \/ Yoast SEO plugin. -->","yoast_head_json":{"title":"Agora \u00e9 federal: Capit\u00e3o Alden toma posse na C\u00e2mara Federal - Brasil not\u00edcias","robots":{"index":"index","follow":"follow","max-snippet":"max-snippet:-1","max-image-preview":"max-image-preview:large","max-video-preview":"max-video-preview:-1"},"canonical":"https:\/\/brasilnoticias.org\/site\/agora-e-federal-capitao-alden-toma-posse-na-camara-federal\/","og_locale":"pt_PT","og_type":"article","og_title":"Agora \u00e9 federal: Capit\u00e3o Alden toma posse na C\u00e2mara Federal - Brasil not\u00edcias","og_description":"Deputado passa a compor a 57\u00aa legislatura em Bras\u00edlia A esperada Posse dos Deputados Federais da 57\u00aa legislatura foi protagonista","og_url":"https:\/\/brasilnoticias.org\/site\/agora-e-federal-capitao-alden-toma-posse-na-camara-federal\/","og_site_name":"Brasil not\u00edcias","article_published_time":"2023-02-01T20:01:56+00:00","og_image":[{"width":1440,"height":1083,"url":"https:\/\/brasilnoticias.org\/site\/wp-content\/uploads\/2023\/02\/WhatsApp-Image-2023-02-01-at-16.57.57.jpeg","type":"image\/jpeg"}],"author":"Reda\u00e7\u00e3o","twitter_card":"summary_large_image","twitter_misc":{"Escrito por":"Reda\u00e7\u00e3o","Tempo estimado de leitura":"1 minuto"},"schema":{"@context":"https:\/\/schema.org","@graph":[{"@type":"Article","@id":"https:\/\/brasilnoticias.org\/site\/agora-e-federal-capitao-alden-toma-posse-na-camara-federal\/#article","isPartOf":{"@id":"https:\/\/brasilnoticias.org\/site\/agora-e-federal-capitao-alden-toma-posse-na-camara-federal\/"},"author":{"name":"Reda\u00e7\u00e3o","@id":"https:\/\/brasilnoticias.org\/site\/#\/schema\/person\/a0e05b973ec4d15c658d51911e53507b"},"headline":"Agora \u00e9 federal: Capit\u00e3o Alden toma posse na C\u00e2mara Federal","datePublished":"2023-02-01T20:01:56+00:00","mainEntityOfPage":{"@id":"https:\/\/brasilnoticias.org\/site\/agora-e-federal-capitao-alden-toma-posse-na-camara-federal\/"},"wordCount":239,"commentCount":0,"publisher":{"@id":"https:\/\/brasilnoticias.org\/site\/#organization"},"image":{"@id":"https:\/\/brasilnoticias.org\/site\/agora-e-federal-capitao-alden-toma-posse-na-camara-federal\/#primaryimage"},"thumbnailUrl":"https:\/\/brasilnoticias.org\/site\/wp-content\/uploads\/2023\/02\/WhatsApp-Image-2023-02-01-at-16.57.57.jpeg","articleSection":["Pol\u00edtica","\u00daltimas"],"inLanguage":"pt-PT","potentialAction":[{"@type":"CommentAction","name":"Comment","target":["https:\/\/brasilnoticias.org\/site\/agora-e-federal-capitao-alden-toma-posse-na-camara-federal\/#respond"]}]},{"@type":"WebPage","@id":"https:\/\/brasilnoticias.org\/site\/agora-e-federal-capitao-alden-toma-posse-na-camara-federal\/","url":"https:\/\/brasilnoticias.org\/site\/agora-e-federal-capitao-alden-toma-posse-na-camara-federal\/","name":"Agora \u00e9 federal: Capit\u00e3o Alden toma posse na C\u00e2mara Federal - Brasil not\u00edcias","isPartOf":{"@id":"https:\/\/brasilnoticias.org\/site\/#website"},"primaryImageOfPage":{"@id":"https:\/\/brasilnoticias.org\/site\/agora-e-federal-capitao-alden-toma-posse-na-camara-federal\/#primaryimage"},"image":{"@id":"https:\/\/brasilnoticias.org\/site\/agora-e-federal-capitao-alden-toma-posse-na-camara-federal\/#primaryimage"},"thumbnailUrl":"https:\/\/brasilnoticias.org\/site\/wp-content\/uploads\/2023\/02\/WhatsApp-Image-2023-02-01-at-16.57.57.jpeg","datePublished":"2023-02-01T20:01:56+00:00","breadcrumb":{"@id":"https:\/\/brasilnoticias.org\/site\/agora-e-federal-capitao-alden-toma-posse-na-camara-federal\/#breadcrumb"},"inLanguage":"pt-PT","potentialAction":[{"@type":"ReadAction","target":["https:\/\/brasilnoticias.org\/site\/agora-e-federal-capitao-alden-toma-posse-na-camara-federal\/"]}]},{"@type":"ImageObject","inLanguage":"pt-PT","@id":"https:\/\/brasilnoticias.org\/site\/agora-e-federal-capitao-alden-toma-posse-na-camara-federal\/#primaryimage","url":"https:\/\/brasilnoticias.org\/site\/wp-content\/uploads\/2023\/02\/WhatsApp-Image-2023-02-01-at-16.57.57.jpeg","contentUrl":"https:\/\/brasilnoticias.org\/site\/wp-content\/uploads\/2023\/02\/WhatsApp-Image-2023-02-01-at-16.57.57.jpeg","width":1440,"height":1083},{"@type":"BreadcrumbList","@id":"https:\/\/brasilnoticias.org\/site\/agora-e-federal-capitao-alden-toma-posse-na-camara-federal\/#breadcrumb","itemListElement":[{"@type":"ListItem","position":1,"name":"In\u00edcio","item":"https:\/\/brasilnoticias.org\/site\/"},{"@type":"ListItem","position":2,"name":"Agora \u00e9 federal: Capit\u00e3o Alden toma posse na C\u00e2mara Federal"}]},{"@type":"WebSite","@id":"https:\/\/brasilnoticias.org\/site\/#website","url":"https:\/\/brasilnoticias.org\/site\/","name":"Brasil not\u00edcias","description":"Brasil not\u00edcias","publisher":{"@id":"https:\/\/brasilnoticias.org\/site\/#organization"},"potentialAction":[{"@type":"SearchAction","target":{"@type":"EntryPoint","urlTemplate":"https:\/\/brasilnoticias.org\/site\/?s={search_term_string}"},"query-input":{"@type":"PropertyValueSpecification","valueRequired":true,"valueName":"search_term_string"}}],"inLanguage":"pt-PT"},{"@type":"Organization","@id":"https:\/\/brasilnoticias.org\/site\/#organization","name":"Brasil not\u00edcias","url":"https:\/\/brasilnoticias.org\/site\/","logo":{"@type":"ImageObject","inLanguage":"pt-PT","@id":"https:\/\/brasilnoticias.org\/site\/#\/schema\/logo\/image\/","url":"https:\/\/brasilnoticias.org\/site\/wp-content\/uploads\/2022\/05\/cropped-brasilnoticias-mini.jpg","contentUrl":"https:\/\/brasilnoticias.org\/site\/wp-content\/uploads\/2022\/05\/cropped-brasilnoticias-mini.jpg","width":314,"height":86,"caption":"Brasil not\u00edcias"},"image":{"@id":"https:\/\/brasilnoticias.org\/site\/#\/schema\/logo\/image\/"}},{"@type":"Person","@id":"https:\/\/brasilnoticias.org\/site\/#\/schema\/person\/a0e05b973ec4d15c658d51911e53507b","name":"Reda\u00e7\u00e3o","image":{"@type":"ImageObject","inLanguage":"pt-PT","@id":"https:\/\/brasilnoticias.org\/site\/#\/schema\/person\/image\/","url":"https:\/\/secure.gravatar.com\/avatar\/75d8b050df2de108b08ae78dfb8e374892df24a383c67db9c46a9c604f6aee9c?s=96&d=mm&r=g","contentUrl":"https:\/\/secure.gravatar.com\/avatar\/75d8b050df2de108b08ae78dfb8e374892df24a383c67db9c46a9c604f6aee9c?s=96&d=mm&r=g","caption":"Reda\u00e7\u00e3o"},"sameAs":["https:\/\/brasilnoticias.org\/site"],"url":"https:\/\/brasilnoticias.org\/site\/author\/fernandozsngmail-com\/"}]}},"_links":{"self":[{"href":"https:\/\/brasilnoticias.org\/site\/wp-json\/wp\/v2\/posts\/3631","targetHints":{"allow":["GET"]}}],"collection":[{"href":"https:\/\/brasilnoticias.org\/site\/wp-json\/wp\/v2\/posts"}],"about":[{"href":"https:\/\/brasilnoticias.org\/site\/wp-json\/wp\/v2\/types\/post"}],"author":[{"embeddable":true,"href":"https:\/\/brasilnoticias.org\/site\/wp-json\/wp\/v2\/users\/1"}],"replies":[{"embeddable":true,"href":"https:\/\/brasilnoticias.org\/site\/wp-json\/wp\/v2\/comments?post=3631"}],"version-history":[{"count":1,"href":"https:\/\/brasilnoticias.org\/site\/wp-json\/wp\/v2\/posts\/3631\/revisions"}],"predecessor-version":[{"id":3633,"href":"https:\/\/brasilnoticias.org\/site\/wp-json\/wp\/v2\/posts\/3631\/revisions\/3633"}],"wp:featuredmedia":[{"embeddable":true,"href":"https:\/\/brasilnoticias.org\/site\/wp-json\/wp\/v2\/media\/3632"}],"wp:attachment":[{"href":"https:\/\/brasilnoticias.org\/site\/wp-json\/wp\/v2\/media?parent=3631"}],"wp:term":[{"taxonomy":"category","embeddable":true,"href":"https:\/\/brasilnoticias.org\/site\/wp-json\/wp\/v2\/categories?post=3631"},{"taxonomy":"post_tag","embeddable":true,"href":"https:\/\/brasilnoticias.org\/site\/wp-json\/wp\/v2\/tags?post=3631"}],"curies":[{"name":"wp","href":"https:\/\/api.w.org\/{rel}","templated":true}]}}