{"id":3647,"date":"2023-02-02T18:14:46","date_gmt":"2023-02-02T21:14:46","guid":{"rendered":"https:\/\/brasilnoticias.org\/site\/?p=3647"},"modified":"2023-02-02T18:14:46","modified_gmt":"2023-02-02T21:14:46","slug":"ambulantes-terao-apenas-24h-para-se-credenciarem-para-carnaval-pela-internet-apos-dias-acampados","status":"publish","type":"post","link":"https:\/\/brasilnoticias.org\/site\/ambulantes-terao-apenas-24h-para-se-credenciarem-para-carnaval-pela-internet-apos-dias-acampados\/","title":{"rendered":"Ambulantes ter\u00e3o apenas 24h para se credenciarem para Carnaval pela internet ap\u00f3s dias acampados"},"content":{"rendered":"<p>A prefeitura de Salvador divulgou nesta quinta-feira (2) que os vendedores informais ter\u00e3o apenas dois dias para se credenciarem para trabalhar no Carnaval de 2023. O cadastramento ser\u00e1 realizado exclusivamente pela internet e ficar\u00e1 aberto das 10h do dia 8 de fevereiro at\u00e9 as 10h do dia 9 de fevereiro. <\/p>\n<p>Desde janeiro, a prefeitura da capital baiana vem sendo criticada pela falta de preparo ao lidar com a categoria. No \u00faltimo dia 24, a Ouvidoria da C\u00e2mara Municipal de Salvador (CMS) chegou a enviar um of\u00edcio para o secret\u00e1rio da Secretaria Municipal de Ordem P\u00fablica (Semop), Luciano Ribeiro, afirmando que o atual modelo adotado pela prefeitura &#8220;exp\u00f5e a categoria a situa\u00e7\u00f5es degradantes&#8221; \u2014 os ambulantes dormiram por dias embaixo de um viaduto para n\u00e3o perderem a fila de cadastramento. <\/p>\n<p>Como forma de lidar com as cr\u00edticas, a prefeitura decidiu que o credenciamento de ambulantes para o Carnaval ser\u00e1 feito inteiramente online. Cerca de 30% dos baianos, entretanto, n\u00e3o t\u00eam acesso \u00e0 internet.<\/p>\n<p>Questionado sobre o credenciamento 100% online, Luciano Ribeiro afirmou que n\u00e3o haver\u00e1 problemas, uma vez que, segundo ele, todas as pessoas em Salvador t\u00eam celular e acesso \u00e0 internet. Al\u00e9m disso, o secret\u00e1rio da Semop disse ningu\u00e9m seria pego de surpresa, uma vez que &#8220;vai ter tempo&#8221;. <\/p>\n<p>A prefeitura justifica que o licenciamento on-line segue recomenda\u00e7\u00e3o feita pelo Minist\u00e9rio P\u00fablico do Trabalho da 5\u00aa Regi\u00e3o. \u201cGarantir que o credenciamento dos ambulantes seja feito preferencialmente pela internet, com ampla divulga\u00e7\u00e3o pr\u00e9via na imprensa local sobre o per\u00edodo e o procedimento para a realiza\u00e7\u00e3o da inscri\u00e7\u00e3o\u201d, diz um trecho do documento. <\/p>\n<p>Em entrevista \u00e0 Metropole, a ambulante Graziela Lima afirmou que muitos colegas n\u00e3o possuem aparelhos adequados para conseguir realizar o cadastro \u201cmodernizado\u201d, como caracterizou Ribeiro. \u201cPresta aten\u00e7\u00e3o, olha para n\u00f3s, tem gente aqui que n\u00e3o tem celular para poder tirar a licen\u00e7a. Tem gente aqui que tem celular de bombinha, n\u00e3o tem mais dinheiro\u201d, apelou a trabalhadora. <\/p>\n<p>As taxas de licenciamento para a venda de bebidas em isopor dentro dos circuitos oficiais do Carnaval &#8211; Dod\u00f4, Osmar e Batatinha &#8211; \u00e9 de R$139,70. Para os carnavais nos bairros, a taxa \u00e9 de R$48,89. Elas variam de acordo com a modalidade de venda: barracas, kits de isopor, bancas de chapas, ve\u00edculos para venda de gelo, food trucks, tabuleiros de acaraj\u00e9, entre outros<\/p>\n<p>Foto: Divulga\u00e7\u00e3o\/SEMOP<br \/>\nPor: Metro1<\/p>\n","protected":false},"excerpt":{"rendered":"<p>A prefeitura de Salvador divulgou nesta quinta-feira (2) que os vendedores informais ter\u00e3o apenas dois dias para se credenciarem para<\/p>\n","protected":false},"author":1,"featured_media":3649,"comment_status":"open","ping_status":"open","sticky":false,"template":"","format":"standard","meta":{"colormag_page_container_layout":"default_layout","colormag_page_sidebar_layout":"default_layout","_FSMCFIC_featured_image_caption":"","_FSMCFIC_featured_image_nocaption":"","_FSMCFIC_featured_image_hide":"","footnotes":""},"categories":[2,1],"tags":[],"class_list":["post-3647","post","type-post","status-publish","format-standard","has-post-thumbnail","hentry","category-noticias","category-ultimas"],"yoast_head":"<!-- This site is optimized with the Yoast SEO plugin v27.1.1 - https:\/\/yoast.com\/product\/yoast-seo-wordpress\/ -->\n<title>Ambulantes ter\u00e3o apenas 24h para se credenciarem para Carnaval pela internet ap\u00f3s dias acampados - Brasil not\u00edcias<\/title>\n<meta name=\"robots\" content=\"index, follow, max-snippet:-1, max-image-preview:large, max-video-preview:-1\" \/>\n<link rel=\"canonical\" href=\"https:\/\/brasilnoticias.org\/site\/ambulantes-terao-apenas-24h-para-se-credenciarem-para-carnaval-pela-internet-apos-dias-acampados\/\" \/>\n<meta property=\"og:locale\" content=\"pt_PT\" \/>\n<meta property=\"og:type\" content=\"article\" \/>\n<meta property=\"og:title\" content=\"Ambulantes ter\u00e3o apenas 24h para se credenciarem para Carnaval pela internet ap\u00f3s dias acampados - Brasil not\u00edcias\" \/>\n<meta property=\"og:description\" content=\"A prefeitura de Salvador divulgou nesta quinta-feira (2) que os vendedores informais ter\u00e3o apenas dois dias para se credenciarem para\" \/>\n<meta property=\"og:url\" content=\"https:\/\/brasilnoticias.org\/site\/ambulantes-terao-apenas-24h-para-se-credenciarem-para-carnaval-pela-internet-apos-dias-acampados\/\" \/>\n<meta property=\"og:site_name\" content=\"Brasil not\u00edcias\" \/>\n<meta property=\"article:published_time\" content=\"2023-02-02T21:14:46+00:00\" \/>\n<meta property=\"og:image\" content=\"https:\/\/brasilnoticias.org\/site\/wp-content\/uploads\/2023\/02\/132935ambulantes-terao-apenas-24h-para-se-credenciarem-para-carnaval-pela-internet-apos-dias-acampados-3.jpg\" \/>\n\t<meta property=\"og:image:width\" content=\"1600\" \/>\n\t<meta property=\"og:image:height\" content=\"752\" \/>\n\t<meta property=\"og:image:type\" content=\"image\/jpeg\" \/>\n<meta name=\"author\" content=\"Reda\u00e7\u00e3o\" \/>\n<meta name=\"twitter:card\" content=\"summary_large_image\" \/>\n<meta name=\"twitter:label1\" content=\"Escrito por\" \/>\n\t<meta name=\"twitter:data1\" content=\"Reda\u00e7\u00e3o\" \/>\n\t<meta name=\"twitter:label2\" content=\"Tempo estimado de leitura\" \/>\n\t<meta name=\"twitter:data2\" content=\"2 minutos\" \/>\n<script type=\"application\/ld+json\" class=\"yoast-schema-graph\">{\"@context\":\"https:\/\/schema.org\",\"@graph\":[{\"@type\":\"Article\",\"@id\":\"https:\/\/brasilnoticias.org\/site\/ambulantes-terao-apenas-24h-para-se-credenciarem-para-carnaval-pela-internet-apos-dias-acampados\/#article\",\"isPartOf\":{\"@id\":\"https:\/\/brasilnoticias.org\/site\/ambulantes-terao-apenas-24h-para-se-credenciarem-para-carnaval-pela-internet-apos-dias-acampados\/\"},\"author\":{\"name\":\"Reda\u00e7\u00e3o\",\"@id\":\"https:\/\/brasilnoticias.org\/site\/#\/schema\/person\/a0e05b973ec4d15c658d51911e53507b\"},\"headline\":\"Ambulantes ter\u00e3o apenas 24h para se credenciarem para Carnaval pela internet ap\u00f3s dias acampados\",\"datePublished\":\"2023-02-02T21:14:46+00:00\",\"mainEntityOfPage\":{\"@id\":\"https:\/\/brasilnoticias.org\/site\/ambulantes-terao-apenas-24h-para-se-credenciarem-para-carnaval-pela-internet-apos-dias-acampados\/\"},\"wordCount\":422,\"commentCount\":0,\"publisher\":{\"@id\":\"https:\/\/brasilnoticias.org\/site\/#organization\"},\"image\":{\"@id\":\"https:\/\/brasilnoticias.org\/site\/ambulantes-terao-apenas-24h-para-se-credenciarem-para-carnaval-pela-internet-apos-dias-acampados\/#primaryimage\"},\"thumbnailUrl\":\"https:\/\/brasilnoticias.org\/site\/wp-content\/uploads\/2023\/02\/132935ambulantes-terao-apenas-24h-para-se-credenciarem-para-carnaval-pela-internet-apos-dias-acampados-3.jpg\",\"articleSection\":[\"Not\u00edcias\",\"\u00daltimas\"],\"inLanguage\":\"pt-PT\",\"potentialAction\":[{\"@type\":\"CommentAction\",\"name\":\"Comment\",\"target\":[\"https:\/\/brasilnoticias.org\/site\/ambulantes-terao-apenas-24h-para-se-credenciarem-para-carnaval-pela-internet-apos-dias-acampados\/#respond\"]}]},{\"@type\":\"WebPage\",\"@id\":\"https:\/\/brasilnoticias.org\/site\/ambulantes-terao-apenas-24h-para-se-credenciarem-para-carnaval-pela-internet-apos-dias-acampados\/\",\"url\":\"https:\/\/brasilnoticias.org\/site\/ambulantes-terao-apenas-24h-para-se-credenciarem-para-carnaval-pela-internet-apos-dias-acampados\/\",\"name\":\"Ambulantes ter\u00e3o apenas 24h para se credenciarem para Carnaval pela internet ap\u00f3s dias acampados - Brasil not\u00edcias\",\"isPartOf\":{\"@id\":\"https:\/\/brasilnoticias.org\/site\/#website\"},\"primaryImageOfPage\":{\"@id\":\"https:\/\/brasilnoticias.org\/site\/ambulantes-terao-apenas-24h-para-se-credenciarem-para-carnaval-pela-internet-apos-dias-acampados\/#primaryimage\"},\"image\":{\"@id\":\"https:\/\/brasilnoticias.org\/site\/ambulantes-terao-apenas-24h-para-se-credenciarem-para-carnaval-pela-internet-apos-dias-acampados\/#primaryimage\"},\"thumbnailUrl\":\"https:\/\/brasilnoticias.org\/site\/wp-content\/uploads\/2023\/02\/132935ambulantes-terao-apenas-24h-para-se-credenciarem-para-carnaval-pela-internet-apos-dias-acampados-3.jpg\",\"datePublished\":\"2023-02-02T21:14:46+00:00\",\"breadcrumb\":{\"@id\":\"https:\/\/brasilnoticias.org\/site\/ambulantes-terao-apenas-24h-para-se-credenciarem-para-carnaval-pela-internet-apos-dias-acampados\/#breadcrumb\"},\"inLanguage\":\"pt-PT\",\"potentialAction\":[{\"@type\":\"ReadAction\",\"target\":[\"https:\/\/brasilnoticias.org\/site\/ambulantes-terao-apenas-24h-para-se-credenciarem-para-carnaval-pela-internet-apos-dias-acampados\/\"]}]},{\"@type\":\"ImageObject\",\"inLanguage\":\"pt-PT\",\"@id\":\"https:\/\/brasilnoticias.org\/site\/ambulantes-terao-apenas-24h-para-se-credenciarem-para-carnaval-pela-internet-apos-dias-acampados\/#primaryimage\",\"url\":\"https:\/\/brasilnoticias.org\/site\/wp-content\/uploads\/2023\/02\/132935ambulantes-terao-apenas-24h-para-se-credenciarem-para-carnaval-pela-internet-apos-dias-acampados-3.jpg\",\"contentUrl\":\"https:\/\/brasilnoticias.org\/site\/wp-content\/uploads\/2023\/02\/132935ambulantes-terao-apenas-24h-para-se-credenciarem-para-carnaval-pela-internet-apos-dias-acampados-3.jpg\",\"width\":1600,\"height\":752},{\"@type\":\"BreadcrumbList\",\"@id\":\"https:\/\/brasilnoticias.org\/site\/ambulantes-terao-apenas-24h-para-se-credenciarem-para-carnaval-pela-internet-apos-dias-acampados\/#breadcrumb\",\"itemListElement\":[{\"@type\":\"ListItem\",\"position\":1,\"name\":\"In\u00edcio\",\"item\":\"https:\/\/brasilnoticias.org\/site\/\"},{\"@type\":\"ListItem\",\"position\":2,\"name\":\"Ambulantes ter\u00e3o apenas 24h para se credenciarem para Carnaval pela internet ap\u00f3s dias acampados\"}]},{\"@type\":\"WebSite\",\"@id\":\"https:\/\/brasilnoticias.org\/site\/#website\",\"url\":\"https:\/\/brasilnoticias.org\/site\/\",\"name\":\"Brasil not\u00edcias\",\"description\":\"Brasil not\u00edcias\",\"publisher\":{\"@id\":\"https:\/\/brasilnoticias.org\/site\/#organization\"},\"potentialAction\":[{\"@type\":\"SearchAction\",\"target\":{\"@type\":\"EntryPoint\",\"urlTemplate\":\"https:\/\/brasilnoticias.org\/site\/?s={search_term_string}\"},\"query-input\":{\"@type\":\"PropertyValueSpecification\",\"valueRequired\":true,\"valueName\":\"search_term_string\"}}],\"inLanguage\":\"pt-PT\"},{\"@type\":\"Organization\",\"@id\":\"https:\/\/brasilnoticias.org\/site\/#organization\",\"name\":\"Brasil not\u00edcias\",\"url\":\"https:\/\/brasilnoticias.org\/site\/\",\"logo\":{\"@type\":\"ImageObject\",\"inLanguage\":\"pt-PT\",\"@id\":\"https:\/\/brasilnoticias.org\/site\/#\/schema\/logo\/image\/\",\"url\":\"https:\/\/brasilnoticias.org\/site\/wp-content\/uploads\/2022\/05\/cropped-brasilnoticias-mini.jpg\",\"contentUrl\":\"https:\/\/brasilnoticias.org\/site\/wp-content\/uploads\/2022\/05\/cropped-brasilnoticias-mini.jpg\",\"width\":314,\"height\":86,\"caption\":\"Brasil not\u00edcias\"},\"image\":{\"@id\":\"https:\/\/brasilnoticias.org\/site\/#\/schema\/logo\/image\/\"}},{\"@type\":\"Person\",\"@id\":\"https:\/\/brasilnoticias.org\/site\/#\/schema\/person\/a0e05b973ec4d15c658d51911e53507b\",\"name\":\"Reda\u00e7\u00e3o\",\"image\":{\"@type\":\"ImageObject\",\"inLanguage\":\"pt-PT\",\"@id\":\"https:\/\/brasilnoticias.org\/site\/#\/schema\/person\/image\/\",\"url\":\"https:\/\/secure.gravatar.com\/avatar\/75d8b050df2de108b08ae78dfb8e374892df24a383c67db9c46a9c604f6aee9c?s=96&d=mm&r=g\",\"contentUrl\":\"https:\/\/secure.gravatar.com\/avatar\/75d8b050df2de108b08ae78dfb8e374892df24a383c67db9c46a9c604f6aee9c?s=96&d=mm&r=g\",\"caption\":\"Reda\u00e7\u00e3o\"},\"sameAs\":[\"https:\/\/brasilnoticias.org\/site\"],\"url\":\"https:\/\/brasilnoticias.org\/site\/author\/fernandozsngmail-com\/\"}]}<\/script>\n<!-- \/ Yoast SEO plugin. -->","yoast_head_json":{"title":"Ambulantes ter\u00e3o apenas 24h para se credenciarem para Carnaval pela internet ap\u00f3s dias acampados - Brasil not\u00edcias","robots":{"index":"index","follow":"follow","max-snippet":"max-snippet:-1","max-image-preview":"max-image-preview:large","max-video-preview":"max-video-preview:-1"},"canonical":"https:\/\/brasilnoticias.org\/site\/ambulantes-terao-apenas-24h-para-se-credenciarem-para-carnaval-pela-internet-apos-dias-acampados\/","og_locale":"pt_PT","og_type":"article","og_title":"Ambulantes ter\u00e3o apenas 24h para se credenciarem para Carnaval pela internet ap\u00f3s dias acampados - Brasil not\u00edcias","og_description":"A prefeitura de Salvador divulgou nesta quinta-feira (2) que os vendedores informais ter\u00e3o apenas dois dias para se credenciarem para","og_url":"https:\/\/brasilnoticias.org\/site\/ambulantes-terao-apenas-24h-para-se-credenciarem-para-carnaval-pela-internet-apos-dias-acampados\/","og_site_name":"Brasil not\u00edcias","article_published_time":"2023-02-02T21:14:46+00:00","og_image":[{"width":1600,"height":752,"url":"https:\/\/brasilnoticias.org\/site\/wp-content\/uploads\/2023\/02\/132935ambulantes-terao-apenas-24h-para-se-credenciarem-para-carnaval-pela-internet-apos-dias-acampados-3.jpg","type":"image\/jpeg"}],"author":"Reda\u00e7\u00e3o","twitter_card":"summary_large_image","twitter_misc":{"Escrito por":"Reda\u00e7\u00e3o","Tempo estimado de leitura":"2 minutos"},"schema":{"@context":"https:\/\/schema.org","@graph":[{"@type":"Article","@id":"https:\/\/brasilnoticias.org\/site\/ambulantes-terao-apenas-24h-para-se-credenciarem-para-carnaval-pela-internet-apos-dias-acampados\/#article","isPartOf":{"@id":"https:\/\/brasilnoticias.org\/site\/ambulantes-terao-apenas-24h-para-se-credenciarem-para-carnaval-pela-internet-apos-dias-acampados\/"},"author":{"name":"Reda\u00e7\u00e3o","@id":"https:\/\/brasilnoticias.org\/site\/#\/schema\/person\/a0e05b973ec4d15c658d51911e53507b"},"headline":"Ambulantes ter\u00e3o apenas 24h para se credenciarem para Carnaval pela internet ap\u00f3s dias acampados","datePublished":"2023-02-02T21:14:46+00:00","mainEntityOfPage":{"@id":"https:\/\/brasilnoticias.org\/site\/ambulantes-terao-apenas-24h-para-se-credenciarem-para-carnaval-pela-internet-apos-dias-acampados\/"},"wordCount":422,"commentCount":0,"publisher":{"@id":"https:\/\/brasilnoticias.org\/site\/#organization"},"image":{"@id":"https:\/\/brasilnoticias.org\/site\/ambulantes-terao-apenas-24h-para-se-credenciarem-para-carnaval-pela-internet-apos-dias-acampados\/#primaryimage"},"thumbnailUrl":"https:\/\/brasilnoticias.org\/site\/wp-content\/uploads\/2023\/02\/132935ambulantes-terao-apenas-24h-para-se-credenciarem-para-carnaval-pela-internet-apos-dias-acampados-3.jpg","articleSection":["Not\u00edcias","\u00daltimas"],"inLanguage":"pt-PT","potentialAction":[{"@type":"CommentAction","name":"Comment","target":["https:\/\/brasilnoticias.org\/site\/ambulantes-terao-apenas-24h-para-se-credenciarem-para-carnaval-pela-internet-apos-dias-acampados\/#respond"]}]},{"@type":"WebPage","@id":"https:\/\/brasilnoticias.org\/site\/ambulantes-terao-apenas-24h-para-se-credenciarem-para-carnaval-pela-internet-apos-dias-acampados\/","url":"https:\/\/brasilnoticias.org\/site\/ambulantes-terao-apenas-24h-para-se-credenciarem-para-carnaval-pela-internet-apos-dias-acampados\/","name":"Ambulantes ter\u00e3o apenas 24h para se credenciarem para Carnaval pela internet ap\u00f3s dias acampados - Brasil not\u00edcias","isPartOf":{"@id":"https:\/\/brasilnoticias.org\/site\/#website"},"primaryImageOfPage":{"@id":"https:\/\/brasilnoticias.org\/site\/ambulantes-terao-apenas-24h-para-se-credenciarem-para-carnaval-pela-internet-apos-dias-acampados\/#primaryimage"},"image":{"@id":"https:\/\/brasilnoticias.org\/site\/ambulantes-terao-apenas-24h-para-se-credenciarem-para-carnaval-pela-internet-apos-dias-acampados\/#primaryimage"},"thumbnailUrl":"https:\/\/brasilnoticias.org\/site\/wp-content\/uploads\/2023\/02\/132935ambulantes-terao-apenas-24h-para-se-credenciarem-para-carnaval-pela-internet-apos-dias-acampados-3.jpg","datePublished":"2023-02-02T21:14:46+00:00","breadcrumb":{"@id":"https:\/\/brasilnoticias.org\/site\/ambulantes-terao-apenas-24h-para-se-credenciarem-para-carnaval-pela-internet-apos-dias-acampados\/#breadcrumb"},"inLanguage":"pt-PT","potentialAction":[{"@type":"ReadAction","target":["https:\/\/brasilnoticias.org\/site\/ambulantes-terao-apenas-24h-para-se-credenciarem-para-carnaval-pela-internet-apos-dias-acampados\/"]}]},{"@type":"ImageObject","inLanguage":"pt-PT","@id":"https:\/\/brasilnoticias.org\/site\/ambulantes-terao-apenas-24h-para-se-credenciarem-para-carnaval-pela-internet-apos-dias-acampados\/#primaryimage","url":"https:\/\/brasilnoticias.org\/site\/wp-content\/uploads\/2023\/02\/132935ambulantes-terao-apenas-24h-para-se-credenciarem-para-carnaval-pela-internet-apos-dias-acampados-3.jpg","contentUrl":"https:\/\/brasilnoticias.org\/site\/wp-content\/uploads\/2023\/02\/132935ambulantes-terao-apenas-24h-para-se-credenciarem-para-carnaval-pela-internet-apos-dias-acampados-3.jpg","width":1600,"height":752},{"@type":"BreadcrumbList","@id":"https:\/\/brasilnoticias.org\/site\/ambulantes-terao-apenas-24h-para-se-credenciarem-para-carnaval-pela-internet-apos-dias-acampados\/#breadcrumb","itemListElement":[{"@type":"ListItem","position":1,"name":"In\u00edcio","item":"https:\/\/brasilnoticias.org\/site\/"},{"@type":"ListItem","position":2,"name":"Ambulantes ter\u00e3o apenas 24h para se credenciarem para Carnaval pela internet ap\u00f3s dias acampados"}]},{"@type":"WebSite","@id":"https:\/\/brasilnoticias.org\/site\/#website","url":"https:\/\/brasilnoticias.org\/site\/","name":"Brasil not\u00edcias","description":"Brasil not\u00edcias","publisher":{"@id":"https:\/\/brasilnoticias.org\/site\/#organization"},"potentialAction":[{"@type":"SearchAction","target":{"@type":"EntryPoint","urlTemplate":"https:\/\/brasilnoticias.org\/site\/?s={search_term_string}"},"query-input":{"@type":"PropertyValueSpecification","valueRequired":true,"valueName":"search_term_string"}}],"inLanguage":"pt-PT"},{"@type":"Organization","@id":"https:\/\/brasilnoticias.org\/site\/#organization","name":"Brasil not\u00edcias","url":"https:\/\/brasilnoticias.org\/site\/","logo":{"@type":"ImageObject","inLanguage":"pt-PT","@id":"https:\/\/brasilnoticias.org\/site\/#\/schema\/logo\/image\/","url":"https:\/\/brasilnoticias.org\/site\/wp-content\/uploads\/2022\/05\/cropped-brasilnoticias-mini.jpg","contentUrl":"https:\/\/brasilnoticias.org\/site\/wp-content\/uploads\/2022\/05\/cropped-brasilnoticias-mini.jpg","width":314,"height":86,"caption":"Brasil not\u00edcias"},"image":{"@id":"https:\/\/brasilnoticias.org\/site\/#\/schema\/logo\/image\/"}},{"@type":"Person","@id":"https:\/\/brasilnoticias.org\/site\/#\/schema\/person\/a0e05b973ec4d15c658d51911e53507b","name":"Reda\u00e7\u00e3o","image":{"@type":"ImageObject","inLanguage":"pt-PT","@id":"https:\/\/brasilnoticias.org\/site\/#\/schema\/person\/image\/","url":"https:\/\/secure.gravatar.com\/avatar\/75d8b050df2de108b08ae78dfb8e374892df24a383c67db9c46a9c604f6aee9c?s=96&d=mm&r=g","contentUrl":"https:\/\/secure.gravatar.com\/avatar\/75d8b050df2de108b08ae78dfb8e374892df24a383c67db9c46a9c604f6aee9c?s=96&d=mm&r=g","caption":"Reda\u00e7\u00e3o"},"sameAs":["https:\/\/brasilnoticias.org\/site"],"url":"https:\/\/brasilnoticias.org\/site\/author\/fernandozsngmail-com\/"}]}},"_links":{"self":[{"href":"https:\/\/brasilnoticias.org\/site\/wp-json\/wp\/v2\/posts\/3647","targetHints":{"allow":["GET"]}}],"collection":[{"href":"https:\/\/brasilnoticias.org\/site\/wp-json\/wp\/v2\/posts"}],"about":[{"href":"https:\/\/brasilnoticias.org\/site\/wp-json\/wp\/v2\/types\/post"}],"author":[{"embeddable":true,"href":"https:\/\/brasilnoticias.org\/site\/wp-json\/wp\/v2\/users\/1"}],"replies":[{"embeddable":true,"href":"https:\/\/brasilnoticias.org\/site\/wp-json\/wp\/v2\/comments?post=3647"}],"version-history":[{"count":1,"href":"https:\/\/brasilnoticias.org\/site\/wp-json\/wp\/v2\/posts\/3647\/revisions"}],"predecessor-version":[{"id":3650,"href":"https:\/\/brasilnoticias.org\/site\/wp-json\/wp\/v2\/posts\/3647\/revisions\/3650"}],"wp:featuredmedia":[{"embeddable":true,"href":"https:\/\/brasilnoticias.org\/site\/wp-json\/wp\/v2\/media\/3649"}],"wp:attachment":[{"href":"https:\/\/brasilnoticias.org\/site\/wp-json\/wp\/v2\/media?parent=3647"}],"wp:term":[{"taxonomy":"category","embeddable":true,"href":"https:\/\/brasilnoticias.org\/site\/wp-json\/wp\/v2\/categories?post=3647"},{"taxonomy":"post_tag","embeddable":true,"href":"https:\/\/brasilnoticias.org\/site\/wp-json\/wp\/v2\/tags?post=3647"}],"curies":[{"name":"wp","href":"https:\/\/api.w.org\/{rel}","templated":true}]}}