{"id":3657,"date":"2023-02-03T08:04:01","date_gmt":"2023-02-03T11:04:01","guid":{"rendered":"https:\/\/brasilnoticias.org\/site\/?p=3657"},"modified":"2023-02-03T08:04:01","modified_gmt":"2023-02-03T11:04:01","slug":"em-confronto-pm-mata-quatro-homens-que-planejavam-arrastao-na-festa-de-iemanja-no-rio-vermelho","status":"publish","type":"post","link":"https:\/\/brasilnoticias.org\/site\/em-confronto-pm-mata-quatro-homens-que-planejavam-arrastao-na-festa-de-iemanja-no-rio-vermelho\/","title":{"rendered":"Em confronto, PM mata quatro homens que planejavam arrast\u00e3o na festa de Iemanj\u00e1, no Rio Vermelho"},"content":{"rendered":"<p>Quatro homens que, segundo a Pol\u00edcia Militar, planejavam realizar um arrast\u00e3o aos devotos de Iemanj\u00e1, na Lavagem do Rio Vermelho, foram mortos durante um confronto com policiais nesta quinta-feira (2). A ocorr\u00eancia foi na localidade de Cangira, na regi\u00e3o da Vasco da Gama, no Engenho Velho da Federa\u00e7\u00e3o.<\/p>\n<p>De acordo com a PM, uma informa\u00e7\u00e3o repassada aos agentes revelou que o grupo se preparava para os roubos ao p\u00fablico do evento. Ao chegarem ao local da den\u00fancia, eles teriam sido recebidos com disparos de arma de fogo e revidaram. Os quatro homens foram feridos, socorridos ao Hospital Geral do Estado, mas n\u00e3o sobreviveram.<\/p>\n<p>Entre os suspeitos mortos, est\u00e1 o l\u00edder do tr\u00e1fico de drogas em Cangira, que tinha um mandado de pris\u00e3o por homic\u00eddio. A PM afirmou que o homem tamb\u00e9m \u00e9 apontado como respons\u00e1vel por um homic\u00eddio ocorrido na localidade, na \u00faltima semana, e por extors\u00e3o e golpes em sites e aplicativo de an\u00fancios e vendas.<\/p>\n<p>Na a\u00e7\u00e3o, foram apreendidas uma submetralhadora, tr\u00eas rev\u00f3lveres calibres 38, muni\u00e7\u00e3o e por\u00e7\u00f5es de drogas. O material foi apresentado na Corregedoria Geral da Pol\u00edcia Militar.<\/p>\n<p>Foto: Divulga\u00e7\u00e3o\/SSP-BA<br \/>\nPor: Metro1<\/p>\n","protected":false},"excerpt":{"rendered":"<p>Quatro homens que, segundo a Pol\u00edcia Militar, planejavam realizar um arrast\u00e3o aos devotos de Iemanj\u00e1, na Lavagem do Rio Vermelho,<\/p>\n","protected":false},"author":1,"featured_media":3658,"comment_status":"open","ping_status":"open","sticky":false,"template":"","format":"standard","meta":{"colormag_page_container_layout":"default_layout","colormag_page_sidebar_layout":"default_layout","_FSMCFIC_featured_image_caption":"","_FSMCFIC_featured_image_nocaption":"","_FSMCFIC_featured_image_hide":"","footnotes":""},"categories":[3,1],"tags":[],"class_list":["post-3657","post","type-post","status-publish","format-standard","has-post-thumbnail","hentry","category-policia","category-ultimas"],"yoast_head":"<!-- This site is optimized with the Yoast SEO plugin v27.1.1 - https:\/\/yoast.com\/product\/yoast-seo-wordpress\/ -->\n<title>Em confronto, PM mata quatro homens que planejavam arrast\u00e3o na festa de Iemanj\u00e1, no Rio Vermelho - Brasil not\u00edcias<\/title>\n<meta name=\"robots\" content=\"index, follow, max-snippet:-1, max-image-preview:large, max-video-preview:-1\" \/>\n<link rel=\"canonical\" href=\"https:\/\/brasilnoticias.org\/site\/em-confronto-pm-mata-quatro-homens-que-planejavam-arrastao-na-festa-de-iemanja-no-rio-vermelho\/\" \/>\n<meta property=\"og:locale\" content=\"pt_PT\" \/>\n<meta property=\"og:type\" content=\"article\" \/>\n<meta property=\"og:title\" content=\"Em confronto, PM mata quatro homens que planejavam arrast\u00e3o na festa de Iemanj\u00e1, no Rio Vermelho - Brasil not\u00edcias\" \/>\n<meta property=\"og:description\" content=\"Quatro homens que, segundo a Pol\u00edcia Militar, planejavam realizar um arrast\u00e3o aos devotos de Iemanj\u00e1, na Lavagem do Rio Vermelho,\" \/>\n<meta property=\"og:url\" content=\"https:\/\/brasilnoticias.org\/site\/em-confronto-pm-mata-quatro-homens-que-planejavam-arrastao-na-festa-de-iemanja-no-rio-vermelho\/\" \/>\n<meta property=\"og:site_name\" content=\"Brasil not\u00edcias\" \/>\n<meta property=\"article:published_time\" content=\"2023-02-03T11:04:01+00:00\" \/>\n<meta property=\"og:image\" content=\"https:\/\/brasilnoticias.org\/site\/wp-content\/uploads\/2023\/02\/132936em-confronto-pm-mata-quatro-homens-que-planejavam-arrastao-na-festa-de-iemanja-no-rio-vermelho-3.jpg\" \/>\n\t<meta property=\"og:image:width\" content=\"1600\" \/>\n\t<meta property=\"og:image:height\" content=\"752\" \/>\n\t<meta property=\"og:image:type\" content=\"image\/jpeg\" \/>\n<meta name=\"author\" content=\"Reda\u00e7\u00e3o\" \/>\n<meta name=\"twitter:card\" content=\"summary_large_image\" \/>\n<meta name=\"twitter:label1\" content=\"Escrito por\" \/>\n\t<meta name=\"twitter:data1\" content=\"Reda\u00e7\u00e3o\" \/>\n\t<meta name=\"twitter:label2\" content=\"Tempo estimado de leitura\" \/>\n\t<meta name=\"twitter:data2\" content=\"1 minuto\" \/>\n<script type=\"application\/ld+json\" class=\"yoast-schema-graph\">{\"@context\":\"https:\/\/schema.org\",\"@graph\":[{\"@type\":\"Article\",\"@id\":\"https:\/\/brasilnoticias.org\/site\/em-confronto-pm-mata-quatro-homens-que-planejavam-arrastao-na-festa-de-iemanja-no-rio-vermelho\/#article\",\"isPartOf\":{\"@id\":\"https:\/\/brasilnoticias.org\/site\/em-confronto-pm-mata-quatro-homens-que-planejavam-arrastao-na-festa-de-iemanja-no-rio-vermelho\/\"},\"author\":{\"name\":\"Reda\u00e7\u00e3o\",\"@id\":\"https:\/\/brasilnoticias.org\/site\/#\/schema\/person\/a0e05b973ec4d15c658d51911e53507b\"},\"headline\":\"Em confronto, PM mata quatro homens que planejavam arrast\u00e3o na festa de Iemanj\u00e1, no Rio Vermelho\",\"datePublished\":\"2023-02-03T11:04:01+00:00\",\"mainEntityOfPage\":{\"@id\":\"https:\/\/brasilnoticias.org\/site\/em-confronto-pm-mata-quatro-homens-que-planejavam-arrastao-na-festa-de-iemanja-no-rio-vermelho\/\"},\"wordCount\":226,\"commentCount\":0,\"publisher\":{\"@id\":\"https:\/\/brasilnoticias.org\/site\/#organization\"},\"image\":{\"@id\":\"https:\/\/brasilnoticias.org\/site\/em-confronto-pm-mata-quatro-homens-que-planejavam-arrastao-na-festa-de-iemanja-no-rio-vermelho\/#primaryimage\"},\"thumbnailUrl\":\"https:\/\/brasilnoticias.org\/site\/wp-content\/uploads\/2023\/02\/132936em-confronto-pm-mata-quatro-homens-que-planejavam-arrastao-na-festa-de-iemanja-no-rio-vermelho-3.jpg\",\"articleSection\":[\"Pol\u00edcia\",\"\u00daltimas\"],\"inLanguage\":\"pt-PT\",\"potentialAction\":[{\"@type\":\"CommentAction\",\"name\":\"Comment\",\"target\":[\"https:\/\/brasilnoticias.org\/site\/em-confronto-pm-mata-quatro-homens-que-planejavam-arrastao-na-festa-de-iemanja-no-rio-vermelho\/#respond\"]}]},{\"@type\":\"WebPage\",\"@id\":\"https:\/\/brasilnoticias.org\/site\/em-confronto-pm-mata-quatro-homens-que-planejavam-arrastao-na-festa-de-iemanja-no-rio-vermelho\/\",\"url\":\"https:\/\/brasilnoticias.org\/site\/em-confronto-pm-mata-quatro-homens-que-planejavam-arrastao-na-festa-de-iemanja-no-rio-vermelho\/\",\"name\":\"Em confronto, PM mata quatro homens que planejavam arrast\u00e3o na festa de Iemanj\u00e1, no Rio Vermelho - Brasil not\u00edcias\",\"isPartOf\":{\"@id\":\"https:\/\/brasilnoticias.org\/site\/#website\"},\"primaryImageOfPage\":{\"@id\":\"https:\/\/brasilnoticias.org\/site\/em-confronto-pm-mata-quatro-homens-que-planejavam-arrastao-na-festa-de-iemanja-no-rio-vermelho\/#primaryimage\"},\"image\":{\"@id\":\"https:\/\/brasilnoticias.org\/site\/em-confronto-pm-mata-quatro-homens-que-planejavam-arrastao-na-festa-de-iemanja-no-rio-vermelho\/#primaryimage\"},\"thumbnailUrl\":\"https:\/\/brasilnoticias.org\/site\/wp-content\/uploads\/2023\/02\/132936em-confronto-pm-mata-quatro-homens-que-planejavam-arrastao-na-festa-de-iemanja-no-rio-vermelho-3.jpg\",\"datePublished\":\"2023-02-03T11:04:01+00:00\",\"breadcrumb\":{\"@id\":\"https:\/\/brasilnoticias.org\/site\/em-confronto-pm-mata-quatro-homens-que-planejavam-arrastao-na-festa-de-iemanja-no-rio-vermelho\/#breadcrumb\"},\"inLanguage\":\"pt-PT\",\"potentialAction\":[{\"@type\":\"ReadAction\",\"target\":[\"https:\/\/brasilnoticias.org\/site\/em-confronto-pm-mata-quatro-homens-que-planejavam-arrastao-na-festa-de-iemanja-no-rio-vermelho\/\"]}]},{\"@type\":\"ImageObject\",\"inLanguage\":\"pt-PT\",\"@id\":\"https:\/\/brasilnoticias.org\/site\/em-confronto-pm-mata-quatro-homens-que-planejavam-arrastao-na-festa-de-iemanja-no-rio-vermelho\/#primaryimage\",\"url\":\"https:\/\/brasilnoticias.org\/site\/wp-content\/uploads\/2023\/02\/132936em-confronto-pm-mata-quatro-homens-que-planejavam-arrastao-na-festa-de-iemanja-no-rio-vermelho-3.jpg\",\"contentUrl\":\"https:\/\/brasilnoticias.org\/site\/wp-content\/uploads\/2023\/02\/132936em-confronto-pm-mata-quatro-homens-que-planejavam-arrastao-na-festa-de-iemanja-no-rio-vermelho-3.jpg\",\"width\":1600,\"height\":752},{\"@type\":\"BreadcrumbList\",\"@id\":\"https:\/\/brasilnoticias.org\/site\/em-confronto-pm-mata-quatro-homens-que-planejavam-arrastao-na-festa-de-iemanja-no-rio-vermelho\/#breadcrumb\",\"itemListElement\":[{\"@type\":\"ListItem\",\"position\":1,\"name\":\"In\u00edcio\",\"item\":\"https:\/\/brasilnoticias.org\/site\/\"},{\"@type\":\"ListItem\",\"position\":2,\"name\":\"Em confronto, PM mata quatro homens que planejavam arrast\u00e3o na festa de Iemanj\u00e1, no Rio Vermelho\"}]},{\"@type\":\"WebSite\",\"@id\":\"https:\/\/brasilnoticias.org\/site\/#website\",\"url\":\"https:\/\/brasilnoticias.org\/site\/\",\"name\":\"Brasil not\u00edcias\",\"description\":\"Brasil not\u00edcias\",\"publisher\":{\"@id\":\"https:\/\/brasilnoticias.org\/site\/#organization\"},\"potentialAction\":[{\"@type\":\"SearchAction\",\"target\":{\"@type\":\"EntryPoint\",\"urlTemplate\":\"https:\/\/brasilnoticias.org\/site\/?s={search_term_string}\"},\"query-input\":{\"@type\":\"PropertyValueSpecification\",\"valueRequired\":true,\"valueName\":\"search_term_string\"}}],\"inLanguage\":\"pt-PT\"},{\"@type\":\"Organization\",\"@id\":\"https:\/\/brasilnoticias.org\/site\/#organization\",\"name\":\"Brasil not\u00edcias\",\"url\":\"https:\/\/brasilnoticias.org\/site\/\",\"logo\":{\"@type\":\"ImageObject\",\"inLanguage\":\"pt-PT\",\"@id\":\"https:\/\/brasilnoticias.org\/site\/#\/schema\/logo\/image\/\",\"url\":\"https:\/\/brasilnoticias.org\/site\/wp-content\/uploads\/2022\/05\/cropped-brasilnoticias-mini.jpg\",\"contentUrl\":\"https:\/\/brasilnoticias.org\/site\/wp-content\/uploads\/2022\/05\/cropped-brasilnoticias-mini.jpg\",\"width\":314,\"height\":86,\"caption\":\"Brasil not\u00edcias\"},\"image\":{\"@id\":\"https:\/\/brasilnoticias.org\/site\/#\/schema\/logo\/image\/\"}},{\"@type\":\"Person\",\"@id\":\"https:\/\/brasilnoticias.org\/site\/#\/schema\/person\/a0e05b973ec4d15c658d51911e53507b\",\"name\":\"Reda\u00e7\u00e3o\",\"image\":{\"@type\":\"ImageObject\",\"inLanguage\":\"pt-PT\",\"@id\":\"https:\/\/brasilnoticias.org\/site\/#\/schema\/person\/image\/\",\"url\":\"https:\/\/secure.gravatar.com\/avatar\/75d8b050df2de108b08ae78dfb8e374892df24a383c67db9c46a9c604f6aee9c?s=96&d=mm&r=g\",\"contentUrl\":\"https:\/\/secure.gravatar.com\/avatar\/75d8b050df2de108b08ae78dfb8e374892df24a383c67db9c46a9c604f6aee9c?s=96&d=mm&r=g\",\"caption\":\"Reda\u00e7\u00e3o\"},\"sameAs\":[\"https:\/\/brasilnoticias.org\/site\"],\"url\":\"https:\/\/brasilnoticias.org\/site\/author\/fernandozsngmail-com\/\"}]}<\/script>\n<!-- \/ Yoast SEO plugin. -->","yoast_head_json":{"title":"Em confronto, PM mata quatro homens que planejavam arrast\u00e3o na festa de Iemanj\u00e1, no Rio Vermelho - Brasil not\u00edcias","robots":{"index":"index","follow":"follow","max-snippet":"max-snippet:-1","max-image-preview":"max-image-preview:large","max-video-preview":"max-video-preview:-1"},"canonical":"https:\/\/brasilnoticias.org\/site\/em-confronto-pm-mata-quatro-homens-que-planejavam-arrastao-na-festa-de-iemanja-no-rio-vermelho\/","og_locale":"pt_PT","og_type":"article","og_title":"Em confronto, PM mata quatro homens que planejavam arrast\u00e3o na festa de Iemanj\u00e1, no Rio Vermelho - Brasil not\u00edcias","og_description":"Quatro homens que, segundo a Pol\u00edcia Militar, planejavam realizar um arrast\u00e3o aos devotos de Iemanj\u00e1, na Lavagem do Rio Vermelho,","og_url":"https:\/\/brasilnoticias.org\/site\/em-confronto-pm-mata-quatro-homens-que-planejavam-arrastao-na-festa-de-iemanja-no-rio-vermelho\/","og_site_name":"Brasil not\u00edcias","article_published_time":"2023-02-03T11:04:01+00:00","og_image":[{"width":1600,"height":752,"url":"https:\/\/brasilnoticias.org\/site\/wp-content\/uploads\/2023\/02\/132936em-confronto-pm-mata-quatro-homens-que-planejavam-arrastao-na-festa-de-iemanja-no-rio-vermelho-3.jpg","type":"image\/jpeg"}],"author":"Reda\u00e7\u00e3o","twitter_card":"summary_large_image","twitter_misc":{"Escrito por":"Reda\u00e7\u00e3o","Tempo estimado de leitura":"1 minuto"},"schema":{"@context":"https:\/\/schema.org","@graph":[{"@type":"Article","@id":"https:\/\/brasilnoticias.org\/site\/em-confronto-pm-mata-quatro-homens-que-planejavam-arrastao-na-festa-de-iemanja-no-rio-vermelho\/#article","isPartOf":{"@id":"https:\/\/brasilnoticias.org\/site\/em-confronto-pm-mata-quatro-homens-que-planejavam-arrastao-na-festa-de-iemanja-no-rio-vermelho\/"},"author":{"name":"Reda\u00e7\u00e3o","@id":"https:\/\/brasilnoticias.org\/site\/#\/schema\/person\/a0e05b973ec4d15c658d51911e53507b"},"headline":"Em confronto, PM mata quatro homens que planejavam arrast\u00e3o na festa de Iemanj\u00e1, no Rio Vermelho","datePublished":"2023-02-03T11:04:01+00:00","mainEntityOfPage":{"@id":"https:\/\/brasilnoticias.org\/site\/em-confronto-pm-mata-quatro-homens-que-planejavam-arrastao-na-festa-de-iemanja-no-rio-vermelho\/"},"wordCount":226,"commentCount":0,"publisher":{"@id":"https:\/\/brasilnoticias.org\/site\/#organization"},"image":{"@id":"https:\/\/brasilnoticias.org\/site\/em-confronto-pm-mata-quatro-homens-que-planejavam-arrastao-na-festa-de-iemanja-no-rio-vermelho\/#primaryimage"},"thumbnailUrl":"https:\/\/brasilnoticias.org\/site\/wp-content\/uploads\/2023\/02\/132936em-confronto-pm-mata-quatro-homens-que-planejavam-arrastao-na-festa-de-iemanja-no-rio-vermelho-3.jpg","articleSection":["Pol\u00edcia","\u00daltimas"],"inLanguage":"pt-PT","potentialAction":[{"@type":"CommentAction","name":"Comment","target":["https:\/\/brasilnoticias.org\/site\/em-confronto-pm-mata-quatro-homens-que-planejavam-arrastao-na-festa-de-iemanja-no-rio-vermelho\/#respond"]}]},{"@type":"WebPage","@id":"https:\/\/brasilnoticias.org\/site\/em-confronto-pm-mata-quatro-homens-que-planejavam-arrastao-na-festa-de-iemanja-no-rio-vermelho\/","url":"https:\/\/brasilnoticias.org\/site\/em-confronto-pm-mata-quatro-homens-que-planejavam-arrastao-na-festa-de-iemanja-no-rio-vermelho\/","name":"Em confronto, PM mata quatro homens que planejavam arrast\u00e3o na festa de Iemanj\u00e1, no Rio Vermelho - Brasil not\u00edcias","isPartOf":{"@id":"https:\/\/brasilnoticias.org\/site\/#website"},"primaryImageOfPage":{"@id":"https:\/\/brasilnoticias.org\/site\/em-confronto-pm-mata-quatro-homens-que-planejavam-arrastao-na-festa-de-iemanja-no-rio-vermelho\/#primaryimage"},"image":{"@id":"https:\/\/brasilnoticias.org\/site\/em-confronto-pm-mata-quatro-homens-que-planejavam-arrastao-na-festa-de-iemanja-no-rio-vermelho\/#primaryimage"},"thumbnailUrl":"https:\/\/brasilnoticias.org\/site\/wp-content\/uploads\/2023\/02\/132936em-confronto-pm-mata-quatro-homens-que-planejavam-arrastao-na-festa-de-iemanja-no-rio-vermelho-3.jpg","datePublished":"2023-02-03T11:04:01+00:00","breadcrumb":{"@id":"https:\/\/brasilnoticias.org\/site\/em-confronto-pm-mata-quatro-homens-que-planejavam-arrastao-na-festa-de-iemanja-no-rio-vermelho\/#breadcrumb"},"inLanguage":"pt-PT","potentialAction":[{"@type":"ReadAction","target":["https:\/\/brasilnoticias.org\/site\/em-confronto-pm-mata-quatro-homens-que-planejavam-arrastao-na-festa-de-iemanja-no-rio-vermelho\/"]}]},{"@type":"ImageObject","inLanguage":"pt-PT","@id":"https:\/\/brasilnoticias.org\/site\/em-confronto-pm-mata-quatro-homens-que-planejavam-arrastao-na-festa-de-iemanja-no-rio-vermelho\/#primaryimage","url":"https:\/\/brasilnoticias.org\/site\/wp-content\/uploads\/2023\/02\/132936em-confronto-pm-mata-quatro-homens-que-planejavam-arrastao-na-festa-de-iemanja-no-rio-vermelho-3.jpg","contentUrl":"https:\/\/brasilnoticias.org\/site\/wp-content\/uploads\/2023\/02\/132936em-confronto-pm-mata-quatro-homens-que-planejavam-arrastao-na-festa-de-iemanja-no-rio-vermelho-3.jpg","width":1600,"height":752},{"@type":"BreadcrumbList","@id":"https:\/\/brasilnoticias.org\/site\/em-confronto-pm-mata-quatro-homens-que-planejavam-arrastao-na-festa-de-iemanja-no-rio-vermelho\/#breadcrumb","itemListElement":[{"@type":"ListItem","position":1,"name":"In\u00edcio","item":"https:\/\/brasilnoticias.org\/site\/"},{"@type":"ListItem","position":2,"name":"Em confronto, PM mata quatro homens que planejavam arrast\u00e3o na festa de Iemanj\u00e1, no Rio Vermelho"}]},{"@type":"WebSite","@id":"https:\/\/brasilnoticias.org\/site\/#website","url":"https:\/\/brasilnoticias.org\/site\/","name":"Brasil not\u00edcias","description":"Brasil not\u00edcias","publisher":{"@id":"https:\/\/brasilnoticias.org\/site\/#organization"},"potentialAction":[{"@type":"SearchAction","target":{"@type":"EntryPoint","urlTemplate":"https:\/\/brasilnoticias.org\/site\/?s={search_term_string}"},"query-input":{"@type":"PropertyValueSpecification","valueRequired":true,"valueName":"search_term_string"}}],"inLanguage":"pt-PT"},{"@type":"Organization","@id":"https:\/\/brasilnoticias.org\/site\/#organization","name":"Brasil not\u00edcias","url":"https:\/\/brasilnoticias.org\/site\/","logo":{"@type":"ImageObject","inLanguage":"pt-PT","@id":"https:\/\/brasilnoticias.org\/site\/#\/schema\/logo\/image\/","url":"https:\/\/brasilnoticias.org\/site\/wp-content\/uploads\/2022\/05\/cropped-brasilnoticias-mini.jpg","contentUrl":"https:\/\/brasilnoticias.org\/site\/wp-content\/uploads\/2022\/05\/cropped-brasilnoticias-mini.jpg","width":314,"height":86,"caption":"Brasil not\u00edcias"},"image":{"@id":"https:\/\/brasilnoticias.org\/site\/#\/schema\/logo\/image\/"}},{"@type":"Person","@id":"https:\/\/brasilnoticias.org\/site\/#\/schema\/person\/a0e05b973ec4d15c658d51911e53507b","name":"Reda\u00e7\u00e3o","image":{"@type":"ImageObject","inLanguage":"pt-PT","@id":"https:\/\/brasilnoticias.org\/site\/#\/schema\/person\/image\/","url":"https:\/\/secure.gravatar.com\/avatar\/75d8b050df2de108b08ae78dfb8e374892df24a383c67db9c46a9c604f6aee9c?s=96&d=mm&r=g","contentUrl":"https:\/\/secure.gravatar.com\/avatar\/75d8b050df2de108b08ae78dfb8e374892df24a383c67db9c46a9c604f6aee9c?s=96&d=mm&r=g","caption":"Reda\u00e7\u00e3o"},"sameAs":["https:\/\/brasilnoticias.org\/site"],"url":"https:\/\/brasilnoticias.org\/site\/author\/fernandozsngmail-com\/"}]}},"_links":{"self":[{"href":"https:\/\/brasilnoticias.org\/site\/wp-json\/wp\/v2\/posts\/3657","targetHints":{"allow":["GET"]}}],"collection":[{"href":"https:\/\/brasilnoticias.org\/site\/wp-json\/wp\/v2\/posts"}],"about":[{"href":"https:\/\/brasilnoticias.org\/site\/wp-json\/wp\/v2\/types\/post"}],"author":[{"embeddable":true,"href":"https:\/\/brasilnoticias.org\/site\/wp-json\/wp\/v2\/users\/1"}],"replies":[{"embeddable":true,"href":"https:\/\/brasilnoticias.org\/site\/wp-json\/wp\/v2\/comments?post=3657"}],"version-history":[{"count":1,"href":"https:\/\/brasilnoticias.org\/site\/wp-json\/wp\/v2\/posts\/3657\/revisions"}],"predecessor-version":[{"id":3659,"href":"https:\/\/brasilnoticias.org\/site\/wp-json\/wp\/v2\/posts\/3657\/revisions\/3659"}],"wp:featuredmedia":[{"embeddable":true,"href":"https:\/\/brasilnoticias.org\/site\/wp-json\/wp\/v2\/media\/3658"}],"wp:attachment":[{"href":"https:\/\/brasilnoticias.org\/site\/wp-json\/wp\/v2\/media?parent=3657"}],"wp:term":[{"taxonomy":"category","embeddable":true,"href":"https:\/\/brasilnoticias.org\/site\/wp-json\/wp\/v2\/categories?post=3657"},{"taxonomy":"post_tag","embeddable":true,"href":"https:\/\/brasilnoticias.org\/site\/wp-json\/wp\/v2\/tags?post=3657"}],"curies":[{"name":"wp","href":"https:\/\/api.w.org\/{rel}","templated":true}]}}