{"id":3677,"date":"2023-02-03T19:52:41","date_gmt":"2023-02-03T22:52:41","guid":{"rendered":"https:\/\/brasilnoticias.org\/site\/?p=3677"},"modified":"2023-02-03T19:52:41","modified_gmt":"2023-02-03T22:52:41","slug":"policia-da-california-mata-a-tiro-homem-amputado-em-cadeira-de-rodas","status":"publish","type":"post","link":"https:\/\/brasilnoticias.org\/site\/policia-da-california-mata-a-tiro-homem-amputado-em-cadeira-de-rodas\/","title":{"rendered":"Pol\u00edcia da Calif\u00f3rnia mata a tiro homem amputado em cadeira de rodas"},"content":{"rendered":"<p>Com os Estados Unidos chorando a morte de Tyre Nichols nas m\u00e3os de cinco membros das for\u00e7as de seguran\u00e7a, Anthony Lowe, de 36 anos, um homem negro cadeirante, com ambas as pernas amputadas, foi morto a tiro pela pol\u00edcia da Calif\u00f3rnia.<\/p>\n<p>O departamento enfrenta agora inquisi\u00e7\u00e3o p\u00fablica depois de um v\u00eddeo mostrar a v\u00edtima fugindo, j\u00e1 fora da cadeira de rodas, enquanto os pol\u00edcias lhe apontam as armas.<\/p>\n<p>O v\u00eddeo, que o Not\u00edcias ao Minuto escolhe n\u00e3o publicar, supostamente mostra os momentos antes de Anthony ser morto com 10 tiros.<\/p>\n<p>Agora, a fam\u00edlia de Lowe pede que os pol\u00edcias sejam demitidos e condenados. \u201cEstou com o cora\u00e7\u00e3o partido e cheio de raiva\u201d, disse Tatiana Jackson, irm\u00e3 mais nova da v\u00edtima, ao The Guardian na ter\u00e7a-feira<\/p>\n<p>&#8220;N\u00e3o consigo entender como \u00e9 que eles puderam fazer aquilo a algu\u00e9m numa cadeira de rodas. Quero que algu\u00e9m me explique qual foi a justifica\u00e7\u00e3o para terem de abater a tiro algu\u00e9m que n\u00e3o tem pernas\u201d, disse ainda. <\/p>\n<p>O relat\u00f3rio da pol\u00edcia, citado pelo Los Angeles Times relatava uma ocorr\u00eancia onde a pol\u00edcia teria tentado deter um homem em cadeira de rodas suspeito de um esfaqueamento. Segundo o relato, o suspeito teria respondido com agressividade \u00e0 abordagem da pol\u00edcia e levantou uma arma, tentando atirar aos agentes da autoridade. Num primeiro momento, estes teriam respondido com um taser. A v\u00edtima teria tentado, por uma segunda vez, machucar os policiais, tendo sido baleado depois. Foi declarado morto no local. <\/p>\n<p>Depois da primeira declara\u00e7\u00e3o, um porta-voz da pol\u00edcia emendou a vers\u00e3o e disse ao LA Times que Lowe \u201cn\u00e3o atirou, em \u00faltima inst\u00e2ncia a faca, mas por v\u00e1rias vezes simulou um gesto sobre a cabe\u00e7a de que iria atirar a faca\u201d aos pol\u00edcias.<\/p>\n<p>Lowe era pai de dois filhos.<\/p>\n<p>Foto Getty Images<br \/>\nNot\u00edcias ao minuto<\/p>\n","protected":false},"excerpt":{"rendered":"<p>Com os Estados Unidos chorando a morte de Tyre Nichols nas m\u00e3os de cinco membros das for\u00e7as de seguran\u00e7a, Anthony<\/p>\n","protected":false},"author":1,"featured_media":3678,"comment_status":"open","ping_status":"open","sticky":false,"template":"","format":"standard","meta":{"colormag_page_container_layout":"default_layout","colormag_page_sidebar_layout":"default_layout","_FSMCFIC_featured_image_caption":"","_FSMCFIC_featured_image_nocaption":"","_FSMCFIC_featured_image_hide":"","footnotes":""},"categories":[3,1],"tags":[],"class_list":["post-3677","post","type-post","status-publish","format-standard","has-post-thumbnail","hentry","category-policia","category-ultimas"],"yoast_head":"<!-- This site is optimized with the Yoast SEO plugin v27.1.1 - https:\/\/yoast.com\/product\/yoast-seo-wordpress\/ -->\n<title>Pol\u00edcia da Calif\u00f3rnia mata a tiro homem amputado em cadeira de rodas - Brasil not\u00edcias<\/title>\n<meta name=\"robots\" content=\"index, follow, max-snippet:-1, max-image-preview:large, max-video-preview:-1\" \/>\n<link rel=\"canonical\" href=\"https:\/\/brasilnoticias.org\/site\/policia-da-california-mata-a-tiro-homem-amputado-em-cadeira-de-rodas\/\" \/>\n<meta property=\"og:locale\" content=\"pt_PT\" \/>\n<meta property=\"og:type\" content=\"article\" \/>\n<meta property=\"og:title\" content=\"Pol\u00edcia da Calif\u00f3rnia mata a tiro homem amputado em cadeira de rodas - Brasil not\u00edcias\" \/>\n<meta property=\"og:description\" content=\"Com os Estados Unidos chorando a morte de Tyre Nichols nas m\u00e3os de cinco membros das for\u00e7as de seguran\u00e7a, Anthony\" \/>\n<meta property=\"og:url\" content=\"https:\/\/brasilnoticias.org\/site\/policia-da-california-mata-a-tiro-homem-amputado-em-cadeira-de-rodas\/\" \/>\n<meta property=\"og:site_name\" content=\"Brasil not\u00edcias\" \/>\n<meta property=\"article:published_time\" content=\"2023-02-03T22:52:41+00:00\" \/>\n<meta property=\"og:image\" content=\"https:\/\/brasilnoticias.org\/site\/wp-content\/uploads\/2023\/02\/naom_63c71ba4256a4.jpg\" \/>\n\t<meta property=\"og:image:width\" content=\"960\" \/>\n\t<meta property=\"og:image:height\" content=\"540\" \/>\n\t<meta property=\"og:image:type\" content=\"image\/jpeg\" \/>\n<meta name=\"author\" content=\"Reda\u00e7\u00e3o\" \/>\n<meta name=\"twitter:card\" content=\"summary_large_image\" \/>\n<meta name=\"twitter:label1\" content=\"Escrito por\" \/>\n\t<meta name=\"twitter:data1\" content=\"Reda\u00e7\u00e3o\" \/>\n\t<meta name=\"twitter:label2\" content=\"Tempo estimado de leitura\" \/>\n\t<meta name=\"twitter:data2\" content=\"2 minutos\" \/>\n<script type=\"application\/ld+json\" class=\"yoast-schema-graph\">{\"@context\":\"https:\/\/schema.org\",\"@graph\":[{\"@type\":\"Article\",\"@id\":\"https:\/\/brasilnoticias.org\/site\/policia-da-california-mata-a-tiro-homem-amputado-em-cadeira-de-rodas\/#article\",\"isPartOf\":{\"@id\":\"https:\/\/brasilnoticias.org\/site\/policia-da-california-mata-a-tiro-homem-amputado-em-cadeira-de-rodas\/\"},\"author\":{\"name\":\"Reda\u00e7\u00e3o\",\"@id\":\"https:\/\/brasilnoticias.org\/site\/#\/schema\/person\/a0e05b973ec4d15c658d51911e53507b\"},\"headline\":\"Pol\u00edcia da Calif\u00f3rnia mata a tiro homem amputado em cadeira de rodas\",\"datePublished\":\"2023-02-03T22:52:41+00:00\",\"mainEntityOfPage\":{\"@id\":\"https:\/\/brasilnoticias.org\/site\/policia-da-california-mata-a-tiro-homem-amputado-em-cadeira-de-rodas\/\"},\"wordCount\":347,\"commentCount\":0,\"publisher\":{\"@id\":\"https:\/\/brasilnoticias.org\/site\/#organization\"},\"image\":{\"@id\":\"https:\/\/brasilnoticias.org\/site\/policia-da-california-mata-a-tiro-homem-amputado-em-cadeira-de-rodas\/#primaryimage\"},\"thumbnailUrl\":\"https:\/\/brasilnoticias.org\/site\/wp-content\/uploads\/2023\/02\/naom_63c71ba4256a4.jpg\",\"articleSection\":[\"Pol\u00edcia\",\"\u00daltimas\"],\"inLanguage\":\"pt-PT\",\"potentialAction\":[{\"@type\":\"CommentAction\",\"name\":\"Comment\",\"target\":[\"https:\/\/brasilnoticias.org\/site\/policia-da-california-mata-a-tiro-homem-amputado-em-cadeira-de-rodas\/#respond\"]}]},{\"@type\":\"WebPage\",\"@id\":\"https:\/\/brasilnoticias.org\/site\/policia-da-california-mata-a-tiro-homem-amputado-em-cadeira-de-rodas\/\",\"url\":\"https:\/\/brasilnoticias.org\/site\/policia-da-california-mata-a-tiro-homem-amputado-em-cadeira-de-rodas\/\",\"name\":\"Pol\u00edcia da Calif\u00f3rnia mata a tiro homem amputado em cadeira de rodas - Brasil not\u00edcias\",\"isPartOf\":{\"@id\":\"https:\/\/brasilnoticias.org\/site\/#website\"},\"primaryImageOfPage\":{\"@id\":\"https:\/\/brasilnoticias.org\/site\/policia-da-california-mata-a-tiro-homem-amputado-em-cadeira-de-rodas\/#primaryimage\"},\"image\":{\"@id\":\"https:\/\/brasilnoticias.org\/site\/policia-da-california-mata-a-tiro-homem-amputado-em-cadeira-de-rodas\/#primaryimage\"},\"thumbnailUrl\":\"https:\/\/brasilnoticias.org\/site\/wp-content\/uploads\/2023\/02\/naom_63c71ba4256a4.jpg\",\"datePublished\":\"2023-02-03T22:52:41+00:00\",\"breadcrumb\":{\"@id\":\"https:\/\/brasilnoticias.org\/site\/policia-da-california-mata-a-tiro-homem-amputado-em-cadeira-de-rodas\/#breadcrumb\"},\"inLanguage\":\"pt-PT\",\"potentialAction\":[{\"@type\":\"ReadAction\",\"target\":[\"https:\/\/brasilnoticias.org\/site\/policia-da-california-mata-a-tiro-homem-amputado-em-cadeira-de-rodas\/\"]}]},{\"@type\":\"ImageObject\",\"inLanguage\":\"pt-PT\",\"@id\":\"https:\/\/brasilnoticias.org\/site\/policia-da-california-mata-a-tiro-homem-amputado-em-cadeira-de-rodas\/#primaryimage\",\"url\":\"https:\/\/brasilnoticias.org\/site\/wp-content\/uploads\/2023\/02\/naom_63c71ba4256a4.jpg\",\"contentUrl\":\"https:\/\/brasilnoticias.org\/site\/wp-content\/uploads\/2023\/02\/naom_63c71ba4256a4.jpg\",\"width\":960,\"height\":540},{\"@type\":\"BreadcrumbList\",\"@id\":\"https:\/\/brasilnoticias.org\/site\/policia-da-california-mata-a-tiro-homem-amputado-em-cadeira-de-rodas\/#breadcrumb\",\"itemListElement\":[{\"@type\":\"ListItem\",\"position\":1,\"name\":\"In\u00edcio\",\"item\":\"https:\/\/brasilnoticias.org\/site\/\"},{\"@type\":\"ListItem\",\"position\":2,\"name\":\"Pol\u00edcia da Calif\u00f3rnia mata a tiro homem amputado em cadeira de rodas\"}]},{\"@type\":\"WebSite\",\"@id\":\"https:\/\/brasilnoticias.org\/site\/#website\",\"url\":\"https:\/\/brasilnoticias.org\/site\/\",\"name\":\"Brasil not\u00edcias\",\"description\":\"Brasil not\u00edcias\",\"publisher\":{\"@id\":\"https:\/\/brasilnoticias.org\/site\/#organization\"},\"potentialAction\":[{\"@type\":\"SearchAction\",\"target\":{\"@type\":\"EntryPoint\",\"urlTemplate\":\"https:\/\/brasilnoticias.org\/site\/?s={search_term_string}\"},\"query-input\":{\"@type\":\"PropertyValueSpecification\",\"valueRequired\":true,\"valueName\":\"search_term_string\"}}],\"inLanguage\":\"pt-PT\"},{\"@type\":\"Organization\",\"@id\":\"https:\/\/brasilnoticias.org\/site\/#organization\",\"name\":\"Brasil not\u00edcias\",\"url\":\"https:\/\/brasilnoticias.org\/site\/\",\"logo\":{\"@type\":\"ImageObject\",\"inLanguage\":\"pt-PT\",\"@id\":\"https:\/\/brasilnoticias.org\/site\/#\/schema\/logo\/image\/\",\"url\":\"https:\/\/brasilnoticias.org\/site\/wp-content\/uploads\/2022\/05\/cropped-brasilnoticias-mini.jpg\",\"contentUrl\":\"https:\/\/brasilnoticias.org\/site\/wp-content\/uploads\/2022\/05\/cropped-brasilnoticias-mini.jpg\",\"width\":314,\"height\":86,\"caption\":\"Brasil not\u00edcias\"},\"image\":{\"@id\":\"https:\/\/brasilnoticias.org\/site\/#\/schema\/logo\/image\/\"}},{\"@type\":\"Person\",\"@id\":\"https:\/\/brasilnoticias.org\/site\/#\/schema\/person\/a0e05b973ec4d15c658d51911e53507b\",\"name\":\"Reda\u00e7\u00e3o\",\"image\":{\"@type\":\"ImageObject\",\"inLanguage\":\"pt-PT\",\"@id\":\"https:\/\/brasilnoticias.org\/site\/#\/schema\/person\/image\/\",\"url\":\"https:\/\/secure.gravatar.com\/avatar\/75d8b050df2de108b08ae78dfb8e374892df24a383c67db9c46a9c604f6aee9c?s=96&d=mm&r=g\",\"contentUrl\":\"https:\/\/secure.gravatar.com\/avatar\/75d8b050df2de108b08ae78dfb8e374892df24a383c67db9c46a9c604f6aee9c?s=96&d=mm&r=g\",\"caption\":\"Reda\u00e7\u00e3o\"},\"sameAs\":[\"https:\/\/brasilnoticias.org\/site\"],\"url\":\"https:\/\/brasilnoticias.org\/site\/author\/fernandozsngmail-com\/\"}]}<\/script>\n<!-- \/ Yoast SEO plugin. -->","yoast_head_json":{"title":"Pol\u00edcia da Calif\u00f3rnia mata a tiro homem amputado em cadeira de rodas - Brasil not\u00edcias","robots":{"index":"index","follow":"follow","max-snippet":"max-snippet:-1","max-image-preview":"max-image-preview:large","max-video-preview":"max-video-preview:-1"},"canonical":"https:\/\/brasilnoticias.org\/site\/policia-da-california-mata-a-tiro-homem-amputado-em-cadeira-de-rodas\/","og_locale":"pt_PT","og_type":"article","og_title":"Pol\u00edcia da Calif\u00f3rnia mata a tiro homem amputado em cadeira de rodas - Brasil not\u00edcias","og_description":"Com os Estados Unidos chorando a morte de Tyre Nichols nas m\u00e3os de cinco membros das for\u00e7as de seguran\u00e7a, Anthony","og_url":"https:\/\/brasilnoticias.org\/site\/policia-da-california-mata-a-tiro-homem-amputado-em-cadeira-de-rodas\/","og_site_name":"Brasil not\u00edcias","article_published_time":"2023-02-03T22:52:41+00:00","og_image":[{"width":960,"height":540,"url":"https:\/\/brasilnoticias.org\/site\/wp-content\/uploads\/2023\/02\/naom_63c71ba4256a4.jpg","type":"image\/jpeg"}],"author":"Reda\u00e7\u00e3o","twitter_card":"summary_large_image","twitter_misc":{"Escrito por":"Reda\u00e7\u00e3o","Tempo estimado de leitura":"2 minutos"},"schema":{"@context":"https:\/\/schema.org","@graph":[{"@type":"Article","@id":"https:\/\/brasilnoticias.org\/site\/policia-da-california-mata-a-tiro-homem-amputado-em-cadeira-de-rodas\/#article","isPartOf":{"@id":"https:\/\/brasilnoticias.org\/site\/policia-da-california-mata-a-tiro-homem-amputado-em-cadeira-de-rodas\/"},"author":{"name":"Reda\u00e7\u00e3o","@id":"https:\/\/brasilnoticias.org\/site\/#\/schema\/person\/a0e05b973ec4d15c658d51911e53507b"},"headline":"Pol\u00edcia da Calif\u00f3rnia mata a tiro homem amputado em cadeira de rodas","datePublished":"2023-02-03T22:52:41+00:00","mainEntityOfPage":{"@id":"https:\/\/brasilnoticias.org\/site\/policia-da-california-mata-a-tiro-homem-amputado-em-cadeira-de-rodas\/"},"wordCount":347,"commentCount":0,"publisher":{"@id":"https:\/\/brasilnoticias.org\/site\/#organization"},"image":{"@id":"https:\/\/brasilnoticias.org\/site\/policia-da-california-mata-a-tiro-homem-amputado-em-cadeira-de-rodas\/#primaryimage"},"thumbnailUrl":"https:\/\/brasilnoticias.org\/site\/wp-content\/uploads\/2023\/02\/naom_63c71ba4256a4.jpg","articleSection":["Pol\u00edcia","\u00daltimas"],"inLanguage":"pt-PT","potentialAction":[{"@type":"CommentAction","name":"Comment","target":["https:\/\/brasilnoticias.org\/site\/policia-da-california-mata-a-tiro-homem-amputado-em-cadeira-de-rodas\/#respond"]}]},{"@type":"WebPage","@id":"https:\/\/brasilnoticias.org\/site\/policia-da-california-mata-a-tiro-homem-amputado-em-cadeira-de-rodas\/","url":"https:\/\/brasilnoticias.org\/site\/policia-da-california-mata-a-tiro-homem-amputado-em-cadeira-de-rodas\/","name":"Pol\u00edcia da Calif\u00f3rnia mata a tiro homem amputado em cadeira de rodas - Brasil not\u00edcias","isPartOf":{"@id":"https:\/\/brasilnoticias.org\/site\/#website"},"primaryImageOfPage":{"@id":"https:\/\/brasilnoticias.org\/site\/policia-da-california-mata-a-tiro-homem-amputado-em-cadeira-de-rodas\/#primaryimage"},"image":{"@id":"https:\/\/brasilnoticias.org\/site\/policia-da-california-mata-a-tiro-homem-amputado-em-cadeira-de-rodas\/#primaryimage"},"thumbnailUrl":"https:\/\/brasilnoticias.org\/site\/wp-content\/uploads\/2023\/02\/naom_63c71ba4256a4.jpg","datePublished":"2023-02-03T22:52:41+00:00","breadcrumb":{"@id":"https:\/\/brasilnoticias.org\/site\/policia-da-california-mata-a-tiro-homem-amputado-em-cadeira-de-rodas\/#breadcrumb"},"inLanguage":"pt-PT","potentialAction":[{"@type":"ReadAction","target":["https:\/\/brasilnoticias.org\/site\/policia-da-california-mata-a-tiro-homem-amputado-em-cadeira-de-rodas\/"]}]},{"@type":"ImageObject","inLanguage":"pt-PT","@id":"https:\/\/brasilnoticias.org\/site\/policia-da-california-mata-a-tiro-homem-amputado-em-cadeira-de-rodas\/#primaryimage","url":"https:\/\/brasilnoticias.org\/site\/wp-content\/uploads\/2023\/02\/naom_63c71ba4256a4.jpg","contentUrl":"https:\/\/brasilnoticias.org\/site\/wp-content\/uploads\/2023\/02\/naom_63c71ba4256a4.jpg","width":960,"height":540},{"@type":"BreadcrumbList","@id":"https:\/\/brasilnoticias.org\/site\/policia-da-california-mata-a-tiro-homem-amputado-em-cadeira-de-rodas\/#breadcrumb","itemListElement":[{"@type":"ListItem","position":1,"name":"In\u00edcio","item":"https:\/\/brasilnoticias.org\/site\/"},{"@type":"ListItem","position":2,"name":"Pol\u00edcia da Calif\u00f3rnia mata a tiro homem amputado em cadeira de rodas"}]},{"@type":"WebSite","@id":"https:\/\/brasilnoticias.org\/site\/#website","url":"https:\/\/brasilnoticias.org\/site\/","name":"Brasil not\u00edcias","description":"Brasil not\u00edcias","publisher":{"@id":"https:\/\/brasilnoticias.org\/site\/#organization"},"potentialAction":[{"@type":"SearchAction","target":{"@type":"EntryPoint","urlTemplate":"https:\/\/brasilnoticias.org\/site\/?s={search_term_string}"},"query-input":{"@type":"PropertyValueSpecification","valueRequired":true,"valueName":"search_term_string"}}],"inLanguage":"pt-PT"},{"@type":"Organization","@id":"https:\/\/brasilnoticias.org\/site\/#organization","name":"Brasil not\u00edcias","url":"https:\/\/brasilnoticias.org\/site\/","logo":{"@type":"ImageObject","inLanguage":"pt-PT","@id":"https:\/\/brasilnoticias.org\/site\/#\/schema\/logo\/image\/","url":"https:\/\/brasilnoticias.org\/site\/wp-content\/uploads\/2022\/05\/cropped-brasilnoticias-mini.jpg","contentUrl":"https:\/\/brasilnoticias.org\/site\/wp-content\/uploads\/2022\/05\/cropped-brasilnoticias-mini.jpg","width":314,"height":86,"caption":"Brasil not\u00edcias"},"image":{"@id":"https:\/\/brasilnoticias.org\/site\/#\/schema\/logo\/image\/"}},{"@type":"Person","@id":"https:\/\/brasilnoticias.org\/site\/#\/schema\/person\/a0e05b973ec4d15c658d51911e53507b","name":"Reda\u00e7\u00e3o","image":{"@type":"ImageObject","inLanguage":"pt-PT","@id":"https:\/\/brasilnoticias.org\/site\/#\/schema\/person\/image\/","url":"https:\/\/secure.gravatar.com\/avatar\/75d8b050df2de108b08ae78dfb8e374892df24a383c67db9c46a9c604f6aee9c?s=96&d=mm&r=g","contentUrl":"https:\/\/secure.gravatar.com\/avatar\/75d8b050df2de108b08ae78dfb8e374892df24a383c67db9c46a9c604f6aee9c?s=96&d=mm&r=g","caption":"Reda\u00e7\u00e3o"},"sameAs":["https:\/\/brasilnoticias.org\/site"],"url":"https:\/\/brasilnoticias.org\/site\/author\/fernandozsngmail-com\/"}]}},"_links":{"self":[{"href":"https:\/\/brasilnoticias.org\/site\/wp-json\/wp\/v2\/posts\/3677","targetHints":{"allow":["GET"]}}],"collection":[{"href":"https:\/\/brasilnoticias.org\/site\/wp-json\/wp\/v2\/posts"}],"about":[{"href":"https:\/\/brasilnoticias.org\/site\/wp-json\/wp\/v2\/types\/post"}],"author":[{"embeddable":true,"href":"https:\/\/brasilnoticias.org\/site\/wp-json\/wp\/v2\/users\/1"}],"replies":[{"embeddable":true,"href":"https:\/\/brasilnoticias.org\/site\/wp-json\/wp\/v2\/comments?post=3677"}],"version-history":[{"count":1,"href":"https:\/\/brasilnoticias.org\/site\/wp-json\/wp\/v2\/posts\/3677\/revisions"}],"predecessor-version":[{"id":3679,"href":"https:\/\/brasilnoticias.org\/site\/wp-json\/wp\/v2\/posts\/3677\/revisions\/3679"}],"wp:featuredmedia":[{"embeddable":true,"href":"https:\/\/brasilnoticias.org\/site\/wp-json\/wp\/v2\/media\/3678"}],"wp:attachment":[{"href":"https:\/\/brasilnoticias.org\/site\/wp-json\/wp\/v2\/media?parent=3677"}],"wp:term":[{"taxonomy":"category","embeddable":true,"href":"https:\/\/brasilnoticias.org\/site\/wp-json\/wp\/v2\/categories?post=3677"},{"taxonomy":"post_tag","embeddable":true,"href":"https:\/\/brasilnoticias.org\/site\/wp-json\/wp\/v2\/tags?post=3677"}],"curies":[{"name":"wp","href":"https:\/\/api.w.org\/{rel}","templated":true}]}}