{"id":3695,"date":"2023-02-04T18:26:35","date_gmt":"2023-02-04T21:26:35","guid":{"rendered":"https:\/\/brasilnoticias.org\/site\/?p=3695"},"modified":"2023-02-04T18:26:35","modified_gmt":"2023-02-04T21:26:35","slug":"inteligencia-artificial-entra-no-mercado-publicitario-e-assusta-redatores","status":"publish","type":"post","link":"https:\/\/brasilnoticias.org\/site\/inteligencia-artificial-entra-no-mercado-publicitario-e-assusta-redatores\/","title":{"rendered":"Intelig\u00eancia artificial entra no mercado publicit\u00e1rio e assusta redatores"},"content":{"rendered":"<p>Desde o come\u00e7o de janeiro, o CEO da Ag\u00eancia Digital de Marketing Fator Roberto Fernandes, 41, tem testado a intelig\u00eancia artificial do ChatGPT para otimizar processos em sua empresa. O rob\u00f4 escreve textos publicit\u00e1rios simples, prop\u00f5e pautas sobre os temas pedidos e at\u00e9 ajuda com f\u00f3rmulas de Excel e programa\u00e7\u00e3o.<\/p>\n<p> O lado ruim, segundo Fernandes, ainda s\u00e3o os momentos de sobrecarga no site do rob\u00f4 criado pela OpenAI. Em sua fase beta, o ChatGPT falha em atender toda a demanda por seus servi\u00e7os.<\/p>\n<p>&#8220;Eu quero assinar &#8216;a vers\u00e3o pro&#8217; assim que sair&#8221;, diz o publicit\u00e1rio, em refer\u00eancia \u00e0 vers\u00e3o de US$ 42 dispon\u00edvel apenas a um grupo restrito de usu\u00e1rios. Conforme seu relato, o assistente virtual faz sugest\u00f5es de texto em minutos, enquanto um profissional levaria horas de pesquisa.<br \/>\nO uso do rob\u00f4 tem sido alvo de debate e preocupa\u00e7\u00e3o entre profissionais da \u00e1rea.<\/p>\n<p>Parte dos publicit\u00e1rios receia que a tecnologia substitua m\u00e3o de obra na produ\u00e7\u00e3o de textos mais simples -h\u00e1 outras plataformas que produzem imagem, v\u00eddeo e m\u00fasica. &#8220;Os redatores apelam cada vez mais a formatos prontos que conquistam a aten\u00e7\u00e3o do p\u00fablico, mas s\u00e3o facilmente reprodut\u00edveis. Como os pagamentos por trabalho s\u00e3o cada vez menores, \u00e9 o poss\u00edvel&#8221;, afirma o professor da Escola de Comunica\u00e7\u00f5es e Artes da USP Luli Radfahrer.<\/p>\n<p>Profissionais criativos e donos de ag\u00eancia argumentam que a intelig\u00eancia artificial depende de redatores qualificados para entregar melhor resultado. O conhecimento t\u00e9cnico permite dar as instru\u00e7\u00f5es certas ao algoritmo para estruturar material de qualidade.<\/p>\n<p>Nesse processo, pessoas devem perder seus postos, mas novas vagas devem surgir. &#8220;As empresas se esfor\u00e7am para aumentar a produtividade. \u00c9 inevit\u00e1vel&#8221;, diz Fernandes.<\/p>\n<p>O grupo brasileiro ReportFlex, que oferece consultoria com base em an\u00e1lise de dados, lan\u00e7ou em janeiro a Robotizia, uma assistente de reda\u00e7\u00e3o digital que produz vers\u00f5es iniciais de textos em portugu\u00eas e ingl\u00eas.<\/p>\n<p>O motor que gera os conte\u00fados \u00e9 a vers\u00e3o atualizada do GPT-3, algoritmo utilizado no ChatGPT.<\/p>\n<p>S\u00e3o duas as diferen\u00e7as para o rob\u00f4 norte-americano: a interface da plataforma voltada para a produ\u00e7\u00e3o de copies (textos publicit\u00e1rios feitos para vender) e o treinamento adicional do algoritmo com textos dos criadores da Reportflex, Rodrigo Gimenes e Kelly Evangelista, ambos profissionais de marketing.<\/p>\n<p>A reportagem testou a aplica\u00e7\u00e3o, que entrega materiais em portugu\u00eas e em ingl\u00eas, com base apenas no idioma em que \u00e9 feita a pergunta -a assistente ainda trope\u00e7a e envia ocasionalmente textos em ingl\u00eas para demandas em portugu\u00eas.<\/p>\n<p>Rodrigo Gimenes, CEO da Reportflex, afirma que a funcionalidade de autodetec\u00e7\u00e3o de idiomas \u00e9 rec\u00e9m-lan\u00e7ada. &#8220;Se vier na l\u00edngua errada, \u00e9 s\u00f3 pedir o texto uma segunda vez.&#8221;<\/p>\n<p>Em alguns casos, Gimenes diz que a Robotizia faz at\u00e9 90% do trabalho. O usu\u00e1rio pode pedir dados sobre o tema, escolher o tom da pe\u00e7a ou at\u00e9 indiciar estilos de escritores como refer\u00eancia.<\/p>\n<p>Ao profissional resta decidir se o conte\u00fado est\u00e1 de acordo com o perfil do cliente ou se o texto final \u00e9 bom o bastante, segundo a usu\u00e1ria da Robotizia Luciene Marinho. Ela utiliza o algoritmo para atender clientes para os quais oferece servi\u00e7os de marketing digital.<\/p>\n<p>&#8220;A Robotizia me ajuda a produzir em 20 minutos um storytelling que eu levava um dia inteiro para fazer&#8221;, diz a publicit\u00e1ria. Ela, que assina o pacote de 70 mil caracteres, ressalva que queria uma vers\u00e3o sem limita\u00e7\u00f5es.<\/p>\n<p>&#8220;\u00c0s vezes, o texto n\u00e3o sai como a gente imaginou e faltam palavras para gastar em um novo texto. Eu acabo precisando trabalhar em cima do que foi feito&#8221;, diz. Ainda assim, conseguiu diminuir a demanda por redatores freelancers. &#8220;\u00c9 mais f\u00e1cil usar a tecnologia, porque a gente n\u00e3o precisa treinar a pessoa.&#8221;<\/p>\n<p>A partir de 16 de fevereiro, a Robotizia ter\u00e1 sua primeira concorrente nacional: a Clarice Escritora, que ser\u00e1 lan\u00e7ada pela startup de revis\u00e3o textual de mesmo nome. O algoritmo para gerar conte\u00fados \u00e9 o mesmo GPT-3.<\/p>\n<p>O fundador da Clarice, Felipe Iszlaji, diz que o diferencial de seu produto ser\u00e1 o aprimoramento do GPT-3 especialmente para o portugu\u00eas. Al\u00e9m disso, quem contratar a Clarice Escritora contar\u00e1 tamb\u00e9m com a revisora.<\/p>\n<p>A reportagem usou a revisora, que d\u00e1 dicas de reda\u00e7\u00e3o \u00fateis aos atuais geradores de texto, que, sem instru\u00e7\u00f5es adequadas, reproduzem clich\u00eas e exageram nos adjetivos e adv\u00e9rbios.<\/p>\n<p>Segundo Iszlaji, seu produto se diferencia dos demais por contar com a expertise da sua empresa na corre\u00e7\u00e3o de textos. A Clarice estima que cobrar\u00e1 R$ 59,90 por at\u00e9 30.000 palavras\/m\u00eas ou R$ 139 por 100 mil.<br \/>\nA ideia de Iszlaji \u00e9 come\u00e7ar no mercado publicit\u00e1rio, em que a estrutura dos textos \u00e9 mais simples, mas depois expandir para outras \u00e1reas, como o jornalismo. &#8220;Vamos avan\u00e7ando aos poucos. Esperar que a tecnologia escreva romances \u00e9 pular etapas.&#8221;<\/p>\n<p>As duas maiores empresas no mercado de gera\u00e7\u00e3o de textos publicit\u00e1rios com intelig\u00eancia artificial s\u00e3o Copy.AI e Jasper. Voltadas ao p\u00fablico falante de ingl\u00eas, as duas plataformas entregam textos menos fluidos em portugu\u00eas.<\/p>\n<p>Procurada, a Copy.AI diz ter 78 mil usu\u00e1rios no Brasil. Parceiro da companhia no Brasil, o canal de TikTok &#8220;JornadaTop&#8221;, com 2 milh\u00f5es de seguidores, produziu o roteiro de um v\u00eddeo para a rede social usando a ferramenta de intelig\u00eancia artificial. O resultado rendeu 34 mil curtidas.<\/p>\n<p>A Jasper n\u00e3o respondeu \u00e0s quest\u00f5es da reportagem at\u00e9 a publica\u00e7\u00e3o desta reportagem.<\/p>\n<p>Foto iStock<br \/>\nNot\u00edcias ao minuto<\/p>\n","protected":false},"excerpt":{"rendered":"<p>Desde o come\u00e7o de janeiro, o CEO da Ag\u00eancia Digital de Marketing Fator Roberto Fernandes, 41, tem testado a intelig\u00eancia<\/p>\n","protected":false},"author":1,"featured_media":3696,"comment_status":"open","ping_status":"open","sticky":false,"template":"","format":"standard","meta":{"colormag_page_container_layout":"default_layout","colormag_page_sidebar_layout":"default_layout","_FSMCFIC_featured_image_caption":"","_FSMCFIC_featured_image_nocaption":"","_FSMCFIC_featured_image_hide":"","footnotes":""},"categories":[2,1],"tags":[],"class_list":["post-3695","post","type-post","status-publish","format-standard","has-post-thumbnail","hentry","category-noticias","category-ultimas"],"yoast_head":"<!-- This site is optimized with the Yoast SEO plugin v27.1.1 - https:\/\/yoast.com\/product\/yoast-seo-wordpress\/ -->\n<title>Intelig\u00eancia artificial entra no mercado publicit\u00e1rio e assusta redatores - Brasil not\u00edcias<\/title>\n<meta name=\"robots\" content=\"index, follow, max-snippet:-1, max-image-preview:large, max-video-preview:-1\" \/>\n<link rel=\"canonical\" href=\"https:\/\/brasilnoticias.org\/site\/inteligencia-artificial-entra-no-mercado-publicitario-e-assusta-redatores\/\" \/>\n<meta property=\"og:locale\" content=\"pt_PT\" \/>\n<meta property=\"og:type\" content=\"article\" \/>\n<meta property=\"og:title\" content=\"Intelig\u00eancia artificial entra no mercado publicit\u00e1rio e assusta redatores - Brasil not\u00edcias\" \/>\n<meta property=\"og:description\" content=\"Desde o come\u00e7o de janeiro, o CEO da Ag\u00eancia Digital de Marketing Fator Roberto Fernandes, 41, tem testado a intelig\u00eancia\" \/>\n<meta property=\"og:url\" content=\"https:\/\/brasilnoticias.org\/site\/inteligencia-artificial-entra-no-mercado-publicitario-e-assusta-redatores\/\" \/>\n<meta property=\"og:site_name\" content=\"Brasil not\u00edcias\" \/>\n<meta property=\"article:published_time\" content=\"2023-02-04T21:26:35+00:00\" \/>\n<meta property=\"og:image\" content=\"https:\/\/brasilnoticias.org\/site\/wp-content\/uploads\/2023\/02\/naom_5d2f21bb98863.jpg\" \/>\n\t<meta property=\"og:image:width\" content=\"960\" \/>\n\t<meta property=\"og:image:height\" content=\"540\" \/>\n\t<meta property=\"og:image:type\" content=\"image\/jpeg\" \/>\n<meta name=\"author\" content=\"Reda\u00e7\u00e3o\" \/>\n<meta name=\"twitter:card\" content=\"summary_large_image\" \/>\n<meta name=\"twitter:label1\" content=\"Escrito por\" \/>\n\t<meta name=\"twitter:data1\" content=\"Reda\u00e7\u00e3o\" \/>\n\t<meta name=\"twitter:label2\" content=\"Tempo estimado de leitura\" \/>\n\t<meta name=\"twitter:data2\" content=\"5 minutos\" \/>\n<script type=\"application\/ld+json\" class=\"yoast-schema-graph\">{\"@context\":\"https:\/\/schema.org\",\"@graph\":[{\"@type\":\"Article\",\"@id\":\"https:\/\/brasilnoticias.org\/site\/inteligencia-artificial-entra-no-mercado-publicitario-e-assusta-redatores\/#article\",\"isPartOf\":{\"@id\":\"https:\/\/brasilnoticias.org\/site\/inteligencia-artificial-entra-no-mercado-publicitario-e-assusta-redatores\/\"},\"author\":{\"name\":\"Reda\u00e7\u00e3o\",\"@id\":\"https:\/\/brasilnoticias.org\/site\/#\/schema\/person\/a0e05b973ec4d15c658d51911e53507b\"},\"headline\":\"Intelig\u00eancia artificial entra no mercado publicit\u00e1rio e assusta redatores\",\"datePublished\":\"2023-02-04T21:26:35+00:00\",\"mainEntityOfPage\":{\"@id\":\"https:\/\/brasilnoticias.org\/site\/inteligencia-artificial-entra-no-mercado-publicitario-e-assusta-redatores\/\"},\"wordCount\":962,\"commentCount\":0,\"publisher\":{\"@id\":\"https:\/\/brasilnoticias.org\/site\/#organization\"},\"image\":{\"@id\":\"https:\/\/brasilnoticias.org\/site\/inteligencia-artificial-entra-no-mercado-publicitario-e-assusta-redatores\/#primaryimage\"},\"thumbnailUrl\":\"https:\/\/brasilnoticias.org\/site\/wp-content\/uploads\/2023\/02\/naom_5d2f21bb98863.jpg\",\"articleSection\":[\"Not\u00edcias\",\"\u00daltimas\"],\"inLanguage\":\"pt-PT\",\"potentialAction\":[{\"@type\":\"CommentAction\",\"name\":\"Comment\",\"target\":[\"https:\/\/brasilnoticias.org\/site\/inteligencia-artificial-entra-no-mercado-publicitario-e-assusta-redatores\/#respond\"]}]},{\"@type\":\"WebPage\",\"@id\":\"https:\/\/brasilnoticias.org\/site\/inteligencia-artificial-entra-no-mercado-publicitario-e-assusta-redatores\/\",\"url\":\"https:\/\/brasilnoticias.org\/site\/inteligencia-artificial-entra-no-mercado-publicitario-e-assusta-redatores\/\",\"name\":\"Intelig\u00eancia artificial entra no mercado publicit\u00e1rio e assusta redatores - Brasil not\u00edcias\",\"isPartOf\":{\"@id\":\"https:\/\/brasilnoticias.org\/site\/#website\"},\"primaryImageOfPage\":{\"@id\":\"https:\/\/brasilnoticias.org\/site\/inteligencia-artificial-entra-no-mercado-publicitario-e-assusta-redatores\/#primaryimage\"},\"image\":{\"@id\":\"https:\/\/brasilnoticias.org\/site\/inteligencia-artificial-entra-no-mercado-publicitario-e-assusta-redatores\/#primaryimage\"},\"thumbnailUrl\":\"https:\/\/brasilnoticias.org\/site\/wp-content\/uploads\/2023\/02\/naom_5d2f21bb98863.jpg\",\"datePublished\":\"2023-02-04T21:26:35+00:00\",\"breadcrumb\":{\"@id\":\"https:\/\/brasilnoticias.org\/site\/inteligencia-artificial-entra-no-mercado-publicitario-e-assusta-redatores\/#breadcrumb\"},\"inLanguage\":\"pt-PT\",\"potentialAction\":[{\"@type\":\"ReadAction\",\"target\":[\"https:\/\/brasilnoticias.org\/site\/inteligencia-artificial-entra-no-mercado-publicitario-e-assusta-redatores\/\"]}]},{\"@type\":\"ImageObject\",\"inLanguage\":\"pt-PT\",\"@id\":\"https:\/\/brasilnoticias.org\/site\/inteligencia-artificial-entra-no-mercado-publicitario-e-assusta-redatores\/#primaryimage\",\"url\":\"https:\/\/brasilnoticias.org\/site\/wp-content\/uploads\/2023\/02\/naom_5d2f21bb98863.jpg\",\"contentUrl\":\"https:\/\/brasilnoticias.org\/site\/wp-content\/uploads\/2023\/02\/naom_5d2f21bb98863.jpg\",\"width\":960,\"height\":540},{\"@type\":\"BreadcrumbList\",\"@id\":\"https:\/\/brasilnoticias.org\/site\/inteligencia-artificial-entra-no-mercado-publicitario-e-assusta-redatores\/#breadcrumb\",\"itemListElement\":[{\"@type\":\"ListItem\",\"position\":1,\"name\":\"In\u00edcio\",\"item\":\"https:\/\/brasilnoticias.org\/site\/\"},{\"@type\":\"ListItem\",\"position\":2,\"name\":\"Intelig\u00eancia artificial entra no mercado publicit\u00e1rio e assusta redatores\"}]},{\"@type\":\"WebSite\",\"@id\":\"https:\/\/brasilnoticias.org\/site\/#website\",\"url\":\"https:\/\/brasilnoticias.org\/site\/\",\"name\":\"Brasil not\u00edcias\",\"description\":\"Brasil not\u00edcias\",\"publisher\":{\"@id\":\"https:\/\/brasilnoticias.org\/site\/#organization\"},\"potentialAction\":[{\"@type\":\"SearchAction\",\"target\":{\"@type\":\"EntryPoint\",\"urlTemplate\":\"https:\/\/brasilnoticias.org\/site\/?s={search_term_string}\"},\"query-input\":{\"@type\":\"PropertyValueSpecification\",\"valueRequired\":true,\"valueName\":\"search_term_string\"}}],\"inLanguage\":\"pt-PT\"},{\"@type\":\"Organization\",\"@id\":\"https:\/\/brasilnoticias.org\/site\/#organization\",\"name\":\"Brasil not\u00edcias\",\"url\":\"https:\/\/brasilnoticias.org\/site\/\",\"logo\":{\"@type\":\"ImageObject\",\"inLanguage\":\"pt-PT\",\"@id\":\"https:\/\/brasilnoticias.org\/site\/#\/schema\/logo\/image\/\",\"url\":\"https:\/\/brasilnoticias.org\/site\/wp-content\/uploads\/2022\/05\/cropped-brasilnoticias-mini.jpg\",\"contentUrl\":\"https:\/\/brasilnoticias.org\/site\/wp-content\/uploads\/2022\/05\/cropped-brasilnoticias-mini.jpg\",\"width\":314,\"height\":86,\"caption\":\"Brasil not\u00edcias\"},\"image\":{\"@id\":\"https:\/\/brasilnoticias.org\/site\/#\/schema\/logo\/image\/\"}},{\"@type\":\"Person\",\"@id\":\"https:\/\/brasilnoticias.org\/site\/#\/schema\/person\/a0e05b973ec4d15c658d51911e53507b\",\"name\":\"Reda\u00e7\u00e3o\",\"image\":{\"@type\":\"ImageObject\",\"inLanguage\":\"pt-PT\",\"@id\":\"https:\/\/brasilnoticias.org\/site\/#\/schema\/person\/image\/\",\"url\":\"https:\/\/secure.gravatar.com\/avatar\/75d8b050df2de108b08ae78dfb8e374892df24a383c67db9c46a9c604f6aee9c?s=96&d=mm&r=g\",\"contentUrl\":\"https:\/\/secure.gravatar.com\/avatar\/75d8b050df2de108b08ae78dfb8e374892df24a383c67db9c46a9c604f6aee9c?s=96&d=mm&r=g\",\"caption\":\"Reda\u00e7\u00e3o\"},\"sameAs\":[\"https:\/\/brasilnoticias.org\/site\"],\"url\":\"https:\/\/brasilnoticias.org\/site\/author\/fernandozsngmail-com\/\"}]}<\/script>\n<!-- \/ Yoast SEO plugin. -->","yoast_head_json":{"title":"Intelig\u00eancia artificial entra no mercado publicit\u00e1rio e assusta redatores - Brasil not\u00edcias","robots":{"index":"index","follow":"follow","max-snippet":"max-snippet:-1","max-image-preview":"max-image-preview:large","max-video-preview":"max-video-preview:-1"},"canonical":"https:\/\/brasilnoticias.org\/site\/inteligencia-artificial-entra-no-mercado-publicitario-e-assusta-redatores\/","og_locale":"pt_PT","og_type":"article","og_title":"Intelig\u00eancia artificial entra no mercado publicit\u00e1rio e assusta redatores - Brasil not\u00edcias","og_description":"Desde o come\u00e7o de janeiro, o CEO da Ag\u00eancia Digital de Marketing Fator Roberto Fernandes, 41, tem testado a intelig\u00eancia","og_url":"https:\/\/brasilnoticias.org\/site\/inteligencia-artificial-entra-no-mercado-publicitario-e-assusta-redatores\/","og_site_name":"Brasil not\u00edcias","article_published_time":"2023-02-04T21:26:35+00:00","og_image":[{"width":960,"height":540,"url":"https:\/\/brasilnoticias.org\/site\/wp-content\/uploads\/2023\/02\/naom_5d2f21bb98863.jpg","type":"image\/jpeg"}],"author":"Reda\u00e7\u00e3o","twitter_card":"summary_large_image","twitter_misc":{"Escrito por":"Reda\u00e7\u00e3o","Tempo estimado de leitura":"5 minutos"},"schema":{"@context":"https:\/\/schema.org","@graph":[{"@type":"Article","@id":"https:\/\/brasilnoticias.org\/site\/inteligencia-artificial-entra-no-mercado-publicitario-e-assusta-redatores\/#article","isPartOf":{"@id":"https:\/\/brasilnoticias.org\/site\/inteligencia-artificial-entra-no-mercado-publicitario-e-assusta-redatores\/"},"author":{"name":"Reda\u00e7\u00e3o","@id":"https:\/\/brasilnoticias.org\/site\/#\/schema\/person\/a0e05b973ec4d15c658d51911e53507b"},"headline":"Intelig\u00eancia artificial entra no mercado publicit\u00e1rio e assusta redatores","datePublished":"2023-02-04T21:26:35+00:00","mainEntityOfPage":{"@id":"https:\/\/brasilnoticias.org\/site\/inteligencia-artificial-entra-no-mercado-publicitario-e-assusta-redatores\/"},"wordCount":962,"commentCount":0,"publisher":{"@id":"https:\/\/brasilnoticias.org\/site\/#organization"},"image":{"@id":"https:\/\/brasilnoticias.org\/site\/inteligencia-artificial-entra-no-mercado-publicitario-e-assusta-redatores\/#primaryimage"},"thumbnailUrl":"https:\/\/brasilnoticias.org\/site\/wp-content\/uploads\/2023\/02\/naom_5d2f21bb98863.jpg","articleSection":["Not\u00edcias","\u00daltimas"],"inLanguage":"pt-PT","potentialAction":[{"@type":"CommentAction","name":"Comment","target":["https:\/\/brasilnoticias.org\/site\/inteligencia-artificial-entra-no-mercado-publicitario-e-assusta-redatores\/#respond"]}]},{"@type":"WebPage","@id":"https:\/\/brasilnoticias.org\/site\/inteligencia-artificial-entra-no-mercado-publicitario-e-assusta-redatores\/","url":"https:\/\/brasilnoticias.org\/site\/inteligencia-artificial-entra-no-mercado-publicitario-e-assusta-redatores\/","name":"Intelig\u00eancia artificial entra no mercado publicit\u00e1rio e assusta redatores - Brasil not\u00edcias","isPartOf":{"@id":"https:\/\/brasilnoticias.org\/site\/#website"},"primaryImageOfPage":{"@id":"https:\/\/brasilnoticias.org\/site\/inteligencia-artificial-entra-no-mercado-publicitario-e-assusta-redatores\/#primaryimage"},"image":{"@id":"https:\/\/brasilnoticias.org\/site\/inteligencia-artificial-entra-no-mercado-publicitario-e-assusta-redatores\/#primaryimage"},"thumbnailUrl":"https:\/\/brasilnoticias.org\/site\/wp-content\/uploads\/2023\/02\/naom_5d2f21bb98863.jpg","datePublished":"2023-02-04T21:26:35+00:00","breadcrumb":{"@id":"https:\/\/brasilnoticias.org\/site\/inteligencia-artificial-entra-no-mercado-publicitario-e-assusta-redatores\/#breadcrumb"},"inLanguage":"pt-PT","potentialAction":[{"@type":"ReadAction","target":["https:\/\/brasilnoticias.org\/site\/inteligencia-artificial-entra-no-mercado-publicitario-e-assusta-redatores\/"]}]},{"@type":"ImageObject","inLanguage":"pt-PT","@id":"https:\/\/brasilnoticias.org\/site\/inteligencia-artificial-entra-no-mercado-publicitario-e-assusta-redatores\/#primaryimage","url":"https:\/\/brasilnoticias.org\/site\/wp-content\/uploads\/2023\/02\/naom_5d2f21bb98863.jpg","contentUrl":"https:\/\/brasilnoticias.org\/site\/wp-content\/uploads\/2023\/02\/naom_5d2f21bb98863.jpg","width":960,"height":540},{"@type":"BreadcrumbList","@id":"https:\/\/brasilnoticias.org\/site\/inteligencia-artificial-entra-no-mercado-publicitario-e-assusta-redatores\/#breadcrumb","itemListElement":[{"@type":"ListItem","position":1,"name":"In\u00edcio","item":"https:\/\/brasilnoticias.org\/site\/"},{"@type":"ListItem","position":2,"name":"Intelig\u00eancia artificial entra no mercado publicit\u00e1rio e assusta redatores"}]},{"@type":"WebSite","@id":"https:\/\/brasilnoticias.org\/site\/#website","url":"https:\/\/brasilnoticias.org\/site\/","name":"Brasil not\u00edcias","description":"Brasil not\u00edcias","publisher":{"@id":"https:\/\/brasilnoticias.org\/site\/#organization"},"potentialAction":[{"@type":"SearchAction","target":{"@type":"EntryPoint","urlTemplate":"https:\/\/brasilnoticias.org\/site\/?s={search_term_string}"},"query-input":{"@type":"PropertyValueSpecification","valueRequired":true,"valueName":"search_term_string"}}],"inLanguage":"pt-PT"},{"@type":"Organization","@id":"https:\/\/brasilnoticias.org\/site\/#organization","name":"Brasil not\u00edcias","url":"https:\/\/brasilnoticias.org\/site\/","logo":{"@type":"ImageObject","inLanguage":"pt-PT","@id":"https:\/\/brasilnoticias.org\/site\/#\/schema\/logo\/image\/","url":"https:\/\/brasilnoticias.org\/site\/wp-content\/uploads\/2022\/05\/cropped-brasilnoticias-mini.jpg","contentUrl":"https:\/\/brasilnoticias.org\/site\/wp-content\/uploads\/2022\/05\/cropped-brasilnoticias-mini.jpg","width":314,"height":86,"caption":"Brasil not\u00edcias"},"image":{"@id":"https:\/\/brasilnoticias.org\/site\/#\/schema\/logo\/image\/"}},{"@type":"Person","@id":"https:\/\/brasilnoticias.org\/site\/#\/schema\/person\/a0e05b973ec4d15c658d51911e53507b","name":"Reda\u00e7\u00e3o","image":{"@type":"ImageObject","inLanguage":"pt-PT","@id":"https:\/\/brasilnoticias.org\/site\/#\/schema\/person\/image\/","url":"https:\/\/secure.gravatar.com\/avatar\/75d8b050df2de108b08ae78dfb8e374892df24a383c67db9c46a9c604f6aee9c?s=96&d=mm&r=g","contentUrl":"https:\/\/secure.gravatar.com\/avatar\/75d8b050df2de108b08ae78dfb8e374892df24a383c67db9c46a9c604f6aee9c?s=96&d=mm&r=g","caption":"Reda\u00e7\u00e3o"},"sameAs":["https:\/\/brasilnoticias.org\/site"],"url":"https:\/\/brasilnoticias.org\/site\/author\/fernandozsngmail-com\/"}]}},"_links":{"self":[{"href":"https:\/\/brasilnoticias.org\/site\/wp-json\/wp\/v2\/posts\/3695","targetHints":{"allow":["GET"]}}],"collection":[{"href":"https:\/\/brasilnoticias.org\/site\/wp-json\/wp\/v2\/posts"}],"about":[{"href":"https:\/\/brasilnoticias.org\/site\/wp-json\/wp\/v2\/types\/post"}],"author":[{"embeddable":true,"href":"https:\/\/brasilnoticias.org\/site\/wp-json\/wp\/v2\/users\/1"}],"replies":[{"embeddable":true,"href":"https:\/\/brasilnoticias.org\/site\/wp-json\/wp\/v2\/comments?post=3695"}],"version-history":[{"count":1,"href":"https:\/\/brasilnoticias.org\/site\/wp-json\/wp\/v2\/posts\/3695\/revisions"}],"predecessor-version":[{"id":3697,"href":"https:\/\/brasilnoticias.org\/site\/wp-json\/wp\/v2\/posts\/3695\/revisions\/3697"}],"wp:featuredmedia":[{"embeddable":true,"href":"https:\/\/brasilnoticias.org\/site\/wp-json\/wp\/v2\/media\/3696"}],"wp:attachment":[{"href":"https:\/\/brasilnoticias.org\/site\/wp-json\/wp\/v2\/media?parent=3695"}],"wp:term":[{"taxonomy":"category","embeddable":true,"href":"https:\/\/brasilnoticias.org\/site\/wp-json\/wp\/v2\/categories?post=3695"},{"taxonomy":"post_tag","embeddable":true,"href":"https:\/\/brasilnoticias.org\/site\/wp-json\/wp\/v2\/tags?post=3695"}],"curies":[{"name":"wp","href":"https:\/\/api.w.org\/{rel}","templated":true}]}}