{"id":3704,"date":"2023-02-05T07:00:19","date_gmt":"2023-02-05T10:00:19","guid":{"rendered":"https:\/\/brasilnoticias.org\/site\/?p=3704"},"modified":"2023-02-04T18:34:52","modified_gmt":"2023-02-04T21:34:52","slug":"afundamento-de-porta-avioes-desativado-e-resultado-de-sequencia-de-erros-e-catastrofe-anunciada-dizem-ambientalistas","status":"publish","type":"post","link":"https:\/\/brasilnoticias.org\/site\/afundamento-de-porta-avioes-desativado-e-resultado-de-sequencia-de-erros-e-catastrofe-anunciada-dizem-ambientalistas\/","title":{"rendered":"Afundamento de porta-avi\u00f5es desativado \u00e9 resultado de sequ\u00eancia de erros e cat\u00e1strofe anunciada, dizem ambientalistas"},"content":{"rendered":"<p>Crime ambiental e cat\u00e1strofe anunciada. \u00c9 nesses termos que ambientalistas ouvidos pelo g1 descrevem o desfecho do caso do porta-avi\u00f5es desativado S\u00e3o Paulo, afundado na sexta-feira (3) pela Marinha do Brasil ap\u00f3s passar meses vagando pelo mar em \u00e1rea pr\u00f3xima \u00e0 costa pernambucana.<\/p>\n<p>Para o diretor de Programas do Greenpeace Brasil, Leandro Ramos, o afundamento do navio \u00e9 resultado de \u201cuma sequ\u00eancia de erros\u201d.<\/p>\n<p>\u201cO que a gente observou foi uma sequ\u00eancia de erros que terminou nessa decis\u00e3o tr\u00e1gica de colocar no fundo do mar uma quantidade de materiais t\u00f3xicos que a gente n\u00e3o sabe qual \u00e9\u201d, afirmou.<\/p>\n<p>Na avalia\u00e7\u00e3o de Ramos, os equ\u00edvocos come\u00e7am j\u00e1 na venda da embarca\u00e7\u00e3o \u00e0 empresa turca S\u00f6k no leil\u00e3o realizado em 2021.<\/p>\n<p>\u201cEsse leil\u00e3o foi questionado por alguns de seus participantes. Depois, quando o [porta-avi\u00f5es] S\u00e3o Paulo saiu do Brasil, j\u00e1 havia uma liminar da Justi\u00e7a do Rio de Janeiro exigindo mais informa\u00e7\u00f5es sobre a transa\u00e7\u00e3o. E ele [o navio desativado] foi mesmo assim&#8221;, diz o ambientalista do Greenpeace.<\/p>\n<p>&#8220;Quando o navio estava para chegar \u00e0 Turquia, fizemos uma mobiliza\u00e7\u00e3o para sinalizar que faltavam informa\u00e7\u00f5es sobre como ele seria desmontado. E o Ibama chancelou a ida do navio para l\u00e1 mesmo com lacunas de informa\u00e7\u00e3o e falhas de inspe\u00e7\u00e3o\u201d, relembrou Leandro Ramos.<\/p>\n<p>Na vis\u00e3o do ambientalista, a decis\u00e3o de fazer o navio submergir a 5 mil metros da superf\u00edcie foi tomada sem uma avalia\u00e7\u00e3o adequada dos danos que o amianto e outras subst\u00e2ncias t\u00f3xicas presentes no casco da embarca\u00e7\u00e3o poderiam causar no ecossistema marinho.<\/p>\n<p>Com isso, na sua avalia\u00e7\u00e3o, o Brasil descumpriu pelo menos tr\u00eas tratados internacionais dos quais o pa\u00eds \u00e9 signat\u00e1rio:<\/p>\n<p>\u201cSe o Brasil est\u00e1 levando a s\u00e9rio a tarefa de assumir o protagonismo nas quest\u00f5es ligadas ao meio ambiente, essa era uma excelente oportunidade de mostrar isso para al\u00e9m das palavras\u201d, comentou.<br \/>\nEm vez de afundar o navio, o correto seria, segundo Ramos, recuperar a capacidade de navega\u00e7\u00e3o da embarca\u00e7\u00e3o e lev\u00e1-la a um estaleiro para ser desmontada.<\/p>\n<p>O porta-avi\u00f5es j\u00e1 era considerado uma &#8220;bomba-rel\u00f3gio&#8221; pelos ambientalistas.<\/p>\n<p>N\u00e3o s\u00f3 pelo tempo em que passou \u00e0 deriva, como pelos problemas detectados na estrutura, que estava com tr\u00eas buracos no casco e, segundo a Marinha, perderia a capacidade de flutuar de forma aut\u00f4noma at\u00e9 meados de fevereiro.<\/p>\n<p>\u201cA ideia era fazer os reparos b\u00e1sicos para garantir a navegabilidade at\u00e9 que ela fosse a um estaleiro de forma segura. Era preciso fazer a retirada do amianto e, depois, a reciclagem t\u00e9cnica e ambientalmente correta do restante da estrutura. Mas tudo isso vai para o fundo do mar\u201d, lamentou.<\/p>\n<p>&#8220;Cat\u00e1strofe anunciada&#8221;<br \/>\nEntre os pontos ainda incertos no cen\u00e1rio deixado pela submers\u00e3o do porta-avi\u00f5es desativado, est\u00e1 a imprecis\u00e3o sobre a quantidade de amianto e de outros poluentes na estrutura do navio.<\/p>\n<p>O Minist\u00e9rio P\u00fablico Federal (MPF) chegou a informar, com base em informa\u00e7\u00f5es da Marinha, que a embarca\u00e7\u00e3o tinha 9,6 toneladas da subst\u00e2ncia, mas os relat\u00f3rios de inspe\u00e7\u00e3o do navio s\u00e3o parciais e n\u00e3o foram detalhados.<\/p>\n<p>A engenheira civil e fundadora da Associa\u00e7\u00e3o Brasileira dos Expostos ao Amianto (Abrea), Fernanda Giannasi, se emocionou ao saber da not\u00edcia do afundamento do porta-avi\u00f5es.<\/p>\n<p>Ela explica que a subst\u00e2ncia \u00e9 um mineral insol\u00favel na \u00e1gua, que fica na natureza \u201cpor uma eternidade\u201d.<\/p>\n<p>Entretanto, n\u00e3o h\u00e1 estudos que mostrem os poss\u00edveis efeitos da presen\u00e7a desse material no ambiente marinho.<\/p>\n<p>\u201cN\u00f3s estamos trabalhando com uma amplitude muito grande de incertezas. Com a deteriora\u00e7\u00e3o das partes met\u00e1licas, o amianto se solta e \u00e9 uma carga poluente que pode ser ingerida pela fauna daquela profundidade&#8221;, alertou<br \/>\nGiannasi complementa, dizendo que o amianto \u00e9 um material que, &#8220;al\u00e9m de insol\u00favel, \u00e9 indestrut\u00edvel ao fogo e ao ataque de bact\u00e9rias&#8221;. &#8220;Quando tivermos correntes mar\u00edtimas, essas fibras, que s\u00e3o muito leves, podem ficar na \u00e1gua e ser ingeridas pelos seres vivos\u201d, avaliou.<\/p>\n<p>Embora as consequ\u00eancias nas esp\u00e9cies marinhas sejam ainda obscuras, os impactos do contato com o amianto no organismo humano e em mam\u00edferos s\u00e3o amplamente conhecidos.<\/p>\n<p>A engenheira lista entre eles o desenvolvimento de um mesotelioma &#8211; tipo de c\u00e2ncer agressivo que pode atingir o pulm\u00e3o, o perit\u00f4nio e o peric\u00e1rdio &#8211; os dois \u00faltimos s\u00e3o tecidos que revestem, respectivamente, a pleura pulmonar e o cora\u00e7\u00e3o.<\/p>\n<p>\u201c\u00c9 uma fibra t\u00e3o &#8216;eterna&#8217;, que pode provocar doen\u00e7as at\u00e9 60 anos depois do contato. E a doen\u00e7a, quando eclode, \u00e9 cruel, leva a um sofrimento atroz e mata em menos de um ano. Os peixes podem ingerir e n\u00e3o sabemos o que pode acontecer com eles. Considero uma cat\u00e1strofe anunciada e um crime ambiental de todos os envolvidos. \u00c9 uma aberra\u00e7\u00e3o o que foi feito\u201d, comentou Giannasi.<br \/>\nPara ela, as autoridades brasileiras v\u00e3o sofrer muitas cr\u00edticas da comunidade internacional pela forma como o caso foi conduzido. \u201cA menos que a Marinha apresente argumentos convincentes, n\u00f3s vamos ser execrados. Estou com o cora\u00e7\u00e3o muito apertado\u201d, disse.<\/p>\n<p>Foto: Reuters<br \/>\nG1<\/p>\n","protected":false},"excerpt":{"rendered":"<p>Crime ambiental e cat\u00e1strofe anunciada. \u00c9 nesses termos que ambientalistas ouvidos pelo g1 descrevem o desfecho do caso do porta-avi\u00f5es<\/p>\n","protected":false},"author":1,"featured_media":3705,"comment_status":"open","ping_status":"open","sticky":false,"template":"","format":"standard","meta":{"colormag_page_container_layout":"default_layout","colormag_page_sidebar_layout":"default_layout","_FSMCFIC_featured_image_caption":"","_FSMCFIC_featured_image_nocaption":"","_FSMCFIC_featured_image_hide":"","footnotes":""},"categories":[2,1],"tags":[],"class_list":["post-3704","post","type-post","status-publish","format-standard","has-post-thumbnail","hentry","category-noticias","category-ultimas"],"yoast_head":"<!-- This site is optimized with the Yoast SEO plugin v27.1.1 - https:\/\/yoast.com\/product\/yoast-seo-wordpress\/ -->\n<title>Afundamento de porta-avi\u00f5es desativado \u00e9 resultado de sequ\u00eancia de erros e cat\u00e1strofe anunciada, dizem ambientalistas - Brasil not\u00edcias<\/title>\n<meta name=\"robots\" content=\"index, follow, max-snippet:-1, max-image-preview:large, max-video-preview:-1\" \/>\n<link rel=\"canonical\" href=\"https:\/\/brasilnoticias.org\/site\/afundamento-de-porta-avioes-desativado-e-resultado-de-sequencia-de-erros-e-catastrofe-anunciada-dizem-ambientalistas\/\" \/>\n<meta property=\"og:locale\" content=\"pt_PT\" \/>\n<meta property=\"og:type\" content=\"article\" \/>\n<meta property=\"og:title\" content=\"Afundamento de porta-avi\u00f5es desativado \u00e9 resultado de sequ\u00eancia de erros e cat\u00e1strofe anunciada, dizem ambientalistas - Brasil not\u00edcias\" \/>\n<meta property=\"og:description\" content=\"Crime ambiental e cat\u00e1strofe anunciada. \u00c9 nesses termos que ambientalistas ouvidos pelo g1 descrevem o desfecho do caso do porta-avi\u00f5es\" \/>\n<meta property=\"og:url\" content=\"https:\/\/brasilnoticias.org\/site\/afundamento-de-porta-avioes-desativado-e-resultado-de-sequencia-de-erros-e-catastrofe-anunciada-dizem-ambientalistas\/\" \/>\n<meta property=\"og:site_name\" content=\"Brasil not\u00edcias\" \/>\n<meta property=\"article:published_time\" content=\"2023-02-05T10:00:19+00:00\" \/>\n<meta property=\"og:image\" content=\"https:\/\/brasilnoticias.org\/site\/wp-content\/uploads\/2023\/02\/2023-02-02t020044z-1918115551-rc2p2z9qau48-rtrmadp-3-brazil-aircraftcarrier.webp\" \/>\n\t<meta property=\"og:image:width\" content=\"1000\" \/>\n\t<meta property=\"og:image:height\" content=\"665\" \/>\n\t<meta property=\"og:image:type\" content=\"image\/webp\" \/>\n<meta name=\"author\" content=\"Reda\u00e7\u00e3o\" \/>\n<meta name=\"twitter:card\" content=\"summary_large_image\" \/>\n<meta name=\"twitter:label1\" content=\"Escrito por\" \/>\n\t<meta name=\"twitter:data1\" content=\"Reda\u00e7\u00e3o\" \/>\n\t<meta name=\"twitter:label2\" content=\"Tempo estimado de leitura\" \/>\n\t<meta name=\"twitter:data2\" content=\"4 minutos\" \/>\n<script type=\"application\/ld+json\" class=\"yoast-schema-graph\">{\"@context\":\"https:\/\/schema.org\",\"@graph\":[{\"@type\":\"Article\",\"@id\":\"https:\/\/brasilnoticias.org\/site\/afundamento-de-porta-avioes-desativado-e-resultado-de-sequencia-de-erros-e-catastrofe-anunciada-dizem-ambientalistas\/#article\",\"isPartOf\":{\"@id\":\"https:\/\/brasilnoticias.org\/site\/afundamento-de-porta-avioes-desativado-e-resultado-de-sequencia-de-erros-e-catastrofe-anunciada-dizem-ambientalistas\/\"},\"author\":{\"name\":\"Reda\u00e7\u00e3o\",\"@id\":\"https:\/\/brasilnoticias.org\/site\/#\/schema\/person\/a0e05b973ec4d15c658d51911e53507b\"},\"headline\":\"Afundamento de porta-avi\u00f5es desativado \u00e9 resultado de sequ\u00eancia de erros e cat\u00e1strofe anunciada, dizem ambientalistas\",\"datePublished\":\"2023-02-05T10:00:19+00:00\",\"mainEntityOfPage\":{\"@id\":\"https:\/\/brasilnoticias.org\/site\/afundamento-de-porta-avioes-desativado-e-resultado-de-sequencia-de-erros-e-catastrofe-anunciada-dizem-ambientalistas\/\"},\"wordCount\":900,\"commentCount\":0,\"publisher\":{\"@id\":\"https:\/\/brasilnoticias.org\/site\/#organization\"},\"image\":{\"@id\":\"https:\/\/brasilnoticias.org\/site\/afundamento-de-porta-avioes-desativado-e-resultado-de-sequencia-de-erros-e-catastrofe-anunciada-dizem-ambientalistas\/#primaryimage\"},\"thumbnailUrl\":\"https:\/\/brasilnoticias.org\/site\/wp-content\/uploads\/2023\/02\/2023-02-02t020044z-1918115551-rc2p2z9qau48-rtrmadp-3-brazil-aircraftcarrier.webp\",\"articleSection\":[\"Not\u00edcias\",\"\u00daltimas\"],\"inLanguage\":\"pt-PT\",\"potentialAction\":[{\"@type\":\"CommentAction\",\"name\":\"Comment\",\"target\":[\"https:\/\/brasilnoticias.org\/site\/afundamento-de-porta-avioes-desativado-e-resultado-de-sequencia-de-erros-e-catastrofe-anunciada-dizem-ambientalistas\/#respond\"]}]},{\"@type\":\"WebPage\",\"@id\":\"https:\/\/brasilnoticias.org\/site\/afundamento-de-porta-avioes-desativado-e-resultado-de-sequencia-de-erros-e-catastrofe-anunciada-dizem-ambientalistas\/\",\"url\":\"https:\/\/brasilnoticias.org\/site\/afundamento-de-porta-avioes-desativado-e-resultado-de-sequencia-de-erros-e-catastrofe-anunciada-dizem-ambientalistas\/\",\"name\":\"Afundamento de porta-avi\u00f5es desativado \u00e9 resultado de sequ\u00eancia de erros e cat\u00e1strofe anunciada, dizem ambientalistas - Brasil not\u00edcias\",\"isPartOf\":{\"@id\":\"https:\/\/brasilnoticias.org\/site\/#website\"},\"primaryImageOfPage\":{\"@id\":\"https:\/\/brasilnoticias.org\/site\/afundamento-de-porta-avioes-desativado-e-resultado-de-sequencia-de-erros-e-catastrofe-anunciada-dizem-ambientalistas\/#primaryimage\"},\"image\":{\"@id\":\"https:\/\/brasilnoticias.org\/site\/afundamento-de-porta-avioes-desativado-e-resultado-de-sequencia-de-erros-e-catastrofe-anunciada-dizem-ambientalistas\/#primaryimage\"},\"thumbnailUrl\":\"https:\/\/brasilnoticias.org\/site\/wp-content\/uploads\/2023\/02\/2023-02-02t020044z-1918115551-rc2p2z9qau48-rtrmadp-3-brazil-aircraftcarrier.webp\",\"datePublished\":\"2023-02-05T10:00:19+00:00\",\"breadcrumb\":{\"@id\":\"https:\/\/brasilnoticias.org\/site\/afundamento-de-porta-avioes-desativado-e-resultado-de-sequencia-de-erros-e-catastrofe-anunciada-dizem-ambientalistas\/#breadcrumb\"},\"inLanguage\":\"pt-PT\",\"potentialAction\":[{\"@type\":\"ReadAction\",\"target\":[\"https:\/\/brasilnoticias.org\/site\/afundamento-de-porta-avioes-desativado-e-resultado-de-sequencia-de-erros-e-catastrofe-anunciada-dizem-ambientalistas\/\"]}]},{\"@type\":\"ImageObject\",\"inLanguage\":\"pt-PT\",\"@id\":\"https:\/\/brasilnoticias.org\/site\/afundamento-de-porta-avioes-desativado-e-resultado-de-sequencia-de-erros-e-catastrofe-anunciada-dizem-ambientalistas\/#primaryimage\",\"url\":\"https:\/\/brasilnoticias.org\/site\/wp-content\/uploads\/2023\/02\/2023-02-02t020044z-1918115551-rc2p2z9qau48-rtrmadp-3-brazil-aircraftcarrier.webp\",\"contentUrl\":\"https:\/\/brasilnoticias.org\/site\/wp-content\/uploads\/2023\/02\/2023-02-02t020044z-1918115551-rc2p2z9qau48-rtrmadp-3-brazil-aircraftcarrier.webp\",\"width\":1000,\"height\":665},{\"@type\":\"BreadcrumbList\",\"@id\":\"https:\/\/brasilnoticias.org\/site\/afundamento-de-porta-avioes-desativado-e-resultado-de-sequencia-de-erros-e-catastrofe-anunciada-dizem-ambientalistas\/#breadcrumb\",\"itemListElement\":[{\"@type\":\"ListItem\",\"position\":1,\"name\":\"In\u00edcio\",\"item\":\"https:\/\/brasilnoticias.org\/site\/\"},{\"@type\":\"ListItem\",\"position\":2,\"name\":\"Afundamento de porta-avi\u00f5es desativado \u00e9 resultado de sequ\u00eancia de erros e cat\u00e1strofe anunciada, dizem ambientalistas\"}]},{\"@type\":\"WebSite\",\"@id\":\"https:\/\/brasilnoticias.org\/site\/#website\",\"url\":\"https:\/\/brasilnoticias.org\/site\/\",\"name\":\"Brasil not\u00edcias\",\"description\":\"Brasil not\u00edcias\",\"publisher\":{\"@id\":\"https:\/\/brasilnoticias.org\/site\/#organization\"},\"potentialAction\":[{\"@type\":\"SearchAction\",\"target\":{\"@type\":\"EntryPoint\",\"urlTemplate\":\"https:\/\/brasilnoticias.org\/site\/?s={search_term_string}\"},\"query-input\":{\"@type\":\"PropertyValueSpecification\",\"valueRequired\":true,\"valueName\":\"search_term_string\"}}],\"inLanguage\":\"pt-PT\"},{\"@type\":\"Organization\",\"@id\":\"https:\/\/brasilnoticias.org\/site\/#organization\",\"name\":\"Brasil not\u00edcias\",\"url\":\"https:\/\/brasilnoticias.org\/site\/\",\"logo\":{\"@type\":\"ImageObject\",\"inLanguage\":\"pt-PT\",\"@id\":\"https:\/\/brasilnoticias.org\/site\/#\/schema\/logo\/image\/\",\"url\":\"https:\/\/brasilnoticias.org\/site\/wp-content\/uploads\/2022\/05\/cropped-brasilnoticias-mini.jpg\",\"contentUrl\":\"https:\/\/brasilnoticias.org\/site\/wp-content\/uploads\/2022\/05\/cropped-brasilnoticias-mini.jpg\",\"width\":314,\"height\":86,\"caption\":\"Brasil not\u00edcias\"},\"image\":{\"@id\":\"https:\/\/brasilnoticias.org\/site\/#\/schema\/logo\/image\/\"}},{\"@type\":\"Person\",\"@id\":\"https:\/\/brasilnoticias.org\/site\/#\/schema\/person\/a0e05b973ec4d15c658d51911e53507b\",\"name\":\"Reda\u00e7\u00e3o\",\"image\":{\"@type\":\"ImageObject\",\"inLanguage\":\"pt-PT\",\"@id\":\"https:\/\/brasilnoticias.org\/site\/#\/schema\/person\/image\/\",\"url\":\"https:\/\/secure.gravatar.com\/avatar\/75d8b050df2de108b08ae78dfb8e374892df24a383c67db9c46a9c604f6aee9c?s=96&d=mm&r=g\",\"contentUrl\":\"https:\/\/secure.gravatar.com\/avatar\/75d8b050df2de108b08ae78dfb8e374892df24a383c67db9c46a9c604f6aee9c?s=96&d=mm&r=g\",\"caption\":\"Reda\u00e7\u00e3o\"},\"sameAs\":[\"https:\/\/brasilnoticias.org\/site\"],\"url\":\"https:\/\/brasilnoticias.org\/site\/author\/fernandozsngmail-com\/\"}]}<\/script>\n<!-- \/ Yoast SEO plugin. -->","yoast_head_json":{"title":"Afundamento de porta-avi\u00f5es desativado \u00e9 resultado de sequ\u00eancia de erros e cat\u00e1strofe anunciada, dizem ambientalistas - Brasil not\u00edcias","robots":{"index":"index","follow":"follow","max-snippet":"max-snippet:-1","max-image-preview":"max-image-preview:large","max-video-preview":"max-video-preview:-1"},"canonical":"https:\/\/brasilnoticias.org\/site\/afundamento-de-porta-avioes-desativado-e-resultado-de-sequencia-de-erros-e-catastrofe-anunciada-dizem-ambientalistas\/","og_locale":"pt_PT","og_type":"article","og_title":"Afundamento de porta-avi\u00f5es desativado \u00e9 resultado de sequ\u00eancia de erros e cat\u00e1strofe anunciada, dizem ambientalistas - Brasil not\u00edcias","og_description":"Crime ambiental e cat\u00e1strofe anunciada. \u00c9 nesses termos que ambientalistas ouvidos pelo g1 descrevem o desfecho do caso do porta-avi\u00f5es","og_url":"https:\/\/brasilnoticias.org\/site\/afundamento-de-porta-avioes-desativado-e-resultado-de-sequencia-de-erros-e-catastrofe-anunciada-dizem-ambientalistas\/","og_site_name":"Brasil not\u00edcias","article_published_time":"2023-02-05T10:00:19+00:00","og_image":[{"width":1000,"height":665,"url":"https:\/\/brasilnoticias.org\/site\/wp-content\/uploads\/2023\/02\/2023-02-02t020044z-1918115551-rc2p2z9qau48-rtrmadp-3-brazil-aircraftcarrier.webp","type":"image\/webp"}],"author":"Reda\u00e7\u00e3o","twitter_card":"summary_large_image","twitter_misc":{"Escrito por":"Reda\u00e7\u00e3o","Tempo estimado de leitura":"4 minutos"},"schema":{"@context":"https:\/\/schema.org","@graph":[{"@type":"Article","@id":"https:\/\/brasilnoticias.org\/site\/afundamento-de-porta-avioes-desativado-e-resultado-de-sequencia-de-erros-e-catastrofe-anunciada-dizem-ambientalistas\/#article","isPartOf":{"@id":"https:\/\/brasilnoticias.org\/site\/afundamento-de-porta-avioes-desativado-e-resultado-de-sequencia-de-erros-e-catastrofe-anunciada-dizem-ambientalistas\/"},"author":{"name":"Reda\u00e7\u00e3o","@id":"https:\/\/brasilnoticias.org\/site\/#\/schema\/person\/a0e05b973ec4d15c658d51911e53507b"},"headline":"Afundamento de porta-avi\u00f5es desativado \u00e9 resultado de sequ\u00eancia de erros e cat\u00e1strofe anunciada, dizem ambientalistas","datePublished":"2023-02-05T10:00:19+00:00","mainEntityOfPage":{"@id":"https:\/\/brasilnoticias.org\/site\/afundamento-de-porta-avioes-desativado-e-resultado-de-sequencia-de-erros-e-catastrofe-anunciada-dizem-ambientalistas\/"},"wordCount":900,"commentCount":0,"publisher":{"@id":"https:\/\/brasilnoticias.org\/site\/#organization"},"image":{"@id":"https:\/\/brasilnoticias.org\/site\/afundamento-de-porta-avioes-desativado-e-resultado-de-sequencia-de-erros-e-catastrofe-anunciada-dizem-ambientalistas\/#primaryimage"},"thumbnailUrl":"https:\/\/brasilnoticias.org\/site\/wp-content\/uploads\/2023\/02\/2023-02-02t020044z-1918115551-rc2p2z9qau48-rtrmadp-3-brazil-aircraftcarrier.webp","articleSection":["Not\u00edcias","\u00daltimas"],"inLanguage":"pt-PT","potentialAction":[{"@type":"CommentAction","name":"Comment","target":["https:\/\/brasilnoticias.org\/site\/afundamento-de-porta-avioes-desativado-e-resultado-de-sequencia-de-erros-e-catastrofe-anunciada-dizem-ambientalistas\/#respond"]}]},{"@type":"WebPage","@id":"https:\/\/brasilnoticias.org\/site\/afundamento-de-porta-avioes-desativado-e-resultado-de-sequencia-de-erros-e-catastrofe-anunciada-dizem-ambientalistas\/","url":"https:\/\/brasilnoticias.org\/site\/afundamento-de-porta-avioes-desativado-e-resultado-de-sequencia-de-erros-e-catastrofe-anunciada-dizem-ambientalistas\/","name":"Afundamento de porta-avi\u00f5es desativado \u00e9 resultado de sequ\u00eancia de erros e cat\u00e1strofe anunciada, dizem ambientalistas - Brasil not\u00edcias","isPartOf":{"@id":"https:\/\/brasilnoticias.org\/site\/#website"},"primaryImageOfPage":{"@id":"https:\/\/brasilnoticias.org\/site\/afundamento-de-porta-avioes-desativado-e-resultado-de-sequencia-de-erros-e-catastrofe-anunciada-dizem-ambientalistas\/#primaryimage"},"image":{"@id":"https:\/\/brasilnoticias.org\/site\/afundamento-de-porta-avioes-desativado-e-resultado-de-sequencia-de-erros-e-catastrofe-anunciada-dizem-ambientalistas\/#primaryimage"},"thumbnailUrl":"https:\/\/brasilnoticias.org\/site\/wp-content\/uploads\/2023\/02\/2023-02-02t020044z-1918115551-rc2p2z9qau48-rtrmadp-3-brazil-aircraftcarrier.webp","datePublished":"2023-02-05T10:00:19+00:00","breadcrumb":{"@id":"https:\/\/brasilnoticias.org\/site\/afundamento-de-porta-avioes-desativado-e-resultado-de-sequencia-de-erros-e-catastrofe-anunciada-dizem-ambientalistas\/#breadcrumb"},"inLanguage":"pt-PT","potentialAction":[{"@type":"ReadAction","target":["https:\/\/brasilnoticias.org\/site\/afundamento-de-porta-avioes-desativado-e-resultado-de-sequencia-de-erros-e-catastrofe-anunciada-dizem-ambientalistas\/"]}]},{"@type":"ImageObject","inLanguage":"pt-PT","@id":"https:\/\/brasilnoticias.org\/site\/afundamento-de-porta-avioes-desativado-e-resultado-de-sequencia-de-erros-e-catastrofe-anunciada-dizem-ambientalistas\/#primaryimage","url":"https:\/\/brasilnoticias.org\/site\/wp-content\/uploads\/2023\/02\/2023-02-02t020044z-1918115551-rc2p2z9qau48-rtrmadp-3-brazil-aircraftcarrier.webp","contentUrl":"https:\/\/brasilnoticias.org\/site\/wp-content\/uploads\/2023\/02\/2023-02-02t020044z-1918115551-rc2p2z9qau48-rtrmadp-3-brazil-aircraftcarrier.webp","width":1000,"height":665},{"@type":"BreadcrumbList","@id":"https:\/\/brasilnoticias.org\/site\/afundamento-de-porta-avioes-desativado-e-resultado-de-sequencia-de-erros-e-catastrofe-anunciada-dizem-ambientalistas\/#breadcrumb","itemListElement":[{"@type":"ListItem","position":1,"name":"In\u00edcio","item":"https:\/\/brasilnoticias.org\/site\/"},{"@type":"ListItem","position":2,"name":"Afundamento de porta-avi\u00f5es desativado \u00e9 resultado de sequ\u00eancia de erros e cat\u00e1strofe anunciada, dizem ambientalistas"}]},{"@type":"WebSite","@id":"https:\/\/brasilnoticias.org\/site\/#website","url":"https:\/\/brasilnoticias.org\/site\/","name":"Brasil not\u00edcias","description":"Brasil not\u00edcias","publisher":{"@id":"https:\/\/brasilnoticias.org\/site\/#organization"},"potentialAction":[{"@type":"SearchAction","target":{"@type":"EntryPoint","urlTemplate":"https:\/\/brasilnoticias.org\/site\/?s={search_term_string}"},"query-input":{"@type":"PropertyValueSpecification","valueRequired":true,"valueName":"search_term_string"}}],"inLanguage":"pt-PT"},{"@type":"Organization","@id":"https:\/\/brasilnoticias.org\/site\/#organization","name":"Brasil not\u00edcias","url":"https:\/\/brasilnoticias.org\/site\/","logo":{"@type":"ImageObject","inLanguage":"pt-PT","@id":"https:\/\/brasilnoticias.org\/site\/#\/schema\/logo\/image\/","url":"https:\/\/brasilnoticias.org\/site\/wp-content\/uploads\/2022\/05\/cropped-brasilnoticias-mini.jpg","contentUrl":"https:\/\/brasilnoticias.org\/site\/wp-content\/uploads\/2022\/05\/cropped-brasilnoticias-mini.jpg","width":314,"height":86,"caption":"Brasil not\u00edcias"},"image":{"@id":"https:\/\/brasilnoticias.org\/site\/#\/schema\/logo\/image\/"}},{"@type":"Person","@id":"https:\/\/brasilnoticias.org\/site\/#\/schema\/person\/a0e05b973ec4d15c658d51911e53507b","name":"Reda\u00e7\u00e3o","image":{"@type":"ImageObject","inLanguage":"pt-PT","@id":"https:\/\/brasilnoticias.org\/site\/#\/schema\/person\/image\/","url":"https:\/\/secure.gravatar.com\/avatar\/75d8b050df2de108b08ae78dfb8e374892df24a383c67db9c46a9c604f6aee9c?s=96&d=mm&r=g","contentUrl":"https:\/\/secure.gravatar.com\/avatar\/75d8b050df2de108b08ae78dfb8e374892df24a383c67db9c46a9c604f6aee9c?s=96&d=mm&r=g","caption":"Reda\u00e7\u00e3o"},"sameAs":["https:\/\/brasilnoticias.org\/site"],"url":"https:\/\/brasilnoticias.org\/site\/author\/fernandozsngmail-com\/"}]}},"_links":{"self":[{"href":"https:\/\/brasilnoticias.org\/site\/wp-json\/wp\/v2\/posts\/3704","targetHints":{"allow":["GET"]}}],"collection":[{"href":"https:\/\/brasilnoticias.org\/site\/wp-json\/wp\/v2\/posts"}],"about":[{"href":"https:\/\/brasilnoticias.org\/site\/wp-json\/wp\/v2\/types\/post"}],"author":[{"embeddable":true,"href":"https:\/\/brasilnoticias.org\/site\/wp-json\/wp\/v2\/users\/1"}],"replies":[{"embeddable":true,"href":"https:\/\/brasilnoticias.org\/site\/wp-json\/wp\/v2\/comments?post=3704"}],"version-history":[{"count":1,"href":"https:\/\/brasilnoticias.org\/site\/wp-json\/wp\/v2\/posts\/3704\/revisions"}],"predecessor-version":[{"id":3706,"href":"https:\/\/brasilnoticias.org\/site\/wp-json\/wp\/v2\/posts\/3704\/revisions\/3706"}],"wp:featuredmedia":[{"embeddable":true,"href":"https:\/\/brasilnoticias.org\/site\/wp-json\/wp\/v2\/media\/3705"}],"wp:attachment":[{"href":"https:\/\/brasilnoticias.org\/site\/wp-json\/wp\/v2\/media?parent=3704"}],"wp:term":[{"taxonomy":"category","embeddable":true,"href":"https:\/\/brasilnoticias.org\/site\/wp-json\/wp\/v2\/categories?post=3704"},{"taxonomy":"post_tag","embeddable":true,"href":"https:\/\/brasilnoticias.org\/site\/wp-json\/wp\/v2\/tags?post=3704"}],"curies":[{"name":"wp","href":"https:\/\/api.w.org\/{rel}","templated":true}]}}