{"id":371,"date":"2022-05-20T15:03:19","date_gmt":"2022-05-20T18:03:19","guid":{"rendered":"https:\/\/brasilnoticias.org\/site\/?p=371"},"modified":"2022-05-20T15:03:19","modified_gmt":"2022-05-20T18:03:19","slug":"moraes-e-lider-da-esquerda-e-inferniza-o-brasil-com-fachin-e-barroso-diz-bolsonaro","status":"publish","type":"post","link":"https:\/\/brasilnoticias.org\/site\/moraes-e-lider-da-esquerda-e-inferniza-o-brasil-com-fachin-e-barroso-diz-bolsonaro\/","title":{"rendered":"MORAES \u00c9 L\u00cdDER DA ESQUERDA E INFERNIZA O BRASIL COM FACHIN E BARROSO, DIZ BOLSONARO"},"content":{"rendered":"<p>Em um novo ataque a ministros do STF (Supremo Tribunal Federal), o presidente Jair Bolsonaro (PL) disse nesta sexta-feira (20) que Edson Fachin, Lu\u00eds Roberto Barroso e Alexandre de Moraes \u201cinfernizam\u201d o Brasil.<\/p>\n<p>O chefe do Executivo disse ainda que Moraes se comporta como \u201cl\u00edder de partido de esquerda\u201d.<\/p>\n<p>Os tr\u00eas ministros s\u00e3o da c\u00fapula do TSE (Tribunal Superior Eleitoral), e Moraes assumir\u00e1 o comando do tribunal durante as elei\u00e7\u00f5es deste ano. As falas de Bolsonaro fazem parte de ataques do presidente ao processo eleitoral.<\/p>\n<p>\u201cTemos tr\u00eas ministros que infernizam n\u00e3o s\u00f3 o presidente, mas o Brasil: Fachin, Barroso e Alexandre de Moraes. Esse \u00faltimo \u00e9 o mais ativo e se comporta como o l\u00edder de partido de esquerda e de oposi\u00e7\u00e3o. Esse inqu\u00e9rito da fake news, primeiro que fake news n\u00e3o existe\u201d, disse o presidente, em entrevista ao canal de Youtube do jornalista Cl\u00e1udio Magnativa.<\/p>\n<p>\u201cNos acusam de gabinete do \u00f3dio. Me apresenta uma mat\u00e9ria que achem que nasce do gabinete do \u00f3dio, n\u00e3o tem\u201d, completou.<\/p>\n<p>As declara\u00e7\u00f5es foram divulgadas em teaser da entrevista do presidente no Youtube, a \u00edntegra deve ir ao ar nesta sexta-feira ainda.<\/p>\n<p>Em outro trecho, ele disse que o Supremo \u00e9 o \u201cPoder mais forte\u201d hoje, e que o presidente do Senado, Rodrigo Pacheco (PSD-MG), tem agido de forma parcial.<\/p>\n<p>\u201cN\u00e3o vou negar que apoiei [Pacheco para o cargo]. Eu n\u00e3o esperava que ele fosse ser t\u00e3o parcial como ele est\u00e1 sendo ultimamente. N\u00e3o quero atrito com ele, mas [h\u00e1] uma parcialidade enorme\u201d, disse. \u201d<\/p>\n<p>Eu vejo na m\u00eddia e ele diz que est\u00e1 protegendo o Supremo. N\u00e3o \u00e9 atribui\u00e7\u00e3o nossa proteger o outro Poder, \u00e9 tratar com dignidade e isen\u00e7\u00e3o, como propriamente diz a nossa Constitui\u00e7\u00e3o. E o poder mais forte no momento da Rep\u00fablica \u00e9 o Supremo\u201d.<\/p>\n<p>O presidente chegou a acionar, nesta semana, o STF e a PGR (Procuradoria-Geral da Rep\u00fablica) contra o ministro Alexandre de Moraes, alegando abuso de autoridade. Na Corte, o caso j\u00e1 foi arquivado, mas na PGR ainda est\u00e1 em an\u00e1lise.<\/p>\n<p>Na tarde de quinta-feira (19), Bolsonaro e Moraes acabaram se encontrando durante evento em Bras\u00edlia e trocaram cumprimentos cordiais na solenidade que marcou a posse de novos ministros no TST (Tribunal Superior do Trabalho).<\/p>\n<p>Nesta semana, Bolsonaro j\u00e1 havia dito tamb\u00e9m que o STF tem interferido em sua atua\u00e7\u00e3o na Presid\u00eancia. \u201cMais da metade do meu tempo passo me defendendo de interfer\u00eancias indevidas do Supremo Tribunal Federal\u201d, disse.<\/p>\n<p>Nas \u00faltimas semanas, o presidente fez diversas insinua\u00e7\u00f5es golpistas em rela\u00e7\u00e3o ao sistema eleitoral brasileiro, enquanto ministros do TSE e do Supremo deram respostas duras \u00e0s ila\u00e7\u00f5es do chefe do Executivo.<\/p>\n<p>Alvo de seguidos ataques de Bolsonaro, Moraes disse tamb\u00e9m nesta quinta-feira que a Justi\u00e7a Eleitoral nasceu e segue com \u201cvontade de concretizar a democracia e coragem para lutar contra aqueles que n\u00e3o acreditam no Estado democr\u00e1tico de Direito\u201d.<\/p>\n<p>&nbsp;<\/p>\n<p><span class=\"assinatura_exclusiva\">Marianna Holanda\/Folhapress<\/span><\/p>\n","protected":false},"excerpt":{"rendered":"<p>Em um novo ataque a ministros do STF (Supremo Tribunal Federal), o presidente Jair Bolsonaro (PL) disse nesta sexta-feira (20)<\/p>\n","protected":false},"author":2,"featured_media":372,"comment_status":"open","ping_status":"open","sticky":false,"template":"","format":"standard","meta":{"colormag_page_container_layout":"default_layout","colormag_page_sidebar_layout":"default_layout","_FSMCFIC_featured_image_caption":"","_FSMCFIC_featured_image_nocaption":"","_FSMCFIC_featured_image_hide":"","footnotes":""},"categories":[7,1],"tags":[],"class_list":["post-371","post","type-post","status-publish","format-standard","has-post-thumbnail","hentry","category-justica","category-ultimas"],"yoast_head":"<!-- This site is optimized with the Yoast SEO plugin v27.1.1 - https:\/\/yoast.com\/product\/yoast-seo-wordpress\/ -->\n<title>MORAES \u00c9 L\u00cdDER DA ESQUERDA E INFERNIZA O BRASIL COM FACHIN E BARROSO, DIZ BOLSONARO - Brasil not\u00edcias<\/title>\n<meta name=\"robots\" content=\"index, follow, max-snippet:-1, max-image-preview:large, max-video-preview:-1\" \/>\n<link rel=\"canonical\" href=\"https:\/\/brasilnoticias.org\/site\/moraes-e-lider-da-esquerda-e-inferniza-o-brasil-com-fachin-e-barroso-diz-bolsonaro\/\" \/>\n<meta property=\"og:locale\" content=\"pt_PT\" \/>\n<meta property=\"og:type\" content=\"article\" \/>\n<meta property=\"og:title\" content=\"MORAES \u00c9 L\u00cdDER DA ESQUERDA E INFERNIZA O BRASIL COM FACHIN E BARROSO, DIZ BOLSONARO - Brasil not\u00edcias\" \/>\n<meta property=\"og:description\" content=\"Em um novo ataque a ministros do STF (Supremo Tribunal Federal), o presidente Jair Bolsonaro (PL) disse nesta sexta-feira (20)\" \/>\n<meta property=\"og:url\" content=\"https:\/\/brasilnoticias.org\/site\/moraes-e-lider-da-esquerda-e-inferniza-o-brasil-com-fachin-e-barroso-diz-bolsonaro\/\" \/>\n<meta property=\"og:site_name\" content=\"Brasil not\u00edcias\" \/>\n<meta property=\"article:published_time\" content=\"2022-05-20T18:03:19+00:00\" \/>\n<meta property=\"og:image\" content=\"https:\/\/brasilnoticias.org\/site\/wp-content\/uploads\/2022\/05\/Screenshot_20220520-145741-991.png\" \/>\n\t<meta property=\"og:image:width\" content=\"720\" \/>\n\t<meta property=\"og:image:height\" content=\"603\" \/>\n\t<meta property=\"og:image:type\" content=\"image\/png\" \/>\n<meta name=\"author\" content=\"Reda\u00e7\u00e3o\" \/>\n<meta name=\"twitter:card\" content=\"summary_large_image\" \/>\n<meta name=\"twitter:label1\" content=\"Escrito por\" \/>\n\t<meta name=\"twitter:data1\" content=\"Reda\u00e7\u00e3o\" \/>\n\t<meta name=\"twitter:label2\" content=\"Tempo estimado de leitura\" \/>\n\t<meta name=\"twitter:data2\" content=\"3 minutos\" \/>\n<script type=\"application\/ld+json\" class=\"yoast-schema-graph\">{\"@context\":\"https:\/\/schema.org\",\"@graph\":[{\"@type\":\"Article\",\"@id\":\"https:\/\/brasilnoticias.org\/site\/moraes-e-lider-da-esquerda-e-inferniza-o-brasil-com-fachin-e-barroso-diz-bolsonaro\/#article\",\"isPartOf\":{\"@id\":\"https:\/\/brasilnoticias.org\/site\/moraes-e-lider-da-esquerda-e-inferniza-o-brasil-com-fachin-e-barroso-diz-bolsonaro\/\"},\"author\":{\"name\":\"Reda\u00e7\u00e3o\",\"@id\":\"https:\/\/brasilnoticias.org\/site\/#\/schema\/person\/f609fa847b5314f1c8b983342f34c798\"},\"headline\":\"MORAES \u00c9 L\u00cdDER DA ESQUERDA E INFERNIZA O BRASIL COM FACHIN E BARROSO, DIZ BOLSONARO\",\"datePublished\":\"2022-05-20T18:03:19+00:00\",\"mainEntityOfPage\":{\"@id\":\"https:\/\/brasilnoticias.org\/site\/moraes-e-lider-da-esquerda-e-inferniza-o-brasil-com-fachin-e-barroso-diz-bolsonaro\/\"},\"wordCount\":522,\"commentCount\":0,\"publisher\":{\"@id\":\"https:\/\/brasilnoticias.org\/site\/#organization\"},\"image\":{\"@id\":\"https:\/\/brasilnoticias.org\/site\/moraes-e-lider-da-esquerda-e-inferniza-o-brasil-com-fachin-e-barroso-diz-bolsonaro\/#primaryimage\"},\"thumbnailUrl\":\"https:\/\/brasilnoticias.org\/site\/wp-content\/uploads\/2022\/05\/Screenshot_20220520-145741-991.png\",\"articleSection\":[\"Justi\u00e7a\",\"\u00daltimas\"],\"inLanguage\":\"pt-PT\",\"potentialAction\":[{\"@type\":\"CommentAction\",\"name\":\"Comment\",\"target\":[\"https:\/\/brasilnoticias.org\/site\/moraes-e-lider-da-esquerda-e-inferniza-o-brasil-com-fachin-e-barroso-diz-bolsonaro\/#respond\"]}]},{\"@type\":\"WebPage\",\"@id\":\"https:\/\/brasilnoticias.org\/site\/moraes-e-lider-da-esquerda-e-inferniza-o-brasil-com-fachin-e-barroso-diz-bolsonaro\/\",\"url\":\"https:\/\/brasilnoticias.org\/site\/moraes-e-lider-da-esquerda-e-inferniza-o-brasil-com-fachin-e-barroso-diz-bolsonaro\/\",\"name\":\"MORAES \u00c9 L\u00cdDER DA ESQUERDA E INFERNIZA O BRASIL COM FACHIN E BARROSO, DIZ BOLSONARO - Brasil not\u00edcias\",\"isPartOf\":{\"@id\":\"https:\/\/brasilnoticias.org\/site\/#website\"},\"primaryImageOfPage\":{\"@id\":\"https:\/\/brasilnoticias.org\/site\/moraes-e-lider-da-esquerda-e-inferniza-o-brasil-com-fachin-e-barroso-diz-bolsonaro\/#primaryimage\"},\"image\":{\"@id\":\"https:\/\/brasilnoticias.org\/site\/moraes-e-lider-da-esquerda-e-inferniza-o-brasil-com-fachin-e-barroso-diz-bolsonaro\/#primaryimage\"},\"thumbnailUrl\":\"https:\/\/brasilnoticias.org\/site\/wp-content\/uploads\/2022\/05\/Screenshot_20220520-145741-991.png\",\"datePublished\":\"2022-05-20T18:03:19+00:00\",\"breadcrumb\":{\"@id\":\"https:\/\/brasilnoticias.org\/site\/moraes-e-lider-da-esquerda-e-inferniza-o-brasil-com-fachin-e-barroso-diz-bolsonaro\/#breadcrumb\"},\"inLanguage\":\"pt-PT\",\"potentialAction\":[{\"@type\":\"ReadAction\",\"target\":[\"https:\/\/brasilnoticias.org\/site\/moraes-e-lider-da-esquerda-e-inferniza-o-brasil-com-fachin-e-barroso-diz-bolsonaro\/\"]}]},{\"@type\":\"ImageObject\",\"inLanguage\":\"pt-PT\",\"@id\":\"https:\/\/brasilnoticias.org\/site\/moraes-e-lider-da-esquerda-e-inferniza-o-brasil-com-fachin-e-barroso-diz-bolsonaro\/#primaryimage\",\"url\":\"https:\/\/brasilnoticias.org\/site\/wp-content\/uploads\/2022\/05\/Screenshot_20220520-145741-991.png\",\"contentUrl\":\"https:\/\/brasilnoticias.org\/site\/wp-content\/uploads\/2022\/05\/Screenshot_20220520-145741-991.png\",\"width\":720,\"height\":603},{\"@type\":\"BreadcrumbList\",\"@id\":\"https:\/\/brasilnoticias.org\/site\/moraes-e-lider-da-esquerda-e-inferniza-o-brasil-com-fachin-e-barroso-diz-bolsonaro\/#breadcrumb\",\"itemListElement\":[{\"@type\":\"ListItem\",\"position\":1,\"name\":\"In\u00edcio\",\"item\":\"https:\/\/brasilnoticias.org\/site\/\"},{\"@type\":\"ListItem\",\"position\":2,\"name\":\"MORAES \u00c9 L\u00cdDER DA ESQUERDA E INFERNIZA O BRASIL COM FACHIN E BARROSO, DIZ BOLSONARO\"}]},{\"@type\":\"WebSite\",\"@id\":\"https:\/\/brasilnoticias.org\/site\/#website\",\"url\":\"https:\/\/brasilnoticias.org\/site\/\",\"name\":\"Brasil not\u00edcias\",\"description\":\"Brasil not\u00edcias\",\"publisher\":{\"@id\":\"https:\/\/brasilnoticias.org\/site\/#organization\"},\"potentialAction\":[{\"@type\":\"SearchAction\",\"target\":{\"@type\":\"EntryPoint\",\"urlTemplate\":\"https:\/\/brasilnoticias.org\/site\/?s={search_term_string}\"},\"query-input\":{\"@type\":\"PropertyValueSpecification\",\"valueRequired\":true,\"valueName\":\"search_term_string\"}}],\"inLanguage\":\"pt-PT\"},{\"@type\":\"Organization\",\"@id\":\"https:\/\/brasilnoticias.org\/site\/#organization\",\"name\":\"Brasil not\u00edcias\",\"url\":\"https:\/\/brasilnoticias.org\/site\/\",\"logo\":{\"@type\":\"ImageObject\",\"inLanguage\":\"pt-PT\",\"@id\":\"https:\/\/brasilnoticias.org\/site\/#\/schema\/logo\/image\/\",\"url\":\"https:\/\/brasilnoticias.org\/site\/wp-content\/uploads\/2022\/05\/cropped-brasilnoticias-mini.jpg\",\"contentUrl\":\"https:\/\/brasilnoticias.org\/site\/wp-content\/uploads\/2022\/05\/cropped-brasilnoticias-mini.jpg\",\"width\":314,\"height\":86,\"caption\":\"Brasil not\u00edcias\"},\"image\":{\"@id\":\"https:\/\/brasilnoticias.org\/site\/#\/schema\/logo\/image\/\"}},{\"@type\":\"Person\",\"@id\":\"https:\/\/brasilnoticias.org\/site\/#\/schema\/person\/f609fa847b5314f1c8b983342f34c798\",\"name\":\"Reda\u00e7\u00e3o\",\"image\":{\"@type\":\"ImageObject\",\"inLanguage\":\"pt-PT\",\"@id\":\"https:\/\/brasilnoticias.org\/site\/#\/schema\/person\/image\/\",\"url\":\"https:\/\/secure.gravatar.com\/avatar\/447284c06c1ad8b46465a36de9cd0d8326b73387a22799b8b1ffb1fbcff2ed0c?s=96&d=mm&r=g\",\"contentUrl\":\"https:\/\/secure.gravatar.com\/avatar\/447284c06c1ad8b46465a36de9cd0d8326b73387a22799b8b1ffb1fbcff2ed0c?s=96&d=mm&r=g\",\"caption\":\"Reda\u00e7\u00e3o\"},\"url\":\"https:\/\/brasilnoticias.org\/site\/author\/redacao\/\"}]}<\/script>\n<!-- \/ Yoast SEO plugin. -->","yoast_head_json":{"title":"MORAES \u00c9 L\u00cdDER DA ESQUERDA E INFERNIZA O BRASIL COM FACHIN E BARROSO, DIZ BOLSONARO - Brasil not\u00edcias","robots":{"index":"index","follow":"follow","max-snippet":"max-snippet:-1","max-image-preview":"max-image-preview:large","max-video-preview":"max-video-preview:-1"},"canonical":"https:\/\/brasilnoticias.org\/site\/moraes-e-lider-da-esquerda-e-inferniza-o-brasil-com-fachin-e-barroso-diz-bolsonaro\/","og_locale":"pt_PT","og_type":"article","og_title":"MORAES \u00c9 L\u00cdDER DA ESQUERDA E INFERNIZA O BRASIL COM FACHIN E BARROSO, DIZ BOLSONARO - Brasil not\u00edcias","og_description":"Em um novo ataque a ministros do STF (Supremo Tribunal Federal), o presidente Jair Bolsonaro (PL) disse nesta sexta-feira (20)","og_url":"https:\/\/brasilnoticias.org\/site\/moraes-e-lider-da-esquerda-e-inferniza-o-brasil-com-fachin-e-barroso-diz-bolsonaro\/","og_site_name":"Brasil not\u00edcias","article_published_time":"2022-05-20T18:03:19+00:00","og_image":[{"width":720,"height":603,"url":"https:\/\/brasilnoticias.org\/site\/wp-content\/uploads\/2022\/05\/Screenshot_20220520-145741-991.png","type":"image\/png"}],"author":"Reda\u00e7\u00e3o","twitter_card":"summary_large_image","twitter_misc":{"Escrito por":"Reda\u00e7\u00e3o","Tempo estimado de leitura":"3 minutos"},"schema":{"@context":"https:\/\/schema.org","@graph":[{"@type":"Article","@id":"https:\/\/brasilnoticias.org\/site\/moraes-e-lider-da-esquerda-e-inferniza-o-brasil-com-fachin-e-barroso-diz-bolsonaro\/#article","isPartOf":{"@id":"https:\/\/brasilnoticias.org\/site\/moraes-e-lider-da-esquerda-e-inferniza-o-brasil-com-fachin-e-barroso-diz-bolsonaro\/"},"author":{"name":"Reda\u00e7\u00e3o","@id":"https:\/\/brasilnoticias.org\/site\/#\/schema\/person\/f609fa847b5314f1c8b983342f34c798"},"headline":"MORAES \u00c9 L\u00cdDER DA ESQUERDA E INFERNIZA O BRASIL COM FACHIN E BARROSO, DIZ BOLSONARO","datePublished":"2022-05-20T18:03:19+00:00","mainEntityOfPage":{"@id":"https:\/\/brasilnoticias.org\/site\/moraes-e-lider-da-esquerda-e-inferniza-o-brasil-com-fachin-e-barroso-diz-bolsonaro\/"},"wordCount":522,"commentCount":0,"publisher":{"@id":"https:\/\/brasilnoticias.org\/site\/#organization"},"image":{"@id":"https:\/\/brasilnoticias.org\/site\/moraes-e-lider-da-esquerda-e-inferniza-o-brasil-com-fachin-e-barroso-diz-bolsonaro\/#primaryimage"},"thumbnailUrl":"https:\/\/brasilnoticias.org\/site\/wp-content\/uploads\/2022\/05\/Screenshot_20220520-145741-991.png","articleSection":["Justi\u00e7a","\u00daltimas"],"inLanguage":"pt-PT","potentialAction":[{"@type":"CommentAction","name":"Comment","target":["https:\/\/brasilnoticias.org\/site\/moraes-e-lider-da-esquerda-e-inferniza-o-brasil-com-fachin-e-barroso-diz-bolsonaro\/#respond"]}]},{"@type":"WebPage","@id":"https:\/\/brasilnoticias.org\/site\/moraes-e-lider-da-esquerda-e-inferniza-o-brasil-com-fachin-e-barroso-diz-bolsonaro\/","url":"https:\/\/brasilnoticias.org\/site\/moraes-e-lider-da-esquerda-e-inferniza-o-brasil-com-fachin-e-barroso-diz-bolsonaro\/","name":"MORAES \u00c9 L\u00cdDER DA ESQUERDA E INFERNIZA O BRASIL COM FACHIN E BARROSO, DIZ BOLSONARO - Brasil not\u00edcias","isPartOf":{"@id":"https:\/\/brasilnoticias.org\/site\/#website"},"primaryImageOfPage":{"@id":"https:\/\/brasilnoticias.org\/site\/moraes-e-lider-da-esquerda-e-inferniza-o-brasil-com-fachin-e-barroso-diz-bolsonaro\/#primaryimage"},"image":{"@id":"https:\/\/brasilnoticias.org\/site\/moraes-e-lider-da-esquerda-e-inferniza-o-brasil-com-fachin-e-barroso-diz-bolsonaro\/#primaryimage"},"thumbnailUrl":"https:\/\/brasilnoticias.org\/site\/wp-content\/uploads\/2022\/05\/Screenshot_20220520-145741-991.png","datePublished":"2022-05-20T18:03:19+00:00","breadcrumb":{"@id":"https:\/\/brasilnoticias.org\/site\/moraes-e-lider-da-esquerda-e-inferniza-o-brasil-com-fachin-e-barroso-diz-bolsonaro\/#breadcrumb"},"inLanguage":"pt-PT","potentialAction":[{"@type":"ReadAction","target":["https:\/\/brasilnoticias.org\/site\/moraes-e-lider-da-esquerda-e-inferniza-o-brasil-com-fachin-e-barroso-diz-bolsonaro\/"]}]},{"@type":"ImageObject","inLanguage":"pt-PT","@id":"https:\/\/brasilnoticias.org\/site\/moraes-e-lider-da-esquerda-e-inferniza-o-brasil-com-fachin-e-barroso-diz-bolsonaro\/#primaryimage","url":"https:\/\/brasilnoticias.org\/site\/wp-content\/uploads\/2022\/05\/Screenshot_20220520-145741-991.png","contentUrl":"https:\/\/brasilnoticias.org\/site\/wp-content\/uploads\/2022\/05\/Screenshot_20220520-145741-991.png","width":720,"height":603},{"@type":"BreadcrumbList","@id":"https:\/\/brasilnoticias.org\/site\/moraes-e-lider-da-esquerda-e-inferniza-o-brasil-com-fachin-e-barroso-diz-bolsonaro\/#breadcrumb","itemListElement":[{"@type":"ListItem","position":1,"name":"In\u00edcio","item":"https:\/\/brasilnoticias.org\/site\/"},{"@type":"ListItem","position":2,"name":"MORAES \u00c9 L\u00cdDER DA ESQUERDA E INFERNIZA O BRASIL COM FACHIN E BARROSO, DIZ BOLSONARO"}]},{"@type":"WebSite","@id":"https:\/\/brasilnoticias.org\/site\/#website","url":"https:\/\/brasilnoticias.org\/site\/","name":"Brasil not\u00edcias","description":"Brasil not\u00edcias","publisher":{"@id":"https:\/\/brasilnoticias.org\/site\/#organization"},"potentialAction":[{"@type":"SearchAction","target":{"@type":"EntryPoint","urlTemplate":"https:\/\/brasilnoticias.org\/site\/?s={search_term_string}"},"query-input":{"@type":"PropertyValueSpecification","valueRequired":true,"valueName":"search_term_string"}}],"inLanguage":"pt-PT"},{"@type":"Organization","@id":"https:\/\/brasilnoticias.org\/site\/#organization","name":"Brasil not\u00edcias","url":"https:\/\/brasilnoticias.org\/site\/","logo":{"@type":"ImageObject","inLanguage":"pt-PT","@id":"https:\/\/brasilnoticias.org\/site\/#\/schema\/logo\/image\/","url":"https:\/\/brasilnoticias.org\/site\/wp-content\/uploads\/2022\/05\/cropped-brasilnoticias-mini.jpg","contentUrl":"https:\/\/brasilnoticias.org\/site\/wp-content\/uploads\/2022\/05\/cropped-brasilnoticias-mini.jpg","width":314,"height":86,"caption":"Brasil not\u00edcias"},"image":{"@id":"https:\/\/brasilnoticias.org\/site\/#\/schema\/logo\/image\/"}},{"@type":"Person","@id":"https:\/\/brasilnoticias.org\/site\/#\/schema\/person\/f609fa847b5314f1c8b983342f34c798","name":"Reda\u00e7\u00e3o","image":{"@type":"ImageObject","inLanguage":"pt-PT","@id":"https:\/\/brasilnoticias.org\/site\/#\/schema\/person\/image\/","url":"https:\/\/secure.gravatar.com\/avatar\/447284c06c1ad8b46465a36de9cd0d8326b73387a22799b8b1ffb1fbcff2ed0c?s=96&d=mm&r=g","contentUrl":"https:\/\/secure.gravatar.com\/avatar\/447284c06c1ad8b46465a36de9cd0d8326b73387a22799b8b1ffb1fbcff2ed0c?s=96&d=mm&r=g","caption":"Reda\u00e7\u00e3o"},"url":"https:\/\/brasilnoticias.org\/site\/author\/redacao\/"}]}},"_links":{"self":[{"href":"https:\/\/brasilnoticias.org\/site\/wp-json\/wp\/v2\/posts\/371","targetHints":{"allow":["GET"]}}],"collection":[{"href":"https:\/\/brasilnoticias.org\/site\/wp-json\/wp\/v2\/posts"}],"about":[{"href":"https:\/\/brasilnoticias.org\/site\/wp-json\/wp\/v2\/types\/post"}],"author":[{"embeddable":true,"href":"https:\/\/brasilnoticias.org\/site\/wp-json\/wp\/v2\/users\/2"}],"replies":[{"embeddable":true,"href":"https:\/\/brasilnoticias.org\/site\/wp-json\/wp\/v2\/comments?post=371"}],"version-history":[{"count":1,"href":"https:\/\/brasilnoticias.org\/site\/wp-json\/wp\/v2\/posts\/371\/revisions"}],"predecessor-version":[{"id":373,"href":"https:\/\/brasilnoticias.org\/site\/wp-json\/wp\/v2\/posts\/371\/revisions\/373"}],"wp:featuredmedia":[{"embeddable":true,"href":"https:\/\/brasilnoticias.org\/site\/wp-json\/wp\/v2\/media\/372"}],"wp:attachment":[{"href":"https:\/\/brasilnoticias.org\/site\/wp-json\/wp\/v2\/media?parent=371"}],"wp:term":[{"taxonomy":"category","embeddable":true,"href":"https:\/\/brasilnoticias.org\/site\/wp-json\/wp\/v2\/categories?post=371"},{"taxonomy":"post_tag","embeddable":true,"href":"https:\/\/brasilnoticias.org\/site\/wp-json\/wp\/v2\/tags?post=371"}],"curies":[{"name":"wp","href":"https:\/\/api.w.org\/{rel}","templated":true}]}}