{"id":3710,"date":"2023-02-05T07:20:50","date_gmt":"2023-02-05T10:20:50","guid":{"rendered":"https:\/\/brasilnoticias.org\/site\/?p=3710"},"modified":"2023-02-04T18:40:48","modified_gmt":"2023-02-04T21:40:48","slug":"jeronimo-rodrigues-entrega-nova-frota-de-onibus-escolares-voltada-para-zona-rural-baiana","status":"publish","type":"post","link":"https:\/\/brasilnoticias.org\/site\/jeronimo-rodrigues-entrega-nova-frota-de-onibus-escolares-voltada-para-zona-rural-baiana\/","title":{"rendered":"Jer\u00f4nimo Rodrigues entrega nova frota de \u00f4nibus escolares voltada para zona rural baiana"},"content":{"rendered":"<p>O governador Jer\u00f4nimo Rodrigues (PT), nesta sexta-feira (3), realizou a entrega de 62 \u00f4nibus escolares, voltados para atender estudantes de 55 cidades baianas localizadas na zona rural do estado. A solenidade ocorreu na Secretaria de Educa\u00e7\u00e3o, no Centro Administrativo da Bahia (CAB), em Salvador.<\/p>\n<p>\u201cEstamos a tr\u00eas dias do in\u00edcio do ano letivo, ent\u00e3o, s\u00e3o mais \u00f4nibus para qualificar o transporte escolar. E n\u00f3s, que queremos fazer educa\u00e7\u00e3o integral, ajudamos os prefeitos que precisam disso. Vamos investir mais na frota, pois \u00e9 importante a qualidade desse transporte escolar. \u00c9 para os estudantes, \u00e9 para os motoristas e tudo mais\u201d, declarou Jer\u00f4nimo.<\/p>\n<p>Al\u00e9m do petista, o vice-governador, Geraldo J\u00fanior, a secret\u00e1ria de Educa\u00e7\u00e3o, Ad\u00e9lia Pinheiro e prefeitos de diversas cidades baianas tamb\u00e9m marcaram presen\u00e7a durante o momento da entrega dos \u00f4nibus.<\/p>\n<p>Confira a lista dos munic\u00edpios contemplados.<br \/>\nAbar\u00e9, Adustina, Amargosa, Anag\u00e9, Andorinha, Aratu\u00edpe, Barra do Cho\u00e7a, Cachoeira, Camamu, Campo Alegre de Lourdes, Candeias, Cara\u00edbas, Casa Nova, Coaraci, Concei\u00e7\u00e3o do Almeida, Concei\u00e7\u00e3o do Coit\u00e9, Esplanada, Euclides da Cunha, Ipir\u00e1, Ipir\u00e1, Itamaraj\u00fa, Itapebi, Itapicuru, Itatim, Iti\u00faba, Jaborandi, Jacaraci, Juazeiro, Lagoa Real, Madre de Deus, Malhada de Pedras, Muqu\u00e9m do S\u00e3o Francisco, Mutu\u00edpe, Nova Soure, Nova Vi\u00e7osa, Olindina, Palmas de Monte Alto, Pau Brasil, Pil\u00e3o Arcado, Pojuca, Presidente J\u00e2nio Quadros, Rodelas, Santo Ant\u00f4nio de Jesus, Santo Estev\u00e3o, S\u00e1tiro Dias, Sa\u00fade, Sento S\u00e9, Serra Dourada, Sobradinho, Tanquinho, Teixeira de Freitas, Terra Nova, Vit\u00f3ria da Conquista e Xique-Xique.<\/p>\n<p>Foto: Divulga\u00e7\u00e3o\/Mateus Pereira\/GOVBA<br \/>\nPor: Metro1 <\/p>\n","protected":false},"excerpt":{"rendered":"<p>O governador Jer\u00f4nimo Rodrigues (PT), nesta sexta-feira (3), realizou a entrega de 62 \u00f4nibus escolares, voltados para atender estudantes de<\/p>\n","protected":false},"author":1,"featured_media":3711,"comment_status":"open","ping_status":"open","sticky":false,"template":"","format":"standard","meta":{"colormag_page_container_layout":"default_layout","colormag_page_sidebar_layout":"default_layout","_FSMCFIC_featured_image_caption":"","_FSMCFIC_featured_image_nocaption":"","_FSMCFIC_featured_image_hide":"","footnotes":""},"categories":[2,1],"tags":[],"class_list":["post-3710","post","type-post","status-publish","format-standard","has-post-thumbnail","hentry","category-noticias","category-ultimas"],"yoast_head":"<!-- This site is optimized with the Yoast SEO plugin v27.1.1 - https:\/\/yoast.com\/product\/yoast-seo-wordpress\/ -->\n<title>Jer\u00f4nimo Rodrigues entrega nova frota de \u00f4nibus escolares voltada para zona rural baiana - Brasil not\u00edcias<\/title>\n<meta name=\"robots\" content=\"index, follow, max-snippet:-1, max-image-preview:large, max-video-preview:-1\" \/>\n<link rel=\"canonical\" href=\"https:\/\/brasilnoticias.org\/site\/jeronimo-rodrigues-entrega-nova-frota-de-onibus-escolares-voltada-para-zona-rural-baiana\/\" \/>\n<meta property=\"og:locale\" content=\"pt_PT\" \/>\n<meta property=\"og:type\" content=\"article\" \/>\n<meta property=\"og:title\" content=\"Jer\u00f4nimo Rodrigues entrega nova frota de \u00f4nibus escolares voltada para zona rural baiana - Brasil not\u00edcias\" \/>\n<meta property=\"og:description\" content=\"O governador Jer\u00f4nimo Rodrigues (PT), nesta sexta-feira (3), realizou a entrega de 62 \u00f4nibus escolares, voltados para atender estudantes de\" \/>\n<meta property=\"og:url\" content=\"https:\/\/brasilnoticias.org\/site\/jeronimo-rodrigues-entrega-nova-frota-de-onibus-escolares-voltada-para-zona-rural-baiana\/\" \/>\n<meta property=\"og:site_name\" content=\"Brasil not\u00edcias\" \/>\n<meta property=\"article:published_time\" content=\"2023-02-05T10:20:50+00:00\" \/>\n<meta property=\"og:image\" content=\"https:\/\/brasilnoticias.org\/site\/wp-content\/uploads\/2023\/02\/132964jeronimo-rodrigues-entrega-nova-frota-de-onibus-escolares-voltada-para-zona-rural-baiana-3.jpg\" \/>\n\t<meta property=\"og:image:width\" content=\"1600\" \/>\n\t<meta property=\"og:image:height\" content=\"752\" \/>\n\t<meta property=\"og:image:type\" content=\"image\/jpeg\" \/>\n<meta name=\"author\" content=\"Reda\u00e7\u00e3o\" \/>\n<meta name=\"twitter:card\" content=\"summary_large_image\" \/>\n<meta name=\"twitter:label1\" content=\"Escrito por\" \/>\n\t<meta name=\"twitter:data1\" content=\"Reda\u00e7\u00e3o\" \/>\n\t<meta name=\"twitter:label2\" content=\"Tempo estimado de leitura\" \/>\n\t<meta name=\"twitter:data2\" content=\"1 minuto\" \/>\n<script type=\"application\/ld+json\" class=\"yoast-schema-graph\">{\"@context\":\"https:\/\/schema.org\",\"@graph\":[{\"@type\":\"Article\",\"@id\":\"https:\/\/brasilnoticias.org\/site\/jeronimo-rodrigues-entrega-nova-frota-de-onibus-escolares-voltada-para-zona-rural-baiana\/#article\",\"isPartOf\":{\"@id\":\"https:\/\/brasilnoticias.org\/site\/jeronimo-rodrigues-entrega-nova-frota-de-onibus-escolares-voltada-para-zona-rural-baiana\/\"},\"author\":{\"name\":\"Reda\u00e7\u00e3o\",\"@id\":\"https:\/\/brasilnoticias.org\/site\/#\/schema\/person\/a0e05b973ec4d15c658d51911e53507b\"},\"headline\":\"Jer\u00f4nimo Rodrigues entrega nova frota de \u00f4nibus escolares voltada para zona rural baiana\",\"datePublished\":\"2023-02-05T10:20:50+00:00\",\"mainEntityOfPage\":{\"@id\":\"https:\/\/brasilnoticias.org\/site\/jeronimo-rodrigues-entrega-nova-frota-de-onibus-escolares-voltada-para-zona-rural-baiana\/\"},\"wordCount\":282,\"commentCount\":0,\"publisher\":{\"@id\":\"https:\/\/brasilnoticias.org\/site\/#organization\"},\"image\":{\"@id\":\"https:\/\/brasilnoticias.org\/site\/jeronimo-rodrigues-entrega-nova-frota-de-onibus-escolares-voltada-para-zona-rural-baiana\/#primaryimage\"},\"thumbnailUrl\":\"https:\/\/brasilnoticias.org\/site\/wp-content\/uploads\/2023\/02\/132964jeronimo-rodrigues-entrega-nova-frota-de-onibus-escolares-voltada-para-zona-rural-baiana-3.jpg\",\"articleSection\":[\"Not\u00edcias\",\"\u00daltimas\"],\"inLanguage\":\"pt-PT\",\"potentialAction\":[{\"@type\":\"CommentAction\",\"name\":\"Comment\",\"target\":[\"https:\/\/brasilnoticias.org\/site\/jeronimo-rodrigues-entrega-nova-frota-de-onibus-escolares-voltada-para-zona-rural-baiana\/#respond\"]}]},{\"@type\":\"WebPage\",\"@id\":\"https:\/\/brasilnoticias.org\/site\/jeronimo-rodrigues-entrega-nova-frota-de-onibus-escolares-voltada-para-zona-rural-baiana\/\",\"url\":\"https:\/\/brasilnoticias.org\/site\/jeronimo-rodrigues-entrega-nova-frota-de-onibus-escolares-voltada-para-zona-rural-baiana\/\",\"name\":\"Jer\u00f4nimo Rodrigues entrega nova frota de \u00f4nibus escolares voltada para zona rural baiana - Brasil not\u00edcias\",\"isPartOf\":{\"@id\":\"https:\/\/brasilnoticias.org\/site\/#website\"},\"primaryImageOfPage\":{\"@id\":\"https:\/\/brasilnoticias.org\/site\/jeronimo-rodrigues-entrega-nova-frota-de-onibus-escolares-voltada-para-zona-rural-baiana\/#primaryimage\"},\"image\":{\"@id\":\"https:\/\/brasilnoticias.org\/site\/jeronimo-rodrigues-entrega-nova-frota-de-onibus-escolares-voltada-para-zona-rural-baiana\/#primaryimage\"},\"thumbnailUrl\":\"https:\/\/brasilnoticias.org\/site\/wp-content\/uploads\/2023\/02\/132964jeronimo-rodrigues-entrega-nova-frota-de-onibus-escolares-voltada-para-zona-rural-baiana-3.jpg\",\"datePublished\":\"2023-02-05T10:20:50+00:00\",\"breadcrumb\":{\"@id\":\"https:\/\/brasilnoticias.org\/site\/jeronimo-rodrigues-entrega-nova-frota-de-onibus-escolares-voltada-para-zona-rural-baiana\/#breadcrumb\"},\"inLanguage\":\"pt-PT\",\"potentialAction\":[{\"@type\":\"ReadAction\",\"target\":[\"https:\/\/brasilnoticias.org\/site\/jeronimo-rodrigues-entrega-nova-frota-de-onibus-escolares-voltada-para-zona-rural-baiana\/\"]}]},{\"@type\":\"ImageObject\",\"inLanguage\":\"pt-PT\",\"@id\":\"https:\/\/brasilnoticias.org\/site\/jeronimo-rodrigues-entrega-nova-frota-de-onibus-escolares-voltada-para-zona-rural-baiana\/#primaryimage\",\"url\":\"https:\/\/brasilnoticias.org\/site\/wp-content\/uploads\/2023\/02\/132964jeronimo-rodrigues-entrega-nova-frota-de-onibus-escolares-voltada-para-zona-rural-baiana-3.jpg\",\"contentUrl\":\"https:\/\/brasilnoticias.org\/site\/wp-content\/uploads\/2023\/02\/132964jeronimo-rodrigues-entrega-nova-frota-de-onibus-escolares-voltada-para-zona-rural-baiana-3.jpg\",\"width\":1600,\"height\":752},{\"@type\":\"BreadcrumbList\",\"@id\":\"https:\/\/brasilnoticias.org\/site\/jeronimo-rodrigues-entrega-nova-frota-de-onibus-escolares-voltada-para-zona-rural-baiana\/#breadcrumb\",\"itemListElement\":[{\"@type\":\"ListItem\",\"position\":1,\"name\":\"In\u00edcio\",\"item\":\"https:\/\/brasilnoticias.org\/site\/\"},{\"@type\":\"ListItem\",\"position\":2,\"name\":\"Jer\u00f4nimo Rodrigues entrega nova frota de \u00f4nibus escolares voltada para zona rural baiana\"}]},{\"@type\":\"WebSite\",\"@id\":\"https:\/\/brasilnoticias.org\/site\/#website\",\"url\":\"https:\/\/brasilnoticias.org\/site\/\",\"name\":\"Brasil not\u00edcias\",\"description\":\"Brasil not\u00edcias\",\"publisher\":{\"@id\":\"https:\/\/brasilnoticias.org\/site\/#organization\"},\"potentialAction\":[{\"@type\":\"SearchAction\",\"target\":{\"@type\":\"EntryPoint\",\"urlTemplate\":\"https:\/\/brasilnoticias.org\/site\/?s={search_term_string}\"},\"query-input\":{\"@type\":\"PropertyValueSpecification\",\"valueRequired\":true,\"valueName\":\"search_term_string\"}}],\"inLanguage\":\"pt-PT\"},{\"@type\":\"Organization\",\"@id\":\"https:\/\/brasilnoticias.org\/site\/#organization\",\"name\":\"Brasil not\u00edcias\",\"url\":\"https:\/\/brasilnoticias.org\/site\/\",\"logo\":{\"@type\":\"ImageObject\",\"inLanguage\":\"pt-PT\",\"@id\":\"https:\/\/brasilnoticias.org\/site\/#\/schema\/logo\/image\/\",\"url\":\"https:\/\/brasilnoticias.org\/site\/wp-content\/uploads\/2022\/05\/cropped-brasilnoticias-mini.jpg\",\"contentUrl\":\"https:\/\/brasilnoticias.org\/site\/wp-content\/uploads\/2022\/05\/cropped-brasilnoticias-mini.jpg\",\"width\":314,\"height\":86,\"caption\":\"Brasil not\u00edcias\"},\"image\":{\"@id\":\"https:\/\/brasilnoticias.org\/site\/#\/schema\/logo\/image\/\"}},{\"@type\":\"Person\",\"@id\":\"https:\/\/brasilnoticias.org\/site\/#\/schema\/person\/a0e05b973ec4d15c658d51911e53507b\",\"name\":\"Reda\u00e7\u00e3o\",\"image\":{\"@type\":\"ImageObject\",\"inLanguage\":\"pt-PT\",\"@id\":\"https:\/\/brasilnoticias.org\/site\/#\/schema\/person\/image\/\",\"url\":\"https:\/\/secure.gravatar.com\/avatar\/75d8b050df2de108b08ae78dfb8e374892df24a383c67db9c46a9c604f6aee9c?s=96&d=mm&r=g\",\"contentUrl\":\"https:\/\/secure.gravatar.com\/avatar\/75d8b050df2de108b08ae78dfb8e374892df24a383c67db9c46a9c604f6aee9c?s=96&d=mm&r=g\",\"caption\":\"Reda\u00e7\u00e3o\"},\"sameAs\":[\"https:\/\/brasilnoticias.org\/site\"],\"url\":\"https:\/\/brasilnoticias.org\/site\/author\/fernandozsngmail-com\/\"}]}<\/script>\n<!-- \/ Yoast SEO plugin. -->","yoast_head_json":{"title":"Jer\u00f4nimo Rodrigues entrega nova frota de \u00f4nibus escolares voltada para zona rural baiana - Brasil not\u00edcias","robots":{"index":"index","follow":"follow","max-snippet":"max-snippet:-1","max-image-preview":"max-image-preview:large","max-video-preview":"max-video-preview:-1"},"canonical":"https:\/\/brasilnoticias.org\/site\/jeronimo-rodrigues-entrega-nova-frota-de-onibus-escolares-voltada-para-zona-rural-baiana\/","og_locale":"pt_PT","og_type":"article","og_title":"Jer\u00f4nimo Rodrigues entrega nova frota de \u00f4nibus escolares voltada para zona rural baiana - Brasil not\u00edcias","og_description":"O governador Jer\u00f4nimo Rodrigues (PT), nesta sexta-feira (3), realizou a entrega de 62 \u00f4nibus escolares, voltados para atender estudantes de","og_url":"https:\/\/brasilnoticias.org\/site\/jeronimo-rodrigues-entrega-nova-frota-de-onibus-escolares-voltada-para-zona-rural-baiana\/","og_site_name":"Brasil not\u00edcias","article_published_time":"2023-02-05T10:20:50+00:00","og_image":[{"width":1600,"height":752,"url":"https:\/\/brasilnoticias.org\/site\/wp-content\/uploads\/2023\/02\/132964jeronimo-rodrigues-entrega-nova-frota-de-onibus-escolares-voltada-para-zona-rural-baiana-3.jpg","type":"image\/jpeg"}],"author":"Reda\u00e7\u00e3o","twitter_card":"summary_large_image","twitter_misc":{"Escrito por":"Reda\u00e7\u00e3o","Tempo estimado de leitura":"1 minuto"},"schema":{"@context":"https:\/\/schema.org","@graph":[{"@type":"Article","@id":"https:\/\/brasilnoticias.org\/site\/jeronimo-rodrigues-entrega-nova-frota-de-onibus-escolares-voltada-para-zona-rural-baiana\/#article","isPartOf":{"@id":"https:\/\/brasilnoticias.org\/site\/jeronimo-rodrigues-entrega-nova-frota-de-onibus-escolares-voltada-para-zona-rural-baiana\/"},"author":{"name":"Reda\u00e7\u00e3o","@id":"https:\/\/brasilnoticias.org\/site\/#\/schema\/person\/a0e05b973ec4d15c658d51911e53507b"},"headline":"Jer\u00f4nimo Rodrigues entrega nova frota de \u00f4nibus escolares voltada para zona rural baiana","datePublished":"2023-02-05T10:20:50+00:00","mainEntityOfPage":{"@id":"https:\/\/brasilnoticias.org\/site\/jeronimo-rodrigues-entrega-nova-frota-de-onibus-escolares-voltada-para-zona-rural-baiana\/"},"wordCount":282,"commentCount":0,"publisher":{"@id":"https:\/\/brasilnoticias.org\/site\/#organization"},"image":{"@id":"https:\/\/brasilnoticias.org\/site\/jeronimo-rodrigues-entrega-nova-frota-de-onibus-escolares-voltada-para-zona-rural-baiana\/#primaryimage"},"thumbnailUrl":"https:\/\/brasilnoticias.org\/site\/wp-content\/uploads\/2023\/02\/132964jeronimo-rodrigues-entrega-nova-frota-de-onibus-escolares-voltada-para-zona-rural-baiana-3.jpg","articleSection":["Not\u00edcias","\u00daltimas"],"inLanguage":"pt-PT","potentialAction":[{"@type":"CommentAction","name":"Comment","target":["https:\/\/brasilnoticias.org\/site\/jeronimo-rodrigues-entrega-nova-frota-de-onibus-escolares-voltada-para-zona-rural-baiana\/#respond"]}]},{"@type":"WebPage","@id":"https:\/\/brasilnoticias.org\/site\/jeronimo-rodrigues-entrega-nova-frota-de-onibus-escolares-voltada-para-zona-rural-baiana\/","url":"https:\/\/brasilnoticias.org\/site\/jeronimo-rodrigues-entrega-nova-frota-de-onibus-escolares-voltada-para-zona-rural-baiana\/","name":"Jer\u00f4nimo Rodrigues entrega nova frota de \u00f4nibus escolares voltada para zona rural baiana - Brasil not\u00edcias","isPartOf":{"@id":"https:\/\/brasilnoticias.org\/site\/#website"},"primaryImageOfPage":{"@id":"https:\/\/brasilnoticias.org\/site\/jeronimo-rodrigues-entrega-nova-frota-de-onibus-escolares-voltada-para-zona-rural-baiana\/#primaryimage"},"image":{"@id":"https:\/\/brasilnoticias.org\/site\/jeronimo-rodrigues-entrega-nova-frota-de-onibus-escolares-voltada-para-zona-rural-baiana\/#primaryimage"},"thumbnailUrl":"https:\/\/brasilnoticias.org\/site\/wp-content\/uploads\/2023\/02\/132964jeronimo-rodrigues-entrega-nova-frota-de-onibus-escolares-voltada-para-zona-rural-baiana-3.jpg","datePublished":"2023-02-05T10:20:50+00:00","breadcrumb":{"@id":"https:\/\/brasilnoticias.org\/site\/jeronimo-rodrigues-entrega-nova-frota-de-onibus-escolares-voltada-para-zona-rural-baiana\/#breadcrumb"},"inLanguage":"pt-PT","potentialAction":[{"@type":"ReadAction","target":["https:\/\/brasilnoticias.org\/site\/jeronimo-rodrigues-entrega-nova-frota-de-onibus-escolares-voltada-para-zona-rural-baiana\/"]}]},{"@type":"ImageObject","inLanguage":"pt-PT","@id":"https:\/\/brasilnoticias.org\/site\/jeronimo-rodrigues-entrega-nova-frota-de-onibus-escolares-voltada-para-zona-rural-baiana\/#primaryimage","url":"https:\/\/brasilnoticias.org\/site\/wp-content\/uploads\/2023\/02\/132964jeronimo-rodrigues-entrega-nova-frota-de-onibus-escolares-voltada-para-zona-rural-baiana-3.jpg","contentUrl":"https:\/\/brasilnoticias.org\/site\/wp-content\/uploads\/2023\/02\/132964jeronimo-rodrigues-entrega-nova-frota-de-onibus-escolares-voltada-para-zona-rural-baiana-3.jpg","width":1600,"height":752},{"@type":"BreadcrumbList","@id":"https:\/\/brasilnoticias.org\/site\/jeronimo-rodrigues-entrega-nova-frota-de-onibus-escolares-voltada-para-zona-rural-baiana\/#breadcrumb","itemListElement":[{"@type":"ListItem","position":1,"name":"In\u00edcio","item":"https:\/\/brasilnoticias.org\/site\/"},{"@type":"ListItem","position":2,"name":"Jer\u00f4nimo Rodrigues entrega nova frota de \u00f4nibus escolares voltada para zona rural baiana"}]},{"@type":"WebSite","@id":"https:\/\/brasilnoticias.org\/site\/#website","url":"https:\/\/brasilnoticias.org\/site\/","name":"Brasil not\u00edcias","description":"Brasil not\u00edcias","publisher":{"@id":"https:\/\/brasilnoticias.org\/site\/#organization"},"potentialAction":[{"@type":"SearchAction","target":{"@type":"EntryPoint","urlTemplate":"https:\/\/brasilnoticias.org\/site\/?s={search_term_string}"},"query-input":{"@type":"PropertyValueSpecification","valueRequired":true,"valueName":"search_term_string"}}],"inLanguage":"pt-PT"},{"@type":"Organization","@id":"https:\/\/brasilnoticias.org\/site\/#organization","name":"Brasil not\u00edcias","url":"https:\/\/brasilnoticias.org\/site\/","logo":{"@type":"ImageObject","inLanguage":"pt-PT","@id":"https:\/\/brasilnoticias.org\/site\/#\/schema\/logo\/image\/","url":"https:\/\/brasilnoticias.org\/site\/wp-content\/uploads\/2022\/05\/cropped-brasilnoticias-mini.jpg","contentUrl":"https:\/\/brasilnoticias.org\/site\/wp-content\/uploads\/2022\/05\/cropped-brasilnoticias-mini.jpg","width":314,"height":86,"caption":"Brasil not\u00edcias"},"image":{"@id":"https:\/\/brasilnoticias.org\/site\/#\/schema\/logo\/image\/"}},{"@type":"Person","@id":"https:\/\/brasilnoticias.org\/site\/#\/schema\/person\/a0e05b973ec4d15c658d51911e53507b","name":"Reda\u00e7\u00e3o","image":{"@type":"ImageObject","inLanguage":"pt-PT","@id":"https:\/\/brasilnoticias.org\/site\/#\/schema\/person\/image\/","url":"https:\/\/secure.gravatar.com\/avatar\/75d8b050df2de108b08ae78dfb8e374892df24a383c67db9c46a9c604f6aee9c?s=96&d=mm&r=g","contentUrl":"https:\/\/secure.gravatar.com\/avatar\/75d8b050df2de108b08ae78dfb8e374892df24a383c67db9c46a9c604f6aee9c?s=96&d=mm&r=g","caption":"Reda\u00e7\u00e3o"},"sameAs":["https:\/\/brasilnoticias.org\/site"],"url":"https:\/\/brasilnoticias.org\/site\/author\/fernandozsngmail-com\/"}]}},"_links":{"self":[{"href":"https:\/\/brasilnoticias.org\/site\/wp-json\/wp\/v2\/posts\/3710","targetHints":{"allow":["GET"]}}],"collection":[{"href":"https:\/\/brasilnoticias.org\/site\/wp-json\/wp\/v2\/posts"}],"about":[{"href":"https:\/\/brasilnoticias.org\/site\/wp-json\/wp\/v2\/types\/post"}],"author":[{"embeddable":true,"href":"https:\/\/brasilnoticias.org\/site\/wp-json\/wp\/v2\/users\/1"}],"replies":[{"embeddable":true,"href":"https:\/\/brasilnoticias.org\/site\/wp-json\/wp\/v2\/comments?post=3710"}],"version-history":[{"count":1,"href":"https:\/\/brasilnoticias.org\/site\/wp-json\/wp\/v2\/posts\/3710\/revisions"}],"predecessor-version":[{"id":3712,"href":"https:\/\/brasilnoticias.org\/site\/wp-json\/wp\/v2\/posts\/3710\/revisions\/3712"}],"wp:featuredmedia":[{"embeddable":true,"href":"https:\/\/brasilnoticias.org\/site\/wp-json\/wp\/v2\/media\/3711"}],"wp:attachment":[{"href":"https:\/\/brasilnoticias.org\/site\/wp-json\/wp\/v2\/media?parent=3710"}],"wp:term":[{"taxonomy":"category","embeddable":true,"href":"https:\/\/brasilnoticias.org\/site\/wp-json\/wp\/v2\/categories?post=3710"},{"taxonomy":"post_tag","embeddable":true,"href":"https:\/\/brasilnoticias.org\/site\/wp-json\/wp\/v2\/tags?post=3710"}],"curies":[{"name":"wp","href":"https:\/\/api.w.org\/{rel}","templated":true}]}}