{"id":3716,"date":"2023-02-06T07:00:47","date_gmt":"2023-02-06T10:00:47","guid":{"rendered":"https:\/\/brasilnoticias.org\/site\/?p=3716"},"modified":"2023-02-06T06:29:20","modified_gmt":"2023-02-06T09:29:20","slug":"show-de-safadao-termina-com-homem-morto-com-tiro-no-peito-veja-video","status":"publish","type":"post","link":"https:\/\/brasilnoticias.org\/site\/show-de-safadao-termina-com-homem-morto-com-tiro-no-peito-veja-video\/","title":{"rendered":"Show de Safad\u00e3o termina com homem morto com tiro no peito; veja v\u00eddeo"},"content":{"rendered":"<p>Um show de Wesley Safad\u00e3o, em S\u00e3o Lu\u00eds, terminou em trag\u00e9dia, na madrugada deste domingo (5). Um homem foi morto, com tiro no peito, ap\u00f3s se envolver em uma briga de tr\u00e2nsito, nas imedia\u00e7\u00f5es do local onde aconteceu a festa, na avenida Daniel de La Touche, pr\u00f3ximo a um shopping, no bairro Maranh\u00e3o Novo.<\/p>\n<p>Segundo informa\u00e7\u00f5es divulgadas pela Pol\u00edcia Militar, o autor do disparo \u00e9 o cabo Paulo Maiks Mendes Facuri, de 38 anos. J\u00e1 a v\u00edtima \u00e9 Enildo Penha Mota, de 41 anos. Os dois protagonizaram uma discuss\u00e3o, na sa\u00edda da festa, que acabou com o policial sacando a arma e atirando contra o rapaz.<\/p>\n<p>Em v\u00eddeos, que circulam nas redes sociais, \u00e9 poss\u00edvel ver o momento em que Enildo tenta acertar Paulo com um cone, dentro do carro, e \u00e9 alvejado no peito. Logo ap\u00f3s o disparo, uma correria toma conta do local e o PM foge em seguida. Ele ainda n\u00e3o foi localizado.<\/p>\n<blockquote class=\"twitter-tweet\">\n<p dir=\"ltr\" lang=\"pt\">Show de Safad\u00e3o termina com homem morto com tiro no peito <a href=\"https:\/\/t.co\/7i3ME6eqOR\">pic.twitter.com\/7i3ME6eqOR<\/a><\/p>\n<p>\u2014 bnewsvideos (@bnewsvideos) <a href=\"https:\/\/twitter.com\/bnewsvideos\/status\/1622278799017611268?ref_src=twsrc%5Etfw\">February 5, 2023<\/a><\/p><\/blockquote>\n<p><script async src=\"https:\/\/platform.twitter.com\/widgets.js\" charset=\"utf-8\"><\/script><\/p>\n<p>Conforme a PM, o militar \u00e9 lotado no 21\u00ba Batalh\u00e3o de Pol\u00edcia Militar (BPM), com atua\u00e7\u00e3o na zona rural e Distrito Industrial de S\u00e3o Lu\u00eds. Em contato com o g1, a corpora\u00e7\u00e3o informou que vai instaurar processo administrativo para apurar a conduta do cabo, e informou que a v\u00edtima n\u00e3o tinha nenhum hist\u00f3rico criminal.<\/p>\n<p><img loading=\"lazy\" decoding=\"async\" class=\"alignnone size-full wp-image-3717\" src=\"https:\/\/brasilnoticias.org\/site\/wp-content\/uploads\/2023\/02\/homem_morto_show_safadao.webp\" alt=\"\" width=\"600\" height=\"401\" srcset=\"https:\/\/brasilnoticias.org\/site\/wp-content\/uploads\/2023\/02\/homem_morto_show_safadao.webp 600w, https:\/\/brasilnoticias.org\/site\/wp-content\/uploads\/2023\/02\/homem_morto_show_safadao-500x334.webp 500w\" sizes=\"auto, (max-width: 600px) 100vw, 600px\" \/><\/p>\n<p>&nbsp;<\/p>\n<p>Foto Reprodu\u00e7\u00e3o \/ Twitter<br \/>\nNot\u00edcias ao minuto<\/p>\n","protected":false},"excerpt":{"rendered":"<p>Um show de Wesley Safad\u00e3o, em S\u00e3o Lu\u00eds, terminou em trag\u00e9dia, na madrugada deste domingo (5). Um homem foi morto,<\/p>\n","protected":false},"author":1,"featured_media":0,"comment_status":"open","ping_status":"open","sticky":false,"template":"","format":"standard","meta":{"colormag_page_container_layout":"default_layout","colormag_page_sidebar_layout":"default_layout","_FSMCFIC_featured_image_caption":"","_FSMCFIC_featured_image_nocaption":"","_FSMCFIC_featured_image_hide":"","footnotes":""},"categories":[3,1],"tags":[],"class_list":["post-3716","post","type-post","status-publish","format-standard","hentry","category-policia","category-ultimas"],"yoast_head":"<!-- This site is optimized with the Yoast SEO plugin v27.1.1 - https:\/\/yoast.com\/product\/yoast-seo-wordpress\/ -->\n<title>Show de Safad\u00e3o termina com homem morto com tiro no peito; veja v\u00eddeo - Brasil not\u00edcias<\/title>\n<meta name=\"robots\" content=\"index, follow, max-snippet:-1, max-image-preview:large, max-video-preview:-1\" \/>\n<link rel=\"canonical\" href=\"https:\/\/brasilnoticias.org\/site\/show-de-safadao-termina-com-homem-morto-com-tiro-no-peito-veja-video\/\" \/>\n<meta property=\"og:locale\" content=\"pt_PT\" \/>\n<meta property=\"og:type\" content=\"article\" \/>\n<meta property=\"og:title\" content=\"Show de Safad\u00e3o termina com homem morto com tiro no peito; veja v\u00eddeo - Brasil not\u00edcias\" \/>\n<meta property=\"og:description\" content=\"Um show de Wesley Safad\u00e3o, em S\u00e3o Lu\u00eds, terminou em trag\u00e9dia, na madrugada deste domingo (5). Um homem foi morto,\" \/>\n<meta property=\"og:url\" content=\"https:\/\/brasilnoticias.org\/site\/show-de-safadao-termina-com-homem-morto-com-tiro-no-peito-veja-video\/\" \/>\n<meta property=\"og:site_name\" content=\"Brasil not\u00edcias\" \/>\n<meta property=\"article:published_time\" content=\"2023-02-06T10:00:47+00:00\" \/>\n<meta property=\"og:image\" content=\"https:\/\/brasilnoticias.org\/site\/wp-content\/uploads\/2023\/02\/homem_morto_show_safadao.webp\" \/>\n<meta name=\"author\" content=\"Reda\u00e7\u00e3o\" \/>\n<meta name=\"twitter:card\" content=\"summary_large_image\" \/>\n<meta name=\"twitter:label1\" content=\"Escrito por\" \/>\n\t<meta name=\"twitter:data1\" content=\"Reda\u00e7\u00e3o\" \/>\n\t<meta name=\"twitter:label2\" content=\"Tempo estimado de leitura\" \/>\n\t<meta name=\"twitter:data2\" content=\"1 minuto\" \/>\n<script type=\"application\/ld+json\" class=\"yoast-schema-graph\">{\"@context\":\"https:\/\/schema.org\",\"@graph\":[{\"@type\":\"Article\",\"@id\":\"https:\/\/brasilnoticias.org\/site\/show-de-safadao-termina-com-homem-morto-com-tiro-no-peito-veja-video\/#article\",\"isPartOf\":{\"@id\":\"https:\/\/brasilnoticias.org\/site\/show-de-safadao-termina-com-homem-morto-com-tiro-no-peito-veja-video\/\"},\"author\":{\"name\":\"Reda\u00e7\u00e3o\",\"@id\":\"https:\/\/brasilnoticias.org\/site\/#\/schema\/person\/a0e05b973ec4d15c658d51911e53507b\"},\"headline\":\"Show de Safad\u00e3o termina com homem morto com tiro no peito; veja v\u00eddeo\",\"datePublished\":\"2023-02-06T10:00:47+00:00\",\"mainEntityOfPage\":{\"@id\":\"https:\/\/brasilnoticias.org\/site\/show-de-safadao-termina-com-homem-morto-com-tiro-no-peito-veja-video\/\"},\"wordCount\":273,\"commentCount\":0,\"publisher\":{\"@id\":\"https:\/\/brasilnoticias.org\/site\/#organization\"},\"image\":{\"@id\":\"https:\/\/brasilnoticias.org\/site\/show-de-safadao-termina-com-homem-morto-com-tiro-no-peito-veja-video\/#primaryimage\"},\"thumbnailUrl\":\"https:\/\/brasilnoticias.org\/site\/wp-content\/uploads\/2023\/02\/homem_morto_show_safadao.webp\",\"articleSection\":[\"Pol\u00edcia\",\"\u00daltimas\"],\"inLanguage\":\"pt-PT\",\"potentialAction\":[{\"@type\":\"CommentAction\",\"name\":\"Comment\",\"target\":[\"https:\/\/brasilnoticias.org\/site\/show-de-safadao-termina-com-homem-morto-com-tiro-no-peito-veja-video\/#respond\"]}]},{\"@type\":\"WebPage\",\"@id\":\"https:\/\/brasilnoticias.org\/site\/show-de-safadao-termina-com-homem-morto-com-tiro-no-peito-veja-video\/\",\"url\":\"https:\/\/brasilnoticias.org\/site\/show-de-safadao-termina-com-homem-morto-com-tiro-no-peito-veja-video\/\",\"name\":\"Show de Safad\u00e3o termina com homem morto com tiro no peito; veja v\u00eddeo - Brasil not\u00edcias\",\"isPartOf\":{\"@id\":\"https:\/\/brasilnoticias.org\/site\/#website\"},\"primaryImageOfPage\":{\"@id\":\"https:\/\/brasilnoticias.org\/site\/show-de-safadao-termina-com-homem-morto-com-tiro-no-peito-veja-video\/#primaryimage\"},\"image\":{\"@id\":\"https:\/\/brasilnoticias.org\/site\/show-de-safadao-termina-com-homem-morto-com-tiro-no-peito-veja-video\/#primaryimage\"},\"thumbnailUrl\":\"https:\/\/brasilnoticias.org\/site\/wp-content\/uploads\/2023\/02\/homem_morto_show_safadao.webp\",\"datePublished\":\"2023-02-06T10:00:47+00:00\",\"breadcrumb\":{\"@id\":\"https:\/\/brasilnoticias.org\/site\/show-de-safadao-termina-com-homem-morto-com-tiro-no-peito-veja-video\/#breadcrumb\"},\"inLanguage\":\"pt-PT\",\"potentialAction\":[{\"@type\":\"ReadAction\",\"target\":[\"https:\/\/brasilnoticias.org\/site\/show-de-safadao-termina-com-homem-morto-com-tiro-no-peito-veja-video\/\"]}]},{\"@type\":\"ImageObject\",\"inLanguage\":\"pt-PT\",\"@id\":\"https:\/\/brasilnoticias.org\/site\/show-de-safadao-termina-com-homem-morto-com-tiro-no-peito-veja-video\/#primaryimage\",\"url\":\"https:\/\/brasilnoticias.org\/site\/wp-content\/uploads\/2023\/02\/homem_morto_show_safadao.webp\",\"contentUrl\":\"https:\/\/brasilnoticias.org\/site\/wp-content\/uploads\/2023\/02\/homem_morto_show_safadao.webp\",\"width\":600,\"height\":401},{\"@type\":\"BreadcrumbList\",\"@id\":\"https:\/\/brasilnoticias.org\/site\/show-de-safadao-termina-com-homem-morto-com-tiro-no-peito-veja-video\/#breadcrumb\",\"itemListElement\":[{\"@type\":\"ListItem\",\"position\":1,\"name\":\"In\u00edcio\",\"item\":\"https:\/\/brasilnoticias.org\/site\/\"},{\"@type\":\"ListItem\",\"position\":2,\"name\":\"Show de Safad\u00e3o termina com homem morto com tiro no peito; veja v\u00eddeo\"}]},{\"@type\":\"WebSite\",\"@id\":\"https:\/\/brasilnoticias.org\/site\/#website\",\"url\":\"https:\/\/brasilnoticias.org\/site\/\",\"name\":\"Brasil not\u00edcias\",\"description\":\"Brasil not\u00edcias\",\"publisher\":{\"@id\":\"https:\/\/brasilnoticias.org\/site\/#organization\"},\"potentialAction\":[{\"@type\":\"SearchAction\",\"target\":{\"@type\":\"EntryPoint\",\"urlTemplate\":\"https:\/\/brasilnoticias.org\/site\/?s={search_term_string}\"},\"query-input\":{\"@type\":\"PropertyValueSpecification\",\"valueRequired\":true,\"valueName\":\"search_term_string\"}}],\"inLanguage\":\"pt-PT\"},{\"@type\":\"Organization\",\"@id\":\"https:\/\/brasilnoticias.org\/site\/#organization\",\"name\":\"Brasil not\u00edcias\",\"url\":\"https:\/\/brasilnoticias.org\/site\/\",\"logo\":{\"@type\":\"ImageObject\",\"inLanguage\":\"pt-PT\",\"@id\":\"https:\/\/brasilnoticias.org\/site\/#\/schema\/logo\/image\/\",\"url\":\"https:\/\/brasilnoticias.org\/site\/wp-content\/uploads\/2022\/05\/cropped-brasilnoticias-mini.jpg\",\"contentUrl\":\"https:\/\/brasilnoticias.org\/site\/wp-content\/uploads\/2022\/05\/cropped-brasilnoticias-mini.jpg\",\"width\":314,\"height\":86,\"caption\":\"Brasil not\u00edcias\"},\"image\":{\"@id\":\"https:\/\/brasilnoticias.org\/site\/#\/schema\/logo\/image\/\"}},{\"@type\":\"Person\",\"@id\":\"https:\/\/brasilnoticias.org\/site\/#\/schema\/person\/a0e05b973ec4d15c658d51911e53507b\",\"name\":\"Reda\u00e7\u00e3o\",\"image\":{\"@type\":\"ImageObject\",\"inLanguage\":\"pt-PT\",\"@id\":\"https:\/\/brasilnoticias.org\/site\/#\/schema\/person\/image\/\",\"url\":\"https:\/\/secure.gravatar.com\/avatar\/75d8b050df2de108b08ae78dfb8e374892df24a383c67db9c46a9c604f6aee9c?s=96&d=mm&r=g\",\"contentUrl\":\"https:\/\/secure.gravatar.com\/avatar\/75d8b050df2de108b08ae78dfb8e374892df24a383c67db9c46a9c604f6aee9c?s=96&d=mm&r=g\",\"caption\":\"Reda\u00e7\u00e3o\"},\"sameAs\":[\"https:\/\/brasilnoticias.org\/site\"],\"url\":\"https:\/\/brasilnoticias.org\/site\/author\/fernandozsngmail-com\/\"}]}<\/script>\n<!-- \/ Yoast SEO plugin. -->","yoast_head_json":{"title":"Show de Safad\u00e3o termina com homem morto com tiro no peito; veja v\u00eddeo - Brasil not\u00edcias","robots":{"index":"index","follow":"follow","max-snippet":"max-snippet:-1","max-image-preview":"max-image-preview:large","max-video-preview":"max-video-preview:-1"},"canonical":"https:\/\/brasilnoticias.org\/site\/show-de-safadao-termina-com-homem-morto-com-tiro-no-peito-veja-video\/","og_locale":"pt_PT","og_type":"article","og_title":"Show de Safad\u00e3o termina com homem morto com tiro no peito; veja v\u00eddeo - Brasil not\u00edcias","og_description":"Um show de Wesley Safad\u00e3o, em S\u00e3o Lu\u00eds, terminou em trag\u00e9dia, na madrugada deste domingo (5). Um homem foi morto,","og_url":"https:\/\/brasilnoticias.org\/site\/show-de-safadao-termina-com-homem-morto-com-tiro-no-peito-veja-video\/","og_site_name":"Brasil not\u00edcias","article_published_time":"2023-02-06T10:00:47+00:00","og_image":[{"url":"https:\/\/brasilnoticias.org\/site\/wp-content\/uploads\/2023\/02\/homem_morto_show_safadao.webp","type":"","width":"","height":""}],"author":"Reda\u00e7\u00e3o","twitter_card":"summary_large_image","twitter_misc":{"Escrito por":"Reda\u00e7\u00e3o","Tempo estimado de leitura":"1 minuto"},"schema":{"@context":"https:\/\/schema.org","@graph":[{"@type":"Article","@id":"https:\/\/brasilnoticias.org\/site\/show-de-safadao-termina-com-homem-morto-com-tiro-no-peito-veja-video\/#article","isPartOf":{"@id":"https:\/\/brasilnoticias.org\/site\/show-de-safadao-termina-com-homem-morto-com-tiro-no-peito-veja-video\/"},"author":{"name":"Reda\u00e7\u00e3o","@id":"https:\/\/brasilnoticias.org\/site\/#\/schema\/person\/a0e05b973ec4d15c658d51911e53507b"},"headline":"Show de Safad\u00e3o termina com homem morto com tiro no peito; veja v\u00eddeo","datePublished":"2023-02-06T10:00:47+00:00","mainEntityOfPage":{"@id":"https:\/\/brasilnoticias.org\/site\/show-de-safadao-termina-com-homem-morto-com-tiro-no-peito-veja-video\/"},"wordCount":273,"commentCount":0,"publisher":{"@id":"https:\/\/brasilnoticias.org\/site\/#organization"},"image":{"@id":"https:\/\/brasilnoticias.org\/site\/show-de-safadao-termina-com-homem-morto-com-tiro-no-peito-veja-video\/#primaryimage"},"thumbnailUrl":"https:\/\/brasilnoticias.org\/site\/wp-content\/uploads\/2023\/02\/homem_morto_show_safadao.webp","articleSection":["Pol\u00edcia","\u00daltimas"],"inLanguage":"pt-PT","potentialAction":[{"@type":"CommentAction","name":"Comment","target":["https:\/\/brasilnoticias.org\/site\/show-de-safadao-termina-com-homem-morto-com-tiro-no-peito-veja-video\/#respond"]}]},{"@type":"WebPage","@id":"https:\/\/brasilnoticias.org\/site\/show-de-safadao-termina-com-homem-morto-com-tiro-no-peito-veja-video\/","url":"https:\/\/brasilnoticias.org\/site\/show-de-safadao-termina-com-homem-morto-com-tiro-no-peito-veja-video\/","name":"Show de Safad\u00e3o termina com homem morto com tiro no peito; veja v\u00eddeo - Brasil not\u00edcias","isPartOf":{"@id":"https:\/\/brasilnoticias.org\/site\/#website"},"primaryImageOfPage":{"@id":"https:\/\/brasilnoticias.org\/site\/show-de-safadao-termina-com-homem-morto-com-tiro-no-peito-veja-video\/#primaryimage"},"image":{"@id":"https:\/\/brasilnoticias.org\/site\/show-de-safadao-termina-com-homem-morto-com-tiro-no-peito-veja-video\/#primaryimage"},"thumbnailUrl":"https:\/\/brasilnoticias.org\/site\/wp-content\/uploads\/2023\/02\/homem_morto_show_safadao.webp","datePublished":"2023-02-06T10:00:47+00:00","breadcrumb":{"@id":"https:\/\/brasilnoticias.org\/site\/show-de-safadao-termina-com-homem-morto-com-tiro-no-peito-veja-video\/#breadcrumb"},"inLanguage":"pt-PT","potentialAction":[{"@type":"ReadAction","target":["https:\/\/brasilnoticias.org\/site\/show-de-safadao-termina-com-homem-morto-com-tiro-no-peito-veja-video\/"]}]},{"@type":"ImageObject","inLanguage":"pt-PT","@id":"https:\/\/brasilnoticias.org\/site\/show-de-safadao-termina-com-homem-morto-com-tiro-no-peito-veja-video\/#primaryimage","url":"https:\/\/brasilnoticias.org\/site\/wp-content\/uploads\/2023\/02\/homem_morto_show_safadao.webp","contentUrl":"https:\/\/brasilnoticias.org\/site\/wp-content\/uploads\/2023\/02\/homem_morto_show_safadao.webp","width":600,"height":401},{"@type":"BreadcrumbList","@id":"https:\/\/brasilnoticias.org\/site\/show-de-safadao-termina-com-homem-morto-com-tiro-no-peito-veja-video\/#breadcrumb","itemListElement":[{"@type":"ListItem","position":1,"name":"In\u00edcio","item":"https:\/\/brasilnoticias.org\/site\/"},{"@type":"ListItem","position":2,"name":"Show de Safad\u00e3o termina com homem morto com tiro no peito; veja v\u00eddeo"}]},{"@type":"WebSite","@id":"https:\/\/brasilnoticias.org\/site\/#website","url":"https:\/\/brasilnoticias.org\/site\/","name":"Brasil not\u00edcias","description":"Brasil not\u00edcias","publisher":{"@id":"https:\/\/brasilnoticias.org\/site\/#organization"},"potentialAction":[{"@type":"SearchAction","target":{"@type":"EntryPoint","urlTemplate":"https:\/\/brasilnoticias.org\/site\/?s={search_term_string}"},"query-input":{"@type":"PropertyValueSpecification","valueRequired":true,"valueName":"search_term_string"}}],"inLanguage":"pt-PT"},{"@type":"Organization","@id":"https:\/\/brasilnoticias.org\/site\/#organization","name":"Brasil not\u00edcias","url":"https:\/\/brasilnoticias.org\/site\/","logo":{"@type":"ImageObject","inLanguage":"pt-PT","@id":"https:\/\/brasilnoticias.org\/site\/#\/schema\/logo\/image\/","url":"https:\/\/brasilnoticias.org\/site\/wp-content\/uploads\/2022\/05\/cropped-brasilnoticias-mini.jpg","contentUrl":"https:\/\/brasilnoticias.org\/site\/wp-content\/uploads\/2022\/05\/cropped-brasilnoticias-mini.jpg","width":314,"height":86,"caption":"Brasil not\u00edcias"},"image":{"@id":"https:\/\/brasilnoticias.org\/site\/#\/schema\/logo\/image\/"}},{"@type":"Person","@id":"https:\/\/brasilnoticias.org\/site\/#\/schema\/person\/a0e05b973ec4d15c658d51911e53507b","name":"Reda\u00e7\u00e3o","image":{"@type":"ImageObject","inLanguage":"pt-PT","@id":"https:\/\/brasilnoticias.org\/site\/#\/schema\/person\/image\/","url":"https:\/\/secure.gravatar.com\/avatar\/75d8b050df2de108b08ae78dfb8e374892df24a383c67db9c46a9c604f6aee9c?s=96&d=mm&r=g","contentUrl":"https:\/\/secure.gravatar.com\/avatar\/75d8b050df2de108b08ae78dfb8e374892df24a383c67db9c46a9c604f6aee9c?s=96&d=mm&r=g","caption":"Reda\u00e7\u00e3o"},"sameAs":["https:\/\/brasilnoticias.org\/site"],"url":"https:\/\/brasilnoticias.org\/site\/author\/fernandozsngmail-com\/"}]}},"_links":{"self":[{"href":"https:\/\/brasilnoticias.org\/site\/wp-json\/wp\/v2\/posts\/3716","targetHints":{"allow":["GET"]}}],"collection":[{"href":"https:\/\/brasilnoticias.org\/site\/wp-json\/wp\/v2\/posts"}],"about":[{"href":"https:\/\/brasilnoticias.org\/site\/wp-json\/wp\/v2\/types\/post"}],"author":[{"embeddable":true,"href":"https:\/\/brasilnoticias.org\/site\/wp-json\/wp\/v2\/users\/1"}],"replies":[{"embeddable":true,"href":"https:\/\/brasilnoticias.org\/site\/wp-json\/wp\/v2\/comments?post=3716"}],"version-history":[{"count":1,"href":"https:\/\/brasilnoticias.org\/site\/wp-json\/wp\/v2\/posts\/3716\/revisions"}],"predecessor-version":[{"id":3719,"href":"https:\/\/brasilnoticias.org\/site\/wp-json\/wp\/v2\/posts\/3716\/revisions\/3719"}],"wp:attachment":[{"href":"https:\/\/brasilnoticias.org\/site\/wp-json\/wp\/v2\/media?parent=3716"}],"wp:term":[{"taxonomy":"category","embeddable":true,"href":"https:\/\/brasilnoticias.org\/site\/wp-json\/wp\/v2\/categories?post=3716"},{"taxonomy":"post_tag","embeddable":true,"href":"https:\/\/brasilnoticias.org\/site\/wp-json\/wp\/v2\/tags?post=3716"}],"curies":[{"name":"wp","href":"https:\/\/api.w.org\/{rel}","templated":true}]}}