{"id":3732,"date":"2023-02-06T18:00:03","date_gmt":"2023-02-06T21:00:03","guid":{"rendered":"https:\/\/brasilnoticias.org\/site\/?p=3732"},"modified":"2023-02-06T09:59:02","modified_gmt":"2023-02-06T12:59:02","slug":"consulta-ao-abono-do-pis-e-do-pasep-e-liberada-veja-passo-a-passo","status":"publish","type":"post","link":"https:\/\/brasilnoticias.org\/site\/consulta-ao-abono-do-pis-e-do-pasep-e-liberada-veja-passo-a-passo\/","title":{"rendered":"Consulta ao abono do PIS e do Pasep \u00e9 liberada; veja passo a passo"},"content":{"rendered":"<p>O governo federal liberou a consulta ao abono salarial do PIS e do Pasep de 2023 neste domingo (5). As informa\u00e7\u00f5es podem ser acessadas pelo site gov.br e pelo aplicativo Carteira de Trabalho.<\/p>\n<p>O abono de 2023 \u00e9 pago aos trabalhadores que, em 2021, receberam em m\u00e9dia at\u00e9 dois sal\u00e1rios m\u00ednimos por m\u00eas, trabalharam ao menos 30 dias com carteira assinada e cumpram alguns outros requisitos.<\/p>\n<p>Veja o passo a passo para consultar se voc\u00ea tem direito ao benef\u00edcio:<\/p>\n<p>Pela internet 1. Acesse o site https:\/\/servicos.mte.gov.br\/spme-v2\/#\/login e clique em &#8216;Entrar com gov.br&#8221;<br \/>\n2. Fa\u00e7a login com seu CPF e senha cadastrados no portal gov.br. Caso n\u00e3o tenha cadastro, \u00e9 poss\u00edvel faz\u00ea-lo neste site.<br \/>\n3. Em seguida, clique em Abono Salarial. Em seguida, aparece a informa\u00e7\u00e3o se o trabalhador receber\u00e1 ou n\u00e3o o benef\u00edcio.Pelo aplicativo<br \/>\n1. No celular ou tablet, baixe o aplicativo Carteira de Trabalho Digital, caso n\u00e3o o tenha.<br \/>\n2. Fa\u00e7a login com seu CPF e senha cadastrados no portal gov.br. Caso n\u00e3o tenha cadastro, \u00e9 poss\u00edvel faz\u00ea-lo neste site.<br \/>\n3. Na tela inicial, clique em Abono Salarial &#8211; Consultar. Caso a op\u00e7\u00e3o n\u00e3o apare\u00e7a, clique no menu da parte de baixo da tela, depois Benef\u00edcios e Abono Salarial. Em seguida, aparece a informa\u00e7\u00e3o sobre os valores a receber.Lotes de libera\u00e7\u00e3o come\u00e7am em 15 de fevereiro<\/p>\n<p>O abono liberado agora \u00e9 relativo ao ano de 2021. Segundo o Minist\u00e9rio do Trabalho e Emprego, ser\u00e3o beneficiados 22,9 milh\u00f5es de trabalhadores, sendo 20,4 milh\u00f5es com direito ao PIS e outros 2,5 milh\u00f5es ao Pasep, totalizando cerca de R$ 22 bilh\u00f5es.<\/p>\n<p>Os lotes de libera\u00e7\u00e3o do abono come\u00e7am no dia 15 de fevereiro e seguem at\u00e9 o dia 17 de julho. O PIS \u00e9 pago na Caixa, para quem trabalhou em empresas privadas em 2021 e se encaixa nas regras do programa. J\u00e1 o Pasep \u00e9 liberado pelo Banco do Brasil para trabalhadores de empresas p\u00fablicas, como servidores e funcion\u00e1rios de estatais, al\u00e9m de militares. O prazo para sacar o valor termina em 28 de dezembro de 2023.<\/p>\n<p>O abono \u00e9 de at\u00e9 R$ 1.302 e varia de com a quantidade de meses trabalhados durante o ano-base de 2021. O valor do benef\u00edcio \u00e9 calculado considerando 1\/12 do sal\u00e1rio m\u00ednimo multiplicado pelo n\u00famero de meses trabalhados. Se o benefici\u00e1rio trabalhou o ano todo de refer\u00eancia, receber\u00e1 um sal\u00e1rio m\u00ednimo. Se trabalhou dois meses em 2021, receber\u00e1 R$ 217, por exemplo.<\/p>\n<p>Segundo o Minist\u00e9rio do Trabalho e Emprego, a lei 7.998\/1990 determina que no ato do pagamento, os valores ser\u00e3o arredondados para unidade imediatamente posterior. Como 1\/12 do sal\u00e1rio m\u00ednimo d\u00e1 R$ 108,50, quem tiver direito a esse valor receber\u00e1 R$ 109. O mesmo ocorre com outros valores com centavos quebrados.<\/p>\n<p>Calend\u00e1rio de pagamento do PIS 2023<\/p>\n<p>Abono do PIS, pago pela Caixa \/ Para trabalhadores de empresas privadas<\/p>\n<p>Nascidos em \/ Recebem a partir de \/ Recebem at\u00e9<br \/>\nJaneiro e fevereiro 15\/02\/2023 28\/12\/2023<br \/>\nMar\u00e7o e abril 15\/03\/2023 28\/12\/2023<br \/>\nMaio e junho 17\/04\/2023 28\/12\/2023<br \/>\nJulho e agosto 15\/05\/2023 28\/12\/2023<br \/>\nSetembro e outubro 15\/06\/2023 28\/12\/2023<br \/>\nNovembro e dezembro 17\/07\/2023 28\/12\/2023<\/p>\n<p>Abono do Pasep, pago pelo Banco do Brasil<\/p>\n<p>Para quem trabalhou em empresas p\u00fablicas, como servidores e funcion\u00e1rios de estatais, e militares<\/p>\n<p>Final da inscri\u00e7\u00e3o \/ Recebem a partir de \/ Recebem at\u00e9<br \/>\n0 15\/02\/2023 28\/12\/2023<br \/>\n1 15\/03\/2023 28\/12\/2023<br \/>\n2 e 3 17\/04\/2023 28\/12\/2023<br \/>\n4 e 5 15\/05\/2023 28\/12\/2023<br \/>\n6 e 7 15\/06\/2023 28\/12\/2023<br \/>\n8 e 9 17\/07\/2023 28\/12\/2023<\/p>\n<p>Quem tem direito ao PIS\/Pasep que ser\u00e1 pago em 2023<\/p>\n<p>O ano de refer\u00eancia para este abono \u00e9 2021. O trabalhador precisa:<br \/>\n&#8211; Estar cadastrado no programa PIS\/Pasep ou no Cnis (data do primeiro emprego) h\u00e1 pelo menos cinco anos<br \/>\n&#8211; Ter trabalhado para empregadores que contribuem para o PIS ou Pasep<br \/>\n&#8211; Ter trabalhado formalmente pelo menos 30 dias no ano-base de 2021<br \/>\n&#8211; Ter recebido remunera\u00e7\u00e3o mensal m\u00e9dia de at\u00e9 dois sal\u00e1rios m\u00ednimos em 2021<br \/>\n&#8211; O empregador precisa ter informado os dados do funcion\u00e1rio corretamente na Rais (Rela\u00e7\u00e3o Anual de Informa\u00e7\u00f5es Sociais) do ano-base<br \/>\nQuem n\u00e3o tem direito ao abono<br \/>\n&#8211; empregado(a) dom\u00e9stico(a)<br \/>\n&#8211; trabalhadores rurais e urbanos empregados por pessoa f\u00edsica<br \/>\n&#8211; trabalhadores empregados por pessoa f\u00edsica equiparada a jur\u00eddica<\/p>\n<p>Foto DR<br \/>\nNot\u00edcias ao minuto<\/p>\n","protected":false},"excerpt":{"rendered":"<p>O governo federal liberou a consulta ao abono salarial do PIS e do Pasep de 2023 neste domingo (5). As<\/p>\n","protected":false},"author":1,"featured_media":3733,"comment_status":"open","ping_status":"open","sticky":false,"template":"","format":"standard","meta":{"colormag_page_container_layout":"default_layout","colormag_page_sidebar_layout":"default_layout","_FSMCFIC_featured_image_caption":"","_FSMCFIC_featured_image_nocaption":"","_FSMCFIC_featured_image_hide":"","footnotes":""},"categories":[2,1],"tags":[],"class_list":["post-3732","post","type-post","status-publish","format-standard","has-post-thumbnail","hentry","category-noticias","category-ultimas"],"yoast_head":"<!-- This site is optimized with the Yoast SEO plugin v27.1.1 - https:\/\/yoast.com\/product\/yoast-seo-wordpress\/ -->\n<title>Consulta ao abono do PIS e do Pasep \u00e9 liberada; veja passo a passo - Brasil not\u00edcias<\/title>\n<meta name=\"robots\" content=\"index, follow, max-snippet:-1, max-image-preview:large, max-video-preview:-1\" \/>\n<link rel=\"canonical\" href=\"https:\/\/brasilnoticias.org\/site\/consulta-ao-abono-do-pis-e-do-pasep-e-liberada-veja-passo-a-passo\/\" \/>\n<meta property=\"og:locale\" content=\"pt_PT\" \/>\n<meta property=\"og:type\" content=\"article\" \/>\n<meta property=\"og:title\" content=\"Consulta ao abono do PIS e do Pasep \u00e9 liberada; veja passo a passo - Brasil not\u00edcias\" \/>\n<meta property=\"og:description\" content=\"O governo federal liberou a consulta ao abono salarial do PIS e do Pasep de 2023 neste domingo (5). As\" \/>\n<meta property=\"og:url\" content=\"https:\/\/brasilnoticias.org\/site\/consulta-ao-abono-do-pis-e-do-pasep-e-liberada-veja-passo-a-passo\/\" \/>\n<meta property=\"og:site_name\" content=\"Brasil not\u00edcias\" \/>\n<meta property=\"article:published_time\" content=\"2023-02-06T21:00:03+00:00\" \/>\n<meta property=\"og:image\" content=\"https:\/\/brasilnoticias.org\/site\/wp-content\/uploads\/2023\/02\/naom_5ccd793090226.jpg\" \/>\n\t<meta property=\"og:image:width\" content=\"960\" \/>\n\t<meta property=\"og:image:height\" content=\"540\" \/>\n\t<meta property=\"og:image:type\" content=\"image\/jpeg\" \/>\n<meta name=\"author\" content=\"Reda\u00e7\u00e3o\" \/>\n<meta name=\"twitter:card\" content=\"summary_large_image\" \/>\n<meta name=\"twitter:label1\" content=\"Escrito por\" \/>\n\t<meta name=\"twitter:data1\" content=\"Reda\u00e7\u00e3o\" \/>\n\t<meta name=\"twitter:label2\" content=\"Tempo estimado de leitura\" \/>\n\t<meta name=\"twitter:data2\" content=\"3 minutos\" \/>\n<script type=\"application\/ld+json\" class=\"yoast-schema-graph\">{\"@context\":\"https:\/\/schema.org\",\"@graph\":[{\"@type\":\"Article\",\"@id\":\"https:\/\/brasilnoticias.org\/site\/consulta-ao-abono-do-pis-e-do-pasep-e-liberada-veja-passo-a-passo\/#article\",\"isPartOf\":{\"@id\":\"https:\/\/brasilnoticias.org\/site\/consulta-ao-abono-do-pis-e-do-pasep-e-liberada-veja-passo-a-passo\/\"},\"author\":{\"name\":\"Reda\u00e7\u00e3o\",\"@id\":\"https:\/\/brasilnoticias.org\/site\/#\/schema\/person\/a0e05b973ec4d15c658d51911e53507b\"},\"headline\":\"Consulta ao abono do PIS e do Pasep \u00e9 liberada; veja passo a passo\",\"datePublished\":\"2023-02-06T21:00:03+00:00\",\"mainEntityOfPage\":{\"@id\":\"https:\/\/brasilnoticias.org\/site\/consulta-ao-abono-do-pis-e-do-pasep-e-liberada-veja-passo-a-passo\/\"},\"wordCount\":705,\"commentCount\":0,\"publisher\":{\"@id\":\"https:\/\/brasilnoticias.org\/site\/#organization\"},\"image\":{\"@id\":\"https:\/\/brasilnoticias.org\/site\/consulta-ao-abono-do-pis-e-do-pasep-e-liberada-veja-passo-a-passo\/#primaryimage\"},\"thumbnailUrl\":\"https:\/\/brasilnoticias.org\/site\/wp-content\/uploads\/2023\/02\/naom_5ccd793090226.jpg\",\"articleSection\":[\"Not\u00edcias\",\"\u00daltimas\"],\"inLanguage\":\"pt-PT\",\"potentialAction\":[{\"@type\":\"CommentAction\",\"name\":\"Comment\",\"target\":[\"https:\/\/brasilnoticias.org\/site\/consulta-ao-abono-do-pis-e-do-pasep-e-liberada-veja-passo-a-passo\/#respond\"]}]},{\"@type\":\"WebPage\",\"@id\":\"https:\/\/brasilnoticias.org\/site\/consulta-ao-abono-do-pis-e-do-pasep-e-liberada-veja-passo-a-passo\/\",\"url\":\"https:\/\/brasilnoticias.org\/site\/consulta-ao-abono-do-pis-e-do-pasep-e-liberada-veja-passo-a-passo\/\",\"name\":\"Consulta ao abono do PIS e do Pasep \u00e9 liberada; veja passo a passo - Brasil not\u00edcias\",\"isPartOf\":{\"@id\":\"https:\/\/brasilnoticias.org\/site\/#website\"},\"primaryImageOfPage\":{\"@id\":\"https:\/\/brasilnoticias.org\/site\/consulta-ao-abono-do-pis-e-do-pasep-e-liberada-veja-passo-a-passo\/#primaryimage\"},\"image\":{\"@id\":\"https:\/\/brasilnoticias.org\/site\/consulta-ao-abono-do-pis-e-do-pasep-e-liberada-veja-passo-a-passo\/#primaryimage\"},\"thumbnailUrl\":\"https:\/\/brasilnoticias.org\/site\/wp-content\/uploads\/2023\/02\/naom_5ccd793090226.jpg\",\"datePublished\":\"2023-02-06T21:00:03+00:00\",\"breadcrumb\":{\"@id\":\"https:\/\/brasilnoticias.org\/site\/consulta-ao-abono-do-pis-e-do-pasep-e-liberada-veja-passo-a-passo\/#breadcrumb\"},\"inLanguage\":\"pt-PT\",\"potentialAction\":[{\"@type\":\"ReadAction\",\"target\":[\"https:\/\/brasilnoticias.org\/site\/consulta-ao-abono-do-pis-e-do-pasep-e-liberada-veja-passo-a-passo\/\"]}]},{\"@type\":\"ImageObject\",\"inLanguage\":\"pt-PT\",\"@id\":\"https:\/\/brasilnoticias.org\/site\/consulta-ao-abono-do-pis-e-do-pasep-e-liberada-veja-passo-a-passo\/#primaryimage\",\"url\":\"https:\/\/brasilnoticias.org\/site\/wp-content\/uploads\/2023\/02\/naom_5ccd793090226.jpg\",\"contentUrl\":\"https:\/\/brasilnoticias.org\/site\/wp-content\/uploads\/2023\/02\/naom_5ccd793090226.jpg\",\"width\":960,\"height\":540},{\"@type\":\"BreadcrumbList\",\"@id\":\"https:\/\/brasilnoticias.org\/site\/consulta-ao-abono-do-pis-e-do-pasep-e-liberada-veja-passo-a-passo\/#breadcrumb\",\"itemListElement\":[{\"@type\":\"ListItem\",\"position\":1,\"name\":\"In\u00edcio\",\"item\":\"https:\/\/brasilnoticias.org\/site\/\"},{\"@type\":\"ListItem\",\"position\":2,\"name\":\"Consulta ao abono do PIS e do Pasep \u00e9 liberada; veja passo a passo\"}]},{\"@type\":\"WebSite\",\"@id\":\"https:\/\/brasilnoticias.org\/site\/#website\",\"url\":\"https:\/\/brasilnoticias.org\/site\/\",\"name\":\"Brasil not\u00edcias\",\"description\":\"Brasil not\u00edcias\",\"publisher\":{\"@id\":\"https:\/\/brasilnoticias.org\/site\/#organization\"},\"potentialAction\":[{\"@type\":\"SearchAction\",\"target\":{\"@type\":\"EntryPoint\",\"urlTemplate\":\"https:\/\/brasilnoticias.org\/site\/?s={search_term_string}\"},\"query-input\":{\"@type\":\"PropertyValueSpecification\",\"valueRequired\":true,\"valueName\":\"search_term_string\"}}],\"inLanguage\":\"pt-PT\"},{\"@type\":\"Organization\",\"@id\":\"https:\/\/brasilnoticias.org\/site\/#organization\",\"name\":\"Brasil not\u00edcias\",\"url\":\"https:\/\/brasilnoticias.org\/site\/\",\"logo\":{\"@type\":\"ImageObject\",\"inLanguage\":\"pt-PT\",\"@id\":\"https:\/\/brasilnoticias.org\/site\/#\/schema\/logo\/image\/\",\"url\":\"https:\/\/brasilnoticias.org\/site\/wp-content\/uploads\/2022\/05\/cropped-brasilnoticias-mini.jpg\",\"contentUrl\":\"https:\/\/brasilnoticias.org\/site\/wp-content\/uploads\/2022\/05\/cropped-brasilnoticias-mini.jpg\",\"width\":314,\"height\":86,\"caption\":\"Brasil not\u00edcias\"},\"image\":{\"@id\":\"https:\/\/brasilnoticias.org\/site\/#\/schema\/logo\/image\/\"}},{\"@type\":\"Person\",\"@id\":\"https:\/\/brasilnoticias.org\/site\/#\/schema\/person\/a0e05b973ec4d15c658d51911e53507b\",\"name\":\"Reda\u00e7\u00e3o\",\"image\":{\"@type\":\"ImageObject\",\"inLanguage\":\"pt-PT\",\"@id\":\"https:\/\/brasilnoticias.org\/site\/#\/schema\/person\/image\/\",\"url\":\"https:\/\/secure.gravatar.com\/avatar\/75d8b050df2de108b08ae78dfb8e374892df24a383c67db9c46a9c604f6aee9c?s=96&d=mm&r=g\",\"contentUrl\":\"https:\/\/secure.gravatar.com\/avatar\/75d8b050df2de108b08ae78dfb8e374892df24a383c67db9c46a9c604f6aee9c?s=96&d=mm&r=g\",\"caption\":\"Reda\u00e7\u00e3o\"},\"sameAs\":[\"https:\/\/brasilnoticias.org\/site\"],\"url\":\"https:\/\/brasilnoticias.org\/site\/author\/fernandozsngmail-com\/\"}]}<\/script>\n<!-- \/ Yoast SEO plugin. -->","yoast_head_json":{"title":"Consulta ao abono do PIS e do Pasep \u00e9 liberada; veja passo a passo - Brasil not\u00edcias","robots":{"index":"index","follow":"follow","max-snippet":"max-snippet:-1","max-image-preview":"max-image-preview:large","max-video-preview":"max-video-preview:-1"},"canonical":"https:\/\/brasilnoticias.org\/site\/consulta-ao-abono-do-pis-e-do-pasep-e-liberada-veja-passo-a-passo\/","og_locale":"pt_PT","og_type":"article","og_title":"Consulta ao abono do PIS e do Pasep \u00e9 liberada; veja passo a passo - Brasil not\u00edcias","og_description":"O governo federal liberou a consulta ao abono salarial do PIS e do Pasep de 2023 neste domingo (5). As","og_url":"https:\/\/brasilnoticias.org\/site\/consulta-ao-abono-do-pis-e-do-pasep-e-liberada-veja-passo-a-passo\/","og_site_name":"Brasil not\u00edcias","article_published_time":"2023-02-06T21:00:03+00:00","og_image":[{"width":960,"height":540,"url":"https:\/\/brasilnoticias.org\/site\/wp-content\/uploads\/2023\/02\/naom_5ccd793090226.jpg","type":"image\/jpeg"}],"author":"Reda\u00e7\u00e3o","twitter_card":"summary_large_image","twitter_misc":{"Escrito por":"Reda\u00e7\u00e3o","Tempo estimado de leitura":"3 minutos"},"schema":{"@context":"https:\/\/schema.org","@graph":[{"@type":"Article","@id":"https:\/\/brasilnoticias.org\/site\/consulta-ao-abono-do-pis-e-do-pasep-e-liberada-veja-passo-a-passo\/#article","isPartOf":{"@id":"https:\/\/brasilnoticias.org\/site\/consulta-ao-abono-do-pis-e-do-pasep-e-liberada-veja-passo-a-passo\/"},"author":{"name":"Reda\u00e7\u00e3o","@id":"https:\/\/brasilnoticias.org\/site\/#\/schema\/person\/a0e05b973ec4d15c658d51911e53507b"},"headline":"Consulta ao abono do PIS e do Pasep \u00e9 liberada; veja passo a passo","datePublished":"2023-02-06T21:00:03+00:00","mainEntityOfPage":{"@id":"https:\/\/brasilnoticias.org\/site\/consulta-ao-abono-do-pis-e-do-pasep-e-liberada-veja-passo-a-passo\/"},"wordCount":705,"commentCount":0,"publisher":{"@id":"https:\/\/brasilnoticias.org\/site\/#organization"},"image":{"@id":"https:\/\/brasilnoticias.org\/site\/consulta-ao-abono-do-pis-e-do-pasep-e-liberada-veja-passo-a-passo\/#primaryimage"},"thumbnailUrl":"https:\/\/brasilnoticias.org\/site\/wp-content\/uploads\/2023\/02\/naom_5ccd793090226.jpg","articleSection":["Not\u00edcias","\u00daltimas"],"inLanguage":"pt-PT","potentialAction":[{"@type":"CommentAction","name":"Comment","target":["https:\/\/brasilnoticias.org\/site\/consulta-ao-abono-do-pis-e-do-pasep-e-liberada-veja-passo-a-passo\/#respond"]}]},{"@type":"WebPage","@id":"https:\/\/brasilnoticias.org\/site\/consulta-ao-abono-do-pis-e-do-pasep-e-liberada-veja-passo-a-passo\/","url":"https:\/\/brasilnoticias.org\/site\/consulta-ao-abono-do-pis-e-do-pasep-e-liberada-veja-passo-a-passo\/","name":"Consulta ao abono do PIS e do Pasep \u00e9 liberada; veja passo a passo - Brasil not\u00edcias","isPartOf":{"@id":"https:\/\/brasilnoticias.org\/site\/#website"},"primaryImageOfPage":{"@id":"https:\/\/brasilnoticias.org\/site\/consulta-ao-abono-do-pis-e-do-pasep-e-liberada-veja-passo-a-passo\/#primaryimage"},"image":{"@id":"https:\/\/brasilnoticias.org\/site\/consulta-ao-abono-do-pis-e-do-pasep-e-liberada-veja-passo-a-passo\/#primaryimage"},"thumbnailUrl":"https:\/\/brasilnoticias.org\/site\/wp-content\/uploads\/2023\/02\/naom_5ccd793090226.jpg","datePublished":"2023-02-06T21:00:03+00:00","breadcrumb":{"@id":"https:\/\/brasilnoticias.org\/site\/consulta-ao-abono-do-pis-e-do-pasep-e-liberada-veja-passo-a-passo\/#breadcrumb"},"inLanguage":"pt-PT","potentialAction":[{"@type":"ReadAction","target":["https:\/\/brasilnoticias.org\/site\/consulta-ao-abono-do-pis-e-do-pasep-e-liberada-veja-passo-a-passo\/"]}]},{"@type":"ImageObject","inLanguage":"pt-PT","@id":"https:\/\/brasilnoticias.org\/site\/consulta-ao-abono-do-pis-e-do-pasep-e-liberada-veja-passo-a-passo\/#primaryimage","url":"https:\/\/brasilnoticias.org\/site\/wp-content\/uploads\/2023\/02\/naom_5ccd793090226.jpg","contentUrl":"https:\/\/brasilnoticias.org\/site\/wp-content\/uploads\/2023\/02\/naom_5ccd793090226.jpg","width":960,"height":540},{"@type":"BreadcrumbList","@id":"https:\/\/brasilnoticias.org\/site\/consulta-ao-abono-do-pis-e-do-pasep-e-liberada-veja-passo-a-passo\/#breadcrumb","itemListElement":[{"@type":"ListItem","position":1,"name":"In\u00edcio","item":"https:\/\/brasilnoticias.org\/site\/"},{"@type":"ListItem","position":2,"name":"Consulta ao abono do PIS e do Pasep \u00e9 liberada; veja passo a passo"}]},{"@type":"WebSite","@id":"https:\/\/brasilnoticias.org\/site\/#website","url":"https:\/\/brasilnoticias.org\/site\/","name":"Brasil not\u00edcias","description":"Brasil not\u00edcias","publisher":{"@id":"https:\/\/brasilnoticias.org\/site\/#organization"},"potentialAction":[{"@type":"SearchAction","target":{"@type":"EntryPoint","urlTemplate":"https:\/\/brasilnoticias.org\/site\/?s={search_term_string}"},"query-input":{"@type":"PropertyValueSpecification","valueRequired":true,"valueName":"search_term_string"}}],"inLanguage":"pt-PT"},{"@type":"Organization","@id":"https:\/\/brasilnoticias.org\/site\/#organization","name":"Brasil not\u00edcias","url":"https:\/\/brasilnoticias.org\/site\/","logo":{"@type":"ImageObject","inLanguage":"pt-PT","@id":"https:\/\/brasilnoticias.org\/site\/#\/schema\/logo\/image\/","url":"https:\/\/brasilnoticias.org\/site\/wp-content\/uploads\/2022\/05\/cropped-brasilnoticias-mini.jpg","contentUrl":"https:\/\/brasilnoticias.org\/site\/wp-content\/uploads\/2022\/05\/cropped-brasilnoticias-mini.jpg","width":314,"height":86,"caption":"Brasil not\u00edcias"},"image":{"@id":"https:\/\/brasilnoticias.org\/site\/#\/schema\/logo\/image\/"}},{"@type":"Person","@id":"https:\/\/brasilnoticias.org\/site\/#\/schema\/person\/a0e05b973ec4d15c658d51911e53507b","name":"Reda\u00e7\u00e3o","image":{"@type":"ImageObject","inLanguage":"pt-PT","@id":"https:\/\/brasilnoticias.org\/site\/#\/schema\/person\/image\/","url":"https:\/\/secure.gravatar.com\/avatar\/75d8b050df2de108b08ae78dfb8e374892df24a383c67db9c46a9c604f6aee9c?s=96&d=mm&r=g","contentUrl":"https:\/\/secure.gravatar.com\/avatar\/75d8b050df2de108b08ae78dfb8e374892df24a383c67db9c46a9c604f6aee9c?s=96&d=mm&r=g","caption":"Reda\u00e7\u00e3o"},"sameAs":["https:\/\/brasilnoticias.org\/site"],"url":"https:\/\/brasilnoticias.org\/site\/author\/fernandozsngmail-com\/"}]}},"_links":{"self":[{"href":"https:\/\/brasilnoticias.org\/site\/wp-json\/wp\/v2\/posts\/3732","targetHints":{"allow":["GET"]}}],"collection":[{"href":"https:\/\/brasilnoticias.org\/site\/wp-json\/wp\/v2\/posts"}],"about":[{"href":"https:\/\/brasilnoticias.org\/site\/wp-json\/wp\/v2\/types\/post"}],"author":[{"embeddable":true,"href":"https:\/\/brasilnoticias.org\/site\/wp-json\/wp\/v2\/users\/1"}],"replies":[{"embeddable":true,"href":"https:\/\/brasilnoticias.org\/site\/wp-json\/wp\/v2\/comments?post=3732"}],"version-history":[{"count":1,"href":"https:\/\/brasilnoticias.org\/site\/wp-json\/wp\/v2\/posts\/3732\/revisions"}],"predecessor-version":[{"id":3734,"href":"https:\/\/brasilnoticias.org\/site\/wp-json\/wp\/v2\/posts\/3732\/revisions\/3734"}],"wp:featuredmedia":[{"embeddable":true,"href":"https:\/\/brasilnoticias.org\/site\/wp-json\/wp\/v2\/media\/3733"}],"wp:attachment":[{"href":"https:\/\/brasilnoticias.org\/site\/wp-json\/wp\/v2\/media?parent=3732"}],"wp:term":[{"taxonomy":"category","embeddable":true,"href":"https:\/\/brasilnoticias.org\/site\/wp-json\/wp\/v2\/categories?post=3732"},{"taxonomy":"post_tag","embeddable":true,"href":"https:\/\/brasilnoticias.org\/site\/wp-json\/wp\/v2\/tags?post=3732"}],"curies":[{"name":"wp","href":"https:\/\/api.w.org\/{rel}","templated":true}]}}