{"id":3735,"date":"2023-02-06T18:20:11","date_gmt":"2023-02-06T21:20:11","guid":{"rendered":"https:\/\/brasilnoticias.org\/site\/?p=3735"},"modified":"2023-02-06T10:01:24","modified_gmt":"2023-02-06T13:01:24","slug":"terremoto-no-sul-da-turquia-deixa-mais-de-600-mortos-e-destroi-cidades","status":"publish","type":"post","link":"https:\/\/brasilnoticias.org\/site\/terremoto-no-sul-da-turquia-deixa-mais-de-600-mortos-e-destroi-cidades\/","title":{"rendered":"Terremoto no sul da Turquia deixa mais de 600 mortos e destr\u00f3i cidades"},"content":{"rendered":"<p> Um forte terremoto, de magnitude 7,9, atingiu na madrugada desta segunda-feira (6), ainda noite de domingo (5) no Brasil, o centro-sul da Turquia. O governo do pa\u00eds informou que h\u00e1 mais de 600 mortos com a trag\u00e9dia.<\/p>\n<p>O epicentro foi registrado na regi\u00e3o entre as cidades de Gaziantepe e Kahramanmaras, a uma profundidade de 10 a 24 quil\u00f4metros, segundo os servi\u00e7os geol\u00f3gicos dos EUA e da Alemanha, que monitoram fen\u00f4menos do tipo em todo o mundo.<\/p>\n<p>O epis\u00f3dio ocorreu \u00e0s 4h17 no hor\u00e1rio local (22h17 em Bras\u00edlia), e imagens publicadas nas redes sociais logo mostraram os primeiros efeitos do terremoto, com o desabamento de algumas constru\u00e7\u00f5es. A transmiss\u00e3o da rede de TV estatal TRT mostrou moradores saindo \u00e0s ruas sob neve para avaliar os estragos em alguns locais.<\/p>\n<p>A emissora HaberTurk citou a destrui\u00e7\u00e3o de im\u00f3veis nas prov\u00edncias de Malatya e Diyarbakir. Tamb\u00e9m houve sismos secund\u00e1rios, cerca de dez minutos depois do primeiro, de magnitudes que chegaram a 6,7, segundo a ag\u00eancia Associated Press.<\/p>\n<p>As administra\u00e7\u00f5es locais de Osmanyie e Sanliurfa indicaram, em seus primeiros balan\u00e7os, ao menos cinco mortos em cada cidade. Na primeira, pelo menos 34 pr\u00e9dios ficaram destru\u00eddos, e na segunda, 16. Autoridades de Diyarbakir afirmaram que 17 edif\u00edcios colapsaram e que h\u00e1 registro de pessoas presas nos escombros.<\/p>\n<p>O ministro do Interior afirmou que a prioridade nesse momento \u00e9 resgatar feridos. O servi\u00e7o geol\u00f3gico americano alertou para o risco prov\u00e1vel de um n\u00famero grande de v\u00edtimas. Segundo testemunhas relataram \u00e0 ag\u00eancia de not\u00edcias Reuters, o tremor durou cerca de um minuto. Relatos indicam que seus efeitos foram sentidos tamb\u00e9m em cidades de pa\u00edses pr\u00f3ximos.<\/p>\n<p>O presidente do pa\u00eds, Recep Tayyp Erdogan, tuitou para manifestar solidariedade \u00e0s v\u00edtimas e destacar que os servi\u00e7os de emerg\u00eancia e resgate foram acionados, para trabalhar em conjunto sob coordena\u00e7\u00e3o da Autoridade de Gerenciamento de Desastres e Emerg\u00eancias (AFAD, na sigla em turco), com apoio dos minist\u00e9rios da Sa\u00fade e do Interior.<\/p>\n<p>&#8220;Esperamos superar esse desastre juntos, o mais r\u00e1pido poss\u00edvel e com o m\u00ednimo de danos&#8221;, escreveu.<\/p>\n<p>Na S\u00edria, o regime relatou desabamentos nas cidades de Aleppo e Hama. Na capital, Damasco, pessoas sa\u00edram \u00e0s ruas com medo devido ao tremor -o mesmo ocorreu em Beitute, no L\u00edbano. Cidades de Chipre e Israel tamb\u00e9m foram afetadas.<\/p>\n<p>A regi\u00e3o de Gaziantepe \u00e9 um importante centro industrial da Turquia.<\/p>\n<p>Atravessado por grandes falhas geol\u00f3gicas, o pa\u00eds est\u00e1 entre os mais propensos a tremores do mundo. Em 1999, um sismo de magnitude 7,4 sacudiu a cidade de Izmit, no noroeste, causando mais de 17 mil mortes e deixando mais de 500 mil pessoas desabrigadas.<\/p>\n<p>Em 2011, um tremor de 7,1 na prov\u00edncia de Van matou mais de 600 pessoas. Em janeiro de 2020, 40 pessoas morreram durante um sismo de magnitude 6,8 na prov\u00edncia de Elazing. Meses depois, em novembro, novo epis\u00f3dio em Esmirna fez quase cem v\u00edtimas e provocou um minitsunami que inundou cidades pr\u00f3ximas e causou danos severos na costa da Gr\u00e9cia.<\/p>\n<p>A Turquia est\u00e1 sobre o encontro de duas placas tect\u00f4nicas -uma esp\u00e9cie de bloco que flutua sobre o manto, uma das camadas no interior da Terra.<\/p>\n<p>As placas podem se mexer, de forma divergente (movendo-se em dire\u00e7\u00f5es contr\u00e1rias), convergente (chocando-se uma contra a outra) e transformante (movendo-se lateralmente); os dois \u00faltimos movimentos costumam causar terremotos.<\/p>\n<p>Foto Getty Images<br \/>\nNot\u00edcias ao minuto<\/p>\n","protected":false},"excerpt":{"rendered":"<p>Um forte terremoto, de magnitude 7,9, atingiu na madrugada desta segunda-feira (6), ainda noite de domingo (5) no Brasil, o<\/p>\n","protected":false},"author":1,"featured_media":3736,"comment_status":"open","ping_status":"open","sticky":false,"template":"","format":"standard","meta":{"colormag_page_container_layout":"default_layout","colormag_page_sidebar_layout":"default_layout","_FSMCFIC_featured_image_caption":"","_FSMCFIC_featured_image_nocaption":"","_FSMCFIC_featured_image_hide":"","footnotes":""},"categories":[6,1],"tags":[],"class_list":["post-3735","post","type-post","status-publish","format-standard","has-post-thumbnail","hentry","category-mundo","category-ultimas"],"yoast_head":"<!-- This site is optimized with the Yoast SEO plugin v27.1.1 - https:\/\/yoast.com\/product\/yoast-seo-wordpress\/ -->\n<title>Terremoto no sul da Turquia deixa mais de 600 mortos e destr\u00f3i cidades - Brasil not\u00edcias<\/title>\n<meta name=\"robots\" content=\"index, follow, max-snippet:-1, max-image-preview:large, max-video-preview:-1\" \/>\n<link rel=\"canonical\" href=\"https:\/\/brasilnoticias.org\/site\/terremoto-no-sul-da-turquia-deixa-mais-de-600-mortos-e-destroi-cidades\/\" \/>\n<meta property=\"og:locale\" content=\"pt_PT\" \/>\n<meta property=\"og:type\" content=\"article\" \/>\n<meta property=\"og:title\" content=\"Terremoto no sul da Turquia deixa mais de 600 mortos e destr\u00f3i cidades - Brasil not\u00edcias\" \/>\n<meta property=\"og:description\" content=\"Um forte terremoto, de magnitude 7,9, atingiu na madrugada desta segunda-feira (6), ainda noite de domingo (5) no Brasil, o\" \/>\n<meta property=\"og:url\" content=\"https:\/\/brasilnoticias.org\/site\/terremoto-no-sul-da-turquia-deixa-mais-de-600-mortos-e-destroi-cidades\/\" \/>\n<meta property=\"og:site_name\" content=\"Brasil not\u00edcias\" \/>\n<meta property=\"article:published_time\" content=\"2023-02-06T21:20:11+00:00\" \/>\n<meta property=\"og:image\" content=\"https:\/\/brasilnoticias.org\/site\/wp-content\/uploads\/2023\/02\/naom_5fec3da8586f0.jpg\" \/>\n\t<meta property=\"og:image:width\" content=\"960\" \/>\n\t<meta property=\"og:image:height\" content=\"540\" \/>\n\t<meta property=\"og:image:type\" content=\"image\/jpeg\" \/>\n<meta name=\"author\" content=\"Reda\u00e7\u00e3o\" \/>\n<meta name=\"twitter:card\" content=\"summary_large_image\" \/>\n<meta name=\"twitter:label1\" content=\"Escrito por\" \/>\n\t<meta name=\"twitter:data1\" content=\"Reda\u00e7\u00e3o\" \/>\n\t<meta name=\"twitter:label2\" content=\"Tempo estimado de leitura\" \/>\n\t<meta name=\"twitter:data2\" content=\"3 minutos\" \/>\n<script type=\"application\/ld+json\" class=\"yoast-schema-graph\">{\"@context\":\"https:\/\/schema.org\",\"@graph\":[{\"@type\":\"Article\",\"@id\":\"https:\/\/brasilnoticias.org\/site\/terremoto-no-sul-da-turquia-deixa-mais-de-600-mortos-e-destroi-cidades\/#article\",\"isPartOf\":{\"@id\":\"https:\/\/brasilnoticias.org\/site\/terremoto-no-sul-da-turquia-deixa-mais-de-600-mortos-e-destroi-cidades\/\"},\"author\":{\"name\":\"Reda\u00e7\u00e3o\",\"@id\":\"https:\/\/brasilnoticias.org\/site\/#\/schema\/person\/a0e05b973ec4d15c658d51911e53507b\"},\"headline\":\"Terremoto no sul da Turquia deixa mais de 600 mortos e destr\u00f3i cidades\",\"datePublished\":\"2023-02-06T21:20:11+00:00\",\"mainEntityOfPage\":{\"@id\":\"https:\/\/brasilnoticias.org\/site\/terremoto-no-sul-da-turquia-deixa-mais-de-600-mortos-e-destroi-cidades\/\"},\"wordCount\":603,\"commentCount\":0,\"publisher\":{\"@id\":\"https:\/\/brasilnoticias.org\/site\/#organization\"},\"image\":{\"@id\":\"https:\/\/brasilnoticias.org\/site\/terremoto-no-sul-da-turquia-deixa-mais-de-600-mortos-e-destroi-cidades\/#primaryimage\"},\"thumbnailUrl\":\"https:\/\/brasilnoticias.org\/site\/wp-content\/uploads\/2023\/02\/naom_5fec3da8586f0.jpg\",\"articleSection\":[\"Mundo\",\"\u00daltimas\"],\"inLanguage\":\"pt-PT\",\"potentialAction\":[{\"@type\":\"CommentAction\",\"name\":\"Comment\",\"target\":[\"https:\/\/brasilnoticias.org\/site\/terremoto-no-sul-da-turquia-deixa-mais-de-600-mortos-e-destroi-cidades\/#respond\"]}]},{\"@type\":\"WebPage\",\"@id\":\"https:\/\/brasilnoticias.org\/site\/terremoto-no-sul-da-turquia-deixa-mais-de-600-mortos-e-destroi-cidades\/\",\"url\":\"https:\/\/brasilnoticias.org\/site\/terremoto-no-sul-da-turquia-deixa-mais-de-600-mortos-e-destroi-cidades\/\",\"name\":\"Terremoto no sul da Turquia deixa mais de 600 mortos e destr\u00f3i cidades - Brasil not\u00edcias\",\"isPartOf\":{\"@id\":\"https:\/\/brasilnoticias.org\/site\/#website\"},\"primaryImageOfPage\":{\"@id\":\"https:\/\/brasilnoticias.org\/site\/terremoto-no-sul-da-turquia-deixa-mais-de-600-mortos-e-destroi-cidades\/#primaryimage\"},\"image\":{\"@id\":\"https:\/\/brasilnoticias.org\/site\/terremoto-no-sul-da-turquia-deixa-mais-de-600-mortos-e-destroi-cidades\/#primaryimage\"},\"thumbnailUrl\":\"https:\/\/brasilnoticias.org\/site\/wp-content\/uploads\/2023\/02\/naom_5fec3da8586f0.jpg\",\"datePublished\":\"2023-02-06T21:20:11+00:00\",\"breadcrumb\":{\"@id\":\"https:\/\/brasilnoticias.org\/site\/terremoto-no-sul-da-turquia-deixa-mais-de-600-mortos-e-destroi-cidades\/#breadcrumb\"},\"inLanguage\":\"pt-PT\",\"potentialAction\":[{\"@type\":\"ReadAction\",\"target\":[\"https:\/\/brasilnoticias.org\/site\/terremoto-no-sul-da-turquia-deixa-mais-de-600-mortos-e-destroi-cidades\/\"]}]},{\"@type\":\"ImageObject\",\"inLanguage\":\"pt-PT\",\"@id\":\"https:\/\/brasilnoticias.org\/site\/terremoto-no-sul-da-turquia-deixa-mais-de-600-mortos-e-destroi-cidades\/#primaryimage\",\"url\":\"https:\/\/brasilnoticias.org\/site\/wp-content\/uploads\/2023\/02\/naom_5fec3da8586f0.jpg\",\"contentUrl\":\"https:\/\/brasilnoticias.org\/site\/wp-content\/uploads\/2023\/02\/naom_5fec3da8586f0.jpg\",\"width\":960,\"height\":540},{\"@type\":\"BreadcrumbList\",\"@id\":\"https:\/\/brasilnoticias.org\/site\/terremoto-no-sul-da-turquia-deixa-mais-de-600-mortos-e-destroi-cidades\/#breadcrumb\",\"itemListElement\":[{\"@type\":\"ListItem\",\"position\":1,\"name\":\"In\u00edcio\",\"item\":\"https:\/\/brasilnoticias.org\/site\/\"},{\"@type\":\"ListItem\",\"position\":2,\"name\":\"Terremoto no sul da Turquia deixa mais de 600 mortos e destr\u00f3i cidades\"}]},{\"@type\":\"WebSite\",\"@id\":\"https:\/\/brasilnoticias.org\/site\/#website\",\"url\":\"https:\/\/brasilnoticias.org\/site\/\",\"name\":\"Brasil not\u00edcias\",\"description\":\"Brasil not\u00edcias\",\"publisher\":{\"@id\":\"https:\/\/brasilnoticias.org\/site\/#organization\"},\"potentialAction\":[{\"@type\":\"SearchAction\",\"target\":{\"@type\":\"EntryPoint\",\"urlTemplate\":\"https:\/\/brasilnoticias.org\/site\/?s={search_term_string}\"},\"query-input\":{\"@type\":\"PropertyValueSpecification\",\"valueRequired\":true,\"valueName\":\"search_term_string\"}}],\"inLanguage\":\"pt-PT\"},{\"@type\":\"Organization\",\"@id\":\"https:\/\/brasilnoticias.org\/site\/#organization\",\"name\":\"Brasil not\u00edcias\",\"url\":\"https:\/\/brasilnoticias.org\/site\/\",\"logo\":{\"@type\":\"ImageObject\",\"inLanguage\":\"pt-PT\",\"@id\":\"https:\/\/brasilnoticias.org\/site\/#\/schema\/logo\/image\/\",\"url\":\"https:\/\/brasilnoticias.org\/site\/wp-content\/uploads\/2022\/05\/cropped-brasilnoticias-mini.jpg\",\"contentUrl\":\"https:\/\/brasilnoticias.org\/site\/wp-content\/uploads\/2022\/05\/cropped-brasilnoticias-mini.jpg\",\"width\":314,\"height\":86,\"caption\":\"Brasil not\u00edcias\"},\"image\":{\"@id\":\"https:\/\/brasilnoticias.org\/site\/#\/schema\/logo\/image\/\"}},{\"@type\":\"Person\",\"@id\":\"https:\/\/brasilnoticias.org\/site\/#\/schema\/person\/a0e05b973ec4d15c658d51911e53507b\",\"name\":\"Reda\u00e7\u00e3o\",\"image\":{\"@type\":\"ImageObject\",\"inLanguage\":\"pt-PT\",\"@id\":\"https:\/\/brasilnoticias.org\/site\/#\/schema\/person\/image\/\",\"url\":\"https:\/\/secure.gravatar.com\/avatar\/75d8b050df2de108b08ae78dfb8e374892df24a383c67db9c46a9c604f6aee9c?s=96&d=mm&r=g\",\"contentUrl\":\"https:\/\/secure.gravatar.com\/avatar\/75d8b050df2de108b08ae78dfb8e374892df24a383c67db9c46a9c604f6aee9c?s=96&d=mm&r=g\",\"caption\":\"Reda\u00e7\u00e3o\"},\"sameAs\":[\"https:\/\/brasilnoticias.org\/site\"],\"url\":\"https:\/\/brasilnoticias.org\/site\/author\/fernandozsngmail-com\/\"}]}<\/script>\n<!-- \/ Yoast SEO plugin. -->","yoast_head_json":{"title":"Terremoto no sul da Turquia deixa mais de 600 mortos e destr\u00f3i cidades - Brasil not\u00edcias","robots":{"index":"index","follow":"follow","max-snippet":"max-snippet:-1","max-image-preview":"max-image-preview:large","max-video-preview":"max-video-preview:-1"},"canonical":"https:\/\/brasilnoticias.org\/site\/terremoto-no-sul-da-turquia-deixa-mais-de-600-mortos-e-destroi-cidades\/","og_locale":"pt_PT","og_type":"article","og_title":"Terremoto no sul da Turquia deixa mais de 600 mortos e destr\u00f3i cidades - Brasil not\u00edcias","og_description":"Um forte terremoto, de magnitude 7,9, atingiu na madrugada desta segunda-feira (6), ainda noite de domingo (5) no Brasil, o","og_url":"https:\/\/brasilnoticias.org\/site\/terremoto-no-sul-da-turquia-deixa-mais-de-600-mortos-e-destroi-cidades\/","og_site_name":"Brasil not\u00edcias","article_published_time":"2023-02-06T21:20:11+00:00","og_image":[{"width":960,"height":540,"url":"https:\/\/brasilnoticias.org\/site\/wp-content\/uploads\/2023\/02\/naom_5fec3da8586f0.jpg","type":"image\/jpeg"}],"author":"Reda\u00e7\u00e3o","twitter_card":"summary_large_image","twitter_misc":{"Escrito por":"Reda\u00e7\u00e3o","Tempo estimado de leitura":"3 minutos"},"schema":{"@context":"https:\/\/schema.org","@graph":[{"@type":"Article","@id":"https:\/\/brasilnoticias.org\/site\/terremoto-no-sul-da-turquia-deixa-mais-de-600-mortos-e-destroi-cidades\/#article","isPartOf":{"@id":"https:\/\/brasilnoticias.org\/site\/terremoto-no-sul-da-turquia-deixa-mais-de-600-mortos-e-destroi-cidades\/"},"author":{"name":"Reda\u00e7\u00e3o","@id":"https:\/\/brasilnoticias.org\/site\/#\/schema\/person\/a0e05b973ec4d15c658d51911e53507b"},"headline":"Terremoto no sul da Turquia deixa mais de 600 mortos e destr\u00f3i cidades","datePublished":"2023-02-06T21:20:11+00:00","mainEntityOfPage":{"@id":"https:\/\/brasilnoticias.org\/site\/terremoto-no-sul-da-turquia-deixa-mais-de-600-mortos-e-destroi-cidades\/"},"wordCount":603,"commentCount":0,"publisher":{"@id":"https:\/\/brasilnoticias.org\/site\/#organization"},"image":{"@id":"https:\/\/brasilnoticias.org\/site\/terremoto-no-sul-da-turquia-deixa-mais-de-600-mortos-e-destroi-cidades\/#primaryimage"},"thumbnailUrl":"https:\/\/brasilnoticias.org\/site\/wp-content\/uploads\/2023\/02\/naom_5fec3da8586f0.jpg","articleSection":["Mundo","\u00daltimas"],"inLanguage":"pt-PT","potentialAction":[{"@type":"CommentAction","name":"Comment","target":["https:\/\/brasilnoticias.org\/site\/terremoto-no-sul-da-turquia-deixa-mais-de-600-mortos-e-destroi-cidades\/#respond"]}]},{"@type":"WebPage","@id":"https:\/\/brasilnoticias.org\/site\/terremoto-no-sul-da-turquia-deixa-mais-de-600-mortos-e-destroi-cidades\/","url":"https:\/\/brasilnoticias.org\/site\/terremoto-no-sul-da-turquia-deixa-mais-de-600-mortos-e-destroi-cidades\/","name":"Terremoto no sul da Turquia deixa mais de 600 mortos e destr\u00f3i cidades - Brasil not\u00edcias","isPartOf":{"@id":"https:\/\/brasilnoticias.org\/site\/#website"},"primaryImageOfPage":{"@id":"https:\/\/brasilnoticias.org\/site\/terremoto-no-sul-da-turquia-deixa-mais-de-600-mortos-e-destroi-cidades\/#primaryimage"},"image":{"@id":"https:\/\/brasilnoticias.org\/site\/terremoto-no-sul-da-turquia-deixa-mais-de-600-mortos-e-destroi-cidades\/#primaryimage"},"thumbnailUrl":"https:\/\/brasilnoticias.org\/site\/wp-content\/uploads\/2023\/02\/naom_5fec3da8586f0.jpg","datePublished":"2023-02-06T21:20:11+00:00","breadcrumb":{"@id":"https:\/\/brasilnoticias.org\/site\/terremoto-no-sul-da-turquia-deixa-mais-de-600-mortos-e-destroi-cidades\/#breadcrumb"},"inLanguage":"pt-PT","potentialAction":[{"@type":"ReadAction","target":["https:\/\/brasilnoticias.org\/site\/terremoto-no-sul-da-turquia-deixa-mais-de-600-mortos-e-destroi-cidades\/"]}]},{"@type":"ImageObject","inLanguage":"pt-PT","@id":"https:\/\/brasilnoticias.org\/site\/terremoto-no-sul-da-turquia-deixa-mais-de-600-mortos-e-destroi-cidades\/#primaryimage","url":"https:\/\/brasilnoticias.org\/site\/wp-content\/uploads\/2023\/02\/naom_5fec3da8586f0.jpg","contentUrl":"https:\/\/brasilnoticias.org\/site\/wp-content\/uploads\/2023\/02\/naom_5fec3da8586f0.jpg","width":960,"height":540},{"@type":"BreadcrumbList","@id":"https:\/\/brasilnoticias.org\/site\/terremoto-no-sul-da-turquia-deixa-mais-de-600-mortos-e-destroi-cidades\/#breadcrumb","itemListElement":[{"@type":"ListItem","position":1,"name":"In\u00edcio","item":"https:\/\/brasilnoticias.org\/site\/"},{"@type":"ListItem","position":2,"name":"Terremoto no sul da Turquia deixa mais de 600 mortos e destr\u00f3i cidades"}]},{"@type":"WebSite","@id":"https:\/\/brasilnoticias.org\/site\/#website","url":"https:\/\/brasilnoticias.org\/site\/","name":"Brasil not\u00edcias","description":"Brasil not\u00edcias","publisher":{"@id":"https:\/\/brasilnoticias.org\/site\/#organization"},"potentialAction":[{"@type":"SearchAction","target":{"@type":"EntryPoint","urlTemplate":"https:\/\/brasilnoticias.org\/site\/?s={search_term_string}"},"query-input":{"@type":"PropertyValueSpecification","valueRequired":true,"valueName":"search_term_string"}}],"inLanguage":"pt-PT"},{"@type":"Organization","@id":"https:\/\/brasilnoticias.org\/site\/#organization","name":"Brasil not\u00edcias","url":"https:\/\/brasilnoticias.org\/site\/","logo":{"@type":"ImageObject","inLanguage":"pt-PT","@id":"https:\/\/brasilnoticias.org\/site\/#\/schema\/logo\/image\/","url":"https:\/\/brasilnoticias.org\/site\/wp-content\/uploads\/2022\/05\/cropped-brasilnoticias-mini.jpg","contentUrl":"https:\/\/brasilnoticias.org\/site\/wp-content\/uploads\/2022\/05\/cropped-brasilnoticias-mini.jpg","width":314,"height":86,"caption":"Brasil not\u00edcias"},"image":{"@id":"https:\/\/brasilnoticias.org\/site\/#\/schema\/logo\/image\/"}},{"@type":"Person","@id":"https:\/\/brasilnoticias.org\/site\/#\/schema\/person\/a0e05b973ec4d15c658d51911e53507b","name":"Reda\u00e7\u00e3o","image":{"@type":"ImageObject","inLanguage":"pt-PT","@id":"https:\/\/brasilnoticias.org\/site\/#\/schema\/person\/image\/","url":"https:\/\/secure.gravatar.com\/avatar\/75d8b050df2de108b08ae78dfb8e374892df24a383c67db9c46a9c604f6aee9c?s=96&d=mm&r=g","contentUrl":"https:\/\/secure.gravatar.com\/avatar\/75d8b050df2de108b08ae78dfb8e374892df24a383c67db9c46a9c604f6aee9c?s=96&d=mm&r=g","caption":"Reda\u00e7\u00e3o"},"sameAs":["https:\/\/brasilnoticias.org\/site"],"url":"https:\/\/brasilnoticias.org\/site\/author\/fernandozsngmail-com\/"}]}},"_links":{"self":[{"href":"https:\/\/brasilnoticias.org\/site\/wp-json\/wp\/v2\/posts\/3735","targetHints":{"allow":["GET"]}}],"collection":[{"href":"https:\/\/brasilnoticias.org\/site\/wp-json\/wp\/v2\/posts"}],"about":[{"href":"https:\/\/brasilnoticias.org\/site\/wp-json\/wp\/v2\/types\/post"}],"author":[{"embeddable":true,"href":"https:\/\/brasilnoticias.org\/site\/wp-json\/wp\/v2\/users\/1"}],"replies":[{"embeddable":true,"href":"https:\/\/brasilnoticias.org\/site\/wp-json\/wp\/v2\/comments?post=3735"}],"version-history":[{"count":1,"href":"https:\/\/brasilnoticias.org\/site\/wp-json\/wp\/v2\/posts\/3735\/revisions"}],"predecessor-version":[{"id":3737,"href":"https:\/\/brasilnoticias.org\/site\/wp-json\/wp\/v2\/posts\/3735\/revisions\/3737"}],"wp:featuredmedia":[{"embeddable":true,"href":"https:\/\/brasilnoticias.org\/site\/wp-json\/wp\/v2\/media\/3736"}],"wp:attachment":[{"href":"https:\/\/brasilnoticias.org\/site\/wp-json\/wp\/v2\/media?parent=3735"}],"wp:term":[{"taxonomy":"category","embeddable":true,"href":"https:\/\/brasilnoticias.org\/site\/wp-json\/wp\/v2\/categories?post=3735"},{"taxonomy":"post_tag","embeddable":true,"href":"https:\/\/brasilnoticias.org\/site\/wp-json\/wp\/v2\/tags?post=3735"}],"curies":[{"name":"wp","href":"https:\/\/api.w.org\/{rel}","templated":true}]}}