{"id":3738,"date":"2023-02-06T18:30:28","date_gmt":"2023-02-06T21:30:28","guid":{"rendered":"https:\/\/brasilnoticias.org\/site\/?p=3738"},"modified":"2023-02-06T10:03:59","modified_gmt":"2023-02-06T13:03:59","slug":"censo-em-portugal-revela-que-faxina-e-principal-ocupacao-para-brasileiros-no-pais","status":"publish","type":"post","link":"https:\/\/brasilnoticias.org\/site\/censo-em-portugal-revela-que-faxina-e-principal-ocupacao-para-brasileiros-no-pais\/","title":{"rendered":"Censo em Portugal revela que faxina \u00e9 principal ocupa\u00e7\u00e3o para brasileiros no pa\u00eds"},"content":{"rendered":"<p>No fluxo crescente de brasileiros que se mudam para Portugal, em meio a um perfil que vem se diversificando, a ocupa\u00e7\u00e3o mais comum entre quem se instala \u00e9 a de trabalhador de limpeza. A \u00faltima edi\u00e7\u00e3o dos Censos, realizada em 2021 e cujos resultados est\u00e3o em fase de divulga\u00e7\u00e3o, mostra que 8,4% dos cidad\u00e3os do Brasil no pa\u00eds europeu informam atuar no setor.<\/p>\n<p>A faxina em casas particulares, hot\u00e9is e escrit\u00f3rios \u00e9 a atividade desempenhada pela maioria dos imigrantes em Portugal. Em recortes por nacionalidade, \u00e9 a mais comum para cidad\u00e3os de 7 das 15 mais representativas no pa\u00eds, incluindo a brasileira \u2013dos que se mudaram de Sao Tome e Principe, Cabo Verde e Guine-Bissau, mais de 22% trabalham com isso.<\/p>\n<p>S\u00e3o a ampla oferta de vagas e a possibilidade de come\u00e7ar na fun\u00e7\u00e3o ainda sem permiss\u00e3o para residir legalmente em Portugal que fazem com que a limpeza atraia muitos estrangeiros rec\u00e9m-chegados.<\/p>\n<p>Foi o que viveu a maranhense Samy Nunes, 28. Subgerente de uma loja no Distrito Federal, ela jamais havia trabalhado com faxina at\u00e9 se mudar para Portugal, em 2018. &#8220;Comecei porque foi o que apareceu. Quem chega como eu, sem visto de trabalho, n\u00e3o tem muita op\u00e7\u00e3o, era isso ou procurar emprego em restaurantes \u2013o que eu n\u00e3o queria, porque \u00e9 algo mais estressante e puxado&#8221;, diz ela. O marido seguiu o mesmo caminho.<\/p>\n<p>Al\u00e9m de ser contratada para limpar um quartel de bombeiros em Cascais, onde ficava por 8 horas por semana, a brasileira tamb\u00e9m fazia limpeza em casas particulares, para engrossar os rendimentos.<\/p>\n<p>&#8220;Em algumas eu cobrava EUR 10 [R$ 56] por hora. No fim, j\u00e1 dava para tirar um bom dinheiro. Era cansativo, mas valia a pena&#8221;, conta Samy, que acabou virando influenciadora digital gra\u00e7as aos v\u00eddeos bem-humorados compartilhando a rotina como faxineira imigrante em Portugal.<\/p>\n<p>H\u00e1 cerca de um ano ela passou a se dedicar s\u00f3 aos trabalhos na internet \u2013tem 42 mil seguidores no Instagram\u2013 e a sua empresa de venda de passagens a\u00e9reas. &#8220;Nunca tive vergonha de postar que eu trabalhava com limpeza. Era de onde vinha meu dinheiro&#8221;, diz. &#8220;J\u00e1 sofri preconceito em Portugal por outras quest\u00f5es, por ser brasileira, mas nunca por ser diarista.&#8221;<\/p>\n<p>Propriet\u00e1ria de uma franquia de limpeza em Braga, no norte do pa\u00eds, a empres\u00e1ria carioca M\u00e1rcia Tibau tamb\u00e9m aponta que, em geral, a profiss\u00e3o \u00e9 encarada com menos estigma no pa\u00eds europeu do que no Brasil. &#8220;Clientes meus j\u00e1 me procuraram pedindo emprego para parentes. Dois indicaram as filhas, que tinham terminado a faculdade e estavam desempregadas, e outro a m\u00e3e.&#8221;<\/p>\n<p>A empresa, voltada ao segmento de classe m\u00e9dia alta, s\u00f3 tem imigrantes brasileiras como funcion\u00e1rias. Segundo Tibau, como muitas dessas mulheres chegavam a Portugal sem ter ideia do processo de regulariza\u00e7\u00e3o, ela contratou um advogado para elaborar uma esp\u00e9cie de cartilha com o passo a passo dos tr\u00e2mites e dar apoio em outras quest\u00f5es migrat\u00f3rias.<\/p>\n<p>Na avalia\u00e7\u00e3o da empres\u00e1ria, os hor\u00e1rios de trabalho tamb\u00e9m ajudam no potencial de atra\u00e7\u00e3o da atividade. &#8220;Para imigrantes h\u00e1 muitas vagas em f\u00e1bricas, que na maioria das vezes exigem experi\u00eancia e documenta\u00e7\u00e3o regular, mudam a escala de trabalho a cada semana. O mesmo com restaurantes e lojas, que tamb\u00e9m adotam o hor\u00e1rio repartido [jornada dividida em dois per\u00edodos, com intervalo n\u00e3o remunerado entre eles].&#8221;<\/p>\n<p>O mercado de trabalho formal portugu\u00eas tamb\u00e9m tem dificuldades de inser\u00e7\u00e3o para imigrantes, al\u00e9m da baixa remunera\u00e7\u00e3o em muitas atividades \u2013um quarto dos trabalhadores recebe o sal\u00e1rio m\u00ednimo, de EUR 760 (R$ 4.200) com direito a 13\u00ba e 14\u00ba. Assim, muitos estrangeiros, mesmo em situa\u00e7\u00e3o regular e com ensino superior completo, preferem atuar com limpeza, que oferece flexibilidade e, a depender do ritmo de trabalho, ganhos superiores ao sal\u00e1rio m\u00ednimo.<\/p>\n<p>Entidades de apoio a imigrantes destacam que o reconhecimento profissional em \u00e1reas mais qualificadas \u00e9 um dos grandes desafios em Portugal. Segundo um relat\u00f3rio de 2020 da OIT (Organiza\u00e7\u00e3o Internacional do Trabalho), quem vem de fora recebe um sal\u00e1rio 29% menor do que os portugueses.<\/p>\n<p>De acordo com os Censos, a popula\u00e7\u00e3o estrangeira residente \u00e9 at\u00e9 um pouco mais escolarizada do que a local: 39,6% dos migrantes declaram ter ensino m\u00e9dio completo, ante 30,8% dos portugueses. Em termos de ensino superior, as propor\u00e7\u00f5es s\u00e3o semelhantes, com 24,2% dos estrangeiros e 24,1% dos portugueses com esse n\u00edvel de escolaridade \u2013entre os imigrantes brasileiros, o \u00edndice \u00e9 de 24,6%.<\/p>\n<p>De modo geral, o perfil de brasileiros residentes em Portugal espelha a disparidade social e econ\u00f4mica do outro lado do Atl\u00e2ntico. Ainda que a atividade prevalente seja a de trabalhador de limpeza, cidad\u00e3os do Brasil se destacam tamb\u00e9m em rankings de investimentos de luxo em Portugal.<\/p>\n<p>Ficam atr\u00e1s s\u00f3 dos chineses, por exemplo, na concess\u00e3o dos chamados vistos gold, uma autoriza\u00e7\u00e3o de resid\u00eancia que tem como principal via de obten\u00e7\u00e3o a compra de ao menos EUR 500 mil (R$ 2,8 milh\u00f5es) em im\u00f3veis. De outubro de 2012 a agosto de 2022, os brasileiros investiram mais de EUR 870 milh\u00f5es (R$ 4,8 bilh\u00f5es) no programa.<\/p>\n<p>A contagem populacional do INE (Instituto Nacional de Estat\u00edstica), respons\u00e1vel pelos Censos, indica que a comunidade brasileira \u00e9 a principal entre os imigrantes, respondendo por 36,9% do total de 542.165 estrangeiros vivendo no pa\u00eds.<\/p>\n<p>Os dados diferem para menos em rela\u00e7\u00e3o \u00e0s cifras do SEF (Servi\u00e7o de Estrangeiros e Fronteiras), que gere a imigra\u00e7\u00e3o em Portugal \u2013elas indicavam, no fim de 2021, 698.536 estrangeiros legalmente residentes. A participa\u00e7\u00e3o nos Censos \u00e9 obrigat\u00f3ria mesmo para quem est\u00e1 em situa\u00e7\u00e3o irregular, mas o fato de o levantamento ter sido feito principalmente pela internet, dependendo de as pessoas acessarem o site do INE para preencher os dados por conta pr\u00f3pria, pode ter contribu\u00eddo para a diferen\u00e7a.<\/p>\n<p>Not\u00edcias ao minuto<\/p>\n<p>Foto iStock<\/p>\n","protected":false},"excerpt":{"rendered":"<p>No fluxo crescente de brasileiros que se mudam para Portugal, em meio a um perfil que vem se diversificando, a<\/p>\n","protected":false},"author":1,"featured_media":3739,"comment_status":"open","ping_status":"open","sticky":false,"template":"","format":"standard","meta":{"colormag_page_container_layout":"default_layout","colormag_page_sidebar_layout":"default_layout","_FSMCFIC_featured_image_caption":"","_FSMCFIC_featured_image_nocaption":"","_FSMCFIC_featured_image_hide":"","footnotes":""},"categories":[2,1],"tags":[],"class_list":["post-3738","post","type-post","status-publish","format-standard","has-post-thumbnail","hentry","category-noticias","category-ultimas"],"yoast_head":"<!-- This site is optimized with the Yoast SEO plugin v27.1.1 - https:\/\/yoast.com\/product\/yoast-seo-wordpress\/ -->\n<title>Censo em Portugal revela que faxina \u00e9 principal ocupa\u00e7\u00e3o para brasileiros no pa\u00eds - Brasil not\u00edcias<\/title>\n<meta name=\"robots\" content=\"index, follow, max-snippet:-1, max-image-preview:large, max-video-preview:-1\" \/>\n<link rel=\"canonical\" href=\"https:\/\/brasilnoticias.org\/site\/censo-em-portugal-revela-que-faxina-e-principal-ocupacao-para-brasileiros-no-pais\/\" \/>\n<meta property=\"og:locale\" content=\"pt_PT\" \/>\n<meta property=\"og:type\" content=\"article\" \/>\n<meta property=\"og:title\" content=\"Censo em Portugal revela que faxina \u00e9 principal ocupa\u00e7\u00e3o para brasileiros no pa\u00eds - Brasil not\u00edcias\" \/>\n<meta property=\"og:description\" content=\"No fluxo crescente de brasileiros que se mudam para Portugal, em meio a um perfil que vem se diversificando, a\" \/>\n<meta property=\"og:url\" content=\"https:\/\/brasilnoticias.org\/site\/censo-em-portugal-revela-que-faxina-e-principal-ocupacao-para-brasileiros-no-pais\/\" \/>\n<meta property=\"og:site_name\" content=\"Brasil not\u00edcias\" \/>\n<meta property=\"article:published_time\" content=\"2023-02-06T21:30:28+00:00\" \/>\n<meta property=\"og:image\" content=\"https:\/\/brasilnoticias.org\/site\/wp-content\/uploads\/2023\/02\/naom_5b474a590fd17.jpg\" \/>\n\t<meta property=\"og:image:width\" content=\"960\" \/>\n\t<meta property=\"og:image:height\" content=\"540\" \/>\n\t<meta property=\"og:image:type\" content=\"image\/jpeg\" \/>\n<meta name=\"author\" content=\"Reda\u00e7\u00e3o\" \/>\n<meta name=\"twitter:card\" content=\"summary_large_image\" \/>\n<meta name=\"twitter:label1\" content=\"Escrito por\" \/>\n\t<meta name=\"twitter:data1\" content=\"Reda\u00e7\u00e3o\" \/>\n\t<meta name=\"twitter:label2\" content=\"Tempo estimado de leitura\" \/>\n\t<meta name=\"twitter:data2\" content=\"5 minutos\" \/>\n<script type=\"application\/ld+json\" class=\"yoast-schema-graph\">{\"@context\":\"https:\/\/schema.org\",\"@graph\":[{\"@type\":\"Article\",\"@id\":\"https:\/\/brasilnoticias.org\/site\/censo-em-portugal-revela-que-faxina-e-principal-ocupacao-para-brasileiros-no-pais\/#article\",\"isPartOf\":{\"@id\":\"https:\/\/brasilnoticias.org\/site\/censo-em-portugal-revela-que-faxina-e-principal-ocupacao-para-brasileiros-no-pais\/\"},\"author\":{\"name\":\"Reda\u00e7\u00e3o\",\"@id\":\"https:\/\/brasilnoticias.org\/site\/#\/schema\/person\/a0e05b973ec4d15c658d51911e53507b\"},\"headline\":\"Censo em Portugal revela que faxina \u00e9 principal ocupa\u00e7\u00e3o para brasileiros no pa\u00eds\",\"datePublished\":\"2023-02-06T21:30:28+00:00\",\"mainEntityOfPage\":{\"@id\":\"https:\/\/brasilnoticias.org\/site\/censo-em-portugal-revela-que-faxina-e-principal-ocupacao-para-brasileiros-no-pais\/\"},\"wordCount\":1010,\"commentCount\":0,\"publisher\":{\"@id\":\"https:\/\/brasilnoticias.org\/site\/#organization\"},\"image\":{\"@id\":\"https:\/\/brasilnoticias.org\/site\/censo-em-portugal-revela-que-faxina-e-principal-ocupacao-para-brasileiros-no-pais\/#primaryimage\"},\"thumbnailUrl\":\"https:\/\/brasilnoticias.org\/site\/wp-content\/uploads\/2023\/02\/naom_5b474a590fd17.jpg\",\"articleSection\":[\"Not\u00edcias\",\"\u00daltimas\"],\"inLanguage\":\"pt-PT\",\"potentialAction\":[{\"@type\":\"CommentAction\",\"name\":\"Comment\",\"target\":[\"https:\/\/brasilnoticias.org\/site\/censo-em-portugal-revela-que-faxina-e-principal-ocupacao-para-brasileiros-no-pais\/#respond\"]}]},{\"@type\":\"WebPage\",\"@id\":\"https:\/\/brasilnoticias.org\/site\/censo-em-portugal-revela-que-faxina-e-principal-ocupacao-para-brasileiros-no-pais\/\",\"url\":\"https:\/\/brasilnoticias.org\/site\/censo-em-portugal-revela-que-faxina-e-principal-ocupacao-para-brasileiros-no-pais\/\",\"name\":\"Censo em Portugal revela que faxina \u00e9 principal ocupa\u00e7\u00e3o para brasileiros no pa\u00eds - Brasil not\u00edcias\",\"isPartOf\":{\"@id\":\"https:\/\/brasilnoticias.org\/site\/#website\"},\"primaryImageOfPage\":{\"@id\":\"https:\/\/brasilnoticias.org\/site\/censo-em-portugal-revela-que-faxina-e-principal-ocupacao-para-brasileiros-no-pais\/#primaryimage\"},\"image\":{\"@id\":\"https:\/\/brasilnoticias.org\/site\/censo-em-portugal-revela-que-faxina-e-principal-ocupacao-para-brasileiros-no-pais\/#primaryimage\"},\"thumbnailUrl\":\"https:\/\/brasilnoticias.org\/site\/wp-content\/uploads\/2023\/02\/naom_5b474a590fd17.jpg\",\"datePublished\":\"2023-02-06T21:30:28+00:00\",\"breadcrumb\":{\"@id\":\"https:\/\/brasilnoticias.org\/site\/censo-em-portugal-revela-que-faxina-e-principal-ocupacao-para-brasileiros-no-pais\/#breadcrumb\"},\"inLanguage\":\"pt-PT\",\"potentialAction\":[{\"@type\":\"ReadAction\",\"target\":[\"https:\/\/brasilnoticias.org\/site\/censo-em-portugal-revela-que-faxina-e-principal-ocupacao-para-brasileiros-no-pais\/\"]}]},{\"@type\":\"ImageObject\",\"inLanguage\":\"pt-PT\",\"@id\":\"https:\/\/brasilnoticias.org\/site\/censo-em-portugal-revela-que-faxina-e-principal-ocupacao-para-brasileiros-no-pais\/#primaryimage\",\"url\":\"https:\/\/brasilnoticias.org\/site\/wp-content\/uploads\/2023\/02\/naom_5b474a590fd17.jpg\",\"contentUrl\":\"https:\/\/brasilnoticias.org\/site\/wp-content\/uploads\/2023\/02\/naom_5b474a590fd17.jpg\",\"width\":960,\"height\":540},{\"@type\":\"BreadcrumbList\",\"@id\":\"https:\/\/brasilnoticias.org\/site\/censo-em-portugal-revela-que-faxina-e-principal-ocupacao-para-brasileiros-no-pais\/#breadcrumb\",\"itemListElement\":[{\"@type\":\"ListItem\",\"position\":1,\"name\":\"In\u00edcio\",\"item\":\"https:\/\/brasilnoticias.org\/site\/\"},{\"@type\":\"ListItem\",\"position\":2,\"name\":\"Censo em Portugal revela que faxina \u00e9 principal ocupa\u00e7\u00e3o para brasileiros no pa\u00eds\"}]},{\"@type\":\"WebSite\",\"@id\":\"https:\/\/brasilnoticias.org\/site\/#website\",\"url\":\"https:\/\/brasilnoticias.org\/site\/\",\"name\":\"Brasil not\u00edcias\",\"description\":\"Brasil not\u00edcias\",\"publisher\":{\"@id\":\"https:\/\/brasilnoticias.org\/site\/#organization\"},\"potentialAction\":[{\"@type\":\"SearchAction\",\"target\":{\"@type\":\"EntryPoint\",\"urlTemplate\":\"https:\/\/brasilnoticias.org\/site\/?s={search_term_string}\"},\"query-input\":{\"@type\":\"PropertyValueSpecification\",\"valueRequired\":true,\"valueName\":\"search_term_string\"}}],\"inLanguage\":\"pt-PT\"},{\"@type\":\"Organization\",\"@id\":\"https:\/\/brasilnoticias.org\/site\/#organization\",\"name\":\"Brasil not\u00edcias\",\"url\":\"https:\/\/brasilnoticias.org\/site\/\",\"logo\":{\"@type\":\"ImageObject\",\"inLanguage\":\"pt-PT\",\"@id\":\"https:\/\/brasilnoticias.org\/site\/#\/schema\/logo\/image\/\",\"url\":\"https:\/\/brasilnoticias.org\/site\/wp-content\/uploads\/2022\/05\/cropped-brasilnoticias-mini.jpg\",\"contentUrl\":\"https:\/\/brasilnoticias.org\/site\/wp-content\/uploads\/2022\/05\/cropped-brasilnoticias-mini.jpg\",\"width\":314,\"height\":86,\"caption\":\"Brasil not\u00edcias\"},\"image\":{\"@id\":\"https:\/\/brasilnoticias.org\/site\/#\/schema\/logo\/image\/\"}},{\"@type\":\"Person\",\"@id\":\"https:\/\/brasilnoticias.org\/site\/#\/schema\/person\/a0e05b973ec4d15c658d51911e53507b\",\"name\":\"Reda\u00e7\u00e3o\",\"image\":{\"@type\":\"ImageObject\",\"inLanguage\":\"pt-PT\",\"@id\":\"https:\/\/brasilnoticias.org\/site\/#\/schema\/person\/image\/\",\"url\":\"https:\/\/secure.gravatar.com\/avatar\/75d8b050df2de108b08ae78dfb8e374892df24a383c67db9c46a9c604f6aee9c?s=96&d=mm&r=g\",\"contentUrl\":\"https:\/\/secure.gravatar.com\/avatar\/75d8b050df2de108b08ae78dfb8e374892df24a383c67db9c46a9c604f6aee9c?s=96&d=mm&r=g\",\"caption\":\"Reda\u00e7\u00e3o\"},\"sameAs\":[\"https:\/\/brasilnoticias.org\/site\"],\"url\":\"https:\/\/brasilnoticias.org\/site\/author\/fernandozsngmail-com\/\"}]}<\/script>\n<!-- \/ Yoast SEO plugin. -->","yoast_head_json":{"title":"Censo em Portugal revela que faxina \u00e9 principal ocupa\u00e7\u00e3o para brasileiros no pa\u00eds - Brasil not\u00edcias","robots":{"index":"index","follow":"follow","max-snippet":"max-snippet:-1","max-image-preview":"max-image-preview:large","max-video-preview":"max-video-preview:-1"},"canonical":"https:\/\/brasilnoticias.org\/site\/censo-em-portugal-revela-que-faxina-e-principal-ocupacao-para-brasileiros-no-pais\/","og_locale":"pt_PT","og_type":"article","og_title":"Censo em Portugal revela que faxina \u00e9 principal ocupa\u00e7\u00e3o para brasileiros no pa\u00eds - Brasil not\u00edcias","og_description":"No fluxo crescente de brasileiros que se mudam para Portugal, em meio a um perfil que vem se diversificando, a","og_url":"https:\/\/brasilnoticias.org\/site\/censo-em-portugal-revela-que-faxina-e-principal-ocupacao-para-brasileiros-no-pais\/","og_site_name":"Brasil not\u00edcias","article_published_time":"2023-02-06T21:30:28+00:00","og_image":[{"width":960,"height":540,"url":"https:\/\/brasilnoticias.org\/site\/wp-content\/uploads\/2023\/02\/naom_5b474a590fd17.jpg","type":"image\/jpeg"}],"author":"Reda\u00e7\u00e3o","twitter_card":"summary_large_image","twitter_misc":{"Escrito por":"Reda\u00e7\u00e3o","Tempo estimado de leitura":"5 minutos"},"schema":{"@context":"https:\/\/schema.org","@graph":[{"@type":"Article","@id":"https:\/\/brasilnoticias.org\/site\/censo-em-portugal-revela-que-faxina-e-principal-ocupacao-para-brasileiros-no-pais\/#article","isPartOf":{"@id":"https:\/\/brasilnoticias.org\/site\/censo-em-portugal-revela-que-faxina-e-principal-ocupacao-para-brasileiros-no-pais\/"},"author":{"name":"Reda\u00e7\u00e3o","@id":"https:\/\/brasilnoticias.org\/site\/#\/schema\/person\/a0e05b973ec4d15c658d51911e53507b"},"headline":"Censo em Portugal revela que faxina \u00e9 principal ocupa\u00e7\u00e3o para brasileiros no pa\u00eds","datePublished":"2023-02-06T21:30:28+00:00","mainEntityOfPage":{"@id":"https:\/\/brasilnoticias.org\/site\/censo-em-portugal-revela-que-faxina-e-principal-ocupacao-para-brasileiros-no-pais\/"},"wordCount":1010,"commentCount":0,"publisher":{"@id":"https:\/\/brasilnoticias.org\/site\/#organization"},"image":{"@id":"https:\/\/brasilnoticias.org\/site\/censo-em-portugal-revela-que-faxina-e-principal-ocupacao-para-brasileiros-no-pais\/#primaryimage"},"thumbnailUrl":"https:\/\/brasilnoticias.org\/site\/wp-content\/uploads\/2023\/02\/naom_5b474a590fd17.jpg","articleSection":["Not\u00edcias","\u00daltimas"],"inLanguage":"pt-PT","potentialAction":[{"@type":"CommentAction","name":"Comment","target":["https:\/\/brasilnoticias.org\/site\/censo-em-portugal-revela-que-faxina-e-principal-ocupacao-para-brasileiros-no-pais\/#respond"]}]},{"@type":"WebPage","@id":"https:\/\/brasilnoticias.org\/site\/censo-em-portugal-revela-que-faxina-e-principal-ocupacao-para-brasileiros-no-pais\/","url":"https:\/\/brasilnoticias.org\/site\/censo-em-portugal-revela-que-faxina-e-principal-ocupacao-para-brasileiros-no-pais\/","name":"Censo em Portugal revela que faxina \u00e9 principal ocupa\u00e7\u00e3o para brasileiros no pa\u00eds - Brasil not\u00edcias","isPartOf":{"@id":"https:\/\/brasilnoticias.org\/site\/#website"},"primaryImageOfPage":{"@id":"https:\/\/brasilnoticias.org\/site\/censo-em-portugal-revela-que-faxina-e-principal-ocupacao-para-brasileiros-no-pais\/#primaryimage"},"image":{"@id":"https:\/\/brasilnoticias.org\/site\/censo-em-portugal-revela-que-faxina-e-principal-ocupacao-para-brasileiros-no-pais\/#primaryimage"},"thumbnailUrl":"https:\/\/brasilnoticias.org\/site\/wp-content\/uploads\/2023\/02\/naom_5b474a590fd17.jpg","datePublished":"2023-02-06T21:30:28+00:00","breadcrumb":{"@id":"https:\/\/brasilnoticias.org\/site\/censo-em-portugal-revela-que-faxina-e-principal-ocupacao-para-brasileiros-no-pais\/#breadcrumb"},"inLanguage":"pt-PT","potentialAction":[{"@type":"ReadAction","target":["https:\/\/brasilnoticias.org\/site\/censo-em-portugal-revela-que-faxina-e-principal-ocupacao-para-brasileiros-no-pais\/"]}]},{"@type":"ImageObject","inLanguage":"pt-PT","@id":"https:\/\/brasilnoticias.org\/site\/censo-em-portugal-revela-que-faxina-e-principal-ocupacao-para-brasileiros-no-pais\/#primaryimage","url":"https:\/\/brasilnoticias.org\/site\/wp-content\/uploads\/2023\/02\/naom_5b474a590fd17.jpg","contentUrl":"https:\/\/brasilnoticias.org\/site\/wp-content\/uploads\/2023\/02\/naom_5b474a590fd17.jpg","width":960,"height":540},{"@type":"BreadcrumbList","@id":"https:\/\/brasilnoticias.org\/site\/censo-em-portugal-revela-que-faxina-e-principal-ocupacao-para-brasileiros-no-pais\/#breadcrumb","itemListElement":[{"@type":"ListItem","position":1,"name":"In\u00edcio","item":"https:\/\/brasilnoticias.org\/site\/"},{"@type":"ListItem","position":2,"name":"Censo em Portugal revela que faxina \u00e9 principal ocupa\u00e7\u00e3o para brasileiros no pa\u00eds"}]},{"@type":"WebSite","@id":"https:\/\/brasilnoticias.org\/site\/#website","url":"https:\/\/brasilnoticias.org\/site\/","name":"Brasil not\u00edcias","description":"Brasil not\u00edcias","publisher":{"@id":"https:\/\/brasilnoticias.org\/site\/#organization"},"potentialAction":[{"@type":"SearchAction","target":{"@type":"EntryPoint","urlTemplate":"https:\/\/brasilnoticias.org\/site\/?s={search_term_string}"},"query-input":{"@type":"PropertyValueSpecification","valueRequired":true,"valueName":"search_term_string"}}],"inLanguage":"pt-PT"},{"@type":"Organization","@id":"https:\/\/brasilnoticias.org\/site\/#organization","name":"Brasil not\u00edcias","url":"https:\/\/brasilnoticias.org\/site\/","logo":{"@type":"ImageObject","inLanguage":"pt-PT","@id":"https:\/\/brasilnoticias.org\/site\/#\/schema\/logo\/image\/","url":"https:\/\/brasilnoticias.org\/site\/wp-content\/uploads\/2022\/05\/cropped-brasilnoticias-mini.jpg","contentUrl":"https:\/\/brasilnoticias.org\/site\/wp-content\/uploads\/2022\/05\/cropped-brasilnoticias-mini.jpg","width":314,"height":86,"caption":"Brasil not\u00edcias"},"image":{"@id":"https:\/\/brasilnoticias.org\/site\/#\/schema\/logo\/image\/"}},{"@type":"Person","@id":"https:\/\/brasilnoticias.org\/site\/#\/schema\/person\/a0e05b973ec4d15c658d51911e53507b","name":"Reda\u00e7\u00e3o","image":{"@type":"ImageObject","inLanguage":"pt-PT","@id":"https:\/\/brasilnoticias.org\/site\/#\/schema\/person\/image\/","url":"https:\/\/secure.gravatar.com\/avatar\/75d8b050df2de108b08ae78dfb8e374892df24a383c67db9c46a9c604f6aee9c?s=96&d=mm&r=g","contentUrl":"https:\/\/secure.gravatar.com\/avatar\/75d8b050df2de108b08ae78dfb8e374892df24a383c67db9c46a9c604f6aee9c?s=96&d=mm&r=g","caption":"Reda\u00e7\u00e3o"},"sameAs":["https:\/\/brasilnoticias.org\/site"],"url":"https:\/\/brasilnoticias.org\/site\/author\/fernandozsngmail-com\/"}]}},"_links":{"self":[{"href":"https:\/\/brasilnoticias.org\/site\/wp-json\/wp\/v2\/posts\/3738","targetHints":{"allow":["GET"]}}],"collection":[{"href":"https:\/\/brasilnoticias.org\/site\/wp-json\/wp\/v2\/posts"}],"about":[{"href":"https:\/\/brasilnoticias.org\/site\/wp-json\/wp\/v2\/types\/post"}],"author":[{"embeddable":true,"href":"https:\/\/brasilnoticias.org\/site\/wp-json\/wp\/v2\/users\/1"}],"replies":[{"embeddable":true,"href":"https:\/\/brasilnoticias.org\/site\/wp-json\/wp\/v2\/comments?post=3738"}],"version-history":[{"count":1,"href":"https:\/\/brasilnoticias.org\/site\/wp-json\/wp\/v2\/posts\/3738\/revisions"}],"predecessor-version":[{"id":3740,"href":"https:\/\/brasilnoticias.org\/site\/wp-json\/wp\/v2\/posts\/3738\/revisions\/3740"}],"wp:featuredmedia":[{"embeddable":true,"href":"https:\/\/brasilnoticias.org\/site\/wp-json\/wp\/v2\/media\/3739"}],"wp:attachment":[{"href":"https:\/\/brasilnoticias.org\/site\/wp-json\/wp\/v2\/media?parent=3738"}],"wp:term":[{"taxonomy":"category","embeddable":true,"href":"https:\/\/brasilnoticias.org\/site\/wp-json\/wp\/v2\/categories?post=3738"},{"taxonomy":"post_tag","embeddable":true,"href":"https:\/\/brasilnoticias.org\/site\/wp-json\/wp\/v2\/tags?post=3738"}],"curies":[{"name":"wp","href":"https:\/\/api.w.org\/{rel}","templated":true}]}}