{"id":3747,"date":"2023-02-07T07:00:15","date_gmt":"2023-02-07T10:00:15","guid":{"rendered":"https:\/\/brasilnoticias.org\/site\/?p=3747"},"modified":"2023-02-07T06:38:12","modified_gmt":"2023-02-07T09:38:12","slug":"homem-morre-soterrado-em-silo-de-soja","status":"publish","type":"post","link":"https:\/\/brasilnoticias.org\/site\/homem-morre-soterrado-em-silo-de-soja\/","title":{"rendered":"Homem morre soterrado em silo de soja"},"content":{"rendered":"<p>Um homem de 40 anos, identificado como Milton Barbosa da Silva, morreu no domingo (05) soterrado em um silo de soja em uma fazenda do Munic\u00edpio de Itanhang\u00e1, a 500 km de Cuiab\u00e1.<\/p>\n<p>De acordo com informa\u00e7\u00f5es do Corpo de Bombeiros Milton, que \u00e9 natural de Ju\u00edna (MT), caiu enquanto caminhava sobre os gr\u00e3os de soja estocados, sendo repentinamente surpreendido pelo efeito de \u201cengolfamento\u201d de gr\u00e3os.<\/p>\n<p>Esse efeito de engolfamento \u00e9 quando h\u00e1, abaixo de uma camada de gr\u00e3os, um espa\u00e7o oco ou vazio, de acordo com informa\u00e7\u00f5es do site MidiaNews. Quando o trabalhador pisa sobre esses locais, ele cai, sendo engolido pelos gr\u00e3os.<\/p>\n<p>Segundo informa\u00e7\u00f5es da Pol\u00edcia Civil, Milton e um outro funcion\u00e1rio da fazenda haviam subido no silo para verificar um poss\u00edvel entupimento de bica e constataram que de fato em uma das bicas n\u00e3o estava caindo a soja.<\/p>\n<p>Para solucionar o problema, os funcion\u00e1rios teriam de entrar no silo. O outro funcion\u00e1rio ent\u00e3o desceu para buscar os equipamentos de seguran\u00e7a que seriam usados para essa a\u00e7\u00e3o.<\/p>\n<p>Por\u00e9m, quando retornou com os equipamentos, ele n\u00e3o viu mais Milton, concluindo que ele n\u00e3o o esperou com os itens de seguran\u00e7a e entrou sozinho no silo. Depois de entrar, ele teria sido surpreendido por um deslocamento de soja e ficado soterrado.<\/p>\n<p>De imediato o funcion\u00e1rio informou o fato a outra pessoa e ambos tentaram localizar a v\u00edtima para resgat\u00e1-la, por\u00e9m sem sucesso. Outras pessoas tamb\u00e9m foram chamadas para auxiliar nas buscas.<\/p>\n<p>O Corpo de Bombeiros, a Pol\u00edcia Civil e a Politec foram acionados e estiveram no local. O acidente ocorreu pela manh\u00e3, mas o corpo de Milton foi resgatado de dentro do silo j\u00e1 sem vida somente depois das 20h. Para conseguiram chegar ao corpo, as equipes tiveram de escoar cerca de 7 toneladas de gr\u00e3os.<\/p>\n<p>A Pol\u00edcia Civil est\u00e1 apurando a ocorr\u00eancia.<\/p>\n<p>Bnews<br \/>\nFoto Reprodu\u00e7\u00e3o\/Pixabay<\/p>\n","protected":false},"excerpt":{"rendered":"<p>Um homem de 40 anos, identificado como Milton Barbosa da Silva, morreu no domingo (05) soterrado em um silo de<\/p>\n","protected":false},"author":1,"featured_media":3748,"comment_status":"open","ping_status":"open","sticky":false,"template":"","format":"standard","meta":{"colormag_page_container_layout":"default_layout","colormag_page_sidebar_layout":"default_layout","_FSMCFIC_featured_image_caption":"","_FSMCFIC_featured_image_nocaption":"","_FSMCFIC_featured_image_hide":"","footnotes":""},"categories":[2,1],"tags":[],"class_list":["post-3747","post","type-post","status-publish","format-standard","has-post-thumbnail","hentry","category-noticias","category-ultimas"],"yoast_head":"<!-- This site is optimized with the Yoast SEO plugin v27.1.1 - https:\/\/yoast.com\/product\/yoast-seo-wordpress\/ -->\n<title>Homem morre soterrado em silo de soja - Brasil not\u00edcias<\/title>\n<meta name=\"robots\" content=\"index, follow, max-snippet:-1, max-image-preview:large, max-video-preview:-1\" \/>\n<link rel=\"canonical\" href=\"https:\/\/brasilnoticias.org\/site\/homem-morre-soterrado-em-silo-de-soja\/\" \/>\n<meta property=\"og:locale\" content=\"pt_PT\" \/>\n<meta property=\"og:type\" content=\"article\" \/>\n<meta property=\"og:title\" content=\"Homem morre soterrado em silo de soja - Brasil not\u00edcias\" \/>\n<meta property=\"og:description\" content=\"Um homem de 40 anos, identificado como Milton Barbosa da Silva, morreu no domingo (05) soterrado em um silo de\" \/>\n<meta property=\"og:url\" content=\"https:\/\/brasilnoticias.org\/site\/homem-morre-soterrado-em-silo-de-soja\/\" \/>\n<meta property=\"og:site_name\" content=\"Brasil not\u00edcias\" \/>\n<meta property=\"article:published_time\" content=\"2023-02-07T10:00:15+00:00\" \/>\n<meta property=\"og:image\" content=\"https:\/\/brasilnoticias.org\/site\/wp-content\/uploads\/2023\/02\/skull-g2bfc90eaf_1920_widelg.jpg\" \/>\n\t<meta property=\"og:image:width\" content=\"800\" \/>\n\t<meta property=\"og:image:height\" content=\"450\" \/>\n\t<meta property=\"og:image:type\" content=\"image\/jpeg\" \/>\n<meta name=\"author\" content=\"Reda\u00e7\u00e3o\" \/>\n<meta name=\"twitter:card\" content=\"summary_large_image\" \/>\n<meta name=\"twitter:label1\" content=\"Escrito por\" \/>\n\t<meta name=\"twitter:data1\" content=\"Reda\u00e7\u00e3o\" \/>\n\t<meta name=\"twitter:label2\" content=\"Tempo estimado de leitura\" \/>\n\t<meta name=\"twitter:data2\" content=\"2 minutos\" \/>\n<script type=\"application\/ld+json\" class=\"yoast-schema-graph\">{\"@context\":\"https:\/\/schema.org\",\"@graph\":[{\"@type\":\"Article\",\"@id\":\"https:\/\/brasilnoticias.org\/site\/homem-morre-soterrado-em-silo-de-soja\/#article\",\"isPartOf\":{\"@id\":\"https:\/\/brasilnoticias.org\/site\/homem-morre-soterrado-em-silo-de-soja\/\"},\"author\":{\"name\":\"Reda\u00e7\u00e3o\",\"@id\":\"https:\/\/brasilnoticias.org\/site\/#\/schema\/person\/a0e05b973ec4d15c658d51911e53507b\"},\"headline\":\"Homem morre soterrado em silo de soja\",\"datePublished\":\"2023-02-07T10:00:15+00:00\",\"mainEntityOfPage\":{\"@id\":\"https:\/\/brasilnoticias.org\/site\/homem-morre-soterrado-em-silo-de-soja\/\"},\"wordCount\":341,\"commentCount\":0,\"publisher\":{\"@id\":\"https:\/\/brasilnoticias.org\/site\/#organization\"},\"image\":{\"@id\":\"https:\/\/brasilnoticias.org\/site\/homem-morre-soterrado-em-silo-de-soja\/#primaryimage\"},\"thumbnailUrl\":\"https:\/\/brasilnoticias.org\/site\/wp-content\/uploads\/2023\/02\/skull-g2bfc90eaf_1920_widelg.jpg\",\"articleSection\":[\"Not\u00edcias\",\"\u00daltimas\"],\"inLanguage\":\"pt-PT\",\"potentialAction\":[{\"@type\":\"CommentAction\",\"name\":\"Comment\",\"target\":[\"https:\/\/brasilnoticias.org\/site\/homem-morre-soterrado-em-silo-de-soja\/#respond\"]}]},{\"@type\":\"WebPage\",\"@id\":\"https:\/\/brasilnoticias.org\/site\/homem-morre-soterrado-em-silo-de-soja\/\",\"url\":\"https:\/\/brasilnoticias.org\/site\/homem-morre-soterrado-em-silo-de-soja\/\",\"name\":\"Homem morre soterrado em silo de soja - Brasil not\u00edcias\",\"isPartOf\":{\"@id\":\"https:\/\/brasilnoticias.org\/site\/#website\"},\"primaryImageOfPage\":{\"@id\":\"https:\/\/brasilnoticias.org\/site\/homem-morre-soterrado-em-silo-de-soja\/#primaryimage\"},\"image\":{\"@id\":\"https:\/\/brasilnoticias.org\/site\/homem-morre-soterrado-em-silo-de-soja\/#primaryimage\"},\"thumbnailUrl\":\"https:\/\/brasilnoticias.org\/site\/wp-content\/uploads\/2023\/02\/skull-g2bfc90eaf_1920_widelg.jpg\",\"datePublished\":\"2023-02-07T10:00:15+00:00\",\"breadcrumb\":{\"@id\":\"https:\/\/brasilnoticias.org\/site\/homem-morre-soterrado-em-silo-de-soja\/#breadcrumb\"},\"inLanguage\":\"pt-PT\",\"potentialAction\":[{\"@type\":\"ReadAction\",\"target\":[\"https:\/\/brasilnoticias.org\/site\/homem-morre-soterrado-em-silo-de-soja\/\"]}]},{\"@type\":\"ImageObject\",\"inLanguage\":\"pt-PT\",\"@id\":\"https:\/\/brasilnoticias.org\/site\/homem-morre-soterrado-em-silo-de-soja\/#primaryimage\",\"url\":\"https:\/\/brasilnoticias.org\/site\/wp-content\/uploads\/2023\/02\/skull-g2bfc90eaf_1920_widelg.jpg\",\"contentUrl\":\"https:\/\/brasilnoticias.org\/site\/wp-content\/uploads\/2023\/02\/skull-g2bfc90eaf_1920_widelg.jpg\",\"width\":800,\"height\":450},{\"@type\":\"BreadcrumbList\",\"@id\":\"https:\/\/brasilnoticias.org\/site\/homem-morre-soterrado-em-silo-de-soja\/#breadcrumb\",\"itemListElement\":[{\"@type\":\"ListItem\",\"position\":1,\"name\":\"In\u00edcio\",\"item\":\"https:\/\/brasilnoticias.org\/site\/\"},{\"@type\":\"ListItem\",\"position\":2,\"name\":\"Homem morre soterrado em silo de soja\"}]},{\"@type\":\"WebSite\",\"@id\":\"https:\/\/brasilnoticias.org\/site\/#website\",\"url\":\"https:\/\/brasilnoticias.org\/site\/\",\"name\":\"Brasil not\u00edcias\",\"description\":\"Brasil not\u00edcias\",\"publisher\":{\"@id\":\"https:\/\/brasilnoticias.org\/site\/#organization\"},\"potentialAction\":[{\"@type\":\"SearchAction\",\"target\":{\"@type\":\"EntryPoint\",\"urlTemplate\":\"https:\/\/brasilnoticias.org\/site\/?s={search_term_string}\"},\"query-input\":{\"@type\":\"PropertyValueSpecification\",\"valueRequired\":true,\"valueName\":\"search_term_string\"}}],\"inLanguage\":\"pt-PT\"},{\"@type\":\"Organization\",\"@id\":\"https:\/\/brasilnoticias.org\/site\/#organization\",\"name\":\"Brasil not\u00edcias\",\"url\":\"https:\/\/brasilnoticias.org\/site\/\",\"logo\":{\"@type\":\"ImageObject\",\"inLanguage\":\"pt-PT\",\"@id\":\"https:\/\/brasilnoticias.org\/site\/#\/schema\/logo\/image\/\",\"url\":\"https:\/\/brasilnoticias.org\/site\/wp-content\/uploads\/2022\/05\/cropped-brasilnoticias-mini.jpg\",\"contentUrl\":\"https:\/\/brasilnoticias.org\/site\/wp-content\/uploads\/2022\/05\/cropped-brasilnoticias-mini.jpg\",\"width\":314,\"height\":86,\"caption\":\"Brasil not\u00edcias\"},\"image\":{\"@id\":\"https:\/\/brasilnoticias.org\/site\/#\/schema\/logo\/image\/\"}},{\"@type\":\"Person\",\"@id\":\"https:\/\/brasilnoticias.org\/site\/#\/schema\/person\/a0e05b973ec4d15c658d51911e53507b\",\"name\":\"Reda\u00e7\u00e3o\",\"image\":{\"@type\":\"ImageObject\",\"inLanguage\":\"pt-PT\",\"@id\":\"https:\/\/brasilnoticias.org\/site\/#\/schema\/person\/image\/\",\"url\":\"https:\/\/secure.gravatar.com\/avatar\/75d8b050df2de108b08ae78dfb8e374892df24a383c67db9c46a9c604f6aee9c?s=96&d=mm&r=g\",\"contentUrl\":\"https:\/\/secure.gravatar.com\/avatar\/75d8b050df2de108b08ae78dfb8e374892df24a383c67db9c46a9c604f6aee9c?s=96&d=mm&r=g\",\"caption\":\"Reda\u00e7\u00e3o\"},\"sameAs\":[\"https:\/\/brasilnoticias.org\/site\"],\"url\":\"https:\/\/brasilnoticias.org\/site\/author\/fernandozsngmail-com\/\"}]}<\/script>\n<!-- \/ Yoast SEO plugin. -->","yoast_head_json":{"title":"Homem morre soterrado em silo de soja - Brasil not\u00edcias","robots":{"index":"index","follow":"follow","max-snippet":"max-snippet:-1","max-image-preview":"max-image-preview:large","max-video-preview":"max-video-preview:-1"},"canonical":"https:\/\/brasilnoticias.org\/site\/homem-morre-soterrado-em-silo-de-soja\/","og_locale":"pt_PT","og_type":"article","og_title":"Homem morre soterrado em silo de soja - Brasil not\u00edcias","og_description":"Um homem de 40 anos, identificado como Milton Barbosa da Silva, morreu no domingo (05) soterrado em um silo de","og_url":"https:\/\/brasilnoticias.org\/site\/homem-morre-soterrado-em-silo-de-soja\/","og_site_name":"Brasil not\u00edcias","article_published_time":"2023-02-07T10:00:15+00:00","og_image":[{"width":800,"height":450,"url":"https:\/\/brasilnoticias.org\/site\/wp-content\/uploads\/2023\/02\/skull-g2bfc90eaf_1920_widelg.jpg","type":"image\/jpeg"}],"author":"Reda\u00e7\u00e3o","twitter_card":"summary_large_image","twitter_misc":{"Escrito por":"Reda\u00e7\u00e3o","Tempo estimado de leitura":"2 minutos"},"schema":{"@context":"https:\/\/schema.org","@graph":[{"@type":"Article","@id":"https:\/\/brasilnoticias.org\/site\/homem-morre-soterrado-em-silo-de-soja\/#article","isPartOf":{"@id":"https:\/\/brasilnoticias.org\/site\/homem-morre-soterrado-em-silo-de-soja\/"},"author":{"name":"Reda\u00e7\u00e3o","@id":"https:\/\/brasilnoticias.org\/site\/#\/schema\/person\/a0e05b973ec4d15c658d51911e53507b"},"headline":"Homem morre soterrado em silo de soja","datePublished":"2023-02-07T10:00:15+00:00","mainEntityOfPage":{"@id":"https:\/\/brasilnoticias.org\/site\/homem-morre-soterrado-em-silo-de-soja\/"},"wordCount":341,"commentCount":0,"publisher":{"@id":"https:\/\/brasilnoticias.org\/site\/#organization"},"image":{"@id":"https:\/\/brasilnoticias.org\/site\/homem-morre-soterrado-em-silo-de-soja\/#primaryimage"},"thumbnailUrl":"https:\/\/brasilnoticias.org\/site\/wp-content\/uploads\/2023\/02\/skull-g2bfc90eaf_1920_widelg.jpg","articleSection":["Not\u00edcias","\u00daltimas"],"inLanguage":"pt-PT","potentialAction":[{"@type":"CommentAction","name":"Comment","target":["https:\/\/brasilnoticias.org\/site\/homem-morre-soterrado-em-silo-de-soja\/#respond"]}]},{"@type":"WebPage","@id":"https:\/\/brasilnoticias.org\/site\/homem-morre-soterrado-em-silo-de-soja\/","url":"https:\/\/brasilnoticias.org\/site\/homem-morre-soterrado-em-silo-de-soja\/","name":"Homem morre soterrado em silo de soja - Brasil not\u00edcias","isPartOf":{"@id":"https:\/\/brasilnoticias.org\/site\/#website"},"primaryImageOfPage":{"@id":"https:\/\/brasilnoticias.org\/site\/homem-morre-soterrado-em-silo-de-soja\/#primaryimage"},"image":{"@id":"https:\/\/brasilnoticias.org\/site\/homem-morre-soterrado-em-silo-de-soja\/#primaryimage"},"thumbnailUrl":"https:\/\/brasilnoticias.org\/site\/wp-content\/uploads\/2023\/02\/skull-g2bfc90eaf_1920_widelg.jpg","datePublished":"2023-02-07T10:00:15+00:00","breadcrumb":{"@id":"https:\/\/brasilnoticias.org\/site\/homem-morre-soterrado-em-silo-de-soja\/#breadcrumb"},"inLanguage":"pt-PT","potentialAction":[{"@type":"ReadAction","target":["https:\/\/brasilnoticias.org\/site\/homem-morre-soterrado-em-silo-de-soja\/"]}]},{"@type":"ImageObject","inLanguage":"pt-PT","@id":"https:\/\/brasilnoticias.org\/site\/homem-morre-soterrado-em-silo-de-soja\/#primaryimage","url":"https:\/\/brasilnoticias.org\/site\/wp-content\/uploads\/2023\/02\/skull-g2bfc90eaf_1920_widelg.jpg","contentUrl":"https:\/\/brasilnoticias.org\/site\/wp-content\/uploads\/2023\/02\/skull-g2bfc90eaf_1920_widelg.jpg","width":800,"height":450},{"@type":"BreadcrumbList","@id":"https:\/\/brasilnoticias.org\/site\/homem-morre-soterrado-em-silo-de-soja\/#breadcrumb","itemListElement":[{"@type":"ListItem","position":1,"name":"In\u00edcio","item":"https:\/\/brasilnoticias.org\/site\/"},{"@type":"ListItem","position":2,"name":"Homem morre soterrado em silo de soja"}]},{"@type":"WebSite","@id":"https:\/\/brasilnoticias.org\/site\/#website","url":"https:\/\/brasilnoticias.org\/site\/","name":"Brasil not\u00edcias","description":"Brasil not\u00edcias","publisher":{"@id":"https:\/\/brasilnoticias.org\/site\/#organization"},"potentialAction":[{"@type":"SearchAction","target":{"@type":"EntryPoint","urlTemplate":"https:\/\/brasilnoticias.org\/site\/?s={search_term_string}"},"query-input":{"@type":"PropertyValueSpecification","valueRequired":true,"valueName":"search_term_string"}}],"inLanguage":"pt-PT"},{"@type":"Organization","@id":"https:\/\/brasilnoticias.org\/site\/#organization","name":"Brasil not\u00edcias","url":"https:\/\/brasilnoticias.org\/site\/","logo":{"@type":"ImageObject","inLanguage":"pt-PT","@id":"https:\/\/brasilnoticias.org\/site\/#\/schema\/logo\/image\/","url":"https:\/\/brasilnoticias.org\/site\/wp-content\/uploads\/2022\/05\/cropped-brasilnoticias-mini.jpg","contentUrl":"https:\/\/brasilnoticias.org\/site\/wp-content\/uploads\/2022\/05\/cropped-brasilnoticias-mini.jpg","width":314,"height":86,"caption":"Brasil not\u00edcias"},"image":{"@id":"https:\/\/brasilnoticias.org\/site\/#\/schema\/logo\/image\/"}},{"@type":"Person","@id":"https:\/\/brasilnoticias.org\/site\/#\/schema\/person\/a0e05b973ec4d15c658d51911e53507b","name":"Reda\u00e7\u00e3o","image":{"@type":"ImageObject","inLanguage":"pt-PT","@id":"https:\/\/brasilnoticias.org\/site\/#\/schema\/person\/image\/","url":"https:\/\/secure.gravatar.com\/avatar\/75d8b050df2de108b08ae78dfb8e374892df24a383c67db9c46a9c604f6aee9c?s=96&d=mm&r=g","contentUrl":"https:\/\/secure.gravatar.com\/avatar\/75d8b050df2de108b08ae78dfb8e374892df24a383c67db9c46a9c604f6aee9c?s=96&d=mm&r=g","caption":"Reda\u00e7\u00e3o"},"sameAs":["https:\/\/brasilnoticias.org\/site"],"url":"https:\/\/brasilnoticias.org\/site\/author\/fernandozsngmail-com\/"}]}},"_links":{"self":[{"href":"https:\/\/brasilnoticias.org\/site\/wp-json\/wp\/v2\/posts\/3747","targetHints":{"allow":["GET"]}}],"collection":[{"href":"https:\/\/brasilnoticias.org\/site\/wp-json\/wp\/v2\/posts"}],"about":[{"href":"https:\/\/brasilnoticias.org\/site\/wp-json\/wp\/v2\/types\/post"}],"author":[{"embeddable":true,"href":"https:\/\/brasilnoticias.org\/site\/wp-json\/wp\/v2\/users\/1"}],"replies":[{"embeddable":true,"href":"https:\/\/brasilnoticias.org\/site\/wp-json\/wp\/v2\/comments?post=3747"}],"version-history":[{"count":1,"href":"https:\/\/brasilnoticias.org\/site\/wp-json\/wp\/v2\/posts\/3747\/revisions"}],"predecessor-version":[{"id":3749,"href":"https:\/\/brasilnoticias.org\/site\/wp-json\/wp\/v2\/posts\/3747\/revisions\/3749"}],"wp:featuredmedia":[{"embeddable":true,"href":"https:\/\/brasilnoticias.org\/site\/wp-json\/wp\/v2\/media\/3748"}],"wp:attachment":[{"href":"https:\/\/brasilnoticias.org\/site\/wp-json\/wp\/v2\/media?parent=3747"}],"wp:term":[{"taxonomy":"category","embeddable":true,"href":"https:\/\/brasilnoticias.org\/site\/wp-json\/wp\/v2\/categories?post=3747"},{"taxonomy":"post_tag","embeddable":true,"href":"https:\/\/brasilnoticias.org\/site\/wp-json\/wp\/v2\/tags?post=3747"}],"curies":[{"name":"wp","href":"https:\/\/api.w.org\/{rel}","templated":true}]}}