{"id":3750,"date":"2023-02-07T07:00:15","date_gmt":"2023-02-07T10:00:15","guid":{"rendered":"https:\/\/brasilnoticias.org\/site\/?p=3750"},"modified":"2023-02-07T07:14:21","modified_gmt":"2023-02-07T10:14:21","slug":"dois-homens-foram-mortos-em-confronto-com-a-policia-militar-no-ultimo-fim-de-semana","status":"publish","type":"post","link":"https:\/\/brasilnoticias.org\/site\/dois-homens-foram-mortos-em-confronto-com-a-policia-militar-no-ultimo-fim-de-semana\/","title":{"rendered":"Dois homens foram mortos em confronto com a Pol\u00edcia Militar no \u00faltimo fim de semana"},"content":{"rendered":"<p>Dois homens foram mortos em confronto com a Pol\u00edcia Militar no \u00faltimo fim de semana durante a Opera\u00e7\u00e3o Perseus, lan\u00e7ada pela corpora\u00e7\u00e3o na cidade de Jequi\u00e9, no Sudoeste baiano. Duas armas foram apreendidas.<\/p>\n<p>A primeira foi localizada por integrantes do 19\u00ba Batalh\u00e3o da Pol\u00edcia Militar (BPM\/Jequi\u00e9) durante patrulhamento na localidade conhecida como Residencial Colina. No local, um suspeito armado foi identificado e, ap\u00f3s perceber a presen\u00e7a policial, fugiu atirando. <\/p>\n<p>Houve troca de tiros e, ap\u00f3s os disparos, o homem ficou ferido, foi socorrido para o Hospital Geral Prado Valadares (HGPV), mas n\u00e3o resistiu. Com ele, foram encontrados um rev\u00f3lver calibre 32 e muni\u00e7\u00f5es.<\/p>\n<p>A segunda arma foi apreendida na sequ\u00eancia das a\u00e7\u00f5es. Ao chegarem no bairro da Cachoeirinha, integrantes da Companhia de Emprego T\u00e1tico Operacional (Ceto) do 19\u00ba BPM, juntamente com PMs da Companhia Independente de Policiamento Especializado (Cipe) Central, foram recebidos a tiros por outro criminoso.<\/p>\n<p>Ele fugiu por entre algumas casas, tentou se esconder atirando contra os policiais. O homem acabou ferido, foi socorrido para o HGPV, mas tamb\u00e9m n\u00e3o resistiu. Com ele, foram encontradas uma pistola e muni\u00e7\u00f5es. <\/p>\n<p>Classifica\u00e7\u00e3o Indicativa: Livre<\/p>\n<p>Foto Divulga\u00e7\u00e3o\/SSP-BA<br \/>\n    Bnews<\/p>\n","protected":false},"excerpt":{"rendered":"<p>Dois homens foram mortos em confronto com a Pol\u00edcia Militar no \u00faltimo fim de semana durante a Opera\u00e7\u00e3o Perseus, lan\u00e7ada<\/p>\n","protected":false},"author":1,"featured_media":3751,"comment_status":"open","ping_status":"open","sticky":false,"template":"","format":"standard","meta":{"colormag_page_container_layout":"default_layout","colormag_page_sidebar_layout":"default_layout","_FSMCFIC_featured_image_caption":"","_FSMCFIC_featured_image_nocaption":"","_FSMCFIC_featured_image_hide":"","footnotes":""},"categories":[2,1],"tags":[],"class_list":["post-3750","post","type-post","status-publish","format-standard","has-post-thumbnail","hentry","category-noticias","category-ultimas"],"yoast_head":"<!-- This site is optimized with the Yoast SEO plugin v27.1.1 - https:\/\/yoast.com\/product\/yoast-seo-wordpress\/ -->\n<title>Dois homens foram mortos em confronto com a Pol\u00edcia Militar no \u00faltimo fim de semana - Brasil not\u00edcias<\/title>\n<meta name=\"robots\" content=\"index, follow, max-snippet:-1, max-image-preview:large, max-video-preview:-1\" \/>\n<link rel=\"canonical\" href=\"https:\/\/brasilnoticias.org\/site\/dois-homens-foram-mortos-em-confronto-com-a-policia-militar-no-ultimo-fim-de-semana\/\" \/>\n<meta property=\"og:locale\" content=\"pt_PT\" \/>\n<meta property=\"og:type\" content=\"article\" \/>\n<meta property=\"og:title\" content=\"Dois homens foram mortos em confronto com a Pol\u00edcia Militar no \u00faltimo fim de semana - Brasil not\u00edcias\" \/>\n<meta property=\"og:description\" content=\"Dois homens foram mortos em confronto com a Pol\u00edcia Militar no \u00faltimo fim de semana durante a Opera\u00e7\u00e3o Perseus, lan\u00e7ada\" \/>\n<meta property=\"og:url\" content=\"https:\/\/brasilnoticias.org\/site\/dois-homens-foram-mortos-em-confronto-com-a-policia-militar-no-ultimo-fim-de-semana\/\" \/>\n<meta property=\"og:site_name\" content=\"Brasil not\u00edcias\" \/>\n<meta property=\"article:published_time\" content=\"2023-02-07T10:00:15+00:00\" \/>\n<meta property=\"article:modified_time\" content=\"2023-02-07T10:14:21+00:00\" \/>\n<meta property=\"og:image\" content=\"https:\/\/brasilnoticias.org\/site\/wp-content\/uploads\/2023\/02\/policia-apreende-cinco-armas-durante-operacao-em-jequie_widelg.jpeg\" \/>\n\t<meta property=\"og:image:width\" content=\"800\" \/>\n\t<meta property=\"og:image:height\" content=\"450\" \/>\n\t<meta property=\"og:image:type\" content=\"image\/jpeg\" \/>\n<meta name=\"author\" content=\"Reda\u00e7\u00e3o\" \/>\n<meta name=\"twitter:card\" content=\"summary_large_image\" \/>\n<meta name=\"twitter:label1\" content=\"Escrito por\" \/>\n\t<meta name=\"twitter:data1\" content=\"Reda\u00e7\u00e3o\" \/>\n\t<meta name=\"twitter:label2\" content=\"Tempo estimado de leitura\" \/>\n\t<meta name=\"twitter:data2\" content=\"1 minuto\" \/>\n<script type=\"application\/ld+json\" class=\"yoast-schema-graph\">{\"@context\":\"https:\/\/schema.org\",\"@graph\":[{\"@type\":\"Article\",\"@id\":\"https:\/\/brasilnoticias.org\/site\/dois-homens-foram-mortos-em-confronto-com-a-policia-militar-no-ultimo-fim-de-semana\/#article\",\"isPartOf\":{\"@id\":\"https:\/\/brasilnoticias.org\/site\/dois-homens-foram-mortos-em-confronto-com-a-policia-militar-no-ultimo-fim-de-semana\/\"},\"author\":{\"name\":\"Reda\u00e7\u00e3o\",\"@id\":\"https:\/\/brasilnoticias.org\/site\/#\/schema\/person\/a0e05b973ec4d15c658d51911e53507b\"},\"headline\":\"Dois homens foram mortos em confronto com a Pol\u00edcia Militar no \u00faltimo fim de semana\",\"datePublished\":\"2023-02-07T10:00:15+00:00\",\"dateModified\":\"2023-02-07T10:14:21+00:00\",\"mainEntityOfPage\":{\"@id\":\"https:\/\/brasilnoticias.org\/site\/dois-homens-foram-mortos-em-confronto-com-a-policia-militar-no-ultimo-fim-de-semana\/\"},\"wordCount\":222,\"commentCount\":0,\"publisher\":{\"@id\":\"https:\/\/brasilnoticias.org\/site\/#organization\"},\"image\":{\"@id\":\"https:\/\/brasilnoticias.org\/site\/dois-homens-foram-mortos-em-confronto-com-a-policia-militar-no-ultimo-fim-de-semana\/#primaryimage\"},\"thumbnailUrl\":\"https:\/\/brasilnoticias.org\/site\/wp-content\/uploads\/2023\/02\/policia-apreende-cinco-armas-durante-operacao-em-jequie_widelg.jpeg\",\"articleSection\":[\"Not\u00edcias\",\"\u00daltimas\"],\"inLanguage\":\"pt-PT\",\"potentialAction\":[{\"@type\":\"CommentAction\",\"name\":\"Comment\",\"target\":[\"https:\/\/brasilnoticias.org\/site\/dois-homens-foram-mortos-em-confronto-com-a-policia-militar-no-ultimo-fim-de-semana\/#respond\"]}]},{\"@type\":\"WebPage\",\"@id\":\"https:\/\/brasilnoticias.org\/site\/dois-homens-foram-mortos-em-confronto-com-a-policia-militar-no-ultimo-fim-de-semana\/\",\"url\":\"https:\/\/brasilnoticias.org\/site\/dois-homens-foram-mortos-em-confronto-com-a-policia-militar-no-ultimo-fim-de-semana\/\",\"name\":\"Dois homens foram mortos em confronto com a Pol\u00edcia Militar no \u00faltimo fim de semana - Brasil not\u00edcias\",\"isPartOf\":{\"@id\":\"https:\/\/brasilnoticias.org\/site\/#website\"},\"primaryImageOfPage\":{\"@id\":\"https:\/\/brasilnoticias.org\/site\/dois-homens-foram-mortos-em-confronto-com-a-policia-militar-no-ultimo-fim-de-semana\/#primaryimage\"},\"image\":{\"@id\":\"https:\/\/brasilnoticias.org\/site\/dois-homens-foram-mortos-em-confronto-com-a-policia-militar-no-ultimo-fim-de-semana\/#primaryimage\"},\"thumbnailUrl\":\"https:\/\/brasilnoticias.org\/site\/wp-content\/uploads\/2023\/02\/policia-apreende-cinco-armas-durante-operacao-em-jequie_widelg.jpeg\",\"datePublished\":\"2023-02-07T10:00:15+00:00\",\"dateModified\":\"2023-02-07T10:14:21+00:00\",\"breadcrumb\":{\"@id\":\"https:\/\/brasilnoticias.org\/site\/dois-homens-foram-mortos-em-confronto-com-a-policia-militar-no-ultimo-fim-de-semana\/#breadcrumb\"},\"inLanguage\":\"pt-PT\",\"potentialAction\":[{\"@type\":\"ReadAction\",\"target\":[\"https:\/\/brasilnoticias.org\/site\/dois-homens-foram-mortos-em-confronto-com-a-policia-militar-no-ultimo-fim-de-semana\/\"]}]},{\"@type\":\"ImageObject\",\"inLanguage\":\"pt-PT\",\"@id\":\"https:\/\/brasilnoticias.org\/site\/dois-homens-foram-mortos-em-confronto-com-a-policia-militar-no-ultimo-fim-de-semana\/#primaryimage\",\"url\":\"https:\/\/brasilnoticias.org\/site\/wp-content\/uploads\/2023\/02\/policia-apreende-cinco-armas-durante-operacao-em-jequie_widelg.jpeg\",\"contentUrl\":\"https:\/\/brasilnoticias.org\/site\/wp-content\/uploads\/2023\/02\/policia-apreende-cinco-armas-durante-operacao-em-jequie_widelg.jpeg\",\"width\":800,\"height\":450},{\"@type\":\"BreadcrumbList\",\"@id\":\"https:\/\/brasilnoticias.org\/site\/dois-homens-foram-mortos-em-confronto-com-a-policia-militar-no-ultimo-fim-de-semana\/#breadcrumb\",\"itemListElement\":[{\"@type\":\"ListItem\",\"position\":1,\"name\":\"In\u00edcio\",\"item\":\"https:\/\/brasilnoticias.org\/site\/\"},{\"@type\":\"ListItem\",\"position\":2,\"name\":\"Dois homens foram mortos em confronto com a Pol\u00edcia Militar no \u00faltimo fim de semana\"}]},{\"@type\":\"WebSite\",\"@id\":\"https:\/\/brasilnoticias.org\/site\/#website\",\"url\":\"https:\/\/brasilnoticias.org\/site\/\",\"name\":\"Brasil not\u00edcias\",\"description\":\"Brasil not\u00edcias\",\"publisher\":{\"@id\":\"https:\/\/brasilnoticias.org\/site\/#organization\"},\"potentialAction\":[{\"@type\":\"SearchAction\",\"target\":{\"@type\":\"EntryPoint\",\"urlTemplate\":\"https:\/\/brasilnoticias.org\/site\/?s={search_term_string}\"},\"query-input\":{\"@type\":\"PropertyValueSpecification\",\"valueRequired\":true,\"valueName\":\"search_term_string\"}}],\"inLanguage\":\"pt-PT\"},{\"@type\":\"Organization\",\"@id\":\"https:\/\/brasilnoticias.org\/site\/#organization\",\"name\":\"Brasil not\u00edcias\",\"url\":\"https:\/\/brasilnoticias.org\/site\/\",\"logo\":{\"@type\":\"ImageObject\",\"inLanguage\":\"pt-PT\",\"@id\":\"https:\/\/brasilnoticias.org\/site\/#\/schema\/logo\/image\/\",\"url\":\"https:\/\/brasilnoticias.org\/site\/wp-content\/uploads\/2022\/05\/cropped-brasilnoticias-mini.jpg\",\"contentUrl\":\"https:\/\/brasilnoticias.org\/site\/wp-content\/uploads\/2022\/05\/cropped-brasilnoticias-mini.jpg\",\"width\":314,\"height\":86,\"caption\":\"Brasil not\u00edcias\"},\"image\":{\"@id\":\"https:\/\/brasilnoticias.org\/site\/#\/schema\/logo\/image\/\"}},{\"@type\":\"Person\",\"@id\":\"https:\/\/brasilnoticias.org\/site\/#\/schema\/person\/a0e05b973ec4d15c658d51911e53507b\",\"name\":\"Reda\u00e7\u00e3o\",\"image\":{\"@type\":\"ImageObject\",\"inLanguage\":\"pt-PT\",\"@id\":\"https:\/\/brasilnoticias.org\/site\/#\/schema\/person\/image\/\",\"url\":\"https:\/\/secure.gravatar.com\/avatar\/75d8b050df2de108b08ae78dfb8e374892df24a383c67db9c46a9c604f6aee9c?s=96&d=mm&r=g\",\"contentUrl\":\"https:\/\/secure.gravatar.com\/avatar\/75d8b050df2de108b08ae78dfb8e374892df24a383c67db9c46a9c604f6aee9c?s=96&d=mm&r=g\",\"caption\":\"Reda\u00e7\u00e3o\"},\"sameAs\":[\"https:\/\/brasilnoticias.org\/site\"],\"url\":\"https:\/\/brasilnoticias.org\/site\/author\/fernandozsngmail-com\/\"}]}<\/script>\n<!-- \/ Yoast SEO plugin. -->","yoast_head_json":{"title":"Dois homens foram mortos em confronto com a Pol\u00edcia Militar no \u00faltimo fim de semana - Brasil not\u00edcias","robots":{"index":"index","follow":"follow","max-snippet":"max-snippet:-1","max-image-preview":"max-image-preview:large","max-video-preview":"max-video-preview:-1"},"canonical":"https:\/\/brasilnoticias.org\/site\/dois-homens-foram-mortos-em-confronto-com-a-policia-militar-no-ultimo-fim-de-semana\/","og_locale":"pt_PT","og_type":"article","og_title":"Dois homens foram mortos em confronto com a Pol\u00edcia Militar no \u00faltimo fim de semana - Brasil not\u00edcias","og_description":"Dois homens foram mortos em confronto com a Pol\u00edcia Militar no \u00faltimo fim de semana durante a Opera\u00e7\u00e3o Perseus, lan\u00e7ada","og_url":"https:\/\/brasilnoticias.org\/site\/dois-homens-foram-mortos-em-confronto-com-a-policia-militar-no-ultimo-fim-de-semana\/","og_site_name":"Brasil not\u00edcias","article_published_time":"2023-02-07T10:00:15+00:00","article_modified_time":"2023-02-07T10:14:21+00:00","og_image":[{"width":800,"height":450,"url":"https:\/\/brasilnoticias.org\/site\/wp-content\/uploads\/2023\/02\/policia-apreende-cinco-armas-durante-operacao-em-jequie_widelg.jpeg","type":"image\/jpeg"}],"author":"Reda\u00e7\u00e3o","twitter_card":"summary_large_image","twitter_misc":{"Escrito por":"Reda\u00e7\u00e3o","Tempo estimado de leitura":"1 minuto"},"schema":{"@context":"https:\/\/schema.org","@graph":[{"@type":"Article","@id":"https:\/\/brasilnoticias.org\/site\/dois-homens-foram-mortos-em-confronto-com-a-policia-militar-no-ultimo-fim-de-semana\/#article","isPartOf":{"@id":"https:\/\/brasilnoticias.org\/site\/dois-homens-foram-mortos-em-confronto-com-a-policia-militar-no-ultimo-fim-de-semana\/"},"author":{"name":"Reda\u00e7\u00e3o","@id":"https:\/\/brasilnoticias.org\/site\/#\/schema\/person\/a0e05b973ec4d15c658d51911e53507b"},"headline":"Dois homens foram mortos em confronto com a Pol\u00edcia Militar no \u00faltimo fim de semana","datePublished":"2023-02-07T10:00:15+00:00","dateModified":"2023-02-07T10:14:21+00:00","mainEntityOfPage":{"@id":"https:\/\/brasilnoticias.org\/site\/dois-homens-foram-mortos-em-confronto-com-a-policia-militar-no-ultimo-fim-de-semana\/"},"wordCount":222,"commentCount":0,"publisher":{"@id":"https:\/\/brasilnoticias.org\/site\/#organization"},"image":{"@id":"https:\/\/brasilnoticias.org\/site\/dois-homens-foram-mortos-em-confronto-com-a-policia-militar-no-ultimo-fim-de-semana\/#primaryimage"},"thumbnailUrl":"https:\/\/brasilnoticias.org\/site\/wp-content\/uploads\/2023\/02\/policia-apreende-cinco-armas-durante-operacao-em-jequie_widelg.jpeg","articleSection":["Not\u00edcias","\u00daltimas"],"inLanguage":"pt-PT","potentialAction":[{"@type":"CommentAction","name":"Comment","target":["https:\/\/brasilnoticias.org\/site\/dois-homens-foram-mortos-em-confronto-com-a-policia-militar-no-ultimo-fim-de-semana\/#respond"]}]},{"@type":"WebPage","@id":"https:\/\/brasilnoticias.org\/site\/dois-homens-foram-mortos-em-confronto-com-a-policia-militar-no-ultimo-fim-de-semana\/","url":"https:\/\/brasilnoticias.org\/site\/dois-homens-foram-mortos-em-confronto-com-a-policia-militar-no-ultimo-fim-de-semana\/","name":"Dois homens foram mortos em confronto com a Pol\u00edcia Militar no \u00faltimo fim de semana - Brasil not\u00edcias","isPartOf":{"@id":"https:\/\/brasilnoticias.org\/site\/#website"},"primaryImageOfPage":{"@id":"https:\/\/brasilnoticias.org\/site\/dois-homens-foram-mortos-em-confronto-com-a-policia-militar-no-ultimo-fim-de-semana\/#primaryimage"},"image":{"@id":"https:\/\/brasilnoticias.org\/site\/dois-homens-foram-mortos-em-confronto-com-a-policia-militar-no-ultimo-fim-de-semana\/#primaryimage"},"thumbnailUrl":"https:\/\/brasilnoticias.org\/site\/wp-content\/uploads\/2023\/02\/policia-apreende-cinco-armas-durante-operacao-em-jequie_widelg.jpeg","datePublished":"2023-02-07T10:00:15+00:00","dateModified":"2023-02-07T10:14:21+00:00","breadcrumb":{"@id":"https:\/\/brasilnoticias.org\/site\/dois-homens-foram-mortos-em-confronto-com-a-policia-militar-no-ultimo-fim-de-semana\/#breadcrumb"},"inLanguage":"pt-PT","potentialAction":[{"@type":"ReadAction","target":["https:\/\/brasilnoticias.org\/site\/dois-homens-foram-mortos-em-confronto-com-a-policia-militar-no-ultimo-fim-de-semana\/"]}]},{"@type":"ImageObject","inLanguage":"pt-PT","@id":"https:\/\/brasilnoticias.org\/site\/dois-homens-foram-mortos-em-confronto-com-a-policia-militar-no-ultimo-fim-de-semana\/#primaryimage","url":"https:\/\/brasilnoticias.org\/site\/wp-content\/uploads\/2023\/02\/policia-apreende-cinco-armas-durante-operacao-em-jequie_widelg.jpeg","contentUrl":"https:\/\/brasilnoticias.org\/site\/wp-content\/uploads\/2023\/02\/policia-apreende-cinco-armas-durante-operacao-em-jequie_widelg.jpeg","width":800,"height":450},{"@type":"BreadcrumbList","@id":"https:\/\/brasilnoticias.org\/site\/dois-homens-foram-mortos-em-confronto-com-a-policia-militar-no-ultimo-fim-de-semana\/#breadcrumb","itemListElement":[{"@type":"ListItem","position":1,"name":"In\u00edcio","item":"https:\/\/brasilnoticias.org\/site\/"},{"@type":"ListItem","position":2,"name":"Dois homens foram mortos em confronto com a Pol\u00edcia Militar no \u00faltimo fim de semana"}]},{"@type":"WebSite","@id":"https:\/\/brasilnoticias.org\/site\/#website","url":"https:\/\/brasilnoticias.org\/site\/","name":"Brasil not\u00edcias","description":"Brasil not\u00edcias","publisher":{"@id":"https:\/\/brasilnoticias.org\/site\/#organization"},"potentialAction":[{"@type":"SearchAction","target":{"@type":"EntryPoint","urlTemplate":"https:\/\/brasilnoticias.org\/site\/?s={search_term_string}"},"query-input":{"@type":"PropertyValueSpecification","valueRequired":true,"valueName":"search_term_string"}}],"inLanguage":"pt-PT"},{"@type":"Organization","@id":"https:\/\/brasilnoticias.org\/site\/#organization","name":"Brasil not\u00edcias","url":"https:\/\/brasilnoticias.org\/site\/","logo":{"@type":"ImageObject","inLanguage":"pt-PT","@id":"https:\/\/brasilnoticias.org\/site\/#\/schema\/logo\/image\/","url":"https:\/\/brasilnoticias.org\/site\/wp-content\/uploads\/2022\/05\/cropped-brasilnoticias-mini.jpg","contentUrl":"https:\/\/brasilnoticias.org\/site\/wp-content\/uploads\/2022\/05\/cropped-brasilnoticias-mini.jpg","width":314,"height":86,"caption":"Brasil not\u00edcias"},"image":{"@id":"https:\/\/brasilnoticias.org\/site\/#\/schema\/logo\/image\/"}},{"@type":"Person","@id":"https:\/\/brasilnoticias.org\/site\/#\/schema\/person\/a0e05b973ec4d15c658d51911e53507b","name":"Reda\u00e7\u00e3o","image":{"@type":"ImageObject","inLanguage":"pt-PT","@id":"https:\/\/brasilnoticias.org\/site\/#\/schema\/person\/image\/","url":"https:\/\/secure.gravatar.com\/avatar\/75d8b050df2de108b08ae78dfb8e374892df24a383c67db9c46a9c604f6aee9c?s=96&d=mm&r=g","contentUrl":"https:\/\/secure.gravatar.com\/avatar\/75d8b050df2de108b08ae78dfb8e374892df24a383c67db9c46a9c604f6aee9c?s=96&d=mm&r=g","caption":"Reda\u00e7\u00e3o"},"sameAs":["https:\/\/brasilnoticias.org\/site"],"url":"https:\/\/brasilnoticias.org\/site\/author\/fernandozsngmail-com\/"}]}},"_links":{"self":[{"href":"https:\/\/brasilnoticias.org\/site\/wp-json\/wp\/v2\/posts\/3750","targetHints":{"allow":["GET"]}}],"collection":[{"href":"https:\/\/brasilnoticias.org\/site\/wp-json\/wp\/v2\/posts"}],"about":[{"href":"https:\/\/brasilnoticias.org\/site\/wp-json\/wp\/v2\/types\/post"}],"author":[{"embeddable":true,"href":"https:\/\/brasilnoticias.org\/site\/wp-json\/wp\/v2\/users\/1"}],"replies":[{"embeddable":true,"href":"https:\/\/brasilnoticias.org\/site\/wp-json\/wp\/v2\/comments?post=3750"}],"version-history":[{"count":2,"href":"https:\/\/brasilnoticias.org\/site\/wp-json\/wp\/v2\/posts\/3750\/revisions"}],"predecessor-version":[{"id":3760,"href":"https:\/\/brasilnoticias.org\/site\/wp-json\/wp\/v2\/posts\/3750\/revisions\/3760"}],"wp:featuredmedia":[{"embeddable":true,"href":"https:\/\/brasilnoticias.org\/site\/wp-json\/wp\/v2\/media\/3751"}],"wp:attachment":[{"href":"https:\/\/brasilnoticias.org\/site\/wp-json\/wp\/v2\/media?parent=3750"}],"wp:term":[{"taxonomy":"category","embeddable":true,"href":"https:\/\/brasilnoticias.org\/site\/wp-json\/wp\/v2\/categories?post=3750"},{"taxonomy":"post_tag","embeddable":true,"href":"https:\/\/brasilnoticias.org\/site\/wp-json\/wp\/v2\/tags?post=3750"}],"curies":[{"name":"wp","href":"https:\/\/api.w.org\/{rel}","templated":true}]}}