{"id":3776,"date":"2023-02-08T07:00:35","date_gmt":"2023-02-08T10:00:35","guid":{"rendered":"https:\/\/brasilnoticias.org\/site\/?p=3776"},"modified":"2023-02-08T06:12:40","modified_gmt":"2023-02-08T09:12:40","slug":"jovem-que-sumiu-apos-encontrar-paquera-em-barzinho-de-salvador-aparece","status":"publish","type":"post","link":"https:\/\/brasilnoticias.org\/site\/jovem-que-sumiu-apos-encontrar-paquera-em-barzinho-de-salvador-aparece\/","title":{"rendered":"Jovem que sumiu ap\u00f3s encontrar paquera em barzinho de Salvador aparece"},"content":{"rendered":"<p>Depois de desaparecer por uma semana, a jovem de pronome Vanessa, de 21 anos, apareceu. Segundo informa\u00e7\u00f5es encaminhadas ao BNews, ela estava com um homem na Praia do Forte e teria voltado ao conv\u00edvio dos familiares.<\/p>\n<p>A fam\u00edlia, que chegou a buscar pela jovem por meio do programa Balan\u00e7o Geral, da TV Record, havia contado que antes de desaparecer, ela teria enviado um \u00e1udio explicando a uma de suas amigas que estaria em um bar com esse suposto paquera e de l\u00e1 eles iriam para um motel para finalizar a noite.<\/p>\n<p>A jovem explicou tamb\u00e9m que seu celular estava com a bateria fraca, em torno de 26%, e que se perdesse o contato, n\u00e3o era para a amiga se preocupar. Acontece que Vanessa tem namorado e teria descoberto a trai\u00e7\u00e3o ap\u00f3s o desaparecimento.<\/p>\n<p>Foto Reprodu\u00e7\u00e3o\/ V\u00eddeo<br \/>\nBnews<\/p>\n","protected":false},"excerpt":{"rendered":"<p>Depois de desaparecer por uma semana, a jovem de pronome Vanessa, de 21 anos, apareceu. Segundo informa\u00e7\u00f5es encaminhadas ao BNews,<\/p>\n","protected":false},"author":1,"featured_media":3777,"comment_status":"open","ping_status":"open","sticky":false,"template":"","format":"standard","meta":{"colormag_page_container_layout":"default_layout","colormag_page_sidebar_layout":"default_layout","_FSMCFIC_featured_image_caption":"","_FSMCFIC_featured_image_nocaption":"","_FSMCFIC_featured_image_hide":"","footnotes":""},"categories":[3,1],"tags":[],"class_list":["post-3776","post","type-post","status-publish","format-standard","has-post-thumbnail","hentry","category-policia","category-ultimas"],"yoast_head":"<!-- This site is optimized with the Yoast SEO plugin v27.1.1 - https:\/\/yoast.com\/product\/yoast-seo-wordpress\/ -->\n<title>Jovem que sumiu ap\u00f3s encontrar paquera em barzinho de Salvador aparece - Brasil not\u00edcias<\/title>\n<meta name=\"robots\" content=\"index, follow, max-snippet:-1, max-image-preview:large, max-video-preview:-1\" \/>\n<link rel=\"canonical\" href=\"https:\/\/brasilnoticias.org\/site\/jovem-que-sumiu-apos-encontrar-paquera-em-barzinho-de-salvador-aparece\/\" \/>\n<meta property=\"og:locale\" content=\"pt_PT\" \/>\n<meta property=\"og:type\" content=\"article\" \/>\n<meta property=\"og:title\" content=\"Jovem que sumiu ap\u00f3s encontrar paquera em barzinho de Salvador aparece - Brasil not\u00edcias\" \/>\n<meta property=\"og:description\" content=\"Depois de desaparecer por uma semana, a jovem de pronome Vanessa, de 21 anos, apareceu. Segundo informa\u00e7\u00f5es encaminhadas ao BNews,\" \/>\n<meta property=\"og:url\" content=\"https:\/\/brasilnoticias.org\/site\/jovem-que-sumiu-apos-encontrar-paquera-em-barzinho-de-salvador-aparece\/\" \/>\n<meta property=\"og:site_name\" content=\"Brasil not\u00edcias\" \/>\n<meta property=\"article:published_time\" content=\"2023-02-08T10:00:35+00:00\" \/>\n<meta property=\"og:image\" content=\"https:\/\/brasilnoticias.org\/site\/wp-content\/uploads\/2023\/02\/img-20230206-wa0017_widelg.jpg\" \/>\n\t<meta property=\"og:image:width\" content=\"605\" \/>\n\t<meta property=\"og:image:height\" content=\"340\" \/>\n\t<meta property=\"og:image:type\" content=\"image\/jpeg\" \/>\n<meta name=\"author\" content=\"Reda\u00e7\u00e3o\" \/>\n<meta name=\"twitter:card\" content=\"summary_large_image\" \/>\n<meta name=\"twitter:label1\" content=\"Escrito por\" \/>\n\t<meta name=\"twitter:data1\" content=\"Reda\u00e7\u00e3o\" \/>\n\t<meta name=\"twitter:label2\" content=\"Tempo estimado de leitura\" \/>\n\t<meta name=\"twitter:data2\" content=\"1 minuto\" \/>\n<script type=\"application\/ld+json\" class=\"yoast-schema-graph\">{\"@context\":\"https:\/\/schema.org\",\"@graph\":[{\"@type\":\"Article\",\"@id\":\"https:\/\/brasilnoticias.org\/site\/jovem-que-sumiu-apos-encontrar-paquera-em-barzinho-de-salvador-aparece\/#article\",\"isPartOf\":{\"@id\":\"https:\/\/brasilnoticias.org\/site\/jovem-que-sumiu-apos-encontrar-paquera-em-barzinho-de-salvador-aparece\/\"},\"author\":{\"name\":\"Reda\u00e7\u00e3o\",\"@id\":\"https:\/\/brasilnoticias.org\/site\/#\/schema\/person\/a0e05b973ec4d15c658d51911e53507b\"},\"headline\":\"Jovem que sumiu ap\u00f3s encontrar paquera em barzinho de Salvador aparece\",\"datePublished\":\"2023-02-08T10:00:35+00:00\",\"mainEntityOfPage\":{\"@id\":\"https:\/\/brasilnoticias.org\/site\/jovem-que-sumiu-apos-encontrar-paquera-em-barzinho-de-salvador-aparece\/\"},\"wordCount\":157,\"commentCount\":0,\"publisher\":{\"@id\":\"https:\/\/brasilnoticias.org\/site\/#organization\"},\"image\":{\"@id\":\"https:\/\/brasilnoticias.org\/site\/jovem-que-sumiu-apos-encontrar-paquera-em-barzinho-de-salvador-aparece\/#primaryimage\"},\"thumbnailUrl\":\"https:\/\/brasilnoticias.org\/site\/wp-content\/uploads\/2023\/02\/img-20230206-wa0017_widelg.jpg\",\"articleSection\":[\"Pol\u00edcia\",\"\u00daltimas\"],\"inLanguage\":\"pt-PT\",\"potentialAction\":[{\"@type\":\"CommentAction\",\"name\":\"Comment\",\"target\":[\"https:\/\/brasilnoticias.org\/site\/jovem-que-sumiu-apos-encontrar-paquera-em-barzinho-de-salvador-aparece\/#respond\"]}]},{\"@type\":\"WebPage\",\"@id\":\"https:\/\/brasilnoticias.org\/site\/jovem-que-sumiu-apos-encontrar-paquera-em-barzinho-de-salvador-aparece\/\",\"url\":\"https:\/\/brasilnoticias.org\/site\/jovem-que-sumiu-apos-encontrar-paquera-em-barzinho-de-salvador-aparece\/\",\"name\":\"Jovem que sumiu ap\u00f3s encontrar paquera em barzinho de Salvador aparece - Brasil not\u00edcias\",\"isPartOf\":{\"@id\":\"https:\/\/brasilnoticias.org\/site\/#website\"},\"primaryImageOfPage\":{\"@id\":\"https:\/\/brasilnoticias.org\/site\/jovem-que-sumiu-apos-encontrar-paquera-em-barzinho-de-salvador-aparece\/#primaryimage\"},\"image\":{\"@id\":\"https:\/\/brasilnoticias.org\/site\/jovem-que-sumiu-apos-encontrar-paquera-em-barzinho-de-salvador-aparece\/#primaryimage\"},\"thumbnailUrl\":\"https:\/\/brasilnoticias.org\/site\/wp-content\/uploads\/2023\/02\/img-20230206-wa0017_widelg.jpg\",\"datePublished\":\"2023-02-08T10:00:35+00:00\",\"breadcrumb\":{\"@id\":\"https:\/\/brasilnoticias.org\/site\/jovem-que-sumiu-apos-encontrar-paquera-em-barzinho-de-salvador-aparece\/#breadcrumb\"},\"inLanguage\":\"pt-PT\",\"potentialAction\":[{\"@type\":\"ReadAction\",\"target\":[\"https:\/\/brasilnoticias.org\/site\/jovem-que-sumiu-apos-encontrar-paquera-em-barzinho-de-salvador-aparece\/\"]}]},{\"@type\":\"ImageObject\",\"inLanguage\":\"pt-PT\",\"@id\":\"https:\/\/brasilnoticias.org\/site\/jovem-que-sumiu-apos-encontrar-paquera-em-barzinho-de-salvador-aparece\/#primaryimage\",\"url\":\"https:\/\/brasilnoticias.org\/site\/wp-content\/uploads\/2023\/02\/img-20230206-wa0017_widelg.jpg\",\"contentUrl\":\"https:\/\/brasilnoticias.org\/site\/wp-content\/uploads\/2023\/02\/img-20230206-wa0017_widelg.jpg\",\"width\":605,\"height\":340},{\"@type\":\"BreadcrumbList\",\"@id\":\"https:\/\/brasilnoticias.org\/site\/jovem-que-sumiu-apos-encontrar-paquera-em-barzinho-de-salvador-aparece\/#breadcrumb\",\"itemListElement\":[{\"@type\":\"ListItem\",\"position\":1,\"name\":\"In\u00edcio\",\"item\":\"https:\/\/brasilnoticias.org\/site\/\"},{\"@type\":\"ListItem\",\"position\":2,\"name\":\"Jovem que sumiu ap\u00f3s encontrar paquera em barzinho de Salvador aparece\"}]},{\"@type\":\"WebSite\",\"@id\":\"https:\/\/brasilnoticias.org\/site\/#website\",\"url\":\"https:\/\/brasilnoticias.org\/site\/\",\"name\":\"Brasil not\u00edcias\",\"description\":\"Brasil not\u00edcias\",\"publisher\":{\"@id\":\"https:\/\/brasilnoticias.org\/site\/#organization\"},\"potentialAction\":[{\"@type\":\"SearchAction\",\"target\":{\"@type\":\"EntryPoint\",\"urlTemplate\":\"https:\/\/brasilnoticias.org\/site\/?s={search_term_string}\"},\"query-input\":{\"@type\":\"PropertyValueSpecification\",\"valueRequired\":true,\"valueName\":\"search_term_string\"}}],\"inLanguage\":\"pt-PT\"},{\"@type\":\"Organization\",\"@id\":\"https:\/\/brasilnoticias.org\/site\/#organization\",\"name\":\"Brasil not\u00edcias\",\"url\":\"https:\/\/brasilnoticias.org\/site\/\",\"logo\":{\"@type\":\"ImageObject\",\"inLanguage\":\"pt-PT\",\"@id\":\"https:\/\/brasilnoticias.org\/site\/#\/schema\/logo\/image\/\",\"url\":\"https:\/\/brasilnoticias.org\/site\/wp-content\/uploads\/2022\/05\/cropped-brasilnoticias-mini.jpg\",\"contentUrl\":\"https:\/\/brasilnoticias.org\/site\/wp-content\/uploads\/2022\/05\/cropped-brasilnoticias-mini.jpg\",\"width\":314,\"height\":86,\"caption\":\"Brasil not\u00edcias\"},\"image\":{\"@id\":\"https:\/\/brasilnoticias.org\/site\/#\/schema\/logo\/image\/\"}},{\"@type\":\"Person\",\"@id\":\"https:\/\/brasilnoticias.org\/site\/#\/schema\/person\/a0e05b973ec4d15c658d51911e53507b\",\"name\":\"Reda\u00e7\u00e3o\",\"image\":{\"@type\":\"ImageObject\",\"inLanguage\":\"pt-PT\",\"@id\":\"https:\/\/brasilnoticias.org\/site\/#\/schema\/person\/image\/\",\"url\":\"https:\/\/secure.gravatar.com\/avatar\/75d8b050df2de108b08ae78dfb8e374892df24a383c67db9c46a9c604f6aee9c?s=96&d=mm&r=g\",\"contentUrl\":\"https:\/\/secure.gravatar.com\/avatar\/75d8b050df2de108b08ae78dfb8e374892df24a383c67db9c46a9c604f6aee9c?s=96&d=mm&r=g\",\"caption\":\"Reda\u00e7\u00e3o\"},\"sameAs\":[\"https:\/\/brasilnoticias.org\/site\"],\"url\":\"https:\/\/brasilnoticias.org\/site\/author\/fernandozsngmail-com\/\"}]}<\/script>\n<!-- \/ Yoast SEO plugin. -->","yoast_head_json":{"title":"Jovem que sumiu ap\u00f3s encontrar paquera em barzinho de Salvador aparece - Brasil not\u00edcias","robots":{"index":"index","follow":"follow","max-snippet":"max-snippet:-1","max-image-preview":"max-image-preview:large","max-video-preview":"max-video-preview:-1"},"canonical":"https:\/\/brasilnoticias.org\/site\/jovem-que-sumiu-apos-encontrar-paquera-em-barzinho-de-salvador-aparece\/","og_locale":"pt_PT","og_type":"article","og_title":"Jovem que sumiu ap\u00f3s encontrar paquera em barzinho de Salvador aparece - Brasil not\u00edcias","og_description":"Depois de desaparecer por uma semana, a jovem de pronome Vanessa, de 21 anos, apareceu. Segundo informa\u00e7\u00f5es encaminhadas ao BNews,","og_url":"https:\/\/brasilnoticias.org\/site\/jovem-que-sumiu-apos-encontrar-paquera-em-barzinho-de-salvador-aparece\/","og_site_name":"Brasil not\u00edcias","article_published_time":"2023-02-08T10:00:35+00:00","og_image":[{"width":605,"height":340,"url":"https:\/\/brasilnoticias.org\/site\/wp-content\/uploads\/2023\/02\/img-20230206-wa0017_widelg.jpg","type":"image\/jpeg"}],"author":"Reda\u00e7\u00e3o","twitter_card":"summary_large_image","twitter_misc":{"Escrito por":"Reda\u00e7\u00e3o","Tempo estimado de leitura":"1 minuto"},"schema":{"@context":"https:\/\/schema.org","@graph":[{"@type":"Article","@id":"https:\/\/brasilnoticias.org\/site\/jovem-que-sumiu-apos-encontrar-paquera-em-barzinho-de-salvador-aparece\/#article","isPartOf":{"@id":"https:\/\/brasilnoticias.org\/site\/jovem-que-sumiu-apos-encontrar-paquera-em-barzinho-de-salvador-aparece\/"},"author":{"name":"Reda\u00e7\u00e3o","@id":"https:\/\/brasilnoticias.org\/site\/#\/schema\/person\/a0e05b973ec4d15c658d51911e53507b"},"headline":"Jovem que sumiu ap\u00f3s encontrar paquera em barzinho de Salvador aparece","datePublished":"2023-02-08T10:00:35+00:00","mainEntityOfPage":{"@id":"https:\/\/brasilnoticias.org\/site\/jovem-que-sumiu-apos-encontrar-paquera-em-barzinho-de-salvador-aparece\/"},"wordCount":157,"commentCount":0,"publisher":{"@id":"https:\/\/brasilnoticias.org\/site\/#organization"},"image":{"@id":"https:\/\/brasilnoticias.org\/site\/jovem-que-sumiu-apos-encontrar-paquera-em-barzinho-de-salvador-aparece\/#primaryimage"},"thumbnailUrl":"https:\/\/brasilnoticias.org\/site\/wp-content\/uploads\/2023\/02\/img-20230206-wa0017_widelg.jpg","articleSection":["Pol\u00edcia","\u00daltimas"],"inLanguage":"pt-PT","potentialAction":[{"@type":"CommentAction","name":"Comment","target":["https:\/\/brasilnoticias.org\/site\/jovem-que-sumiu-apos-encontrar-paquera-em-barzinho-de-salvador-aparece\/#respond"]}]},{"@type":"WebPage","@id":"https:\/\/brasilnoticias.org\/site\/jovem-que-sumiu-apos-encontrar-paquera-em-barzinho-de-salvador-aparece\/","url":"https:\/\/brasilnoticias.org\/site\/jovem-que-sumiu-apos-encontrar-paquera-em-barzinho-de-salvador-aparece\/","name":"Jovem que sumiu ap\u00f3s encontrar paquera em barzinho de Salvador aparece - Brasil not\u00edcias","isPartOf":{"@id":"https:\/\/brasilnoticias.org\/site\/#website"},"primaryImageOfPage":{"@id":"https:\/\/brasilnoticias.org\/site\/jovem-que-sumiu-apos-encontrar-paquera-em-barzinho-de-salvador-aparece\/#primaryimage"},"image":{"@id":"https:\/\/brasilnoticias.org\/site\/jovem-que-sumiu-apos-encontrar-paquera-em-barzinho-de-salvador-aparece\/#primaryimage"},"thumbnailUrl":"https:\/\/brasilnoticias.org\/site\/wp-content\/uploads\/2023\/02\/img-20230206-wa0017_widelg.jpg","datePublished":"2023-02-08T10:00:35+00:00","breadcrumb":{"@id":"https:\/\/brasilnoticias.org\/site\/jovem-que-sumiu-apos-encontrar-paquera-em-barzinho-de-salvador-aparece\/#breadcrumb"},"inLanguage":"pt-PT","potentialAction":[{"@type":"ReadAction","target":["https:\/\/brasilnoticias.org\/site\/jovem-que-sumiu-apos-encontrar-paquera-em-barzinho-de-salvador-aparece\/"]}]},{"@type":"ImageObject","inLanguage":"pt-PT","@id":"https:\/\/brasilnoticias.org\/site\/jovem-que-sumiu-apos-encontrar-paquera-em-barzinho-de-salvador-aparece\/#primaryimage","url":"https:\/\/brasilnoticias.org\/site\/wp-content\/uploads\/2023\/02\/img-20230206-wa0017_widelg.jpg","contentUrl":"https:\/\/brasilnoticias.org\/site\/wp-content\/uploads\/2023\/02\/img-20230206-wa0017_widelg.jpg","width":605,"height":340},{"@type":"BreadcrumbList","@id":"https:\/\/brasilnoticias.org\/site\/jovem-que-sumiu-apos-encontrar-paquera-em-barzinho-de-salvador-aparece\/#breadcrumb","itemListElement":[{"@type":"ListItem","position":1,"name":"In\u00edcio","item":"https:\/\/brasilnoticias.org\/site\/"},{"@type":"ListItem","position":2,"name":"Jovem que sumiu ap\u00f3s encontrar paquera em barzinho de Salvador aparece"}]},{"@type":"WebSite","@id":"https:\/\/brasilnoticias.org\/site\/#website","url":"https:\/\/brasilnoticias.org\/site\/","name":"Brasil not\u00edcias","description":"Brasil not\u00edcias","publisher":{"@id":"https:\/\/brasilnoticias.org\/site\/#organization"},"potentialAction":[{"@type":"SearchAction","target":{"@type":"EntryPoint","urlTemplate":"https:\/\/brasilnoticias.org\/site\/?s={search_term_string}"},"query-input":{"@type":"PropertyValueSpecification","valueRequired":true,"valueName":"search_term_string"}}],"inLanguage":"pt-PT"},{"@type":"Organization","@id":"https:\/\/brasilnoticias.org\/site\/#organization","name":"Brasil not\u00edcias","url":"https:\/\/brasilnoticias.org\/site\/","logo":{"@type":"ImageObject","inLanguage":"pt-PT","@id":"https:\/\/brasilnoticias.org\/site\/#\/schema\/logo\/image\/","url":"https:\/\/brasilnoticias.org\/site\/wp-content\/uploads\/2022\/05\/cropped-brasilnoticias-mini.jpg","contentUrl":"https:\/\/brasilnoticias.org\/site\/wp-content\/uploads\/2022\/05\/cropped-brasilnoticias-mini.jpg","width":314,"height":86,"caption":"Brasil not\u00edcias"},"image":{"@id":"https:\/\/brasilnoticias.org\/site\/#\/schema\/logo\/image\/"}},{"@type":"Person","@id":"https:\/\/brasilnoticias.org\/site\/#\/schema\/person\/a0e05b973ec4d15c658d51911e53507b","name":"Reda\u00e7\u00e3o","image":{"@type":"ImageObject","inLanguage":"pt-PT","@id":"https:\/\/brasilnoticias.org\/site\/#\/schema\/person\/image\/","url":"https:\/\/secure.gravatar.com\/avatar\/75d8b050df2de108b08ae78dfb8e374892df24a383c67db9c46a9c604f6aee9c?s=96&d=mm&r=g","contentUrl":"https:\/\/secure.gravatar.com\/avatar\/75d8b050df2de108b08ae78dfb8e374892df24a383c67db9c46a9c604f6aee9c?s=96&d=mm&r=g","caption":"Reda\u00e7\u00e3o"},"sameAs":["https:\/\/brasilnoticias.org\/site"],"url":"https:\/\/brasilnoticias.org\/site\/author\/fernandozsngmail-com\/"}]}},"_links":{"self":[{"href":"https:\/\/brasilnoticias.org\/site\/wp-json\/wp\/v2\/posts\/3776","targetHints":{"allow":["GET"]}}],"collection":[{"href":"https:\/\/brasilnoticias.org\/site\/wp-json\/wp\/v2\/posts"}],"about":[{"href":"https:\/\/brasilnoticias.org\/site\/wp-json\/wp\/v2\/types\/post"}],"author":[{"embeddable":true,"href":"https:\/\/brasilnoticias.org\/site\/wp-json\/wp\/v2\/users\/1"}],"replies":[{"embeddable":true,"href":"https:\/\/brasilnoticias.org\/site\/wp-json\/wp\/v2\/comments?post=3776"}],"version-history":[{"count":1,"href":"https:\/\/brasilnoticias.org\/site\/wp-json\/wp\/v2\/posts\/3776\/revisions"}],"predecessor-version":[{"id":3778,"href":"https:\/\/brasilnoticias.org\/site\/wp-json\/wp\/v2\/posts\/3776\/revisions\/3778"}],"wp:featuredmedia":[{"embeddable":true,"href":"https:\/\/brasilnoticias.org\/site\/wp-json\/wp\/v2\/media\/3777"}],"wp:attachment":[{"href":"https:\/\/brasilnoticias.org\/site\/wp-json\/wp\/v2\/media?parent=3776"}],"wp:term":[{"taxonomy":"category","embeddable":true,"href":"https:\/\/brasilnoticias.org\/site\/wp-json\/wp\/v2\/categories?post=3776"},{"taxonomy":"post_tag","embeddable":true,"href":"https:\/\/brasilnoticias.org\/site\/wp-json\/wp\/v2\/tags?post=3776"}],"curies":[{"name":"wp","href":"https:\/\/api.w.org\/{rel}","templated":true}]}}