{"id":3779,"date":"2023-02-08T07:10:48","date_gmt":"2023-02-08T10:10:48","guid":{"rendered":"https:\/\/brasilnoticias.org\/site\/?p=3779"},"modified":"2023-02-08T06:16:03","modified_gmt":"2023-02-08T09:16:03","slug":"vitoria-joga-a-vida-no-baiano-contra-o-atletico-bahia-quer-manter-lideranca-no-estadual","status":"publish","type":"post","link":"https:\/\/brasilnoticias.org\/site\/vitoria-joga-a-vida-no-baiano-contra-o-atletico-bahia-quer-manter-lideranca-no-estadual\/","title":{"rendered":"Vit\u00f3ria joga a vida no Baiano contra o Atl\u00e9tico; Bahia quer manter lideran\u00e7a no estadual"},"content":{"rendered":"<p>Bahia e Vit\u00f3ria voltam a campo nesta quarta-feira (8), pela s\u00e9tima rodada da primeira fase do Campeonato Baiano. Com objetivos diferentes nesse momento da competi\u00e7\u00e3o, a dupla Ba-Vi enfrenta o Bahia de Feira e o Atl\u00e9tico de Alagoinhas, respectivamente.<\/p>\n<p>O Bahia enfreta seu xar\u00e1 de Feira de Santana, jogando na Arena Fonte Nova, \u00e0s 21h30, querendo se manter na lideran\u00e7a da tabela de classifica\u00e7\u00e3o do estadual. Para a partida, o treinador Renato Paiva ainda n\u00e3o contar\u00e1 com o zagueiro Kanu e com o volante Rezende, ambos entregues ao departamento m\u00e9dico do clube. A expectativa \u00e9 que o tricolor entre em campo com Marcos Felipe; Cicinho, David Duarte, Raul Gustavo e Ch\u00e1vez; Diego Rosa, Acevedo, Biel e Kayky; Ricardo Goulart e Everaldo.<\/p>\n<p>J\u00e1 o Vit\u00f3ria, que precisa vencer todas suas partidas restantes na primeira fase para conseguir a classifica\u00e7\u00e3o para as semifinais do baiano, ter\u00e1 o comando t\u00e9cnico do auxiliar Ricardo Amadeu, j\u00e1 que o treinador Jo\u00e3o Burse foi demitido ap\u00f3s a derrota por 3&#215;1 contra o CSA. O time anunciou na \u00faltima ter\u00e7a-feira (7) a contrata\u00e7\u00e3o do treinador L\u00e9o Cond\u00e9, mas o novo comandante do time s\u00f3 estrear\u00e1 no jogo do pr\u00f3ximo domingo (12). O clube tamb\u00e9m anunciou dois refor\u00e7os para seu elenco, os meias Thiago Lopes e Pedro Bicalho, que j\u00e1 poder\u00e3o entrar em campo no dia de hoje.<\/p>\n<p>Foto: Montagem\/Reprodu\u00e7\u00e3o\/EC Vit\u00f3ria\/EC Bahia<br \/>\nBnews<\/p>\n","protected":false},"excerpt":{"rendered":"<p>Bahia e Vit\u00f3ria voltam a campo nesta quarta-feira (8), pela s\u00e9tima rodada da primeira fase do Campeonato Baiano. Com objetivos<\/p>\n","protected":false},"author":1,"featured_media":3780,"comment_status":"open","ping_status":"open","sticky":false,"template":"","format":"standard","meta":{"colormag_page_container_layout":"default_layout","colormag_page_sidebar_layout":"default_layout","_FSMCFIC_featured_image_caption":"","_FSMCFIC_featured_image_nocaption":"","_FSMCFIC_featured_image_hide":"","footnotes":""},"categories":[4,1],"tags":[],"class_list":["post-3779","post","type-post","status-publish","format-standard","has-post-thumbnail","hentry","category-esporte","category-ultimas"],"yoast_head":"<!-- This site is optimized with the Yoast SEO plugin v27.1.1 - https:\/\/yoast.com\/product\/yoast-seo-wordpress\/ -->\n<title>Vit\u00f3ria joga a vida no Baiano contra o Atl\u00e9tico; Bahia quer manter lideran\u00e7a no estadual - Brasil not\u00edcias<\/title>\n<meta name=\"robots\" content=\"index, follow, max-snippet:-1, max-image-preview:large, max-video-preview:-1\" \/>\n<link rel=\"canonical\" href=\"https:\/\/brasilnoticias.org\/site\/vitoria-joga-a-vida-no-baiano-contra-o-atletico-bahia-quer-manter-lideranca-no-estadual\/\" \/>\n<meta property=\"og:locale\" content=\"pt_PT\" \/>\n<meta property=\"og:type\" content=\"article\" \/>\n<meta property=\"og:title\" content=\"Vit\u00f3ria joga a vida no Baiano contra o Atl\u00e9tico; Bahia quer manter lideran\u00e7a no estadual - Brasil not\u00edcias\" \/>\n<meta property=\"og:description\" content=\"Bahia e Vit\u00f3ria voltam a campo nesta quarta-feira (8), pela s\u00e9tima rodada da primeira fase do Campeonato Baiano. Com objetivos\" \/>\n<meta property=\"og:url\" content=\"https:\/\/brasilnoticias.org\/site\/vitoria-joga-a-vida-no-baiano-contra-o-atletico-bahia-quer-manter-lideranca-no-estadual\/\" \/>\n<meta property=\"og:site_name\" content=\"Brasil not\u00edcias\" \/>\n<meta property=\"article:published_time\" content=\"2023-02-08T10:10:48+00:00\" \/>\n<meta property=\"og:image\" content=\"https:\/\/brasilnoticias.org\/site\/wp-content\/uploads\/2023\/02\/whatsapp_image_2023-02-07_at_18.47.45_widelg.jpeg\" \/>\n\t<meta property=\"og:image:width\" content=\"800\" \/>\n\t<meta property=\"og:image:height\" content=\"450\" \/>\n\t<meta property=\"og:image:type\" content=\"image\/jpeg\" \/>\n<meta name=\"author\" content=\"Reda\u00e7\u00e3o\" \/>\n<meta name=\"twitter:card\" content=\"summary_large_image\" \/>\n<meta name=\"twitter:label1\" content=\"Escrito por\" \/>\n\t<meta name=\"twitter:data1\" content=\"Reda\u00e7\u00e3o\" \/>\n\t<meta name=\"twitter:label2\" content=\"Tempo estimado de leitura\" \/>\n\t<meta name=\"twitter:data2\" content=\"1 minuto\" \/>\n<script type=\"application\/ld+json\" class=\"yoast-schema-graph\">{\"@context\":\"https:\/\/schema.org\",\"@graph\":[{\"@type\":\"Article\",\"@id\":\"https:\/\/brasilnoticias.org\/site\/vitoria-joga-a-vida-no-baiano-contra-o-atletico-bahia-quer-manter-lideranca-no-estadual\/#article\",\"isPartOf\":{\"@id\":\"https:\/\/brasilnoticias.org\/site\/vitoria-joga-a-vida-no-baiano-contra-o-atletico-bahia-quer-manter-lideranca-no-estadual\/\"},\"author\":{\"name\":\"Reda\u00e7\u00e3o\",\"@id\":\"https:\/\/brasilnoticias.org\/site\/#\/schema\/person\/a0e05b973ec4d15c658d51911e53507b\"},\"headline\":\"Vit\u00f3ria joga a vida no Baiano contra o Atl\u00e9tico; Bahia quer manter lideran\u00e7a no estadual\",\"datePublished\":\"2023-02-08T10:10:48+00:00\",\"mainEntityOfPage\":{\"@id\":\"https:\/\/brasilnoticias.org\/site\/vitoria-joga-a-vida-no-baiano-contra-o-atletico-bahia-quer-manter-lideranca-no-estadual\/\"},\"wordCount\":265,\"commentCount\":0,\"publisher\":{\"@id\":\"https:\/\/brasilnoticias.org\/site\/#organization\"},\"image\":{\"@id\":\"https:\/\/brasilnoticias.org\/site\/vitoria-joga-a-vida-no-baiano-contra-o-atletico-bahia-quer-manter-lideranca-no-estadual\/#primaryimage\"},\"thumbnailUrl\":\"https:\/\/brasilnoticias.org\/site\/wp-content\/uploads\/2023\/02\/whatsapp_image_2023-02-07_at_18.47.45_widelg.jpeg\",\"articleSection\":[\"Esporte\",\"\u00daltimas\"],\"inLanguage\":\"pt-PT\",\"potentialAction\":[{\"@type\":\"CommentAction\",\"name\":\"Comment\",\"target\":[\"https:\/\/brasilnoticias.org\/site\/vitoria-joga-a-vida-no-baiano-contra-o-atletico-bahia-quer-manter-lideranca-no-estadual\/#respond\"]}]},{\"@type\":\"WebPage\",\"@id\":\"https:\/\/brasilnoticias.org\/site\/vitoria-joga-a-vida-no-baiano-contra-o-atletico-bahia-quer-manter-lideranca-no-estadual\/\",\"url\":\"https:\/\/brasilnoticias.org\/site\/vitoria-joga-a-vida-no-baiano-contra-o-atletico-bahia-quer-manter-lideranca-no-estadual\/\",\"name\":\"Vit\u00f3ria joga a vida no Baiano contra o Atl\u00e9tico; Bahia quer manter lideran\u00e7a no estadual - Brasil not\u00edcias\",\"isPartOf\":{\"@id\":\"https:\/\/brasilnoticias.org\/site\/#website\"},\"primaryImageOfPage\":{\"@id\":\"https:\/\/brasilnoticias.org\/site\/vitoria-joga-a-vida-no-baiano-contra-o-atletico-bahia-quer-manter-lideranca-no-estadual\/#primaryimage\"},\"image\":{\"@id\":\"https:\/\/brasilnoticias.org\/site\/vitoria-joga-a-vida-no-baiano-contra-o-atletico-bahia-quer-manter-lideranca-no-estadual\/#primaryimage\"},\"thumbnailUrl\":\"https:\/\/brasilnoticias.org\/site\/wp-content\/uploads\/2023\/02\/whatsapp_image_2023-02-07_at_18.47.45_widelg.jpeg\",\"datePublished\":\"2023-02-08T10:10:48+00:00\",\"breadcrumb\":{\"@id\":\"https:\/\/brasilnoticias.org\/site\/vitoria-joga-a-vida-no-baiano-contra-o-atletico-bahia-quer-manter-lideranca-no-estadual\/#breadcrumb\"},\"inLanguage\":\"pt-PT\",\"potentialAction\":[{\"@type\":\"ReadAction\",\"target\":[\"https:\/\/brasilnoticias.org\/site\/vitoria-joga-a-vida-no-baiano-contra-o-atletico-bahia-quer-manter-lideranca-no-estadual\/\"]}]},{\"@type\":\"ImageObject\",\"inLanguage\":\"pt-PT\",\"@id\":\"https:\/\/brasilnoticias.org\/site\/vitoria-joga-a-vida-no-baiano-contra-o-atletico-bahia-quer-manter-lideranca-no-estadual\/#primaryimage\",\"url\":\"https:\/\/brasilnoticias.org\/site\/wp-content\/uploads\/2023\/02\/whatsapp_image_2023-02-07_at_18.47.45_widelg.jpeg\",\"contentUrl\":\"https:\/\/brasilnoticias.org\/site\/wp-content\/uploads\/2023\/02\/whatsapp_image_2023-02-07_at_18.47.45_widelg.jpeg\",\"width\":800,\"height\":450},{\"@type\":\"BreadcrumbList\",\"@id\":\"https:\/\/brasilnoticias.org\/site\/vitoria-joga-a-vida-no-baiano-contra-o-atletico-bahia-quer-manter-lideranca-no-estadual\/#breadcrumb\",\"itemListElement\":[{\"@type\":\"ListItem\",\"position\":1,\"name\":\"In\u00edcio\",\"item\":\"https:\/\/brasilnoticias.org\/site\/\"},{\"@type\":\"ListItem\",\"position\":2,\"name\":\"Vit\u00f3ria joga a vida no Baiano contra o Atl\u00e9tico; Bahia quer manter lideran\u00e7a no estadual\"}]},{\"@type\":\"WebSite\",\"@id\":\"https:\/\/brasilnoticias.org\/site\/#website\",\"url\":\"https:\/\/brasilnoticias.org\/site\/\",\"name\":\"Brasil not\u00edcias\",\"description\":\"Brasil not\u00edcias\",\"publisher\":{\"@id\":\"https:\/\/brasilnoticias.org\/site\/#organization\"},\"potentialAction\":[{\"@type\":\"SearchAction\",\"target\":{\"@type\":\"EntryPoint\",\"urlTemplate\":\"https:\/\/brasilnoticias.org\/site\/?s={search_term_string}\"},\"query-input\":{\"@type\":\"PropertyValueSpecification\",\"valueRequired\":true,\"valueName\":\"search_term_string\"}}],\"inLanguage\":\"pt-PT\"},{\"@type\":\"Organization\",\"@id\":\"https:\/\/brasilnoticias.org\/site\/#organization\",\"name\":\"Brasil not\u00edcias\",\"url\":\"https:\/\/brasilnoticias.org\/site\/\",\"logo\":{\"@type\":\"ImageObject\",\"inLanguage\":\"pt-PT\",\"@id\":\"https:\/\/brasilnoticias.org\/site\/#\/schema\/logo\/image\/\",\"url\":\"https:\/\/brasilnoticias.org\/site\/wp-content\/uploads\/2022\/05\/cropped-brasilnoticias-mini.jpg\",\"contentUrl\":\"https:\/\/brasilnoticias.org\/site\/wp-content\/uploads\/2022\/05\/cropped-brasilnoticias-mini.jpg\",\"width\":314,\"height\":86,\"caption\":\"Brasil not\u00edcias\"},\"image\":{\"@id\":\"https:\/\/brasilnoticias.org\/site\/#\/schema\/logo\/image\/\"}},{\"@type\":\"Person\",\"@id\":\"https:\/\/brasilnoticias.org\/site\/#\/schema\/person\/a0e05b973ec4d15c658d51911e53507b\",\"name\":\"Reda\u00e7\u00e3o\",\"image\":{\"@type\":\"ImageObject\",\"inLanguage\":\"pt-PT\",\"@id\":\"https:\/\/brasilnoticias.org\/site\/#\/schema\/person\/image\/\",\"url\":\"https:\/\/secure.gravatar.com\/avatar\/75d8b050df2de108b08ae78dfb8e374892df24a383c67db9c46a9c604f6aee9c?s=96&d=mm&r=g\",\"contentUrl\":\"https:\/\/secure.gravatar.com\/avatar\/75d8b050df2de108b08ae78dfb8e374892df24a383c67db9c46a9c604f6aee9c?s=96&d=mm&r=g\",\"caption\":\"Reda\u00e7\u00e3o\"},\"sameAs\":[\"https:\/\/brasilnoticias.org\/site\"],\"url\":\"https:\/\/brasilnoticias.org\/site\/author\/fernandozsngmail-com\/\"}]}<\/script>\n<!-- \/ Yoast SEO plugin. -->","yoast_head_json":{"title":"Vit\u00f3ria joga a vida no Baiano contra o Atl\u00e9tico; Bahia quer manter lideran\u00e7a no estadual - Brasil not\u00edcias","robots":{"index":"index","follow":"follow","max-snippet":"max-snippet:-1","max-image-preview":"max-image-preview:large","max-video-preview":"max-video-preview:-1"},"canonical":"https:\/\/brasilnoticias.org\/site\/vitoria-joga-a-vida-no-baiano-contra-o-atletico-bahia-quer-manter-lideranca-no-estadual\/","og_locale":"pt_PT","og_type":"article","og_title":"Vit\u00f3ria joga a vida no Baiano contra o Atl\u00e9tico; Bahia quer manter lideran\u00e7a no estadual - Brasil not\u00edcias","og_description":"Bahia e Vit\u00f3ria voltam a campo nesta quarta-feira (8), pela s\u00e9tima rodada da primeira fase do Campeonato Baiano. Com objetivos","og_url":"https:\/\/brasilnoticias.org\/site\/vitoria-joga-a-vida-no-baiano-contra-o-atletico-bahia-quer-manter-lideranca-no-estadual\/","og_site_name":"Brasil not\u00edcias","article_published_time":"2023-02-08T10:10:48+00:00","og_image":[{"width":800,"height":450,"url":"https:\/\/brasilnoticias.org\/site\/wp-content\/uploads\/2023\/02\/whatsapp_image_2023-02-07_at_18.47.45_widelg.jpeg","type":"image\/jpeg"}],"author":"Reda\u00e7\u00e3o","twitter_card":"summary_large_image","twitter_misc":{"Escrito por":"Reda\u00e7\u00e3o","Tempo estimado de leitura":"1 minuto"},"schema":{"@context":"https:\/\/schema.org","@graph":[{"@type":"Article","@id":"https:\/\/brasilnoticias.org\/site\/vitoria-joga-a-vida-no-baiano-contra-o-atletico-bahia-quer-manter-lideranca-no-estadual\/#article","isPartOf":{"@id":"https:\/\/brasilnoticias.org\/site\/vitoria-joga-a-vida-no-baiano-contra-o-atletico-bahia-quer-manter-lideranca-no-estadual\/"},"author":{"name":"Reda\u00e7\u00e3o","@id":"https:\/\/brasilnoticias.org\/site\/#\/schema\/person\/a0e05b973ec4d15c658d51911e53507b"},"headline":"Vit\u00f3ria joga a vida no Baiano contra o Atl\u00e9tico; Bahia quer manter lideran\u00e7a no estadual","datePublished":"2023-02-08T10:10:48+00:00","mainEntityOfPage":{"@id":"https:\/\/brasilnoticias.org\/site\/vitoria-joga-a-vida-no-baiano-contra-o-atletico-bahia-quer-manter-lideranca-no-estadual\/"},"wordCount":265,"commentCount":0,"publisher":{"@id":"https:\/\/brasilnoticias.org\/site\/#organization"},"image":{"@id":"https:\/\/brasilnoticias.org\/site\/vitoria-joga-a-vida-no-baiano-contra-o-atletico-bahia-quer-manter-lideranca-no-estadual\/#primaryimage"},"thumbnailUrl":"https:\/\/brasilnoticias.org\/site\/wp-content\/uploads\/2023\/02\/whatsapp_image_2023-02-07_at_18.47.45_widelg.jpeg","articleSection":["Esporte","\u00daltimas"],"inLanguage":"pt-PT","potentialAction":[{"@type":"CommentAction","name":"Comment","target":["https:\/\/brasilnoticias.org\/site\/vitoria-joga-a-vida-no-baiano-contra-o-atletico-bahia-quer-manter-lideranca-no-estadual\/#respond"]}]},{"@type":"WebPage","@id":"https:\/\/brasilnoticias.org\/site\/vitoria-joga-a-vida-no-baiano-contra-o-atletico-bahia-quer-manter-lideranca-no-estadual\/","url":"https:\/\/brasilnoticias.org\/site\/vitoria-joga-a-vida-no-baiano-contra-o-atletico-bahia-quer-manter-lideranca-no-estadual\/","name":"Vit\u00f3ria joga a vida no Baiano contra o Atl\u00e9tico; Bahia quer manter lideran\u00e7a no estadual - Brasil not\u00edcias","isPartOf":{"@id":"https:\/\/brasilnoticias.org\/site\/#website"},"primaryImageOfPage":{"@id":"https:\/\/brasilnoticias.org\/site\/vitoria-joga-a-vida-no-baiano-contra-o-atletico-bahia-quer-manter-lideranca-no-estadual\/#primaryimage"},"image":{"@id":"https:\/\/brasilnoticias.org\/site\/vitoria-joga-a-vida-no-baiano-contra-o-atletico-bahia-quer-manter-lideranca-no-estadual\/#primaryimage"},"thumbnailUrl":"https:\/\/brasilnoticias.org\/site\/wp-content\/uploads\/2023\/02\/whatsapp_image_2023-02-07_at_18.47.45_widelg.jpeg","datePublished":"2023-02-08T10:10:48+00:00","breadcrumb":{"@id":"https:\/\/brasilnoticias.org\/site\/vitoria-joga-a-vida-no-baiano-contra-o-atletico-bahia-quer-manter-lideranca-no-estadual\/#breadcrumb"},"inLanguage":"pt-PT","potentialAction":[{"@type":"ReadAction","target":["https:\/\/brasilnoticias.org\/site\/vitoria-joga-a-vida-no-baiano-contra-o-atletico-bahia-quer-manter-lideranca-no-estadual\/"]}]},{"@type":"ImageObject","inLanguage":"pt-PT","@id":"https:\/\/brasilnoticias.org\/site\/vitoria-joga-a-vida-no-baiano-contra-o-atletico-bahia-quer-manter-lideranca-no-estadual\/#primaryimage","url":"https:\/\/brasilnoticias.org\/site\/wp-content\/uploads\/2023\/02\/whatsapp_image_2023-02-07_at_18.47.45_widelg.jpeg","contentUrl":"https:\/\/brasilnoticias.org\/site\/wp-content\/uploads\/2023\/02\/whatsapp_image_2023-02-07_at_18.47.45_widelg.jpeg","width":800,"height":450},{"@type":"BreadcrumbList","@id":"https:\/\/brasilnoticias.org\/site\/vitoria-joga-a-vida-no-baiano-contra-o-atletico-bahia-quer-manter-lideranca-no-estadual\/#breadcrumb","itemListElement":[{"@type":"ListItem","position":1,"name":"In\u00edcio","item":"https:\/\/brasilnoticias.org\/site\/"},{"@type":"ListItem","position":2,"name":"Vit\u00f3ria joga a vida no Baiano contra o Atl\u00e9tico; Bahia quer manter lideran\u00e7a no estadual"}]},{"@type":"WebSite","@id":"https:\/\/brasilnoticias.org\/site\/#website","url":"https:\/\/brasilnoticias.org\/site\/","name":"Brasil not\u00edcias","description":"Brasil not\u00edcias","publisher":{"@id":"https:\/\/brasilnoticias.org\/site\/#organization"},"potentialAction":[{"@type":"SearchAction","target":{"@type":"EntryPoint","urlTemplate":"https:\/\/brasilnoticias.org\/site\/?s={search_term_string}"},"query-input":{"@type":"PropertyValueSpecification","valueRequired":true,"valueName":"search_term_string"}}],"inLanguage":"pt-PT"},{"@type":"Organization","@id":"https:\/\/brasilnoticias.org\/site\/#organization","name":"Brasil not\u00edcias","url":"https:\/\/brasilnoticias.org\/site\/","logo":{"@type":"ImageObject","inLanguage":"pt-PT","@id":"https:\/\/brasilnoticias.org\/site\/#\/schema\/logo\/image\/","url":"https:\/\/brasilnoticias.org\/site\/wp-content\/uploads\/2022\/05\/cropped-brasilnoticias-mini.jpg","contentUrl":"https:\/\/brasilnoticias.org\/site\/wp-content\/uploads\/2022\/05\/cropped-brasilnoticias-mini.jpg","width":314,"height":86,"caption":"Brasil not\u00edcias"},"image":{"@id":"https:\/\/brasilnoticias.org\/site\/#\/schema\/logo\/image\/"}},{"@type":"Person","@id":"https:\/\/brasilnoticias.org\/site\/#\/schema\/person\/a0e05b973ec4d15c658d51911e53507b","name":"Reda\u00e7\u00e3o","image":{"@type":"ImageObject","inLanguage":"pt-PT","@id":"https:\/\/brasilnoticias.org\/site\/#\/schema\/person\/image\/","url":"https:\/\/secure.gravatar.com\/avatar\/75d8b050df2de108b08ae78dfb8e374892df24a383c67db9c46a9c604f6aee9c?s=96&d=mm&r=g","contentUrl":"https:\/\/secure.gravatar.com\/avatar\/75d8b050df2de108b08ae78dfb8e374892df24a383c67db9c46a9c604f6aee9c?s=96&d=mm&r=g","caption":"Reda\u00e7\u00e3o"},"sameAs":["https:\/\/brasilnoticias.org\/site"],"url":"https:\/\/brasilnoticias.org\/site\/author\/fernandozsngmail-com\/"}]}},"_links":{"self":[{"href":"https:\/\/brasilnoticias.org\/site\/wp-json\/wp\/v2\/posts\/3779","targetHints":{"allow":["GET"]}}],"collection":[{"href":"https:\/\/brasilnoticias.org\/site\/wp-json\/wp\/v2\/posts"}],"about":[{"href":"https:\/\/brasilnoticias.org\/site\/wp-json\/wp\/v2\/types\/post"}],"author":[{"embeddable":true,"href":"https:\/\/brasilnoticias.org\/site\/wp-json\/wp\/v2\/users\/1"}],"replies":[{"embeddable":true,"href":"https:\/\/brasilnoticias.org\/site\/wp-json\/wp\/v2\/comments?post=3779"}],"version-history":[{"count":1,"href":"https:\/\/brasilnoticias.org\/site\/wp-json\/wp\/v2\/posts\/3779\/revisions"}],"predecessor-version":[{"id":3781,"href":"https:\/\/brasilnoticias.org\/site\/wp-json\/wp\/v2\/posts\/3779\/revisions\/3781"}],"wp:featuredmedia":[{"embeddable":true,"href":"https:\/\/brasilnoticias.org\/site\/wp-json\/wp\/v2\/media\/3780"}],"wp:attachment":[{"href":"https:\/\/brasilnoticias.org\/site\/wp-json\/wp\/v2\/media?parent=3779"}],"wp:term":[{"taxonomy":"category","embeddable":true,"href":"https:\/\/brasilnoticias.org\/site\/wp-json\/wp\/v2\/categories?post=3779"},{"taxonomy":"post_tag","embeddable":true,"href":"https:\/\/brasilnoticias.org\/site\/wp-json\/wp\/v2\/tags?post=3779"}],"curies":[{"name":"wp","href":"https:\/\/api.w.org\/{rel}","templated":true}]}}