{"id":3785,"date":"2023-02-08T07:20:38","date_gmt":"2023-02-08T10:20:38","guid":{"rendered":"https:\/\/brasilnoticias.org\/site\/?p=3785"},"modified":"2023-02-08T06:40:32","modified_gmt":"2023-02-08T09:40:32","slug":"video-grupo-aterroriza-bairro-de-salvador-e-ostenta-forte-armamento","status":"publish","type":"post","link":"https:\/\/brasilnoticias.org\/site\/video-grupo-aterroriza-bairro-de-salvador-e-ostenta-forte-armamento\/","title":{"rendered":"V\u00cdDEO: Grupo aterroriza bairro de Salvador e ostenta forte armamento"},"content":{"rendered":"<p>Um grupo de homens aterrorizou o bairro da Palestina, em Salvador, na tarde de segunda-feira (6). Em plena luz do dia, os suspeitos ostentaram forte armamento e debocharam de supostos rivais do tr\u00e1fico de drogas.<\/p>\n<p>&#8220;Os caras est\u00e3o na &#8216;pista'&#8221;, diz um dos respons\u00e1veis pelos v\u00eddeos realizados no bairro. Em um local alto, os suspeitos chegam a apontar e efetuar disparos.<\/p>\n<p>Diversos bairros de Salvador v\u00eam sendo palco de criminosos armados, que chegam a trocar tiros entre si. No \u00faltimo domingo (5), um intenso confronto aconteceu na localidade da Vila Verde, entre os bairros de S\u00e3o Crist\u00f3v\u00e3o e Mussurunga.<\/p>\n<blockquote class=\"twitter-tweet\">\n<p lang=\"pt\" dir=\"ltr\">Grupo aterroriza bairro de Salvador e ostenta forte armamento <a href=\"https:\/\/t.co\/YvZbb7XBh0\">pic.twitter.com\/YvZbb7XBh0<\/a><\/p>\n<p>&mdash; bnewsvideos (@bnewsvideos) <a href=\"https:\/\/twitter.com\/bnewsvideos\/status\/1623009777910525954?ref_src=twsrc%5Etfw\">February 7, 2023<\/a><\/p><\/blockquote>\n<p> <script async src=\"https:\/\/platform.twitter.com\/widgets.js\" charset=\"utf-8\"><\/script><\/p>\n<p>Foto Reprodu\u00e7\u00e3o\/V\u00eddeo<br \/>\nBnews<\/p>\n","protected":false},"excerpt":{"rendered":"<p>Um grupo de homens aterrorizou o bairro da Palestina, em Salvador, na tarde de segunda-feira (6). Em plena luz do<\/p>\n","protected":false},"author":1,"featured_media":3786,"comment_status":"open","ping_status":"open","sticky":false,"template":"","format":"standard","meta":{"colormag_page_container_layout":"default_layout","colormag_page_sidebar_layout":"default_layout","_FSMCFIC_featured_image_caption":"","_FSMCFIC_featured_image_nocaption":"","_FSMCFIC_featured_image_hide":"","footnotes":""},"categories":[3,1],"tags":[],"class_list":["post-3785","post","type-post","status-publish","format-standard","has-post-thumbnail","hentry","category-policia","category-ultimas"],"yoast_head":"<!-- This site is optimized with the Yoast SEO plugin v27.1.1 - https:\/\/yoast.com\/product\/yoast-seo-wordpress\/ -->\n<title>V\u00cdDEO: Grupo aterroriza bairro de Salvador e ostenta forte armamento - Brasil not\u00edcias<\/title>\n<meta name=\"robots\" content=\"index, follow, max-snippet:-1, max-image-preview:large, max-video-preview:-1\" \/>\n<link rel=\"canonical\" href=\"https:\/\/brasilnoticias.org\/site\/video-grupo-aterroriza-bairro-de-salvador-e-ostenta-forte-armamento\/\" \/>\n<meta property=\"og:locale\" content=\"pt_PT\" \/>\n<meta property=\"og:type\" content=\"article\" \/>\n<meta property=\"og:title\" content=\"V\u00cdDEO: Grupo aterroriza bairro de Salvador e ostenta forte armamento - Brasil not\u00edcias\" \/>\n<meta property=\"og:description\" content=\"Um grupo de homens aterrorizou o bairro da Palestina, em Salvador, na tarde de segunda-feira (6). Em plena luz do\" \/>\n<meta property=\"og:url\" content=\"https:\/\/brasilnoticias.org\/site\/video-grupo-aterroriza-bairro-de-salvador-e-ostenta-forte-armamento\/\" \/>\n<meta property=\"og:site_name\" content=\"Brasil not\u00edcias\" \/>\n<meta property=\"article:published_time\" content=\"2023-02-08T10:20:38+00:00\" \/>\n<meta property=\"og:image\" content=\"https:\/\/brasilnoticias.org\/site\/wp-content\/uploads\/2023\/02\/whatsapp_image_2023-02-07_at_14.22.26_widelg.jpeg\" \/>\n\t<meta property=\"og:image:width\" content=\"800\" \/>\n\t<meta property=\"og:image:height\" content=\"450\" \/>\n\t<meta property=\"og:image:type\" content=\"image\/jpeg\" \/>\n<meta name=\"author\" content=\"Reda\u00e7\u00e3o\" \/>\n<meta name=\"twitter:card\" content=\"summary_large_image\" \/>\n<meta name=\"twitter:label1\" content=\"Escrito por\" \/>\n\t<meta name=\"twitter:data1\" content=\"Reda\u00e7\u00e3o\" \/>\n\t<meta name=\"twitter:label2\" content=\"Tempo estimado de leitura\" \/>\n\t<meta name=\"twitter:data2\" content=\"1 minuto\" \/>\n<script type=\"application\/ld+json\" class=\"yoast-schema-graph\">{\"@context\":\"https:\/\/schema.org\",\"@graph\":[{\"@type\":\"Article\",\"@id\":\"https:\/\/brasilnoticias.org\/site\/video-grupo-aterroriza-bairro-de-salvador-e-ostenta-forte-armamento\/#article\",\"isPartOf\":{\"@id\":\"https:\/\/brasilnoticias.org\/site\/video-grupo-aterroriza-bairro-de-salvador-e-ostenta-forte-armamento\/\"},\"author\":{\"name\":\"Reda\u00e7\u00e3o\",\"@id\":\"https:\/\/brasilnoticias.org\/site\/#\/schema\/person\/a0e05b973ec4d15c658d51911e53507b\"},\"headline\":\"V\u00cdDEO: Grupo aterroriza bairro de Salvador e ostenta forte armamento\",\"datePublished\":\"2023-02-08T10:20:38+00:00\",\"mainEntityOfPage\":{\"@id\":\"https:\/\/brasilnoticias.org\/site\/video-grupo-aterroriza-bairro-de-salvador-e-ostenta-forte-armamento\/\"},\"wordCount\":140,\"commentCount\":0,\"publisher\":{\"@id\":\"https:\/\/brasilnoticias.org\/site\/#organization\"},\"image\":{\"@id\":\"https:\/\/brasilnoticias.org\/site\/video-grupo-aterroriza-bairro-de-salvador-e-ostenta-forte-armamento\/#primaryimage\"},\"thumbnailUrl\":\"https:\/\/brasilnoticias.org\/site\/wp-content\/uploads\/2023\/02\/whatsapp_image_2023-02-07_at_14.22.26_widelg.jpeg\",\"articleSection\":[\"Pol\u00edcia\",\"\u00daltimas\"],\"inLanguage\":\"pt-PT\",\"potentialAction\":[{\"@type\":\"CommentAction\",\"name\":\"Comment\",\"target\":[\"https:\/\/brasilnoticias.org\/site\/video-grupo-aterroriza-bairro-de-salvador-e-ostenta-forte-armamento\/#respond\"]}]},{\"@type\":\"WebPage\",\"@id\":\"https:\/\/brasilnoticias.org\/site\/video-grupo-aterroriza-bairro-de-salvador-e-ostenta-forte-armamento\/\",\"url\":\"https:\/\/brasilnoticias.org\/site\/video-grupo-aterroriza-bairro-de-salvador-e-ostenta-forte-armamento\/\",\"name\":\"V\u00cdDEO: Grupo aterroriza bairro de Salvador e ostenta forte armamento - Brasil not\u00edcias\",\"isPartOf\":{\"@id\":\"https:\/\/brasilnoticias.org\/site\/#website\"},\"primaryImageOfPage\":{\"@id\":\"https:\/\/brasilnoticias.org\/site\/video-grupo-aterroriza-bairro-de-salvador-e-ostenta-forte-armamento\/#primaryimage\"},\"image\":{\"@id\":\"https:\/\/brasilnoticias.org\/site\/video-grupo-aterroriza-bairro-de-salvador-e-ostenta-forte-armamento\/#primaryimage\"},\"thumbnailUrl\":\"https:\/\/brasilnoticias.org\/site\/wp-content\/uploads\/2023\/02\/whatsapp_image_2023-02-07_at_14.22.26_widelg.jpeg\",\"datePublished\":\"2023-02-08T10:20:38+00:00\",\"breadcrumb\":{\"@id\":\"https:\/\/brasilnoticias.org\/site\/video-grupo-aterroriza-bairro-de-salvador-e-ostenta-forte-armamento\/#breadcrumb\"},\"inLanguage\":\"pt-PT\",\"potentialAction\":[{\"@type\":\"ReadAction\",\"target\":[\"https:\/\/brasilnoticias.org\/site\/video-grupo-aterroriza-bairro-de-salvador-e-ostenta-forte-armamento\/\"]}]},{\"@type\":\"ImageObject\",\"inLanguage\":\"pt-PT\",\"@id\":\"https:\/\/brasilnoticias.org\/site\/video-grupo-aterroriza-bairro-de-salvador-e-ostenta-forte-armamento\/#primaryimage\",\"url\":\"https:\/\/brasilnoticias.org\/site\/wp-content\/uploads\/2023\/02\/whatsapp_image_2023-02-07_at_14.22.26_widelg.jpeg\",\"contentUrl\":\"https:\/\/brasilnoticias.org\/site\/wp-content\/uploads\/2023\/02\/whatsapp_image_2023-02-07_at_14.22.26_widelg.jpeg\",\"width\":800,\"height\":450},{\"@type\":\"BreadcrumbList\",\"@id\":\"https:\/\/brasilnoticias.org\/site\/video-grupo-aterroriza-bairro-de-salvador-e-ostenta-forte-armamento\/#breadcrumb\",\"itemListElement\":[{\"@type\":\"ListItem\",\"position\":1,\"name\":\"In\u00edcio\",\"item\":\"https:\/\/brasilnoticias.org\/site\/\"},{\"@type\":\"ListItem\",\"position\":2,\"name\":\"V\u00cdDEO: Grupo aterroriza bairro de Salvador e ostenta forte armamento\"}]},{\"@type\":\"WebSite\",\"@id\":\"https:\/\/brasilnoticias.org\/site\/#website\",\"url\":\"https:\/\/brasilnoticias.org\/site\/\",\"name\":\"Brasil not\u00edcias\",\"description\":\"Brasil not\u00edcias\",\"publisher\":{\"@id\":\"https:\/\/brasilnoticias.org\/site\/#organization\"},\"potentialAction\":[{\"@type\":\"SearchAction\",\"target\":{\"@type\":\"EntryPoint\",\"urlTemplate\":\"https:\/\/brasilnoticias.org\/site\/?s={search_term_string}\"},\"query-input\":{\"@type\":\"PropertyValueSpecification\",\"valueRequired\":true,\"valueName\":\"search_term_string\"}}],\"inLanguage\":\"pt-PT\"},{\"@type\":\"Organization\",\"@id\":\"https:\/\/brasilnoticias.org\/site\/#organization\",\"name\":\"Brasil not\u00edcias\",\"url\":\"https:\/\/brasilnoticias.org\/site\/\",\"logo\":{\"@type\":\"ImageObject\",\"inLanguage\":\"pt-PT\",\"@id\":\"https:\/\/brasilnoticias.org\/site\/#\/schema\/logo\/image\/\",\"url\":\"https:\/\/brasilnoticias.org\/site\/wp-content\/uploads\/2022\/05\/cropped-brasilnoticias-mini.jpg\",\"contentUrl\":\"https:\/\/brasilnoticias.org\/site\/wp-content\/uploads\/2022\/05\/cropped-brasilnoticias-mini.jpg\",\"width\":314,\"height\":86,\"caption\":\"Brasil not\u00edcias\"},\"image\":{\"@id\":\"https:\/\/brasilnoticias.org\/site\/#\/schema\/logo\/image\/\"}},{\"@type\":\"Person\",\"@id\":\"https:\/\/brasilnoticias.org\/site\/#\/schema\/person\/a0e05b973ec4d15c658d51911e53507b\",\"name\":\"Reda\u00e7\u00e3o\",\"image\":{\"@type\":\"ImageObject\",\"inLanguage\":\"pt-PT\",\"@id\":\"https:\/\/brasilnoticias.org\/site\/#\/schema\/person\/image\/\",\"url\":\"https:\/\/secure.gravatar.com\/avatar\/75d8b050df2de108b08ae78dfb8e374892df24a383c67db9c46a9c604f6aee9c?s=96&d=mm&r=g\",\"contentUrl\":\"https:\/\/secure.gravatar.com\/avatar\/75d8b050df2de108b08ae78dfb8e374892df24a383c67db9c46a9c604f6aee9c?s=96&d=mm&r=g\",\"caption\":\"Reda\u00e7\u00e3o\"},\"sameAs\":[\"https:\/\/brasilnoticias.org\/site\"],\"url\":\"https:\/\/brasilnoticias.org\/site\/author\/fernandozsngmail-com\/\"}]}<\/script>\n<!-- \/ Yoast SEO plugin. -->","yoast_head_json":{"title":"V\u00cdDEO: Grupo aterroriza bairro de Salvador e ostenta forte armamento - Brasil not\u00edcias","robots":{"index":"index","follow":"follow","max-snippet":"max-snippet:-1","max-image-preview":"max-image-preview:large","max-video-preview":"max-video-preview:-1"},"canonical":"https:\/\/brasilnoticias.org\/site\/video-grupo-aterroriza-bairro-de-salvador-e-ostenta-forte-armamento\/","og_locale":"pt_PT","og_type":"article","og_title":"V\u00cdDEO: Grupo aterroriza bairro de Salvador e ostenta forte armamento - Brasil not\u00edcias","og_description":"Um grupo de homens aterrorizou o bairro da Palestina, em Salvador, na tarde de segunda-feira (6). Em plena luz do","og_url":"https:\/\/brasilnoticias.org\/site\/video-grupo-aterroriza-bairro-de-salvador-e-ostenta-forte-armamento\/","og_site_name":"Brasil not\u00edcias","article_published_time":"2023-02-08T10:20:38+00:00","og_image":[{"width":800,"height":450,"url":"https:\/\/brasilnoticias.org\/site\/wp-content\/uploads\/2023\/02\/whatsapp_image_2023-02-07_at_14.22.26_widelg.jpeg","type":"image\/jpeg"}],"author":"Reda\u00e7\u00e3o","twitter_card":"summary_large_image","twitter_misc":{"Escrito por":"Reda\u00e7\u00e3o","Tempo estimado de leitura":"1 minuto"},"schema":{"@context":"https:\/\/schema.org","@graph":[{"@type":"Article","@id":"https:\/\/brasilnoticias.org\/site\/video-grupo-aterroriza-bairro-de-salvador-e-ostenta-forte-armamento\/#article","isPartOf":{"@id":"https:\/\/brasilnoticias.org\/site\/video-grupo-aterroriza-bairro-de-salvador-e-ostenta-forte-armamento\/"},"author":{"name":"Reda\u00e7\u00e3o","@id":"https:\/\/brasilnoticias.org\/site\/#\/schema\/person\/a0e05b973ec4d15c658d51911e53507b"},"headline":"V\u00cdDEO: Grupo aterroriza bairro de Salvador e ostenta forte armamento","datePublished":"2023-02-08T10:20:38+00:00","mainEntityOfPage":{"@id":"https:\/\/brasilnoticias.org\/site\/video-grupo-aterroriza-bairro-de-salvador-e-ostenta-forte-armamento\/"},"wordCount":140,"commentCount":0,"publisher":{"@id":"https:\/\/brasilnoticias.org\/site\/#organization"},"image":{"@id":"https:\/\/brasilnoticias.org\/site\/video-grupo-aterroriza-bairro-de-salvador-e-ostenta-forte-armamento\/#primaryimage"},"thumbnailUrl":"https:\/\/brasilnoticias.org\/site\/wp-content\/uploads\/2023\/02\/whatsapp_image_2023-02-07_at_14.22.26_widelg.jpeg","articleSection":["Pol\u00edcia","\u00daltimas"],"inLanguage":"pt-PT","potentialAction":[{"@type":"CommentAction","name":"Comment","target":["https:\/\/brasilnoticias.org\/site\/video-grupo-aterroriza-bairro-de-salvador-e-ostenta-forte-armamento\/#respond"]}]},{"@type":"WebPage","@id":"https:\/\/brasilnoticias.org\/site\/video-grupo-aterroriza-bairro-de-salvador-e-ostenta-forte-armamento\/","url":"https:\/\/brasilnoticias.org\/site\/video-grupo-aterroriza-bairro-de-salvador-e-ostenta-forte-armamento\/","name":"V\u00cdDEO: Grupo aterroriza bairro de Salvador e ostenta forte armamento - Brasil not\u00edcias","isPartOf":{"@id":"https:\/\/brasilnoticias.org\/site\/#website"},"primaryImageOfPage":{"@id":"https:\/\/brasilnoticias.org\/site\/video-grupo-aterroriza-bairro-de-salvador-e-ostenta-forte-armamento\/#primaryimage"},"image":{"@id":"https:\/\/brasilnoticias.org\/site\/video-grupo-aterroriza-bairro-de-salvador-e-ostenta-forte-armamento\/#primaryimage"},"thumbnailUrl":"https:\/\/brasilnoticias.org\/site\/wp-content\/uploads\/2023\/02\/whatsapp_image_2023-02-07_at_14.22.26_widelg.jpeg","datePublished":"2023-02-08T10:20:38+00:00","breadcrumb":{"@id":"https:\/\/brasilnoticias.org\/site\/video-grupo-aterroriza-bairro-de-salvador-e-ostenta-forte-armamento\/#breadcrumb"},"inLanguage":"pt-PT","potentialAction":[{"@type":"ReadAction","target":["https:\/\/brasilnoticias.org\/site\/video-grupo-aterroriza-bairro-de-salvador-e-ostenta-forte-armamento\/"]}]},{"@type":"ImageObject","inLanguage":"pt-PT","@id":"https:\/\/brasilnoticias.org\/site\/video-grupo-aterroriza-bairro-de-salvador-e-ostenta-forte-armamento\/#primaryimage","url":"https:\/\/brasilnoticias.org\/site\/wp-content\/uploads\/2023\/02\/whatsapp_image_2023-02-07_at_14.22.26_widelg.jpeg","contentUrl":"https:\/\/brasilnoticias.org\/site\/wp-content\/uploads\/2023\/02\/whatsapp_image_2023-02-07_at_14.22.26_widelg.jpeg","width":800,"height":450},{"@type":"BreadcrumbList","@id":"https:\/\/brasilnoticias.org\/site\/video-grupo-aterroriza-bairro-de-salvador-e-ostenta-forte-armamento\/#breadcrumb","itemListElement":[{"@type":"ListItem","position":1,"name":"In\u00edcio","item":"https:\/\/brasilnoticias.org\/site\/"},{"@type":"ListItem","position":2,"name":"V\u00cdDEO: Grupo aterroriza bairro de Salvador e ostenta forte armamento"}]},{"@type":"WebSite","@id":"https:\/\/brasilnoticias.org\/site\/#website","url":"https:\/\/brasilnoticias.org\/site\/","name":"Brasil not\u00edcias","description":"Brasil not\u00edcias","publisher":{"@id":"https:\/\/brasilnoticias.org\/site\/#organization"},"potentialAction":[{"@type":"SearchAction","target":{"@type":"EntryPoint","urlTemplate":"https:\/\/brasilnoticias.org\/site\/?s={search_term_string}"},"query-input":{"@type":"PropertyValueSpecification","valueRequired":true,"valueName":"search_term_string"}}],"inLanguage":"pt-PT"},{"@type":"Organization","@id":"https:\/\/brasilnoticias.org\/site\/#organization","name":"Brasil not\u00edcias","url":"https:\/\/brasilnoticias.org\/site\/","logo":{"@type":"ImageObject","inLanguage":"pt-PT","@id":"https:\/\/brasilnoticias.org\/site\/#\/schema\/logo\/image\/","url":"https:\/\/brasilnoticias.org\/site\/wp-content\/uploads\/2022\/05\/cropped-brasilnoticias-mini.jpg","contentUrl":"https:\/\/brasilnoticias.org\/site\/wp-content\/uploads\/2022\/05\/cropped-brasilnoticias-mini.jpg","width":314,"height":86,"caption":"Brasil not\u00edcias"},"image":{"@id":"https:\/\/brasilnoticias.org\/site\/#\/schema\/logo\/image\/"}},{"@type":"Person","@id":"https:\/\/brasilnoticias.org\/site\/#\/schema\/person\/a0e05b973ec4d15c658d51911e53507b","name":"Reda\u00e7\u00e3o","image":{"@type":"ImageObject","inLanguage":"pt-PT","@id":"https:\/\/brasilnoticias.org\/site\/#\/schema\/person\/image\/","url":"https:\/\/secure.gravatar.com\/avatar\/75d8b050df2de108b08ae78dfb8e374892df24a383c67db9c46a9c604f6aee9c?s=96&d=mm&r=g","contentUrl":"https:\/\/secure.gravatar.com\/avatar\/75d8b050df2de108b08ae78dfb8e374892df24a383c67db9c46a9c604f6aee9c?s=96&d=mm&r=g","caption":"Reda\u00e7\u00e3o"},"sameAs":["https:\/\/brasilnoticias.org\/site"],"url":"https:\/\/brasilnoticias.org\/site\/author\/fernandozsngmail-com\/"}]}},"_links":{"self":[{"href":"https:\/\/brasilnoticias.org\/site\/wp-json\/wp\/v2\/posts\/3785","targetHints":{"allow":["GET"]}}],"collection":[{"href":"https:\/\/brasilnoticias.org\/site\/wp-json\/wp\/v2\/posts"}],"about":[{"href":"https:\/\/brasilnoticias.org\/site\/wp-json\/wp\/v2\/types\/post"}],"author":[{"embeddable":true,"href":"https:\/\/brasilnoticias.org\/site\/wp-json\/wp\/v2\/users\/1"}],"replies":[{"embeddable":true,"href":"https:\/\/brasilnoticias.org\/site\/wp-json\/wp\/v2\/comments?post=3785"}],"version-history":[{"count":1,"href":"https:\/\/brasilnoticias.org\/site\/wp-json\/wp\/v2\/posts\/3785\/revisions"}],"predecessor-version":[{"id":3787,"href":"https:\/\/brasilnoticias.org\/site\/wp-json\/wp\/v2\/posts\/3785\/revisions\/3787"}],"wp:featuredmedia":[{"embeddable":true,"href":"https:\/\/brasilnoticias.org\/site\/wp-json\/wp\/v2\/media\/3786"}],"wp:attachment":[{"href":"https:\/\/brasilnoticias.org\/site\/wp-json\/wp\/v2\/media?parent=3785"}],"wp:term":[{"taxonomy":"category","embeddable":true,"href":"https:\/\/brasilnoticias.org\/site\/wp-json\/wp\/v2\/categories?post=3785"},{"taxonomy":"post_tag","embeddable":true,"href":"https:\/\/brasilnoticias.org\/site\/wp-json\/wp\/v2\/tags?post=3785"}],"curies":[{"name":"wp","href":"https:\/\/api.w.org\/{rel}","templated":true}]}}