{"id":3788,"date":"2023-02-08T18:00:38","date_gmt":"2023-02-08T21:00:38","guid":{"rendered":"https:\/\/brasilnoticias.org\/site\/?p=3788"},"modified":"2023-02-08T06:51:20","modified_gmt":"2023-02-08T09:51:20","slug":"medico-sumido-que-trabalha-na-rocinha-e-achado-desacordado-em-hotel-no-rio","status":"publish","type":"post","link":"https:\/\/brasilnoticias.org\/site\/medico-sumido-que-trabalha-na-rocinha-e-achado-desacordado-em-hotel-no-rio\/","title":{"rendered":"M\u00e9dico sumido que trabalha na Rocinha \u00e9 achado desacordado em hotel no Rio"},"content":{"rendered":"<p>O m\u00e9dico da fam\u00edlia Victor Henrique Bueno, de 27 anos, que estava desaparecido desde a manh\u00e3 desta segunda-feira (7) em Copacabana, quando estava a caminho de seu local de trabalho, na comunidade da Rocinha, zona sul do Rio, foi achado hoje desacordado em um hotel na Barra da Tijuca, na zona oeste.<\/p>\n<p>De acordo com a Pol\u00edcia Civil do Estado, o homem foi localizado por agentes da DDPA (Delegacia de Descoberta de Paradeiros).<br \/>\n&#8220;A partir da an\u00e1lise de imagens de c\u00e2meras de seguran\u00e7a e outras dilig\u00eancias, os agentes conseguiram descobrir que ele se deslocou para a Barra da Tijuca, onde se hospedou em um hotel. O homem foi encontrado desacordado e, por isso, os policiais solicitaram uma ambul\u00e2ncia para socorr\u00ea-lo. A investiga\u00e7\u00e3o prossegue para esclarecer todos os fatos.&#8221;, diz a nota da Pol\u00edcia Civil.<\/p>\n<p>Nas redes sociais, a noiva de Victor havia feito um apelo: &#8220;Seguimos sem informa\u00e7\u00e3o, sem not\u00edcia nenhuma dele. A \u00fanica coisa que a gente sabe \u00e9 que ele saiu para trabalhar, na cl\u00ednica da fam\u00edlia da Rocinha, de crach\u00e1, mas n\u00e3o chegou ao local de trabalho. At\u00e9 as 14h ele ainda estava recebendo liga\u00e7\u00e3o, mas depois disso acho que o telefone deve ter ficado sem bateria&#8221;, escreveu Isabella de Ara\u00fajo, nas redes sociais.<\/p>\n<p>A mulher registrou o caso na 12\u00aa DP, Copacabana, mas o caso foi encaminhado \u00e0 DDPA, que ficu respons\u00e1vel por dar prosseguimento \u00e0s investiga\u00e7\u00f5es.<\/p>\n<p>&#8220;Registramos o desaparecimento na delegacia, tentamos as c\u00e2meras do metr\u00f4, mas n\u00e3o quiseram nos fornecer as imagens sem um mandado judicial. Ent\u00e3o nem sei se ele chegou a pegar o metr\u00f4 para ir trabalhar. N\u00e3o sei se ele desapareceu em Copacabana, na Rocinha ou em S\u00e3o Conrado, n\u00e3o fa\u00e7o ideia. Tentamos procurar em v\u00e1rios hospitais, tanto pela identifica\u00e7\u00e3o dele ou como pessoa que deu entrada sem identifica\u00e7\u00e3o, mas ainda n\u00e3o achamos ele e nem conseguimos informa\u00e7\u00e3o&#8221;, disse Isabella.<\/p>\n<p>Procurado pela reportagem, o Metr\u00f4Rio informou que j\u00e1 cedeu \u00e0s grava\u00e7\u00f5es DDPA.<\/p>\n<p>&#8220;O Metr\u00f4Rio informa que as imagens das c\u00e2meras do sistema de monitoramento do metr\u00f4 j\u00e1 foram entregues \u00e0 Delegacia de Descoberta de Paradeiros (DDPA), respons\u00e1vel pela investiga\u00e7\u00e3o do caso.&#8221;<\/p>\n<p>Victor Henrique \u00e9 m\u00e9dico de fam\u00edlia no Centro Municipal de Sa\u00fade Dr. Albert Sabin, na Rocinha, e segundo a SMS (Secretaria Municipal de Sa\u00fade), ontem (6) ele n\u00e3o se apresentou para o trabalho. &#8220;A dire\u00e7\u00e3o da unidade est\u00e1 em contato com a fam\u00edlia e prestando todo apoio neste momento&#8221;, disse a SMS antes do homem ser encontrado.<\/p>\n<p>Imagens de c\u00e2meras de seguran\u00e7a do pr\u00e9dio onde Victor mora, mostra o rapaz dentro do elevador, com uma mochila nas costas e um crach\u00e1 no pesco\u00e7o.<\/p>\n<p>Nesta ter\u00e7a, antes de o profissional da sa\u00fade ser achado, Isabella foi at\u00e9 a delegacia novamente em busca de informa\u00e7\u00f5es. &#8220;T\u00e1 sendo um verdadeiro pesadelo. Victinho nunca fez isso, \u00e9 um comportamento totalmente at\u00edpico, por isso que assusta tanto. Qualquer not\u00edcia, informa\u00e7\u00e3o, o que for, \u00e9 bem-vinda.&#8221;<\/p>\n<p>Foto Reprodu\u00e7\u00e3o- Redes Sociais<br \/>\nNot\u00edcias ao minuto<\/p>\n","protected":false},"excerpt":{"rendered":"<p>O m\u00e9dico da fam\u00edlia Victor Henrique Bueno, de 27 anos, que estava desaparecido desde a manh\u00e3 desta segunda-feira (7) em<\/p>\n","protected":false},"author":1,"featured_media":3789,"comment_status":"open","ping_status":"open","sticky":false,"template":"","format":"standard","meta":{"colormag_page_container_layout":"default_layout","colormag_page_sidebar_layout":"default_layout","_FSMCFIC_featured_image_caption":"","_FSMCFIC_featured_image_nocaption":"","_FSMCFIC_featured_image_hide":"","footnotes":""},"categories":[2,1],"tags":[],"class_list":["post-3788","post","type-post","status-publish","format-standard","has-post-thumbnail","hentry","category-noticias","category-ultimas"],"yoast_head":"<!-- This site is optimized with the Yoast SEO plugin v27.1.1 - https:\/\/yoast.com\/product\/yoast-seo-wordpress\/ -->\n<title>M\u00e9dico sumido que trabalha na Rocinha \u00e9 achado desacordado em hotel no Rio - Brasil not\u00edcias<\/title>\n<meta name=\"robots\" content=\"index, follow, max-snippet:-1, max-image-preview:large, max-video-preview:-1\" \/>\n<link rel=\"canonical\" href=\"https:\/\/brasilnoticias.org\/site\/medico-sumido-que-trabalha-na-rocinha-e-achado-desacordado-em-hotel-no-rio\/\" \/>\n<meta property=\"og:locale\" content=\"pt_PT\" \/>\n<meta property=\"og:type\" content=\"article\" \/>\n<meta property=\"og:title\" content=\"M\u00e9dico sumido que trabalha na Rocinha \u00e9 achado desacordado em hotel no Rio - Brasil not\u00edcias\" \/>\n<meta property=\"og:description\" content=\"O m\u00e9dico da fam\u00edlia Victor Henrique Bueno, de 27 anos, que estava desaparecido desde a manh\u00e3 desta segunda-feira (7) em\" \/>\n<meta property=\"og:url\" content=\"https:\/\/brasilnoticias.org\/site\/medico-sumido-que-trabalha-na-rocinha-e-achado-desacordado-em-hotel-no-rio\/\" \/>\n<meta property=\"og:site_name\" content=\"Brasil not\u00edcias\" \/>\n<meta property=\"article:published_time\" content=\"2023-02-08T21:00:38+00:00\" \/>\n<meta property=\"og:image\" content=\"https:\/\/brasilnoticias.org\/site\/wp-content\/uploads\/2023\/02\/naom_63e36a48475db.jpg\" \/>\n\t<meta property=\"og:image:width\" content=\"960\" \/>\n\t<meta property=\"og:image:height\" content=\"540\" \/>\n\t<meta property=\"og:image:type\" content=\"image\/jpeg\" \/>\n<meta name=\"author\" content=\"Reda\u00e7\u00e3o\" \/>\n<meta name=\"twitter:card\" content=\"summary_large_image\" \/>\n<meta name=\"twitter:label1\" content=\"Escrito por\" \/>\n\t<meta name=\"twitter:data1\" content=\"Reda\u00e7\u00e3o\" \/>\n\t<meta name=\"twitter:label2\" content=\"Tempo estimado de leitura\" \/>\n\t<meta name=\"twitter:data2\" content=\"3 minutos\" \/>\n<script type=\"application\/ld+json\" class=\"yoast-schema-graph\">{\"@context\":\"https:\/\/schema.org\",\"@graph\":[{\"@type\":\"Article\",\"@id\":\"https:\/\/brasilnoticias.org\/site\/medico-sumido-que-trabalha-na-rocinha-e-achado-desacordado-em-hotel-no-rio\/#article\",\"isPartOf\":{\"@id\":\"https:\/\/brasilnoticias.org\/site\/medico-sumido-que-trabalha-na-rocinha-e-achado-desacordado-em-hotel-no-rio\/\"},\"author\":{\"name\":\"Reda\u00e7\u00e3o\",\"@id\":\"https:\/\/brasilnoticias.org\/site\/#\/schema\/person\/a0e05b973ec4d15c658d51911e53507b\"},\"headline\":\"M\u00e9dico sumido que trabalha na Rocinha \u00e9 achado desacordado em hotel no Rio\",\"datePublished\":\"2023-02-08T21:00:38+00:00\",\"mainEntityOfPage\":{\"@id\":\"https:\/\/brasilnoticias.org\/site\/medico-sumido-que-trabalha-na-rocinha-e-achado-desacordado-em-hotel-no-rio\/\"},\"wordCount\":547,\"commentCount\":0,\"publisher\":{\"@id\":\"https:\/\/brasilnoticias.org\/site\/#organization\"},\"image\":{\"@id\":\"https:\/\/brasilnoticias.org\/site\/medico-sumido-que-trabalha-na-rocinha-e-achado-desacordado-em-hotel-no-rio\/#primaryimage\"},\"thumbnailUrl\":\"https:\/\/brasilnoticias.org\/site\/wp-content\/uploads\/2023\/02\/naom_63e36a48475db.jpg\",\"articleSection\":[\"Not\u00edcias\",\"\u00daltimas\"],\"inLanguage\":\"pt-PT\",\"potentialAction\":[{\"@type\":\"CommentAction\",\"name\":\"Comment\",\"target\":[\"https:\/\/brasilnoticias.org\/site\/medico-sumido-que-trabalha-na-rocinha-e-achado-desacordado-em-hotel-no-rio\/#respond\"]}]},{\"@type\":\"WebPage\",\"@id\":\"https:\/\/brasilnoticias.org\/site\/medico-sumido-que-trabalha-na-rocinha-e-achado-desacordado-em-hotel-no-rio\/\",\"url\":\"https:\/\/brasilnoticias.org\/site\/medico-sumido-que-trabalha-na-rocinha-e-achado-desacordado-em-hotel-no-rio\/\",\"name\":\"M\u00e9dico sumido que trabalha na Rocinha \u00e9 achado desacordado em hotel no Rio - Brasil not\u00edcias\",\"isPartOf\":{\"@id\":\"https:\/\/brasilnoticias.org\/site\/#website\"},\"primaryImageOfPage\":{\"@id\":\"https:\/\/brasilnoticias.org\/site\/medico-sumido-que-trabalha-na-rocinha-e-achado-desacordado-em-hotel-no-rio\/#primaryimage\"},\"image\":{\"@id\":\"https:\/\/brasilnoticias.org\/site\/medico-sumido-que-trabalha-na-rocinha-e-achado-desacordado-em-hotel-no-rio\/#primaryimage\"},\"thumbnailUrl\":\"https:\/\/brasilnoticias.org\/site\/wp-content\/uploads\/2023\/02\/naom_63e36a48475db.jpg\",\"datePublished\":\"2023-02-08T21:00:38+00:00\",\"breadcrumb\":{\"@id\":\"https:\/\/brasilnoticias.org\/site\/medico-sumido-que-trabalha-na-rocinha-e-achado-desacordado-em-hotel-no-rio\/#breadcrumb\"},\"inLanguage\":\"pt-PT\",\"potentialAction\":[{\"@type\":\"ReadAction\",\"target\":[\"https:\/\/brasilnoticias.org\/site\/medico-sumido-que-trabalha-na-rocinha-e-achado-desacordado-em-hotel-no-rio\/\"]}]},{\"@type\":\"ImageObject\",\"inLanguage\":\"pt-PT\",\"@id\":\"https:\/\/brasilnoticias.org\/site\/medico-sumido-que-trabalha-na-rocinha-e-achado-desacordado-em-hotel-no-rio\/#primaryimage\",\"url\":\"https:\/\/brasilnoticias.org\/site\/wp-content\/uploads\/2023\/02\/naom_63e36a48475db.jpg\",\"contentUrl\":\"https:\/\/brasilnoticias.org\/site\/wp-content\/uploads\/2023\/02\/naom_63e36a48475db.jpg\",\"width\":960,\"height\":540},{\"@type\":\"BreadcrumbList\",\"@id\":\"https:\/\/brasilnoticias.org\/site\/medico-sumido-que-trabalha-na-rocinha-e-achado-desacordado-em-hotel-no-rio\/#breadcrumb\",\"itemListElement\":[{\"@type\":\"ListItem\",\"position\":1,\"name\":\"In\u00edcio\",\"item\":\"https:\/\/brasilnoticias.org\/site\/\"},{\"@type\":\"ListItem\",\"position\":2,\"name\":\"M\u00e9dico sumido que trabalha na Rocinha \u00e9 achado desacordado em hotel no Rio\"}]},{\"@type\":\"WebSite\",\"@id\":\"https:\/\/brasilnoticias.org\/site\/#website\",\"url\":\"https:\/\/brasilnoticias.org\/site\/\",\"name\":\"Brasil not\u00edcias\",\"description\":\"Brasil not\u00edcias\",\"publisher\":{\"@id\":\"https:\/\/brasilnoticias.org\/site\/#organization\"},\"potentialAction\":[{\"@type\":\"SearchAction\",\"target\":{\"@type\":\"EntryPoint\",\"urlTemplate\":\"https:\/\/brasilnoticias.org\/site\/?s={search_term_string}\"},\"query-input\":{\"@type\":\"PropertyValueSpecification\",\"valueRequired\":true,\"valueName\":\"search_term_string\"}}],\"inLanguage\":\"pt-PT\"},{\"@type\":\"Organization\",\"@id\":\"https:\/\/brasilnoticias.org\/site\/#organization\",\"name\":\"Brasil not\u00edcias\",\"url\":\"https:\/\/brasilnoticias.org\/site\/\",\"logo\":{\"@type\":\"ImageObject\",\"inLanguage\":\"pt-PT\",\"@id\":\"https:\/\/brasilnoticias.org\/site\/#\/schema\/logo\/image\/\",\"url\":\"https:\/\/brasilnoticias.org\/site\/wp-content\/uploads\/2022\/05\/cropped-brasilnoticias-mini.jpg\",\"contentUrl\":\"https:\/\/brasilnoticias.org\/site\/wp-content\/uploads\/2022\/05\/cropped-brasilnoticias-mini.jpg\",\"width\":314,\"height\":86,\"caption\":\"Brasil not\u00edcias\"},\"image\":{\"@id\":\"https:\/\/brasilnoticias.org\/site\/#\/schema\/logo\/image\/\"}},{\"@type\":\"Person\",\"@id\":\"https:\/\/brasilnoticias.org\/site\/#\/schema\/person\/a0e05b973ec4d15c658d51911e53507b\",\"name\":\"Reda\u00e7\u00e3o\",\"image\":{\"@type\":\"ImageObject\",\"inLanguage\":\"pt-PT\",\"@id\":\"https:\/\/brasilnoticias.org\/site\/#\/schema\/person\/image\/\",\"url\":\"https:\/\/secure.gravatar.com\/avatar\/75d8b050df2de108b08ae78dfb8e374892df24a383c67db9c46a9c604f6aee9c?s=96&d=mm&r=g\",\"contentUrl\":\"https:\/\/secure.gravatar.com\/avatar\/75d8b050df2de108b08ae78dfb8e374892df24a383c67db9c46a9c604f6aee9c?s=96&d=mm&r=g\",\"caption\":\"Reda\u00e7\u00e3o\"},\"sameAs\":[\"https:\/\/brasilnoticias.org\/site\"],\"url\":\"https:\/\/brasilnoticias.org\/site\/author\/fernandozsngmail-com\/\"}]}<\/script>\n<!-- \/ Yoast SEO plugin. -->","yoast_head_json":{"title":"M\u00e9dico sumido que trabalha na Rocinha \u00e9 achado desacordado em hotel no Rio - Brasil not\u00edcias","robots":{"index":"index","follow":"follow","max-snippet":"max-snippet:-1","max-image-preview":"max-image-preview:large","max-video-preview":"max-video-preview:-1"},"canonical":"https:\/\/brasilnoticias.org\/site\/medico-sumido-que-trabalha-na-rocinha-e-achado-desacordado-em-hotel-no-rio\/","og_locale":"pt_PT","og_type":"article","og_title":"M\u00e9dico sumido que trabalha na Rocinha \u00e9 achado desacordado em hotel no Rio - Brasil not\u00edcias","og_description":"O m\u00e9dico da fam\u00edlia Victor Henrique Bueno, de 27 anos, que estava desaparecido desde a manh\u00e3 desta segunda-feira (7) em","og_url":"https:\/\/brasilnoticias.org\/site\/medico-sumido-que-trabalha-na-rocinha-e-achado-desacordado-em-hotel-no-rio\/","og_site_name":"Brasil not\u00edcias","article_published_time":"2023-02-08T21:00:38+00:00","og_image":[{"width":960,"height":540,"url":"https:\/\/brasilnoticias.org\/site\/wp-content\/uploads\/2023\/02\/naom_63e36a48475db.jpg","type":"image\/jpeg"}],"author":"Reda\u00e7\u00e3o","twitter_card":"summary_large_image","twitter_misc":{"Escrito por":"Reda\u00e7\u00e3o","Tempo estimado de leitura":"3 minutos"},"schema":{"@context":"https:\/\/schema.org","@graph":[{"@type":"Article","@id":"https:\/\/brasilnoticias.org\/site\/medico-sumido-que-trabalha-na-rocinha-e-achado-desacordado-em-hotel-no-rio\/#article","isPartOf":{"@id":"https:\/\/brasilnoticias.org\/site\/medico-sumido-que-trabalha-na-rocinha-e-achado-desacordado-em-hotel-no-rio\/"},"author":{"name":"Reda\u00e7\u00e3o","@id":"https:\/\/brasilnoticias.org\/site\/#\/schema\/person\/a0e05b973ec4d15c658d51911e53507b"},"headline":"M\u00e9dico sumido que trabalha na Rocinha \u00e9 achado desacordado em hotel no Rio","datePublished":"2023-02-08T21:00:38+00:00","mainEntityOfPage":{"@id":"https:\/\/brasilnoticias.org\/site\/medico-sumido-que-trabalha-na-rocinha-e-achado-desacordado-em-hotel-no-rio\/"},"wordCount":547,"commentCount":0,"publisher":{"@id":"https:\/\/brasilnoticias.org\/site\/#organization"},"image":{"@id":"https:\/\/brasilnoticias.org\/site\/medico-sumido-que-trabalha-na-rocinha-e-achado-desacordado-em-hotel-no-rio\/#primaryimage"},"thumbnailUrl":"https:\/\/brasilnoticias.org\/site\/wp-content\/uploads\/2023\/02\/naom_63e36a48475db.jpg","articleSection":["Not\u00edcias","\u00daltimas"],"inLanguage":"pt-PT","potentialAction":[{"@type":"CommentAction","name":"Comment","target":["https:\/\/brasilnoticias.org\/site\/medico-sumido-que-trabalha-na-rocinha-e-achado-desacordado-em-hotel-no-rio\/#respond"]}]},{"@type":"WebPage","@id":"https:\/\/brasilnoticias.org\/site\/medico-sumido-que-trabalha-na-rocinha-e-achado-desacordado-em-hotel-no-rio\/","url":"https:\/\/brasilnoticias.org\/site\/medico-sumido-que-trabalha-na-rocinha-e-achado-desacordado-em-hotel-no-rio\/","name":"M\u00e9dico sumido que trabalha na Rocinha \u00e9 achado desacordado em hotel no Rio - Brasil not\u00edcias","isPartOf":{"@id":"https:\/\/brasilnoticias.org\/site\/#website"},"primaryImageOfPage":{"@id":"https:\/\/brasilnoticias.org\/site\/medico-sumido-que-trabalha-na-rocinha-e-achado-desacordado-em-hotel-no-rio\/#primaryimage"},"image":{"@id":"https:\/\/brasilnoticias.org\/site\/medico-sumido-que-trabalha-na-rocinha-e-achado-desacordado-em-hotel-no-rio\/#primaryimage"},"thumbnailUrl":"https:\/\/brasilnoticias.org\/site\/wp-content\/uploads\/2023\/02\/naom_63e36a48475db.jpg","datePublished":"2023-02-08T21:00:38+00:00","breadcrumb":{"@id":"https:\/\/brasilnoticias.org\/site\/medico-sumido-que-trabalha-na-rocinha-e-achado-desacordado-em-hotel-no-rio\/#breadcrumb"},"inLanguage":"pt-PT","potentialAction":[{"@type":"ReadAction","target":["https:\/\/brasilnoticias.org\/site\/medico-sumido-que-trabalha-na-rocinha-e-achado-desacordado-em-hotel-no-rio\/"]}]},{"@type":"ImageObject","inLanguage":"pt-PT","@id":"https:\/\/brasilnoticias.org\/site\/medico-sumido-que-trabalha-na-rocinha-e-achado-desacordado-em-hotel-no-rio\/#primaryimage","url":"https:\/\/brasilnoticias.org\/site\/wp-content\/uploads\/2023\/02\/naom_63e36a48475db.jpg","contentUrl":"https:\/\/brasilnoticias.org\/site\/wp-content\/uploads\/2023\/02\/naom_63e36a48475db.jpg","width":960,"height":540},{"@type":"BreadcrumbList","@id":"https:\/\/brasilnoticias.org\/site\/medico-sumido-que-trabalha-na-rocinha-e-achado-desacordado-em-hotel-no-rio\/#breadcrumb","itemListElement":[{"@type":"ListItem","position":1,"name":"In\u00edcio","item":"https:\/\/brasilnoticias.org\/site\/"},{"@type":"ListItem","position":2,"name":"M\u00e9dico sumido que trabalha na Rocinha \u00e9 achado desacordado em hotel no Rio"}]},{"@type":"WebSite","@id":"https:\/\/brasilnoticias.org\/site\/#website","url":"https:\/\/brasilnoticias.org\/site\/","name":"Brasil not\u00edcias","description":"Brasil not\u00edcias","publisher":{"@id":"https:\/\/brasilnoticias.org\/site\/#organization"},"potentialAction":[{"@type":"SearchAction","target":{"@type":"EntryPoint","urlTemplate":"https:\/\/brasilnoticias.org\/site\/?s={search_term_string}"},"query-input":{"@type":"PropertyValueSpecification","valueRequired":true,"valueName":"search_term_string"}}],"inLanguage":"pt-PT"},{"@type":"Organization","@id":"https:\/\/brasilnoticias.org\/site\/#organization","name":"Brasil not\u00edcias","url":"https:\/\/brasilnoticias.org\/site\/","logo":{"@type":"ImageObject","inLanguage":"pt-PT","@id":"https:\/\/brasilnoticias.org\/site\/#\/schema\/logo\/image\/","url":"https:\/\/brasilnoticias.org\/site\/wp-content\/uploads\/2022\/05\/cropped-brasilnoticias-mini.jpg","contentUrl":"https:\/\/brasilnoticias.org\/site\/wp-content\/uploads\/2022\/05\/cropped-brasilnoticias-mini.jpg","width":314,"height":86,"caption":"Brasil not\u00edcias"},"image":{"@id":"https:\/\/brasilnoticias.org\/site\/#\/schema\/logo\/image\/"}},{"@type":"Person","@id":"https:\/\/brasilnoticias.org\/site\/#\/schema\/person\/a0e05b973ec4d15c658d51911e53507b","name":"Reda\u00e7\u00e3o","image":{"@type":"ImageObject","inLanguage":"pt-PT","@id":"https:\/\/brasilnoticias.org\/site\/#\/schema\/person\/image\/","url":"https:\/\/secure.gravatar.com\/avatar\/75d8b050df2de108b08ae78dfb8e374892df24a383c67db9c46a9c604f6aee9c?s=96&d=mm&r=g","contentUrl":"https:\/\/secure.gravatar.com\/avatar\/75d8b050df2de108b08ae78dfb8e374892df24a383c67db9c46a9c604f6aee9c?s=96&d=mm&r=g","caption":"Reda\u00e7\u00e3o"},"sameAs":["https:\/\/brasilnoticias.org\/site"],"url":"https:\/\/brasilnoticias.org\/site\/author\/fernandozsngmail-com\/"}]}},"_links":{"self":[{"href":"https:\/\/brasilnoticias.org\/site\/wp-json\/wp\/v2\/posts\/3788","targetHints":{"allow":["GET"]}}],"collection":[{"href":"https:\/\/brasilnoticias.org\/site\/wp-json\/wp\/v2\/posts"}],"about":[{"href":"https:\/\/brasilnoticias.org\/site\/wp-json\/wp\/v2\/types\/post"}],"author":[{"embeddable":true,"href":"https:\/\/brasilnoticias.org\/site\/wp-json\/wp\/v2\/users\/1"}],"replies":[{"embeddable":true,"href":"https:\/\/brasilnoticias.org\/site\/wp-json\/wp\/v2\/comments?post=3788"}],"version-history":[{"count":1,"href":"https:\/\/brasilnoticias.org\/site\/wp-json\/wp\/v2\/posts\/3788\/revisions"}],"predecessor-version":[{"id":3790,"href":"https:\/\/brasilnoticias.org\/site\/wp-json\/wp\/v2\/posts\/3788\/revisions\/3790"}],"wp:featuredmedia":[{"embeddable":true,"href":"https:\/\/brasilnoticias.org\/site\/wp-json\/wp\/v2\/media\/3789"}],"wp:attachment":[{"href":"https:\/\/brasilnoticias.org\/site\/wp-json\/wp\/v2\/media?parent=3788"}],"wp:term":[{"taxonomy":"category","embeddable":true,"href":"https:\/\/brasilnoticias.org\/site\/wp-json\/wp\/v2\/categories?post=3788"},{"taxonomy":"post_tag","embeddable":true,"href":"https:\/\/brasilnoticias.org\/site\/wp-json\/wp\/v2\/tags?post=3788"}],"curies":[{"name":"wp","href":"https:\/\/api.w.org\/{rel}","templated":true}]}}