{"id":3794,"date":"2023-02-08T18:10:11","date_gmt":"2023-02-08T21:10:11","guid":{"rendered":"https:\/\/brasilnoticias.org\/site\/?p=3794"},"modified":"2023-02-08T08:25:10","modified_gmt":"2023-02-08T11:25:10","slug":"whatsapp-fica-com-mais-cara-de-instagram-em-nova-atualizacao","status":"publish","type":"post","link":"https:\/\/brasilnoticias.org\/site\/whatsapp-fica-com-mais-cara-de-instagram-em-nova-atualizacao\/","title":{"rendered":"WhatsApp fica com mais cara de Instagram em nova atualiza\u00e7\u00e3o"},"content":{"rendered":"<p>Uma nova atualiza\u00e7\u00e3o do WhatsApp, anunciada nesta ter\u00e7a-feira (7), deixa os status ainda mais parecidos com os stories do Instagram.<\/p>\n<p>O recurso permite o compartilhamento de imagens e v\u00eddeos em um mural aberto aos contatos. Como na rede social irm\u00e3, as publica\u00e7\u00f5es desaparecem ap\u00f3s 24 horas.<\/p>\n<p>Na atualiza\u00e7\u00e3o, o usu\u00e1rio poder\u00e1 controlar quem pode ver os status, reagir com emojis e compartilhar mensagens de voz.<\/p>\n<p>Com o seletor de p\u00fablico exclusivo, o app ganha um refor\u00e7o de privacidade ao permitir que o usu\u00e1rio decida quem poder\u00e1 visualizar seus status. A sele\u00e7\u00e3o mais recente ser\u00e1 salva e usada como o padr\u00e3o para a pr\u00f3xima publica\u00e7\u00e3o.<\/p>\n<p>\u00c9 poss\u00edvel escolher tr\u00eas op\u00e7\u00f5es de p\u00fablico: &#8220;Meus contatos&#8221;, &#8220;Meus contatos exceto&#8230;&#8221; e &#8220;Compartilhar somente com&#8230;&#8221;. Nas duas \u00faltimas op\u00e7\u00f5es, o usu\u00e1rio decide para quais contatos os status ser\u00e3o liberados ou ocultados.<\/p>\n<p>A nova atualiza\u00e7\u00e3o tamb\u00e9m permite que o usu\u00e1rio grave e publique um \u00e1udio de at\u00e9 30 segundos e reaja a outros status com at\u00e9 oito emojis.<\/p>\n<p>Al\u00e9m disso, os contatos que tiverem alguma atualiza\u00e7\u00e3o no status exibir\u00e3o um c\u00edrculo verde em volta da foto de perfil, an\u00e1logo ao Instagram.<\/p>\n<p>Esse c\u00edrculo ficar\u00e1 vis\u00edvel na lista de conversas (a p\u00e1gina principal do app), de participantes de grupos e nas informa\u00e7\u00f5es de contato.<\/p>\n<p>Outro recurso que estar\u00e1 dispon\u00edvel no WhatsApp \u00e9 a pr\u00e9via de links nos status. Quando o usu\u00e1rio publicar um link, automaticamente uma pr\u00e9via visual ser\u00e1 exibida. Segundo a empresa, isso d\u00e1 aos contatos uma ideia mais clara sobre o conte\u00fado do link antes de eles clicarem.<\/p>\n<p>A atualiza\u00e7\u00e3o ser\u00e1 disponibilizada gradualmente a partir desta ter\u00e7a e deve chegar a todos os usu\u00e1rios nas pr\u00f3ximas semanas.<\/p>\n<p>Foto Shutterstock<br \/>\nNot\u00edcias ao minuto<\/p>\n","protected":false},"excerpt":{"rendered":"<p>Uma nova atualiza\u00e7\u00e3o do WhatsApp, anunciada nesta ter\u00e7a-feira (7), deixa os status ainda mais parecidos com os stories do Instagram.<\/p>\n","protected":false},"author":1,"featured_media":3795,"comment_status":"open","ping_status":"open","sticky":false,"template":"","format":"standard","meta":{"colormag_page_container_layout":"default_layout","colormag_page_sidebar_layout":"default_layout","_FSMCFIC_featured_image_caption":"","_FSMCFIC_featured_image_nocaption":"","_FSMCFIC_featured_image_hide":"","footnotes":""},"categories":[2,1],"tags":[],"class_list":["post-3794","post","type-post","status-publish","format-standard","has-post-thumbnail","hentry","category-noticias","category-ultimas"],"yoast_head":"<!-- This site is optimized with the Yoast SEO plugin v27.1.1 - https:\/\/yoast.com\/product\/yoast-seo-wordpress\/ -->\n<title>WhatsApp fica com mais cara de Instagram em nova atualiza\u00e7\u00e3o - Brasil not\u00edcias<\/title>\n<meta name=\"robots\" content=\"index, follow, max-snippet:-1, max-image-preview:large, max-video-preview:-1\" \/>\n<link rel=\"canonical\" href=\"https:\/\/brasilnoticias.org\/site\/whatsapp-fica-com-mais-cara-de-instagram-em-nova-atualizacao\/\" \/>\n<meta property=\"og:locale\" content=\"pt_PT\" \/>\n<meta property=\"og:type\" content=\"article\" \/>\n<meta property=\"og:title\" content=\"WhatsApp fica com mais cara de Instagram em nova atualiza\u00e7\u00e3o - Brasil not\u00edcias\" \/>\n<meta property=\"og:description\" content=\"Uma nova atualiza\u00e7\u00e3o do WhatsApp, anunciada nesta ter\u00e7a-feira (7), deixa os status ainda mais parecidos com os stories do Instagram.\" \/>\n<meta property=\"og:url\" content=\"https:\/\/brasilnoticias.org\/site\/whatsapp-fica-com-mais-cara-de-instagram-em-nova-atualizacao\/\" \/>\n<meta property=\"og:site_name\" content=\"Brasil not\u00edcias\" \/>\n<meta property=\"article:published_time\" content=\"2023-02-08T21:10:11+00:00\" \/>\n<meta property=\"og:image\" content=\"https:\/\/brasilnoticias.org\/site\/wp-content\/uploads\/2023\/02\/naom_63bd72645c3bb.jpg\" \/>\n\t<meta property=\"og:image:width\" content=\"960\" \/>\n\t<meta property=\"og:image:height\" content=\"540\" \/>\n\t<meta property=\"og:image:type\" content=\"image\/jpeg\" \/>\n<meta name=\"author\" content=\"Reda\u00e7\u00e3o\" \/>\n<meta name=\"twitter:card\" content=\"summary_large_image\" \/>\n<meta name=\"twitter:label1\" content=\"Escrito por\" \/>\n\t<meta name=\"twitter:data1\" content=\"Reda\u00e7\u00e3o\" \/>\n\t<meta name=\"twitter:label2\" content=\"Tempo estimado de leitura\" \/>\n\t<meta name=\"twitter:data2\" content=\"2 minutos\" \/>\n<script type=\"application\/ld+json\" class=\"yoast-schema-graph\">{\"@context\":\"https:\/\/schema.org\",\"@graph\":[{\"@type\":\"Article\",\"@id\":\"https:\/\/brasilnoticias.org\/site\/whatsapp-fica-com-mais-cara-de-instagram-em-nova-atualizacao\/#article\",\"isPartOf\":{\"@id\":\"https:\/\/brasilnoticias.org\/site\/whatsapp-fica-com-mais-cara-de-instagram-em-nova-atualizacao\/\"},\"author\":{\"name\":\"Reda\u00e7\u00e3o\",\"@id\":\"https:\/\/brasilnoticias.org\/site\/#\/schema\/person\/a0e05b973ec4d15c658d51911e53507b\"},\"headline\":\"WhatsApp fica com mais cara de Instagram em nova atualiza\u00e7\u00e3o\",\"datePublished\":\"2023-02-08T21:10:11+00:00\",\"mainEntityOfPage\":{\"@id\":\"https:\/\/brasilnoticias.org\/site\/whatsapp-fica-com-mais-cara-de-instagram-em-nova-atualizacao\/\"},\"wordCount\":326,\"commentCount\":0,\"publisher\":{\"@id\":\"https:\/\/brasilnoticias.org\/site\/#organization\"},\"image\":{\"@id\":\"https:\/\/brasilnoticias.org\/site\/whatsapp-fica-com-mais-cara-de-instagram-em-nova-atualizacao\/#primaryimage\"},\"thumbnailUrl\":\"https:\/\/brasilnoticias.org\/site\/wp-content\/uploads\/2023\/02\/naom_63bd72645c3bb.jpg\",\"articleSection\":[\"Not\u00edcias\",\"\u00daltimas\"],\"inLanguage\":\"pt-PT\",\"potentialAction\":[{\"@type\":\"CommentAction\",\"name\":\"Comment\",\"target\":[\"https:\/\/brasilnoticias.org\/site\/whatsapp-fica-com-mais-cara-de-instagram-em-nova-atualizacao\/#respond\"]}]},{\"@type\":\"WebPage\",\"@id\":\"https:\/\/brasilnoticias.org\/site\/whatsapp-fica-com-mais-cara-de-instagram-em-nova-atualizacao\/\",\"url\":\"https:\/\/brasilnoticias.org\/site\/whatsapp-fica-com-mais-cara-de-instagram-em-nova-atualizacao\/\",\"name\":\"WhatsApp fica com mais cara de Instagram em nova atualiza\u00e7\u00e3o - Brasil not\u00edcias\",\"isPartOf\":{\"@id\":\"https:\/\/brasilnoticias.org\/site\/#website\"},\"primaryImageOfPage\":{\"@id\":\"https:\/\/brasilnoticias.org\/site\/whatsapp-fica-com-mais-cara-de-instagram-em-nova-atualizacao\/#primaryimage\"},\"image\":{\"@id\":\"https:\/\/brasilnoticias.org\/site\/whatsapp-fica-com-mais-cara-de-instagram-em-nova-atualizacao\/#primaryimage\"},\"thumbnailUrl\":\"https:\/\/brasilnoticias.org\/site\/wp-content\/uploads\/2023\/02\/naom_63bd72645c3bb.jpg\",\"datePublished\":\"2023-02-08T21:10:11+00:00\",\"breadcrumb\":{\"@id\":\"https:\/\/brasilnoticias.org\/site\/whatsapp-fica-com-mais-cara-de-instagram-em-nova-atualizacao\/#breadcrumb\"},\"inLanguage\":\"pt-PT\",\"potentialAction\":[{\"@type\":\"ReadAction\",\"target\":[\"https:\/\/brasilnoticias.org\/site\/whatsapp-fica-com-mais-cara-de-instagram-em-nova-atualizacao\/\"]}]},{\"@type\":\"ImageObject\",\"inLanguage\":\"pt-PT\",\"@id\":\"https:\/\/brasilnoticias.org\/site\/whatsapp-fica-com-mais-cara-de-instagram-em-nova-atualizacao\/#primaryimage\",\"url\":\"https:\/\/brasilnoticias.org\/site\/wp-content\/uploads\/2023\/02\/naom_63bd72645c3bb.jpg\",\"contentUrl\":\"https:\/\/brasilnoticias.org\/site\/wp-content\/uploads\/2023\/02\/naom_63bd72645c3bb.jpg\",\"width\":960,\"height\":540},{\"@type\":\"BreadcrumbList\",\"@id\":\"https:\/\/brasilnoticias.org\/site\/whatsapp-fica-com-mais-cara-de-instagram-em-nova-atualizacao\/#breadcrumb\",\"itemListElement\":[{\"@type\":\"ListItem\",\"position\":1,\"name\":\"In\u00edcio\",\"item\":\"https:\/\/brasilnoticias.org\/site\/\"},{\"@type\":\"ListItem\",\"position\":2,\"name\":\"WhatsApp fica com mais cara de Instagram em nova atualiza\u00e7\u00e3o\"}]},{\"@type\":\"WebSite\",\"@id\":\"https:\/\/brasilnoticias.org\/site\/#website\",\"url\":\"https:\/\/brasilnoticias.org\/site\/\",\"name\":\"Brasil not\u00edcias\",\"description\":\"Brasil not\u00edcias\",\"publisher\":{\"@id\":\"https:\/\/brasilnoticias.org\/site\/#organization\"},\"potentialAction\":[{\"@type\":\"SearchAction\",\"target\":{\"@type\":\"EntryPoint\",\"urlTemplate\":\"https:\/\/brasilnoticias.org\/site\/?s={search_term_string}\"},\"query-input\":{\"@type\":\"PropertyValueSpecification\",\"valueRequired\":true,\"valueName\":\"search_term_string\"}}],\"inLanguage\":\"pt-PT\"},{\"@type\":\"Organization\",\"@id\":\"https:\/\/brasilnoticias.org\/site\/#organization\",\"name\":\"Brasil not\u00edcias\",\"url\":\"https:\/\/brasilnoticias.org\/site\/\",\"logo\":{\"@type\":\"ImageObject\",\"inLanguage\":\"pt-PT\",\"@id\":\"https:\/\/brasilnoticias.org\/site\/#\/schema\/logo\/image\/\",\"url\":\"https:\/\/brasilnoticias.org\/site\/wp-content\/uploads\/2022\/05\/cropped-brasilnoticias-mini.jpg\",\"contentUrl\":\"https:\/\/brasilnoticias.org\/site\/wp-content\/uploads\/2022\/05\/cropped-brasilnoticias-mini.jpg\",\"width\":314,\"height\":86,\"caption\":\"Brasil not\u00edcias\"},\"image\":{\"@id\":\"https:\/\/brasilnoticias.org\/site\/#\/schema\/logo\/image\/\"}},{\"@type\":\"Person\",\"@id\":\"https:\/\/brasilnoticias.org\/site\/#\/schema\/person\/a0e05b973ec4d15c658d51911e53507b\",\"name\":\"Reda\u00e7\u00e3o\",\"image\":{\"@type\":\"ImageObject\",\"inLanguage\":\"pt-PT\",\"@id\":\"https:\/\/brasilnoticias.org\/site\/#\/schema\/person\/image\/\",\"url\":\"https:\/\/secure.gravatar.com\/avatar\/75d8b050df2de108b08ae78dfb8e374892df24a383c67db9c46a9c604f6aee9c?s=96&d=mm&r=g\",\"contentUrl\":\"https:\/\/secure.gravatar.com\/avatar\/75d8b050df2de108b08ae78dfb8e374892df24a383c67db9c46a9c604f6aee9c?s=96&d=mm&r=g\",\"caption\":\"Reda\u00e7\u00e3o\"},\"sameAs\":[\"https:\/\/brasilnoticias.org\/site\"],\"url\":\"https:\/\/brasilnoticias.org\/site\/author\/fernandozsngmail-com\/\"}]}<\/script>\n<!-- \/ Yoast SEO plugin. -->","yoast_head_json":{"title":"WhatsApp fica com mais cara de Instagram em nova atualiza\u00e7\u00e3o - Brasil not\u00edcias","robots":{"index":"index","follow":"follow","max-snippet":"max-snippet:-1","max-image-preview":"max-image-preview:large","max-video-preview":"max-video-preview:-1"},"canonical":"https:\/\/brasilnoticias.org\/site\/whatsapp-fica-com-mais-cara-de-instagram-em-nova-atualizacao\/","og_locale":"pt_PT","og_type":"article","og_title":"WhatsApp fica com mais cara de Instagram em nova atualiza\u00e7\u00e3o - Brasil not\u00edcias","og_description":"Uma nova atualiza\u00e7\u00e3o do WhatsApp, anunciada nesta ter\u00e7a-feira (7), deixa os status ainda mais parecidos com os stories do Instagram.","og_url":"https:\/\/brasilnoticias.org\/site\/whatsapp-fica-com-mais-cara-de-instagram-em-nova-atualizacao\/","og_site_name":"Brasil not\u00edcias","article_published_time":"2023-02-08T21:10:11+00:00","og_image":[{"width":960,"height":540,"url":"https:\/\/brasilnoticias.org\/site\/wp-content\/uploads\/2023\/02\/naom_63bd72645c3bb.jpg","type":"image\/jpeg"}],"author":"Reda\u00e7\u00e3o","twitter_card":"summary_large_image","twitter_misc":{"Escrito por":"Reda\u00e7\u00e3o","Tempo estimado de leitura":"2 minutos"},"schema":{"@context":"https:\/\/schema.org","@graph":[{"@type":"Article","@id":"https:\/\/brasilnoticias.org\/site\/whatsapp-fica-com-mais-cara-de-instagram-em-nova-atualizacao\/#article","isPartOf":{"@id":"https:\/\/brasilnoticias.org\/site\/whatsapp-fica-com-mais-cara-de-instagram-em-nova-atualizacao\/"},"author":{"name":"Reda\u00e7\u00e3o","@id":"https:\/\/brasilnoticias.org\/site\/#\/schema\/person\/a0e05b973ec4d15c658d51911e53507b"},"headline":"WhatsApp fica com mais cara de Instagram em nova atualiza\u00e7\u00e3o","datePublished":"2023-02-08T21:10:11+00:00","mainEntityOfPage":{"@id":"https:\/\/brasilnoticias.org\/site\/whatsapp-fica-com-mais-cara-de-instagram-em-nova-atualizacao\/"},"wordCount":326,"commentCount":0,"publisher":{"@id":"https:\/\/brasilnoticias.org\/site\/#organization"},"image":{"@id":"https:\/\/brasilnoticias.org\/site\/whatsapp-fica-com-mais-cara-de-instagram-em-nova-atualizacao\/#primaryimage"},"thumbnailUrl":"https:\/\/brasilnoticias.org\/site\/wp-content\/uploads\/2023\/02\/naom_63bd72645c3bb.jpg","articleSection":["Not\u00edcias","\u00daltimas"],"inLanguage":"pt-PT","potentialAction":[{"@type":"CommentAction","name":"Comment","target":["https:\/\/brasilnoticias.org\/site\/whatsapp-fica-com-mais-cara-de-instagram-em-nova-atualizacao\/#respond"]}]},{"@type":"WebPage","@id":"https:\/\/brasilnoticias.org\/site\/whatsapp-fica-com-mais-cara-de-instagram-em-nova-atualizacao\/","url":"https:\/\/brasilnoticias.org\/site\/whatsapp-fica-com-mais-cara-de-instagram-em-nova-atualizacao\/","name":"WhatsApp fica com mais cara de Instagram em nova atualiza\u00e7\u00e3o - Brasil not\u00edcias","isPartOf":{"@id":"https:\/\/brasilnoticias.org\/site\/#website"},"primaryImageOfPage":{"@id":"https:\/\/brasilnoticias.org\/site\/whatsapp-fica-com-mais-cara-de-instagram-em-nova-atualizacao\/#primaryimage"},"image":{"@id":"https:\/\/brasilnoticias.org\/site\/whatsapp-fica-com-mais-cara-de-instagram-em-nova-atualizacao\/#primaryimage"},"thumbnailUrl":"https:\/\/brasilnoticias.org\/site\/wp-content\/uploads\/2023\/02\/naom_63bd72645c3bb.jpg","datePublished":"2023-02-08T21:10:11+00:00","breadcrumb":{"@id":"https:\/\/brasilnoticias.org\/site\/whatsapp-fica-com-mais-cara-de-instagram-em-nova-atualizacao\/#breadcrumb"},"inLanguage":"pt-PT","potentialAction":[{"@type":"ReadAction","target":["https:\/\/brasilnoticias.org\/site\/whatsapp-fica-com-mais-cara-de-instagram-em-nova-atualizacao\/"]}]},{"@type":"ImageObject","inLanguage":"pt-PT","@id":"https:\/\/brasilnoticias.org\/site\/whatsapp-fica-com-mais-cara-de-instagram-em-nova-atualizacao\/#primaryimage","url":"https:\/\/brasilnoticias.org\/site\/wp-content\/uploads\/2023\/02\/naom_63bd72645c3bb.jpg","contentUrl":"https:\/\/brasilnoticias.org\/site\/wp-content\/uploads\/2023\/02\/naom_63bd72645c3bb.jpg","width":960,"height":540},{"@type":"BreadcrumbList","@id":"https:\/\/brasilnoticias.org\/site\/whatsapp-fica-com-mais-cara-de-instagram-em-nova-atualizacao\/#breadcrumb","itemListElement":[{"@type":"ListItem","position":1,"name":"In\u00edcio","item":"https:\/\/brasilnoticias.org\/site\/"},{"@type":"ListItem","position":2,"name":"WhatsApp fica com mais cara de Instagram em nova atualiza\u00e7\u00e3o"}]},{"@type":"WebSite","@id":"https:\/\/brasilnoticias.org\/site\/#website","url":"https:\/\/brasilnoticias.org\/site\/","name":"Brasil not\u00edcias","description":"Brasil not\u00edcias","publisher":{"@id":"https:\/\/brasilnoticias.org\/site\/#organization"},"potentialAction":[{"@type":"SearchAction","target":{"@type":"EntryPoint","urlTemplate":"https:\/\/brasilnoticias.org\/site\/?s={search_term_string}"},"query-input":{"@type":"PropertyValueSpecification","valueRequired":true,"valueName":"search_term_string"}}],"inLanguage":"pt-PT"},{"@type":"Organization","@id":"https:\/\/brasilnoticias.org\/site\/#organization","name":"Brasil not\u00edcias","url":"https:\/\/brasilnoticias.org\/site\/","logo":{"@type":"ImageObject","inLanguage":"pt-PT","@id":"https:\/\/brasilnoticias.org\/site\/#\/schema\/logo\/image\/","url":"https:\/\/brasilnoticias.org\/site\/wp-content\/uploads\/2022\/05\/cropped-brasilnoticias-mini.jpg","contentUrl":"https:\/\/brasilnoticias.org\/site\/wp-content\/uploads\/2022\/05\/cropped-brasilnoticias-mini.jpg","width":314,"height":86,"caption":"Brasil not\u00edcias"},"image":{"@id":"https:\/\/brasilnoticias.org\/site\/#\/schema\/logo\/image\/"}},{"@type":"Person","@id":"https:\/\/brasilnoticias.org\/site\/#\/schema\/person\/a0e05b973ec4d15c658d51911e53507b","name":"Reda\u00e7\u00e3o","image":{"@type":"ImageObject","inLanguage":"pt-PT","@id":"https:\/\/brasilnoticias.org\/site\/#\/schema\/person\/image\/","url":"https:\/\/secure.gravatar.com\/avatar\/75d8b050df2de108b08ae78dfb8e374892df24a383c67db9c46a9c604f6aee9c?s=96&d=mm&r=g","contentUrl":"https:\/\/secure.gravatar.com\/avatar\/75d8b050df2de108b08ae78dfb8e374892df24a383c67db9c46a9c604f6aee9c?s=96&d=mm&r=g","caption":"Reda\u00e7\u00e3o"},"sameAs":["https:\/\/brasilnoticias.org\/site"],"url":"https:\/\/brasilnoticias.org\/site\/author\/fernandozsngmail-com\/"}]}},"_links":{"self":[{"href":"https:\/\/brasilnoticias.org\/site\/wp-json\/wp\/v2\/posts\/3794","targetHints":{"allow":["GET"]}}],"collection":[{"href":"https:\/\/brasilnoticias.org\/site\/wp-json\/wp\/v2\/posts"}],"about":[{"href":"https:\/\/brasilnoticias.org\/site\/wp-json\/wp\/v2\/types\/post"}],"author":[{"embeddable":true,"href":"https:\/\/brasilnoticias.org\/site\/wp-json\/wp\/v2\/users\/1"}],"replies":[{"embeddable":true,"href":"https:\/\/brasilnoticias.org\/site\/wp-json\/wp\/v2\/comments?post=3794"}],"version-history":[{"count":1,"href":"https:\/\/brasilnoticias.org\/site\/wp-json\/wp\/v2\/posts\/3794\/revisions"}],"predecessor-version":[{"id":3796,"href":"https:\/\/brasilnoticias.org\/site\/wp-json\/wp\/v2\/posts\/3794\/revisions\/3796"}],"wp:featuredmedia":[{"embeddable":true,"href":"https:\/\/brasilnoticias.org\/site\/wp-json\/wp\/v2\/media\/3795"}],"wp:attachment":[{"href":"https:\/\/brasilnoticias.org\/site\/wp-json\/wp\/v2\/media?parent=3794"}],"wp:term":[{"taxonomy":"category","embeddable":true,"href":"https:\/\/brasilnoticias.org\/site\/wp-json\/wp\/v2\/categories?post=3794"},{"taxonomy":"post_tag","embeddable":true,"href":"https:\/\/brasilnoticias.org\/site\/wp-json\/wp\/v2\/tags?post=3794"}],"curies":[{"name":"wp","href":"https:\/\/api.w.org\/{rel}","templated":true}]}}